{"id":31640,"date":"2021-11-23T10:55:18","date_gmt":"2021-11-23T09:55:18","guid":{"rendered":"https:\/\/sha.de\/aktuelles\/the-most-extraordinary-parking-garage-in-dortmund"},"modified":"2024-09-23T16:57:19","modified_gmt":"2024-09-23T14:57:19","slug":"the-most-extraordinary-parking-garage-in-dortmund","status":"publish","type":"post","link":"https:\/\/sha.de\/en\/news\/the-most-extraordinary-parking-garage-in-dortmund","title":{"rendered":"The most extraordinary parking garage in Dortmund"},"content":{"rendered":"<div id='av_section_1' class='avia-section main_color pt-default pb-default avia-no-border-styling avia-bg-style-scroll  avia-builder-el-0  avia-builder-el-no-sibling   container_wrap fullsize' style=' '  ><div class='container' ><main  role=\"main\" itemprop=\"mainContentOfPage\"  class='template-page content  av-content-full alpha units'><div class='post-entry post-entry-type-page post-entry-31640'><div class='entry-content-wrapper clearfix'>\n\n\t\t\t<div id=\"av-k1hoeuzj\" class=\"headline-column flex_column av_one_full flex_column_div first \">\n\t\t\t\t<div class=\"headline-wrap is-outside align-left sub-bottom\">\n\t\t\t\t\t<h1 class=\"headline-content headline-primary\">The most extraordinary parking garage in Dortmund<\/h1>\n\t\t\t\t\t<h3 class=\"headline-content headline-secondary\">&quot;Green dress&quot; for less CO\u00b2  <\/h3>\n\t\t\t\t<\/div>\n\t\t\t<\/div>\n<div class=\"flex_column av_one_third  flex_column_div av-zero-column-padding first bg-default      avia-builder-el-2  el_after_pixel_sc_headline  el_before_av_one_third  \"><section  class='av_textblock_section av-k5pfdfmq-bf9f728196d08b938986bebe94172dc4 '   itemscope=\"itemscope\" itemtype=\"https:\/\/schema.org\/BlogPosting\" itemprop=\"blogPost\" ><div class='avia_textblock'  itemprop=\"text\" ><div id=\"js_4uv\" class=\"_5pbx userContent _3576\" data-testid=\"post_message\" data-ft=\"{\">\n<p>Who says that the mobility turnaround will only apply to moving traffic? Parking space is very scarce, especially in urban regions. This makes it all the more sensible if its very design makes a kind of passive but valuable contribution to combating climate change.<\/p>\n<p>And so the &#8220;green dress&#8221; parking garage, which is planned as part of the expansion of the administration of the Westphalia-Lippe Association of Statutory Health Insurance Physicians (KVWL), will certainly be one of the most unusual in the whole of Dortmund. The design by SHA Scheffler Helbich Architekten GmbH envisages a steel fa\u00e7ade that is to be clad with wooden slats on the outside and completely planted.<\/p>\n<p>Biodegradable and fully recyclable materials are used for the building&#8217;s wooden fa\u00e7ade. At the same time, the diagonal planting areas and the roof landscape with their planting &#8211; tailored to the location &#8211; significantly improve the microclimate and increase biodiversity. The slats allow natural lighting and ventilation of the storeys. The parking garage concept thus upgrades the inner-city wasteland into a green, sustainable inner city space with a positive ecological footprint.<\/p>\n<p>&#8220;The aim is to respond to the issue of traffic in a responsible and sustainable way with a natural and green fa\u00e7ade and a high degree of biodiversity,&#8221; explains <a href=\"https:\/\/sha.de\/en\/our-office\/our-team\">project manager Jana Hirschh\u00e4user<\/a>.<\/p>\n<\/div>\n<\/div><\/section><\/div><div class=\"flex_column av_one_third  flex_column_div av-zero-column-padding        avia-builder-el-4  el_after_av_one_third  el_before_av_one_third  \"><section  class='av_textblock_section av-10u9i-c89949c824faaf32120cf5229290afb1 '   itemscope=\"itemscope\" itemtype=\"https:\/\/schema.org\/BlogPosting\" itemprop=\"blogPost\" ><div class='avia_textblock'  itemprop=\"text\" ><p>&#8220;The entire fa\u00e7ade is covered in green like a trellis and can convert a large proportion of the<sub>CO2<\/sub> released in the building into oxygen through photosynthesis. The vegetative diversity makes a valuable contribution to urban ecology and, not least, creates a special identity.&#8221;<\/p>\n<p>The parking garage rises in the second row behind the planned office block on the property of Westfalentor GmbH, the old depot of the municipal utilities. The sealing of the surfaces and the number of access roads are minimized by underground traffic routing. The green open space is structured by the footpaths, which help to enliven the entire inner courtyard. The new parking garage will have a total of five floors (one of which is underground) with nine parking levels and 167 parking spaces, which will significantly improve the offer for KVWL employees &#8211; and at the same time reduce parking pressure in the neighborhood.<\/p>\n<p>Overall, the concept represents a <a href=\"https:\/\/sha.de\/en\/news\/quadruple-sports-hall-at-dortmunder-u-recognition-for-sha\">sustainable response to dealing with stationary individual traffic<\/a> and contributes to an ecological and design enhancement of the area.<\/p>\n<p>Construction is scheduled to start in spring 2022. By the end of the year at the latest, the &#8220;green dress&#8221; will attract everyone&#8217;s attention.<\/p>\n<\/div><\/section><\/div><div class=\"flex_column av_one_third  flex_column_div av-zero-column-padding        avia-builder-el-6  el_after_av_one_third  el_before_av_one_full  \"><div class=\"quotebox  has-image bg-yellow  image-top\"><div class=\"quotebox__inner\"><div class=\"quotebox__media\"><img decoding=\"async\" src=\"https:\/\/sha.de\/wp-content\/uploads\/Scheffler-Helbich-Architekten-Dortmund-Berlin-2-706x368.jpg\" alt=\"Jana Hirschh\u00e4user\" \/><\/div><div class=\"quotebox__content\"><div class=\"quotebox__quote\"><span class=\"quotebox-text quotebox-quote\">\u00bbThe green parking garage with wooden slats and vertical planting follows the idea of low-tech architecture.\u00ab<\/span><\/div><div class=\"quotebox__info\"><span class=\"quotebox-text quotebox-name\">Jana Hirschh\u00e4user<\/span><span class=\"quotebox-text quotebox-desc\">Project management<\/span><\/div><\/div><\/div><\/div><\/div><div class=\"flex_column av_one_full  flex_column_div av-zero-column-padding first       avia-builder-el-8  el_after_av_one_third  avia-builder-el-last  column-top-margin\"><div class=\"slickgallery no-nav\">\n\t<div class=\"pixel-slide-wrap\">\n\t\t<div class=\"pixel-slide\" style=\"display: block; width: 100%; float: left;\">\n\t\t\t\t\n\t\t\t\t\t\t\t\t\t\t\t\t\t\n\t\t\t\t\t<div class=\"pixel-slide__image-wrap slide-1\">\n\t\t\t\t\t\t\t<div class=\"pixel-slide__image \"><a href=\"https:\/\/sha.de\/wp-content\/uploads\/300dpi_210126-Aussicht-Juelicher-Str-web-1280x690.jpg\" rel=\"lightbox\"><img decoding=\"async\" src=\"https:\/\/sha.de\/wp-content\/uploads\/300dpi_210126-Aussicht-Juelicher-Str-web-706x368.jpg\" alt=\"gr\u00fcnes Parkhaus Aussicht J\u00fclicher Stra\u00dfe\" title=\"gr\u00fcnes Parkhaus Aussicht J\u00fclicher Stra\u00dfe\"><\/a><\/div>\n\t\t\t\t\t<\/div>\n\t\t\t\t\n\t\t\t\t\t\t\t\t\t\t\t\t\t\n\t\t\t\t\t<div class=\"pixel-slide__image-wrap slide-2\">\n\t\t\t\t\t\t\t<div class=\"pixel-slide__image \"><a href=\"https:\/\/sha.de\/wp-content\/uploads\/044-Moods-SHA-Dortmund-Juli-2021-web-1277x850.jpg\" rel=\"lightbox\"><img decoding=\"async\" src=\"https:\/\/sha.de\/wp-content\/uploads\/044-Moods-SHA-Dortmund-Juli-2021-web-706x368.jpg\" alt=\"SHA Dortmund\" title=\"SHA Dortmund\"><\/a><\/div>\n\t\t\t\t\t<\/div>\n\t\t\t\t\n\t\t\t\t\t\t\t\t\t\t\t\t\t\n\t\t\t\t\t<div class=\"pixel-slide__image-wrap slide-3\">\n\t\t\t\t\t\t\t<div class=\"pixel-slide__image \"><a href=\"https:\/\/sha.de\/wp-content\/uploads\/060-Moods-SHA-Dortmund-Juli-2021-web-1277x850.jpg\" rel=\"lightbox\"><img decoding=\"async\" src=\"https:\/\/sha.de\/wp-content\/uploads\/060-Moods-SHA-Dortmund-Juli-2021-web-706x368.jpg\" alt=\"Planung\" title=\"Planung\"><\/a><\/div>\n\t\t\t\t\t<\/div>\n\t\t\t\t\t\t<\/div>\n\t<\/div>\n<\/div><\/div>\n","protected":false},"excerpt":{"rendered":"<p>Steel, wood, plants and a pleasant microclimate: a special parking garage with a green fa\u00e7ade is being built in Dortmund according to SHA&#8217;s plans. The concept upgrades an inner-city wasteland into a green, sustainable inner space with a positive ecological footprint.<\/p>\n","protected":false},"author":2,"featured_media":25318,"comment_status":"closed","ping_status":"closed","sticky":false,"template":"","format":"standard","meta":{"_acf_changed":false,"content-type":"","footnotes":""},"categories":[553,568],"tags":[561,566,569],"class_list":["post-31640","post","type-post","status-publish","format-standard","has-post-thumbnail","hentry","category-administration","category-dortmund-en","tag-sustainability","tag-dortmund-en","tag-parking-garage"],"acf":[],"yoast_head":"<!-- This site is optimized with the Yoast SEO plugin v27.4 - https:\/\/yoast.com\/product\/yoast-seo-wordpress\/ -->\n<title>Extraordinary parking garage - Scheffler Helbich Architekten<\/title>\n<meta name=\"description\" content=\"Steel, wood, plants and a pleasant microclimate: a special parking garage with a green fa\u00e7ade is being built in Dortmund.\" \/>\n<meta name=\"robots\" content=\"index, follow, max-snippet:-1, max-image-preview:large, max-video-preview:-1\" \/>\n<link rel=\"canonical\" href=\"https:\/\/sha.de\/en\/news\/the-most-extraordinary-parking-garage-in-dortmund\" \/>\n<meta property=\"og:locale\" content=\"en_US\" \/>\n<meta property=\"og:type\" content=\"article\" \/>\n<meta property=\"og:title\" content=\"Extraordinary parking garage - Scheffler Helbich Architekten\" \/>\n<meta property=\"og:description\" content=\"Steel, wood, plants and a pleasant microclimate: a special parking garage with a green fa\u00e7ade is being built in Dortmund.\" \/>\n<meta property=\"og:url\" content=\"https:\/\/sha.de\/en\/news\/the-most-extraordinary-parking-garage-in-dortmund\" \/>\n<meta property=\"og:site_name\" content=\"SHA Scheffler Helbich Architekten GmbH\" \/>\n<meta property=\"article:published_time\" content=\"2021-11-23T09:55:18+00:00\" \/>\n<meta property=\"article:modified_time\" content=\"2024-09-23T14:57:19+00:00\" \/>\n<meta property=\"og:image\" content=\"https:\/\/sha.de\/wp-content\/uploads\/300dpi_210126-Aussicht-Juelicher-Str-web.jpg\" \/>\n\t<meta property=\"og:image:width\" content=\"2000\" \/>\n\t<meta property=\"og:image:height\" content=\"1078\" \/>\n\t<meta property=\"og:image:type\" content=\"image\/jpeg\" \/>\n<meta name=\"author\" content=\"Judith Weitzel\" \/>\n<meta name=\"twitter:card\" content=\"summary_large_image\" \/>\n<meta name=\"twitter:label1\" content=\"Written by\" \/>\n\t<meta name=\"twitter:data1\" content=\"Judith Weitzel\" \/>\n\t<meta name=\"twitter:label2\" content=\"Est. reading time\" \/>\n\t<meta name=\"twitter:data2\" content=\"6 minutes\" \/>\n<script type=\"application\/ld+json\" class=\"yoast-schema-graph\">{\"@context\":\"https:\\\/\\\/schema.org\",\"@graph\":[{\"@type\":\"Article\",\"@id\":\"https:\\\/\\\/sha.de\\\/en\\\/news\\\/the-most-extraordinary-parking-garage-in-dortmund#article\",\"isPartOf\":{\"@id\":\"https:\\\/\\\/sha.de\\\/en\\\/news\\\/the-most-extraordinary-parking-garage-in-dortmund\"},\"author\":{\"name\":\"Judith Weitzel\",\"@id\":\"https:\\\/\\\/sha.de\\\/en#\\\/schema\\\/person\\\/6d5fd32d5aa7872f1f9191b7244552c9\"},\"headline\":\"The most extraordinary parking garage in Dortmund\",\"datePublished\":\"2021-11-23T09:55:18+00:00\",\"dateModified\":\"2024-09-23T14:57:19+00:00\",\"mainEntityOfPage\":{\"@id\":\"https:\\\/\\\/sha.de\\\/en\\\/news\\\/the-most-extraordinary-parking-garage-in-dortmund\"},\"wordCount\":1083,\"image\":{\"@id\":\"https:\\\/\\\/sha.de\\\/en\\\/news\\\/the-most-extraordinary-parking-garage-in-dortmund#primaryimage\"},\"thumbnailUrl\":\"https:\\\/\\\/sha.de\\\/wp-content\\\/uploads\\\/300dpi_210126-Aussicht-Juelicher-Str-web.jpg\",\"keywords\":[\"Sustainability\",\"Dortmund\",\"Parking garage\"],\"articleSection\":[\"Administration\",\"Dortmund\"],\"inLanguage\":\"en-US\"},{\"@type\":\"WebPage\",\"@id\":\"https:\\\/\\\/sha.de\\\/en\\\/news\\\/the-most-extraordinary-parking-garage-in-dortmund\",\"url\":\"https:\\\/\\\/sha.de\\\/en\\\/news\\\/the-most-extraordinary-parking-garage-in-dortmund\",\"name\":\"Extraordinary parking garage - Scheffler Helbich Architekten\",\"isPartOf\":{\"@id\":\"https:\\\/\\\/sha.de\\\/en#website\"},\"primaryImageOfPage\":{\"@id\":\"https:\\\/\\\/sha.de\\\/en\\\/news\\\/the-most-extraordinary-parking-garage-in-dortmund#primaryimage\"},\"image\":{\"@id\":\"https:\\\/\\\/sha.de\\\/en\\\/news\\\/the-most-extraordinary-parking-garage-in-dortmund#primaryimage\"},\"thumbnailUrl\":\"https:\\\/\\\/sha.de\\\/wp-content\\\/uploads\\\/300dpi_210126-Aussicht-Juelicher-Str-web.jpg\",\"datePublished\":\"2021-11-23T09:55:18+00:00\",\"dateModified\":\"2024-09-23T14:57:19+00:00\",\"author\":{\"@id\":\"https:\\\/\\\/sha.de\\\/en#\\\/schema\\\/person\\\/6d5fd32d5aa7872f1f9191b7244552c9\"},\"description\":\"Steel, wood, plants and a pleasant microclimate: a special parking garage with a green fa\u00e7ade is being built in Dortmund.\",\"breadcrumb\":{\"@id\":\"https:\\\/\\\/sha.de\\\/en\\\/news\\\/the-most-extraordinary-parking-garage-in-dortmund#breadcrumb\"},\"inLanguage\":\"en-US\",\"potentialAction\":[{\"@type\":\"ReadAction\",\"target\":[\"https:\\\/\\\/sha.de\\\/en\\\/news\\\/the-most-extraordinary-parking-garage-in-dortmund\"]}]},{\"@type\":\"ImageObject\",\"inLanguage\":\"en-US\",\"@id\":\"https:\\\/\\\/sha.de\\\/en\\\/news\\\/the-most-extraordinary-parking-garage-in-dortmund#primaryimage\",\"url\":\"https:\\\/\\\/sha.de\\\/wp-content\\\/uploads\\\/300dpi_210126-Aussicht-Juelicher-Str-web.jpg\",\"contentUrl\":\"https:\\\/\\\/sha.de\\\/wp-content\\\/uploads\\\/300dpi_210126-Aussicht-Juelicher-Str-web.jpg\",\"width\":2000,\"height\":1078,\"caption\":\"gr\u00fcnes Parkhaus Aussicht J\u00fclicher Stra\u00dfe\"},{\"@type\":\"BreadcrumbList\",\"@id\":\"https:\\\/\\\/sha.de\\\/en\\\/news\\\/the-most-extraordinary-parking-garage-in-dortmund#breadcrumb\",\"itemListElement\":[{\"@type\":\"ListItem\",\"position\":1,\"name\":\"Startseite\",\"item\":\"https:\\\/\\\/sha.de\\\/en\\\/home\"},{\"@type\":\"ListItem\",\"position\":2,\"name\":\"The most extraordinary parking garage in Dortmund\"}]},{\"@type\":\"WebSite\",\"@id\":\"https:\\\/\\\/sha.de\\\/en#website\",\"url\":\"https:\\\/\\\/sha.de\\\/en\",\"name\":\"SHA Scheffler Helbich Architekten GmbH\",\"description\":\"\",\"potentialAction\":[{\"@type\":\"SearchAction\",\"target\":{\"@type\":\"EntryPoint\",\"urlTemplate\":\"https:\\\/\\\/sha.de\\\/en?s={search_term_string}\"},\"query-input\":{\"@type\":\"PropertyValueSpecification\",\"valueRequired\":true,\"valueName\":\"search_term_string\"}}],\"inLanguage\":\"en-US\"},{\"@type\":\"Person\",\"@id\":\"https:\\\/\\\/sha.de\\\/en#\\\/schema\\\/person\\\/6d5fd32d5aa7872f1f9191b7244552c9\",\"name\":\"Judith Weitzel\",\"image\":{\"@type\":\"ImageObject\",\"inLanguage\":\"en-US\",\"@id\":\"https:\\\/\\\/secure.gravatar.com\\\/avatar\\\/c7dca018fdb593c021709193ddb78dc530485d187ec667fb2a0ae6c4097c9957?s=96&d=mm&r=g\",\"url\":\"https:\\\/\\\/secure.gravatar.com\\\/avatar\\\/c7dca018fdb593c021709193ddb78dc530485d187ec667fb2a0ae6c4097c9957?s=96&d=mm&r=g\",\"contentUrl\":\"https:\\\/\\\/secure.gravatar.com\\\/avatar\\\/c7dca018fdb593c021709193ddb78dc530485d187ec667fb2a0ae6c4097c9957?s=96&d=mm&r=g\",\"caption\":\"Judith Weitzel\"}}]}<\/script>\n<!-- \/ Yoast SEO plugin. -->","yoast_head_json":{"title":"Extraordinary parking garage - Scheffler Helbich Architekten","description":"Steel, wood, plants and a pleasant microclimate: a special parking garage with a green fa\u00e7ade is being built in Dortmund.","robots":{"index":"index","follow":"follow","max-snippet":"max-snippet:-1","max-image-preview":"max-image-preview:large","max-video-preview":"max-video-preview:-1"},"canonical":"https:\/\/sha.de\/en\/news\/the-most-extraordinary-parking-garage-in-dortmund","og_locale":"en_US","og_type":"article","og_title":"Extraordinary parking garage - Scheffler Helbich Architekten","og_description":"Steel, wood, plants and a pleasant microclimate: a special parking garage with a green fa\u00e7ade is being built in Dortmund.","og_url":"https:\/\/sha.de\/en\/news\/the-most-extraordinary-parking-garage-in-dortmund","og_site_name":"SHA Scheffler Helbich Architekten GmbH","article_published_time":"2021-11-23T09:55:18+00:00","article_modified_time":"2024-09-23T14:57:19+00:00","og_image":[{"width":2000,"height":1078,"url":"https:\/\/sha.de\/wp-content\/uploads\/300dpi_210126-Aussicht-Juelicher-Str-web.jpg","type":"image\/jpeg"}],"author":"Judith Weitzel","twitter_card":"summary_large_image","twitter_misc":{"Written by":"Judith Weitzel","Est. reading time":"6 minutes"},"schema":{"@context":"https:\/\/schema.org","@graph":[{"@type":"Article","@id":"https:\/\/sha.de\/en\/news\/the-most-extraordinary-parking-garage-in-dortmund#article","isPartOf":{"@id":"https:\/\/sha.de\/en\/news\/the-most-extraordinary-parking-garage-in-dortmund"},"author":{"name":"Judith Weitzel","@id":"https:\/\/sha.de\/en#\/schema\/person\/6d5fd32d5aa7872f1f9191b7244552c9"},"headline":"The most extraordinary parking garage in Dortmund","datePublished":"2021-11-23T09:55:18+00:00","dateModified":"2024-09-23T14:57:19+00:00","mainEntityOfPage":{"@id":"https:\/\/sha.de\/en\/news\/the-most-extraordinary-parking-garage-in-dortmund"},"wordCount":1083,"image":{"@id":"https:\/\/sha.de\/en\/news\/the-most-extraordinary-parking-garage-in-dortmund#primaryimage"},"thumbnailUrl":"https:\/\/sha.de\/wp-content\/uploads\/300dpi_210126-Aussicht-Juelicher-Str-web.jpg","keywords":["Sustainability","Dortmund","Parking garage"],"articleSection":["Administration","Dortmund"],"inLanguage":"en-US"},{"@type":"WebPage","@id":"https:\/\/sha.de\/en\/news\/the-most-extraordinary-parking-garage-in-dortmund","url":"https:\/\/sha.de\/en\/news\/the-most-extraordinary-parking-garage-in-dortmund","name":"Extraordinary parking garage - Scheffler Helbich Architekten","isPartOf":{"@id":"https:\/\/sha.de\/en#website"},"primaryImageOfPage":{"@id":"https:\/\/sha.de\/en\/news\/the-most-extraordinary-parking-garage-in-dortmund#primaryimage"},"image":{"@id":"https:\/\/sha.de\/en\/news\/the-most-extraordinary-parking-garage-in-dortmund#primaryimage"},"thumbnailUrl":"https:\/\/sha.de\/wp-content\/uploads\/300dpi_210126-Aussicht-Juelicher-Str-web.jpg","datePublished":"2021-11-23T09:55:18+00:00","dateModified":"2024-09-23T14:57:19+00:00","author":{"@id":"https:\/\/sha.de\/en#\/schema\/person\/6d5fd32d5aa7872f1f9191b7244552c9"},"description":"Steel, wood, plants and a pleasant microclimate: a special parking garage with a green fa\u00e7ade is being built in Dortmund.","breadcrumb":{"@id":"https:\/\/sha.de\/en\/news\/the-most-extraordinary-parking-garage-in-dortmund#breadcrumb"},"inLanguage":"en-US","potentialAction":[{"@type":"ReadAction","target":["https:\/\/sha.de\/en\/news\/the-most-extraordinary-parking-garage-in-dortmund"]}]},{"@type":"ImageObject","inLanguage":"en-US","@id":"https:\/\/sha.de\/en\/news\/the-most-extraordinary-parking-garage-in-dortmund#primaryimage","url":"https:\/\/sha.de\/wp-content\/uploads\/300dpi_210126-Aussicht-Juelicher-Str-web.jpg","contentUrl":"https:\/\/sha.de\/wp-content\/uploads\/300dpi_210126-Aussicht-Juelicher-Str-web.jpg","width":2000,"height":1078,"caption":"gr\u00fcnes Parkhaus Aussicht J\u00fclicher Stra\u00dfe"},{"@type":"BreadcrumbList","@id":"https:\/\/sha.de\/en\/news\/the-most-extraordinary-parking-garage-in-dortmund#breadcrumb","itemListElement":[{"@type":"ListItem","position":1,"name":"Startseite","item":"https:\/\/sha.de\/en\/home"},{"@type":"ListItem","position":2,"name":"The most extraordinary parking garage in Dortmund"}]},{"@type":"WebSite","@id":"https:\/\/sha.de\/en#website","url":"https:\/\/sha.de\/en","name":"SHA Scheffler Helbich Architekten GmbH","description":"","potentialAction":[{"@type":"SearchAction","target":{"@type":"EntryPoint","urlTemplate":"https:\/\/sha.de\/en?s={search_term_string}"},"query-input":{"@type":"PropertyValueSpecification","valueRequired":true,"valueName":"search_term_string"}}],"inLanguage":"en-US"},{"@type":"Person","@id":"https:\/\/sha.de\/en#\/schema\/person\/6d5fd32d5aa7872f1f9191b7244552c9","name":"Judith Weitzel","image":{"@type":"ImageObject","inLanguage":"en-US","@id":"https:\/\/secure.gravatar.com\/avatar\/c7dca018fdb593c021709193ddb78dc530485d187ec667fb2a0ae6c4097c9957?s=96&d=mm&r=g","url":"https:\/\/secure.gravatar.com\/avatar\/c7dca018fdb593c021709193ddb78dc530485d187ec667fb2a0ae6c4097c9957?s=96&d=mm&r=g","contentUrl":"https:\/\/secure.gravatar.com\/avatar\/c7dca018fdb593c021709193ddb78dc530485d187ec667fb2a0ae6c4097c9957?s=96&d=mm&r=g","caption":"Judith Weitzel"}}]}},"_links":{"self":[{"href":"https:\/\/sha.de\/en\/wp-json\/wp\/v2\/posts\/31640","targetHints":{"allow":["GET"]}}],"collection":[{"href":"https:\/\/sha.de\/en\/wp-json\/wp\/v2\/posts"}],"about":[{"href":"https:\/\/sha.de\/en\/wp-json\/wp\/v2\/types\/post"}],"author":[{"embeddable":true,"href":"https:\/\/sha.de\/en\/wp-json\/wp\/v2\/users\/2"}],"replies":[{"embeddable":true,"href":"https:\/\/sha.de\/en\/wp-json\/wp\/v2\/comments?post=31640"}],"version-history":[{"count":21,"href":"https:\/\/sha.de\/en\/wp-json\/wp\/v2\/posts\/31640\/revisions"}],"predecessor-version":[{"id":48970,"href":"https:\/\/sha.de\/en\/wp-json\/wp\/v2\/posts\/31640\/revisions\/48970"}],"wp:featuredmedia":[{"embeddable":true,"href":"https:\/\/sha.de\/en\/wp-json\/wp\/v2\/media\/25318"}],"wp:attachment":[{"href":"https:\/\/sha.de\/en\/wp-json\/wp\/v2\/media?parent=31640"}],"wp:term":[{"taxonomy":"category","embeddable":true,"href":"https:\/\/sha.de\/en\/wp-json\/wp\/v2\/categories?post=31640"},{"taxonomy":"post_tag","embeddable":true,"href":"https:\/\/sha.de\/en\/wp-json\/wp\/v2\/tags?post=31640"}],"curies":[{"name":"wp","href":"https:\/\/api.w.org\/{rel}","templated":true}]}}