{"id":32609,"date":"2022-05-04T11:30:25","date_gmt":"2022-05-04T09:30:25","guid":{"rendered":"https:\/\/sha.de\/aktuelles\/dia-de-la-arquitectura-2022-bienvenido-a-phoenixwerk"},"modified":"2024-09-23T16:52:16","modified_gmt":"2024-09-23T14:52:16","slug":"dia-de-la-arquitectura-2022-bienvenido-a-phoenixwerk","status":"publish","type":"post","link":"https:\/\/sha.de\/es\/news\/dia-de-la-arquitectura-2022-bienvenido-a-phoenixwerk","title":{"rendered":"D\u00eda de la Arquitectura 2022 &#8211; Bienvenido a PhoenixWERK"},"content":{"rendered":"<div id='av_section_1' class='avia-section main_color pt-default pb-default avia-no-border-styling avia-bg-style-scroll  avia-builder-el-0  avia-builder-el-no-sibling   container_wrap fullsize' style=' '  ><div class='container' ><main  role=\"main\" itemprop=\"mainContentOfPage\"  class='template-page content  av-content-full alpha units'><div class='post-entry post-entry-type-page post-entry-32609'><div class='entry-content-wrapper clearfix'>\n\n\t\t\t<div id=\"av-k1hoeuzj\" class=\"headline-column flex_column av_one_full flex_column_div first \">\n\t\t\t\t<div class=\"headline-wrap is-outside align-left sub-bottom\">\n\t\t\t\t\t<h1 class=\"headline-content headline-primary\">D\u00eda de la Arquitectura 2022<\/h1>\n\t\t\t\t\t<h3 class=\"headline-content headline-secondary\">19 de junio: Visite el PhoenixWERK<\/h3>\n\t\t\t\t<\/div>\n\t\t\t<\/div>\n<div class=\"flex_column av_one_third  flex_column_div av-zero-column-padding first bg-default      avia-builder-el-2  el_after_pixel_sc_headline  el_before_av_one_third  \"><section  class='av_textblock_section av-kfgpxslt-ea45c4f6a96ab89e301f07421d1279df '   itemscope=\"itemscope\" itemtype=\"https:\/\/schema.org\/BlogPosting\" itemprop=\"blogPost\" ><div class='avia_textblock'  itemprop=\"text\" ><p>En 2022, las c\u00e1maras de arquitectos de los estados federados alemanes volver\u00e1n a inspirar con emocionantes novedades arquitect\u00f3nicas y objetos de dise\u00f1o de interiores, paisajismo y urbanismo en el \u00abD\u00eda de la Arquitectura\u00bb. Este a\u00f1o, la fecha en Renania del Norte-Westfalia es el 18\/19 de junio, una semana antes del \u00abD\u00eda de la Arquitectura\u00bb nacional, ya que el (habitual) \u00faltimo fin de semana de junio coincide con el inicio de las vacaciones de verano en Renania del Norte-Westfalia.<\/p>\n<p>\u00abTodos esperamos que los habitantes de nuestro estado tengan la oportunidad de pasar un fin de semana examinando intensamente la arquitectura nueva o modernizada\u00bb, afirma Ernst Uhing, Presidente de la C\u00e1mara de Arquitectos de Renania del Norte-Westfalia.<\/p>\n<\/div><\/section><\/div><div class=\"flex_column av_one_third  flex_column_div av-zero-column-padding        avia-builder-el-4  el_after_av_one_third  el_before_av_one_third  \"><section  class='av_textblock_section av-kaqj9hph-a2dd80239ddf2f81ba644651e38ce4f1 '   itemscope=\"itemscope\" itemtype=\"https:\/\/schema.org\/BlogPosting\" itemprop=\"blogPost\" ><div class='avia_textblock'  itemprop=\"text\" ><h3>Visite el PhoenixWERK el 19 de junio<\/h3>\n<p>SHA Scheffler Helbich Architekten tambi\u00e9n abre sus puertas. \u00a1Visite el <a href=\"https:\/\/sha.de\/es\/news\/el-phoenixwerk-nuevas-obras-en-un-entorno-historico\">complejo de oficinas PhoenixWERK<\/a> en Dortmund! Le ofrecemos breves visitas guiadas sobre<\/p>\n<p><strong>Domingo, 19 de junio, de<\/strong><strong> 14.00 a 17.00 horas <\/strong> <\/p>\n<p>Los arquitectos dan una visi\u00f3n de las instalaciones y explican la idea en la que se basa el dise\u00f1o. No es necesario inscribirse. Por favor, venga al<\/p>\n<p><strong><span class=\"content-address content-group\"><a href=\"https:\/\/sha.de\/es\/contacto-2021\">Phoenixplatz 3, Dortmund 44263<\/a>.<br \/>\n<\/span><\/strong><\/p>\n<p>\u00a1Le esperamos!<\/p>\n<\/div><\/section><\/div><div class=\"flex_column av_one_third  flex_column_div av-zero-column-padding        avia-builder-el-6  el_after_av_one_third  el_before_av_one_full  \"><section  class='av_textblock_section av-kdhemomz-384b64b1c0bd5dbe15964c5e2908bf18 '   itemscope=\"itemscope\" itemtype=\"https:\/\/schema.org\/BlogPosting\" itemprop=\"blogPost\" ><div class='avia_textblock'  itemprop=\"text\" ><h3>Sobre el complejo de oficinas<\/h3>\n<p>Finalizado en 2020, el nuevo edificio y sede del SHA desarrollar\u00e1 a\u00fan m\u00e1s el emplazamiento en conjunci\u00f3n con su entorno hist\u00f3rico inmediato en Phoenix West. El PhoenixWERK completa el exitoso cambio estructural de la Phoenixplatz. Lo viejo y lo nuevo se refuerzan mutuamente, completando la transformaci\u00f3n de p\u00e1ramo industrial a nueva urbanidad y formando al mismo tiempo una reminiscencia de la cultura industrial de la regi\u00f3n del Ruhr. El resultado es una mezcla urbana de trabajo, restauraci\u00f3n, eventos y ocio local, que ya ha sido galardonada con el <a href=\"https:\/\/sha.de\/es\/news\/premio-de-arquitectura-para-el-phoenixwerk\">\u00abPremio de Arquitectura Dortmund Hamm Unna 2020\u00bb<\/a>.<\/p>\n<p><em> <\/em><\/p>\n<\/div><\/section><\/div><div class=\"flex_column av_one_full  flex_column_div av-zero-column-padding first       avia-builder-el-8  el_after_av_one_third  avia-builder-el-last  column-top-margin\"><div class=\"slickgallery \">\n\t<div class=\"pixel-slide-wrap\">\n\t\t<div class=\"pixel-slide\" style=\"display: block; width: 100%; float: left;\">\n\t\t\t\t\n\t\t\t\t\t\t\t\t\t\t\t\t\t\n\t\t\t\t\t<div class=\"pixel-slide__image-wrap slide-1\">\n\t\t\t\t\t\t\t<div class=\"pixel-slide__image \"><a href=\"https:\/\/sha.de\/wp-content\/uploads\/CE655-587-1-1274x850.jpg\" rel=\"lightbox\"><img decoding=\"async\" src=\"https:\/\/sha.de\/wp-content\/uploads\/CE655-587-1-706x368.jpg\" alt=\"PhoenixWerk Dortmund SHA Scheffler Helbich Architekten\" title=\"PhoenixWerk Dortmund SHA Scheffler Helbich Architekten\"><\/a><\/div>\n\t\t\t\t\t<\/div>\n\t\t\t\t\n\t\t\t\t\t\t\t\t\t\t\t\t\t\n\t\t\t\t\t<div class=\"pixel-slide__image-wrap slide-2\">\n\t\t\t\t\t\t\t<div class=\"pixel-slide__image \"><a href=\"https:\/\/sha.de\/wp-content\/uploads\/CE655-680-2-1280x838.jpg\" rel=\"lightbox\"><img decoding=\"async\" src=\"https:\/\/sha.de\/wp-content\/uploads\/CE655-680-2-706x368.jpg\" alt=\"PhoenixWerk Dortmund SHA Scheffler Helbich Architekten\" title=\"PhoenixWerk Dortmund SHA Scheffler Helbich Architekten\"><\/a><\/div>\n\t\t\t\t\t<\/div>\n\t\t\t\t\n\t\t\t\t\t\t\t\t\t\t\t\t\t\n\t\t\t\t\t<div class=\"pixel-slide__image-wrap slide-3\">\n\t\t\t\t\t\t\t<div class=\"pixel-slide__image \"><a href=\"https:\/\/sha.de\/wp-content\/uploads\/CE655-462-1274x850.jpg\" rel=\"lightbox\"><img decoding=\"async\" src=\"https:\/\/sha.de\/wp-content\/uploads\/CE655-462-706x368.jpg\" alt=\"PhoenixWerk Dortmund SHA Scheffler Helbich Architekten\" title=\"PhoenixWerk Dortmund SHA Scheffler Helbich Architekten\"><\/a><\/div>\n\t\t\t\t\t<\/div>\n\t\t\t\t\n\t\t\t\t\t\t\t\t\t\t\t\t\t\n\t\t\t\t\t<div class=\"pixel-slide__image-wrap slide-4\">\n\t\t\t\t\t\t\t<div class=\"pixel-slide__image \"><a href=\"https:\/\/sha.de\/wp-content\/uploads\/CE655-444-571x850.jpg\" rel=\"lightbox\"><img decoding=\"async\" src=\"https:\/\/sha.de\/wp-content\/uploads\/CE655-444-706x368.jpg\" alt=\"PhoenixWerk Dortmund SHA Scheffler Helbich Architekten\" title=\"PhoenixWerk Dortmund SHA Scheffler Helbich Architekten\"><\/a><\/div>\n\t\t\t\t\t<\/div>\n\t\t\t\t\n\t\t\t\t\t\t\t\t\t\t\t\t\t\n\t\t\t\t\t<div class=\"pixel-slide__image-wrap slide-5\">\n\t\t\t\t\t\t\t<div class=\"pixel-slide__image \"><a href=\"https:\/\/sha.de\/wp-content\/uploads\/CE655-436-1274x850.jpg\" rel=\"lightbox\"><img decoding=\"async\" src=\"https:\/\/sha.de\/wp-content\/uploads\/CE655-436-706x368.jpg\" alt=\"PhoenixWerk Dortmund SHA Scheffler Helbich Architekten\" title=\"PhoenixWerk Dortmund SHA Scheffler Helbich Architekten\"><\/a><\/div>\n\t\t\t\t\t<\/div>\n\t\t\t\t\n\t\t\t\t\t\t\t\t\t\t\t\t\t\n\t\t\t\t\t<div class=\"pixel-slide__image-wrap slide-6\">\n\t\t\t\t\t\t\t<div class=\"pixel-slide__image \"><a href=\"https:\/\/sha.de\/wp-content\/uploads\/CE655-171-567x850.jpg\" rel=\"lightbox\"><img decoding=\"async\" src=\"https:\/\/sha.de\/wp-content\/uploads\/CE655-171-706x368.jpg\" alt=\"PhoenixWerk Dortmund SHA Scheffler Helbich Architekten\" title=\"PhoenixWerk Dortmund SHA Scheffler Helbich Architekten\"><\/a><\/div>\n\t\t\t\t\t<\/div>\n\t\t\t\t\n\t\t\t\t\t\t\t\t\t\t\t\t\t\n\t\t\t\t\t<div class=\"pixel-slide__image-wrap slide-7\">\n\t\t\t\t\t\t\t<div class=\"pixel-slide__image \"><a href=\"https:\/\/sha.de\/wp-content\/uploads\/CE655-162-569x850.jpg\" rel=\"lightbox\"><img decoding=\"async\" src=\"https:\/\/sha.de\/wp-content\/uploads\/CE655-162-706x368.jpg\" alt=\"PhoenixWerk Dortmund SHA Scheffler Helbich Architekten\" title=\"PhoenixWerk Dortmund SHA Scheffler Helbich Architekten\"><\/a><\/div>\n\t\t\t\t\t<\/div>\n\t\t\t\t\n\t\t\t\t\t\t\t\t\t\t\t\t\t\n\t\t\t\t\t<div class=\"pixel-slide__image-wrap slide-8\">\n\t\t\t\t\t\t\t<div class=\"pixel-slide__image \"><a href=\"https:\/\/sha.de\/wp-content\/uploads\/CE655-138-1274x850.jpg\" rel=\"lightbox\"><img decoding=\"async\" src=\"https:\/\/sha.de\/wp-content\/uploads\/CE655-138-706x368.jpg\" alt=\"PhoenixWerk Dortmund SHA Scheffler Helbich Architekten\" title=\"PhoenixWerk Dortmund SHA Scheffler Helbich Architekten\"><\/a><\/div>\n\t\t\t\t\t<\/div>\n\t\t\t\t\n\t\t\t\t\t\t\t\t\t\t\t\t\t\n\t\t\t\t\t<div class=\"pixel-slide__image-wrap slide-9\">\n\t\t\t\t\t\t\t<div class=\"pixel-slide__image \"><a href=\"https:\/\/sha.de\/wp-content\/uploads\/CE655-066-567x850.jpg\" rel=\"lightbox\"><img decoding=\"async\" src=\"https:\/\/sha.de\/wp-content\/uploads\/CE655-066-706x368.jpg\" alt=\"PhoenixWerk Dortmund SHA Scheffler Helbich Architekten\" title=\"PhoenixWerk Dortmund SHA Scheffler Helbich Architekten\"><\/a><\/div>\n\t\t\t\t\t<\/div>\n\t\t\t\t\n\t\t\t\t\t\t\t\t\t\t\t\t\t\n\t\t\t\t\t<div class=\"pixel-slide__image-wrap slide-10\">\n\t\t\t\t\t\t\t<div class=\"pixel-slide__image \"><a href=\"https:\/\/sha.de\/wp-content\/uploads\/PhoenixWERK_Farbe_Web-9-1275x850.jpg\" rel=\"lightbox\"><img decoding=\"async\" src=\"https:\/\/sha.de\/wp-content\/uploads\/PhoenixWERK_Farbe_Web-9-706x368.jpg\" alt=\"PhoenixWERK Farbe Web 9\" title=\"PhoenixWERK Farbe Web 9\"><\/a><\/div>\n\t\t\t\t\t<\/div>\n\t\t\t\t\n\t\t\t\t\t\t\t\t\t\t\t\t\t\n\t\t\t\t\t<div class=\"pixel-slide__image-wrap slide-11\">\n\t\t\t\t\t\t\t<div class=\"pixel-slide__image \"><a href=\"https:\/\/sha.de\/wp-content\/uploads\/CE655-755-570x850.jpg\" rel=\"lightbox\"><img decoding=\"async\" src=\"https:\/\/sha.de\/wp-content\/uploads\/CE655-755-706x368.jpg\" alt=\"PhoenixWerk Dortmund SHA Scheffler Helbich Architekten\" title=\"PhoenixWerk Dortmund SHA Scheffler Helbich Architekten\"><\/a><\/div>\n\t\t\t\t\t<\/div>\n\t\t\t\t\n\t\t\t\t\t\t\t\t\t\t\t\t\t\n\t\t\t\t\t<div class=\"pixel-slide__image-wrap slide-12\">\n\t\t\t\t\t\t\t<div class=\"pixel-slide__image \"><a href=\"https:\/\/sha.de\/wp-content\/uploads\/CE655-769-570x850.jpg\" rel=\"lightbox\"><img decoding=\"async\" src=\"https:\/\/sha.de\/wp-content\/uploads\/CE655-769-706x368.jpg\" alt=\"PhoenixWerk Dortmund SHA Scheffler Helbich Architekten\" title=\"PhoenixWerk Dortmund SHA Scheffler Helbich Architekten\"><\/a><\/div>\n\t\t\t\t\t<\/div>\n\t\t\t\t\n\t\t\t\t\t\t\t\t\t\t\t\t\t\n\t\t\t\t\t<div class=\"pixel-slide__image-wrap slide-13\">\n\t\t\t\t\t\t\t<div class=\"pixel-slide__image \"><a href=\"https:\/\/sha.de\/wp-content\/uploads\/CE655-856-1274x850.jpg\" rel=\"lightbox\"><img decoding=\"async\" src=\"https:\/\/sha.de\/wp-content\/uploads\/CE655-856-706x368.jpg\" alt=\"PhoenixWerk Dortmund SHA Scheffler Helbich Architekten\" title=\"PhoenixWerk Dortmund SHA Scheffler Helbich Architekten\"><\/a><\/div>\n\t\t\t\t\t<\/div>\n\t\t\t\t\n\t\t\t\t\t\t\t\t\t\t\t\t\t\n\t\t\t\t\t<div class=\"pixel-slide__image-wrap slide-14\">\n\t\t\t\t\t\t\t<div class=\"pixel-slide__image \"><a href=\"https:\/\/sha.de\/wp-content\/uploads\/CE655-1110-567x850.jpg\" rel=\"lightbox\"><img decoding=\"async\" src=\"https:\/\/sha.de\/wp-content\/uploads\/CE655-1110-706x368.jpg\" alt=\"PhoenixWerk Dortmund SHA Scheffler Helbich Architekten\" title=\"PhoenixWerk Dortmund SHA Scheffler Helbich Architekten\"><\/a><\/div>\n\t\t\t\t\t<\/div>\n\t\t\t\t\n\t\t\t\t\t\t\t\t\t\t\t\t\t\n\t\t\t\t\t<div class=\"pixel-slide__image-wrap slide-15\">\n\t\t\t\t\t\t\t<div class=\"pixel-slide__image \"><a href=\"https:\/\/sha.de\/wp-content\/uploads\/CE655-1143-1280x843.jpg\" rel=\"lightbox\"><img decoding=\"async\" src=\"https:\/\/sha.de\/wp-content\/uploads\/CE655-1143-706x368.jpg\" alt=\"PhoenixWerk Dortmund SHA Scheffler Helbich Architekten\" title=\"PhoenixWerk Dortmund SHA Scheffler Helbich Architekten\"><\/a><\/div>\n\t\t\t\t\t<\/div>\n\t\t\t\t\t\t<\/div>\n\t<\/div>\n<\/div><\/div>\n","protected":false},"excerpt":{"rendered":"<p>El complejo de oficinas PhoenixWERK en Phoenix West, Dortmund, podr\u00e1 visitarse en el \u00abD\u00eda de la Arquitectura 2022\u00bb. El 19 de junio abriremos nuestras puertas y ofreceremos breves visitas guiadas. SHA Scheffler Helbich Architekten \u00a1est\u00e1 deseando recibir noticias suyas!  <\/p>\n","protected":false},"author":2,"featured_media":23576,"comment_status":"closed","ping_status":"closed","sticky":false,"template":"","format":"standard","meta":{"_acf_changed":false,"content-type":"","footnotes":""},"categories":[894,902,905],"tags":[1098,1099,997,998,1009,1019,1020,1052,1074,1096,1097],"class_list":["post-32609","post","type-post","status-publish","format-standard","has-post-thumbnail","hentry","category-dortmund-es","category-nuestro-equipo","category-administracion","tag-edificio-administrativo","tag-dia-de-la-arquitectura","tag-distincion","tag-bda-es","tag-sha-es","tag-edificio-de-oficinas","tag-oficina","tag-dortmund-es","tag-edificio-nuevo","tag-christoph-helbich-es","tag-planta-de-phoenix"],"acf":[],"yoast_head":"<!-- This site is optimized with the Yoast SEO plugin v27.4 - https:\/\/yoast.com\/product\/yoast-seo-wordpress\/ -->\n<title>D\u00eda de la Arquitectura 2022 - SHA Scheffler Helbich Architekten<\/title>\n<meta name=\"description\" content=\"El complejo de oficinas PhoenixWERK en Phoenix West, Dortmund, podr\u00e1 visitarse en el &quot;D\u00eda de la Arquitectura 2022&quot;. \u00a1Venga a SHA el 19 de junio!\" \/>\n<meta name=\"robots\" content=\"index, follow, max-snippet:-1, max-image-preview:large, max-video-preview:-1\" \/>\n<link rel=\"canonical\" href=\"https:\/\/sha.de\/es\/news\/dia-de-la-arquitectura-2022-bienvenido-a-phoenixwerk\" \/>\n<meta property=\"og:locale\" content=\"es_ES\" \/>\n<meta property=\"og:type\" content=\"article\" \/>\n<meta property=\"og:title\" content=\"D\u00eda de la Arquitectura 2022 - SHA Scheffler Helbich Architekten\" \/>\n<meta property=\"og:description\" content=\"El complejo de oficinas PhoenixWERK en Phoenix West, Dortmund, podr\u00e1 visitarse en el &quot;D\u00eda de la Arquitectura 2022&quot;. \u00a1Venga a SHA el 19 de junio!\" \/>\n<meta property=\"og:url\" content=\"https:\/\/sha.de\/es\/news\/dia-de-la-arquitectura-2022-bienvenido-a-phoenixwerk\" \/>\n<meta property=\"og:site_name\" content=\"SHA Scheffler Helbich Architekten GmbH\" \/>\n<meta property=\"article:published_time\" content=\"2022-05-04T09:30:25+00:00\" \/>\n<meta property=\"article:modified_time\" content=\"2024-09-23T14:52:16+00:00\" \/>\n<meta property=\"og:image\" content=\"https:\/\/sha.de\/wp-content\/uploads\/PhoenixWERK_Farbe_Web-9.jpg\" \/>\n\t<meta property=\"og:image:width\" content=\"1800\" \/>\n\t<meta property=\"og:image:height\" content=\"1200\" \/>\n\t<meta property=\"og:image:type\" content=\"image\/jpeg\" \/>\n<meta name=\"author\" content=\"Judith Weitzel\" \/>\n<meta name=\"twitter:card\" content=\"summary_large_image\" \/>\n<meta name=\"twitter:label1\" content=\"Escrito por\" \/>\n\t<meta name=\"twitter:data1\" content=\"Judith Weitzel\" \/>\n\t<meta name=\"twitter:label2\" content=\"Tiempo de lectura\" \/>\n\t<meta name=\"twitter:data2\" content=\"6 minutos\" \/>\n<script type=\"application\/ld+json\" class=\"yoast-schema-graph\">{\"@context\":\"https:\\\/\\\/schema.org\",\"@graph\":[{\"@type\":\"Article\",\"@id\":\"https:\\\/\\\/sha.de\\\/es\\\/news\\\/dia-de-la-arquitectura-2022-bienvenido-a-phoenixwerk#article\",\"isPartOf\":{\"@id\":\"https:\\\/\\\/sha.de\\\/es\\\/news\\\/dia-de-la-arquitectura-2022-bienvenido-a-phoenixwerk\"},\"author\":{\"name\":\"Judith Weitzel\",\"@id\":\"https:\\\/\\\/sha.de\\\/es#\\\/schema\\\/person\\\/6d5fd32d5aa7872f1f9191b7244552c9\"},\"headline\":\"D\u00eda de la Arquitectura 2022 &#8211; Bienvenido a PhoenixWERK\",\"datePublished\":\"2022-05-04T09:30:25+00:00\",\"dateModified\":\"2024-09-23T14:52:16+00:00\",\"mainEntityOfPage\":{\"@id\":\"https:\\\/\\\/sha.de\\\/es\\\/news\\\/dia-de-la-arquitectura-2022-bienvenido-a-phoenixwerk\"},\"wordCount\":1033,\"image\":{\"@id\":\"https:\\\/\\\/sha.de\\\/es\\\/news\\\/dia-de-la-arquitectura-2022-bienvenido-a-phoenixwerk#primaryimage\"},\"thumbnailUrl\":\"https:\\\/\\\/sha.de\\\/wp-content\\\/uploads\\\/PhoenixWERK_Farbe_Web-9.jpg\",\"keywords\":[\"Edificio administrativo\",\"D\u00eda de la Arquitectura\",\"Distinci\u00f3n\",\"BDA\",\"SHA\",\"Edificio de oficinas\",\"Oficina\",\"Dortmund\",\"Edificio nuevo\",\"Christoph Helbich\",\"Planta de Phoenix\"],\"articleSection\":[\"Dortmund\",\"Nuestro equipo\",\"Administraci\u00f3n\"],\"inLanguage\":\"es\"},{\"@type\":\"WebPage\",\"@id\":\"https:\\\/\\\/sha.de\\\/es\\\/news\\\/dia-de-la-arquitectura-2022-bienvenido-a-phoenixwerk\",\"url\":\"https:\\\/\\\/sha.de\\\/es\\\/news\\\/dia-de-la-arquitectura-2022-bienvenido-a-phoenixwerk\",\"name\":\"D\u00eda de la Arquitectura 2022 - SHA Scheffler Helbich Architekten\",\"isPartOf\":{\"@id\":\"https:\\\/\\\/sha.de\\\/es#website\"},\"primaryImageOfPage\":{\"@id\":\"https:\\\/\\\/sha.de\\\/es\\\/news\\\/dia-de-la-arquitectura-2022-bienvenido-a-phoenixwerk#primaryimage\"},\"image\":{\"@id\":\"https:\\\/\\\/sha.de\\\/es\\\/news\\\/dia-de-la-arquitectura-2022-bienvenido-a-phoenixwerk#primaryimage\"},\"thumbnailUrl\":\"https:\\\/\\\/sha.de\\\/wp-content\\\/uploads\\\/PhoenixWERK_Farbe_Web-9.jpg\",\"datePublished\":\"2022-05-04T09:30:25+00:00\",\"dateModified\":\"2024-09-23T14:52:16+00:00\",\"author\":{\"@id\":\"https:\\\/\\\/sha.de\\\/es#\\\/schema\\\/person\\\/6d5fd32d5aa7872f1f9191b7244552c9\"},\"description\":\"El complejo de oficinas PhoenixWERK en Phoenix West, Dortmund, podr\u00e1 visitarse en el \\\"D\u00eda de la Arquitectura 2022\\\". \u00a1Venga a SHA el 19 de junio!\",\"breadcrumb\":{\"@id\":\"https:\\\/\\\/sha.de\\\/es\\\/news\\\/dia-de-la-arquitectura-2022-bienvenido-a-phoenixwerk#breadcrumb\"},\"inLanguage\":\"es\",\"potentialAction\":[{\"@type\":\"ReadAction\",\"target\":[\"https:\\\/\\\/sha.de\\\/es\\\/news\\\/dia-de-la-arquitectura-2022-bienvenido-a-phoenixwerk\"]}]},{\"@type\":\"ImageObject\",\"inLanguage\":\"es\",\"@id\":\"https:\\\/\\\/sha.de\\\/es\\\/news\\\/dia-de-la-arquitectura-2022-bienvenido-a-phoenixwerk#primaryimage\",\"url\":\"https:\\\/\\\/sha.de\\\/wp-content\\\/uploads\\\/PhoenixWERK_Farbe_Web-9.jpg\",\"contentUrl\":\"https:\\\/\\\/sha.de\\\/wp-content\\\/uploads\\\/PhoenixWERK_Farbe_Web-9.jpg\",\"width\":1800,\"height\":1200},{\"@type\":\"BreadcrumbList\",\"@id\":\"https:\\\/\\\/sha.de\\\/es\\\/news\\\/dia-de-la-arquitectura-2022-bienvenido-a-phoenixwerk#breadcrumb\",\"itemListElement\":[{\"@type\":\"ListItem\",\"position\":1,\"name\":\"Startseite\",\"item\":\"https:\\\/\\\/sha.de\\\/es\"},{\"@type\":\"ListItem\",\"position\":2,\"name\":\"D\u00eda de la Arquitectura 2022 &#8211; Bienvenido a PhoenixWERK\"}]},{\"@type\":\"WebSite\",\"@id\":\"https:\\\/\\\/sha.de\\\/es#website\",\"url\":\"https:\\\/\\\/sha.de\\\/es\",\"name\":\"SHA Scheffler Helbich Architekten GmbH\",\"description\":\"\",\"potentialAction\":[{\"@type\":\"SearchAction\",\"target\":{\"@type\":\"EntryPoint\",\"urlTemplate\":\"https:\\\/\\\/sha.de\\\/es?s={search_term_string}\"},\"query-input\":{\"@type\":\"PropertyValueSpecification\",\"valueRequired\":true,\"valueName\":\"search_term_string\"}}],\"inLanguage\":\"es\"},{\"@type\":\"Person\",\"@id\":\"https:\\\/\\\/sha.de\\\/es#\\\/schema\\\/person\\\/6d5fd32d5aa7872f1f9191b7244552c9\",\"name\":\"Judith Weitzel\",\"image\":{\"@type\":\"ImageObject\",\"inLanguage\":\"es\",\"@id\":\"https:\\\/\\\/secure.gravatar.com\\\/avatar\\\/c7dca018fdb593c021709193ddb78dc530485d187ec667fb2a0ae6c4097c9957?s=96&d=mm&r=g\",\"url\":\"https:\\\/\\\/secure.gravatar.com\\\/avatar\\\/c7dca018fdb593c021709193ddb78dc530485d187ec667fb2a0ae6c4097c9957?s=96&d=mm&r=g\",\"contentUrl\":\"https:\\\/\\\/secure.gravatar.com\\\/avatar\\\/c7dca018fdb593c021709193ddb78dc530485d187ec667fb2a0ae6c4097c9957?s=96&d=mm&r=g\",\"caption\":\"Judith Weitzel\"}}]}<\/script>\n<!-- \/ Yoast SEO plugin. -->","yoast_head_json":{"title":"D\u00eda de la Arquitectura 2022 - SHA Scheffler Helbich Architekten","description":"El complejo de oficinas PhoenixWERK en Phoenix West, Dortmund, podr\u00e1 visitarse en el \"D\u00eda de la Arquitectura 2022\". \u00a1Venga a SHA el 19 de junio!","robots":{"index":"index","follow":"follow","max-snippet":"max-snippet:-1","max-image-preview":"max-image-preview:large","max-video-preview":"max-video-preview:-1"},"canonical":"https:\/\/sha.de\/es\/news\/dia-de-la-arquitectura-2022-bienvenido-a-phoenixwerk","og_locale":"es_ES","og_type":"article","og_title":"D\u00eda de la Arquitectura 2022 - SHA Scheffler Helbich Architekten","og_description":"El complejo de oficinas PhoenixWERK en Phoenix West, Dortmund, podr\u00e1 visitarse en el \"D\u00eda de la Arquitectura 2022\". \u00a1Venga a SHA el 19 de junio!","og_url":"https:\/\/sha.de\/es\/news\/dia-de-la-arquitectura-2022-bienvenido-a-phoenixwerk","og_site_name":"SHA Scheffler Helbich Architekten GmbH","article_published_time":"2022-05-04T09:30:25+00:00","article_modified_time":"2024-09-23T14:52:16+00:00","og_image":[{"width":1800,"height":1200,"url":"https:\/\/sha.de\/wp-content\/uploads\/PhoenixWERK_Farbe_Web-9.jpg","type":"image\/jpeg"}],"author":"Judith Weitzel","twitter_card":"summary_large_image","twitter_misc":{"Escrito por":"Judith Weitzel","Tiempo de lectura":"6 minutos"},"schema":{"@context":"https:\/\/schema.org","@graph":[{"@type":"Article","@id":"https:\/\/sha.de\/es\/news\/dia-de-la-arquitectura-2022-bienvenido-a-phoenixwerk#article","isPartOf":{"@id":"https:\/\/sha.de\/es\/news\/dia-de-la-arquitectura-2022-bienvenido-a-phoenixwerk"},"author":{"name":"Judith Weitzel","@id":"https:\/\/sha.de\/es#\/schema\/person\/6d5fd32d5aa7872f1f9191b7244552c9"},"headline":"D\u00eda de la Arquitectura 2022 &#8211; Bienvenido a PhoenixWERK","datePublished":"2022-05-04T09:30:25+00:00","dateModified":"2024-09-23T14:52:16+00:00","mainEntityOfPage":{"@id":"https:\/\/sha.de\/es\/news\/dia-de-la-arquitectura-2022-bienvenido-a-phoenixwerk"},"wordCount":1033,"image":{"@id":"https:\/\/sha.de\/es\/news\/dia-de-la-arquitectura-2022-bienvenido-a-phoenixwerk#primaryimage"},"thumbnailUrl":"https:\/\/sha.de\/wp-content\/uploads\/PhoenixWERK_Farbe_Web-9.jpg","keywords":["Edificio administrativo","D\u00eda de la Arquitectura","Distinci\u00f3n","BDA","SHA","Edificio de oficinas","Oficina","Dortmund","Edificio nuevo","Christoph Helbich","Planta de Phoenix"],"articleSection":["Dortmund","Nuestro equipo","Administraci\u00f3n"],"inLanguage":"es"},{"@type":"WebPage","@id":"https:\/\/sha.de\/es\/news\/dia-de-la-arquitectura-2022-bienvenido-a-phoenixwerk","url":"https:\/\/sha.de\/es\/news\/dia-de-la-arquitectura-2022-bienvenido-a-phoenixwerk","name":"D\u00eda de la Arquitectura 2022 - SHA Scheffler Helbich Architekten","isPartOf":{"@id":"https:\/\/sha.de\/es#website"},"primaryImageOfPage":{"@id":"https:\/\/sha.de\/es\/news\/dia-de-la-arquitectura-2022-bienvenido-a-phoenixwerk#primaryimage"},"image":{"@id":"https:\/\/sha.de\/es\/news\/dia-de-la-arquitectura-2022-bienvenido-a-phoenixwerk#primaryimage"},"thumbnailUrl":"https:\/\/sha.de\/wp-content\/uploads\/PhoenixWERK_Farbe_Web-9.jpg","datePublished":"2022-05-04T09:30:25+00:00","dateModified":"2024-09-23T14:52:16+00:00","author":{"@id":"https:\/\/sha.de\/es#\/schema\/person\/6d5fd32d5aa7872f1f9191b7244552c9"},"description":"El complejo de oficinas PhoenixWERK en Phoenix West, Dortmund, podr\u00e1 visitarse en el \"D\u00eda de la Arquitectura 2022\". \u00a1Venga a SHA el 19 de junio!","breadcrumb":{"@id":"https:\/\/sha.de\/es\/news\/dia-de-la-arquitectura-2022-bienvenido-a-phoenixwerk#breadcrumb"},"inLanguage":"es","potentialAction":[{"@type":"ReadAction","target":["https:\/\/sha.de\/es\/news\/dia-de-la-arquitectura-2022-bienvenido-a-phoenixwerk"]}]},{"@type":"ImageObject","inLanguage":"es","@id":"https:\/\/sha.de\/es\/news\/dia-de-la-arquitectura-2022-bienvenido-a-phoenixwerk#primaryimage","url":"https:\/\/sha.de\/wp-content\/uploads\/PhoenixWERK_Farbe_Web-9.jpg","contentUrl":"https:\/\/sha.de\/wp-content\/uploads\/PhoenixWERK_Farbe_Web-9.jpg","width":1800,"height":1200},{"@type":"BreadcrumbList","@id":"https:\/\/sha.de\/es\/news\/dia-de-la-arquitectura-2022-bienvenido-a-phoenixwerk#breadcrumb","itemListElement":[{"@type":"ListItem","position":1,"name":"Startseite","item":"https:\/\/sha.de\/es"},{"@type":"ListItem","position":2,"name":"D\u00eda de la Arquitectura 2022 &#8211; Bienvenido a PhoenixWERK"}]},{"@type":"WebSite","@id":"https:\/\/sha.de\/es#website","url":"https:\/\/sha.de\/es","name":"SHA Scheffler Helbich Architekten GmbH","description":"","potentialAction":[{"@type":"SearchAction","target":{"@type":"EntryPoint","urlTemplate":"https:\/\/sha.de\/es?s={search_term_string}"},"query-input":{"@type":"PropertyValueSpecification","valueRequired":true,"valueName":"search_term_string"}}],"inLanguage":"es"},{"@type":"Person","@id":"https:\/\/sha.de\/es#\/schema\/person\/6d5fd32d5aa7872f1f9191b7244552c9","name":"Judith Weitzel","image":{"@type":"ImageObject","inLanguage":"es","@id":"https:\/\/secure.gravatar.com\/avatar\/c7dca018fdb593c021709193ddb78dc530485d187ec667fb2a0ae6c4097c9957?s=96&d=mm&r=g","url":"https:\/\/secure.gravatar.com\/avatar\/c7dca018fdb593c021709193ddb78dc530485d187ec667fb2a0ae6c4097c9957?s=96&d=mm&r=g","contentUrl":"https:\/\/secure.gravatar.com\/avatar\/c7dca018fdb593c021709193ddb78dc530485d187ec667fb2a0ae6c4097c9957?s=96&d=mm&r=g","caption":"Judith Weitzel"}}]}},"_links":{"self":[{"href":"https:\/\/sha.de\/es\/wp-json\/wp\/v2\/posts\/32609","targetHints":{"allow":["GET"]}}],"collection":[{"href":"https:\/\/sha.de\/es\/wp-json\/wp\/v2\/posts"}],"about":[{"href":"https:\/\/sha.de\/es\/wp-json\/wp\/v2\/types\/post"}],"author":[{"embeddable":true,"href":"https:\/\/sha.de\/es\/wp-json\/wp\/v2\/users\/2"}],"replies":[{"embeddable":true,"href":"https:\/\/sha.de\/es\/wp-json\/wp\/v2\/comments?post=32609"}],"version-history":[{"count":4,"href":"https:\/\/sha.de\/es\/wp-json\/wp\/v2\/posts\/32609\/revisions"}],"predecessor-version":[{"id":46572,"href":"https:\/\/sha.de\/es\/wp-json\/wp\/v2\/posts\/32609\/revisions\/46572"}],"wp:featuredmedia":[{"embeddable":true,"href":"https:\/\/sha.de\/es\/wp-json\/wp\/v2\/media\/23576"}],"wp:attachment":[{"href":"https:\/\/sha.de\/es\/wp-json\/wp\/v2\/media?parent=32609"}],"wp:term":[{"taxonomy":"category","embeddable":true,"href":"https:\/\/sha.de\/es\/wp-json\/wp\/v2\/categories?post=32609"},{"taxonomy":"post_tag","embeddable":true,"href":"https:\/\/sha.de\/es\/wp-json\/wp\/v2\/tags?post=32609"}],"curies":[{"name":"wp","href":"https:\/\/api.w.org\/{rel}","templated":true}]}}