{"id":32628,"date":"2022-05-12T16:16:25","date_gmt":"2022-05-12T14:16:25","guid":{"rendered":"https:\/\/sha.de\/aktuelles\/la-arquitectura-construye-el-futuro"},"modified":"2024-09-23T16:52:18","modified_gmt":"2024-09-23T14:52:18","slug":"la-arquitectura-construye-el-futuro","status":"publish","type":"post","link":"https:\/\/sha.de\/es\/news\/la-arquitectura-construye-el-futuro","title":{"rendered":"\u00ab\u00a1La arquitectura construye el futuro!\u00bb"},"content":{"rendered":"<div id='av_section_1' class='avia-section main_color pt-default pb-default avia-no-border-styling avia-bg-style-scroll  avia-builder-el-0  avia-builder-el-no-sibling   container_wrap fullsize' style=' '  ><div class='container' ><main  role=\"main\" itemprop=\"mainContentOfPage\"  class='template-page content  av-content-full alpha units'><div class='post-entry post-entry-type-page post-entry-32628'><div class='entry-content-wrapper clearfix'>\n\n\t\t\t<div id=\"av-k1hoeuzj\" class=\"headline-column flex_column av_one_full flex_column_div first \">\n\t\t\t\t<div class=\"headline-wrap is-outside align-left sub-bottom\">\n\t\t\t\t\t<h1 class=\"headline-content headline-primary\">&quot;\u00a1La arquitectura construye el futuro!&quot;: 139 nuevas viviendas, parques y proyectos abiertos en toda Renania del Norte-Westfalia<\/h1>\n\t\t\t\t\t<h3 class=\"headline-content headline-secondary\">18\/19 de junio de 2022: D\u00eda de la Arquitectura en Renania del Norte-Westfalia<\/h3>\n\t\t\t\t<\/div>\n\t\t\t<\/div>\n<div class=\"flex_column av_one_third  flex_column_div av-zero-column-padding first bg-default      avia-builder-el-2  el_after_pixel_sc_headline  el_before_av_one_third  \"><section  class='av_textblock_section av-kfgpxslt-ea45c4f6a96ab89e301f07421d1279df '   itemscope=\"itemscope\" itemtype=\"https:\/\/schema.org\/BlogPosting\" itemprop=\"blogPost\" ><div class='avia_textblock'  itemprop=\"text\" ><p>Contemple nuevos edificios y estructuras residenciales, barrios, jardines privados y parques e insp\u00edrese en ejemplos construidos para sus propios proyectos: los entusiastas de la arquitectura pueden hacerlo de nuevo este a\u00f1o en el \u00abD\u00eda de la Arquitectura\u00bb. En 18. y A partir del 19 de junio de 2022, se presentar\u00e1n al p\u00fablico exactamente 139 proyectos arquitect\u00f3nicos en 76 ciudades y municipios de Renania del Norte-Westfalia.  <a href=\"https:\/\/sha.de\/es\/news\/dia-de-la-arquitectura-2022-bienvenido-a-phoenixwerk\">SHA Scheffler Helbich Architekten tambi\u00e9n abrir\u00e1 sus puertas el 19 de junio.<\/a> \u00a1Visite el complejo de oficinas PhoenixWERK en Dortmund!<\/a><\/p>\n<p>\u00abEstamos encantados de que los habitantes de nuestro estado tengan por fin la oportunidad de volver a experimentar la arquitectura in situ e intercambiar ideas con los arquitectos en persona\u00bb, explica Ernst Uhing, Presidente de la C\u00e1mara de Arquitectos de Renania del Norte-Westfalia. El D\u00eda de la Arquitectura pretende brindar la oportunidad de entablar un di\u00e1logo entre expertos y profanos interesados y poner la arquitectura en el punto de mira de un amplio p\u00fablico durante un fin de semana. &#8211; La C\u00e1mara de Arquitectos de Renania del Norte-Westfalia presenta el \u00abD\u00eda de la Arquitectura\u00bb en un amplio cat\u00e1logo, que puede solicitarse gratuitamente a la C\u00e1mara. La base de datos de im\u00e1genes ya est\u00e1 en l\u00ednea en <a href=\"https:\/\/www.aknw.de\/\" target=\"_blank\" rel=\"noopener nofollow\">aknw.de.<\/a> <\/p>\n<p>Este es el 27\u00ba aniversario del \u00abD\u00eda de la Arquitectura\u00bb en Renania del Norte-Westfalia. En los a\u00f1os anteriores a la Corona, muchos miles de aficionados a la arquitectura y personas interesadas en la construcci\u00f3n hac\u00edan el viaje el fin de semana de junio para informarse sobre las tendencias del dise\u00f1o y los avances t\u00e9cnicos en la construcci\u00f3n y la vivienda y aprovechar la oportunidad para intercambiar ideas con los planificadores. Gracias a la amplia cobertura de los medios de comunicaci\u00f3n, los edificios presentados tambi\u00e9n son reconocidos por un amplio p\u00fablico. Por ello, la C\u00e1mara de Arquitectos de Renania del Norte-Westfalia considera el D\u00eda de la Arquitectura como una importante contribuci\u00f3n al discurso sobre la cultura de la construcci\u00f3n en Alemania.<\/p>\n<h5>Lema del D\u00eda de la Arquitectura 2022: \u00ab\u00a1La arquitectura construye el futuro!\u00bb<\/h5>\n<p>El lema nacional del D\u00eda de la Arquitectura de este a\u00f1o es \u00abLa arquitectura construye el futuro\u00bb. Al fin y al cabo, la planificaci\u00f3n y la construcci\u00f3n se hacen siempre con responsabilidad para las generaciones futuras, explica el presidente de la C\u00e1mara, Ernst Uhing. \u00abLo que los arquitectos creamos hoy junto con nuestros clientes debe contener la promesa de un ma\u00f1ana mejor.<\/p>\n<\/div><\/section><\/div><div class=\"flex_column av_one_third  flex_column_div av-zero-column-padding        avia-builder-el-4  el_after_av_one_third  el_before_av_one_third  \"><section  class='av_textblock_section av-kaqj9hph-e19ae7f8a10ba2fcf8dd1f2fd19d88b0 '   itemscope=\"itemscope\" itemtype=\"https:\/\/schema.org\/BlogPosting\" itemprop=\"blogPost\" ><div class='avia_textblock'  itemprop=\"text\" ><p>Esto se aplica a los aspectos de la justicia clim\u00e1tica del mismo modo que a las cuestiones sociales y de cultura de la construcci\u00f3n\u00bb.<\/p>\n<p>El hecho de que nuestro entorno construido, nuestros barrios y edificios residenciales ofrezcan a las personas protecci\u00f3n y un hogar quedar\u00e1 m\u00e1s claro en la primera mitad de 2022 de lo que lo ha estado durante mucho tiempo.<\/p>\n<h5>Tendencias y temas 2022<\/h5>\n<p>El D\u00eda de la Arquitectura refleja siempre la evoluci\u00f3n social. La protecci\u00f3n del clima sigue siendo una cuesti\u00f3n fundamental, que se refleja, entre otras cosas, en la reconversi\u00f3n y el mayor aprovechamiento de los edificios existentes y en medidas de rehabilitaci\u00f3n energ\u00e9ticamente eficientes. Numerosos ejemplos de ello pueden verse in situ en el D\u00eda de la Arquitectura en Renania del Norte-Westfalia. Edificios educativos, proyectos comunitarios y de asociaciones de viviendas, redensificaci\u00f3n, accesibilidad y reconversiones, as\u00ed como el sofisticado dise\u00f1o de jardines y zonas verdes, son algunas de las tareas espec\u00edficas de construcci\u00f3n que pueden verse en los edificios 2022 de TdA. Para muchos visitantes, el D\u00eda de la Arquitectura es, por tanto, una importante fuente de inspiraci\u00f3n.<\/p>\n<p>Los dos \u00faltimos \u00abD\u00edas de la Arquitectura\u00bb en condiciones pand\u00e9micas han demostrado que la comunicaci\u00f3n de la arquitectura tambi\u00e9n es posible de forma apasionante a trav\u00e9s de los medios digitales y en el espacio virtual. Por ello, la C\u00e1mara de Arquitectos de Renania del Norte-Westfalia ha invitado una vez m\u00e1s a los estudios de arquitectura participantes a presentar su trabajo en formato digital: en videoclips, visitas virtuales o podcasts.<\/p>\n<h5>Fondo: \u00abD\u00eda de la arquitectura<\/h5>\n<p>El \u00abD\u00eda de la Arquitectura\u00bb se ha consolidado en todo el pa\u00eds como un acontecimiento arquitect\u00f3nico previo al inicio de las vacaciones de verano. Arquitectos, dise\u00f1adores de interiores, paisajistas y urbanistas estar\u00e1n presentes para presentar edificios nuevos o renovados junto con sus clientes, explicar las caracter\u00edsticas especiales de la arquitectura y responder a las preguntas de los visitantes.<\/p>\n<\/div><\/section><\/div><div class=\"flex_column av_one_third  flex_column_div av-zero-column-padding        avia-builder-el-6  el_after_av_one_third  el_before_av_one_full  \"><p><section  class='av_textblock_section av-kdhemomz-89fb426e1616a1129fd869592b8a2bef '   itemscope=\"itemscope\" itemtype=\"https:\/\/schema.org\/BlogPosting\" itemprop=\"blogPost\" ><div class='avia_textblock'  itemprop=\"text\" ><p>Se presentar\u00e1n los edificios de Renania del Norte-Westfalia que se hayan realizado en nuestro estado federado en los \u00faltimos cinco a\u00f1os; para los proyectos de arquitectura paisaj\u00edstica y urbanismo, el plazo es de ocho a\u00f1os. El \u00abD\u00eda de la Arquitectura\u00bb tendr\u00e1 lugar en todo el pa\u00eds los d\u00edas 25 y 26 de junio de 2022; en Renania del Norte-Westfalia, se ha adelantado al pen\u00faltimo fin de semana de junio debido al comienzo anticipado de las vacaciones escolares.<\/p>\n<h5>Cat\u00e1logo y base de datos en Internet<\/h5>\n<p>Se puede acceder a todos los inmuebles a trav\u00e9s de una base de datos en Internet con fotos y breves descripciones, as\u00ed como los horarios de apertura previstos en www.aknw.de. La C\u00e1mara de Arquitectos de Renania del Norte-Westfalia tambi\u00e9n presenta todos los edificios y objetos del \u00abD\u00eda de la Arquitectura 2022\u00bb en un amplio folleto que puede obtenerse gratuitamente a partir de ahora: a trav\u00e9s del formulario de pedido en www.aknw.de, por tel\u00e9fono en el (0211) 49 67-12 o -713 o por correo electr\u00f3nico a <a href=\"javascript:secureDecryptAndNavigate('uGvM\/sWrVzqh0gHMuXEsB9Ez+DI6G8\/nRucskIAjpFBpSEb4rpR8kegQwqWdiNZcu7PPg6LGxmAAFkh08anic3wU', '7fb6b0a631c756e2798c0419dd401ac6392a180022e45865affe1bd81a905598')\">tda@aknw.de<\/a>.<\/p>\n<p><em> <\/em><\/p>\n<\/div><\/section><br \/>\n\n<style type=\"text\/css\" data-created_by=\"avia_inline_auto\" id=\"style-css-av-k3fr046x-cb289bc273ecde5472526e002776a8d1\">\n#top .hr.hr-invisible.av-k3fr046x-cb289bc273ecde5472526e002776a8d1{\nheight:40px;\n}\n<\/style>\n<div  class='hr av-k3fr046x-cb289bc273ecde5472526e002776a8d1 hr-invisible  avia-builder-el-8  el_after_av_textblock  el_before_pixel_sc_postcard '><span class='hr-inner '><span class=\"hr-inner-style\"><\/span><\/span><\/div><br \/>\n<article id=\"\" class=\"card-entry referenz-entry static-button   text-align-left has-link   heading-link  has-button \">\n\t<div class=\"card-entry__inner\">\n\t\t\n\t\n\t\t<div class=\"card-entry__media media-type-\">\n\t<div class=\"card-entry__media-inner\">\n\n\t\t<div class=\"card_entry__referenz\">\n\t\t\t<div class=\"card_entry__referenz-inner\">\n\t\t\t\t\t\t\t\t\t<div class=\"card-entry__heading\">\n\t<div class=\"card-entry__heading-inner\">\n\n\n\t\t\t\n\t\t\t\n\t\t\t<a class=\"card-entry__link\" href=\"https:\/\/sha.de\/projekte\/buero-verwaltung\/innovativer-arbeitsraum-auf-phoenix-west\" target=\"_self\">\n\t\t\t\t\t\t\t<h3 class=\"card-entry__headline  \">\n\t\t\t\t\tInnovativer Arbeitsraum auf PHOENIX West in Dortmund H\u00f6rde\n\t\t\t\t<\/h3>\n\t\t\t\n\t\t\t\n\t\t<\/a>\n\t<\/div>\n<\/div>\n\t\t\t\t\t\t\t<\/div>\n\t\t<\/div>\n\n\t\t\t\t\t<div class=\"card-entry__action\">\n\t<div class=\"card-entry__action-inner\">\n\t\t<div class=\"card-entry__button-wrap avia-button-wrap avia-button-right theme-fill\">\n\t\t\t\t\t\t\t<a class=\"card-entry__button avia-button avia-button color-ci-black hover-yellow avia-size-small  avia-position-right\" href=\"https:\/\/sha.de\/projekte\/buero-verwaltung\/innovativer-arbeitsraum-auf-phoenix-west\" target=\"\">\n\t\t\t\t\t<span class=\"button-icon\"><i class=\"icon-arrow_next\"><\/i><\/span><span class=\"button-text\">Seguir leyendo<\/span>\n\t\t\t\t<\/a>\n\t\t\t\t\t<\/div>\n\t<\/div>\n<\/div>\n\t\t\n\t\t\t\t\t<a href=\"https:\/\/sha.de\/projekte\/buero-verwaltung\/innovativer-arbeitsraum-auf-phoenix-west\" class=\"slide-image\" title=\"\"><img decoding=\"async\" src=\"https:\/\/sha.de\/wp-content\/uploads\/sha_kopfbild_pheonixwest_2-2-706x564.jpg\" \/><\/a>\n\t\t\t<\/div>\n<\/div>\n\n\t\n\t<\/div>\n<\/article>\n<\/p><\/div><div class=\"flex_column av_one_full  flex_column_div av-zero-column-padding first       avia-builder-el-10  el_after_av_one_third  avia-builder-el-last  column-top-margin\"><div class=\"slickgallery \">\n\t<div class=\"pixel-slide-wrap\">\n\t\t<div class=\"pixel-slide\" style=\"display: block; width: 100%; float: left;\">\n\t\t\t\t\n\t\t\t\t\t\t\t\t\t\t\t\t\t\n\t\t\t\t\t<div class=\"pixel-slide__image-wrap slide-1\">\n\t\t\t\t\t\t\t<div class=\"pixel-slide__image \"><a href=\"https:\/\/sha.de\/wp-content\/uploads\/CE655-769-570x850.jpg\" rel=\"lightbox\"><img decoding=\"async\" src=\"https:\/\/sha.de\/wp-content\/uploads\/CE655-769-706x368.jpg\" alt=\"PhoenixWerk Dortmund SHA Scheffler Helbich Architekten\" title=\"PhoenixWerk Dortmund SHA Scheffler Helbich Architekten\"><\/a><\/div>\n\t\t\t\t\t<\/div>\n\t\t\t\t\n\t\t\t\t\t\t\t\t\t\t\t\t\t\n\t\t\t\t\t<div class=\"pixel-slide__image-wrap slide-2\">\n\t\t\t\t\t\t\t<div class=\"pixel-slide__image \"><a href=\"https:\/\/sha.de\/wp-content\/uploads\/CE655-680-2-1280x838.jpg\" rel=\"lightbox\"><img decoding=\"async\" src=\"https:\/\/sha.de\/wp-content\/uploads\/CE655-680-2-706x368.jpg\" alt=\"PhoenixWerk Dortmund SHA Scheffler Helbich Architekten\" title=\"PhoenixWerk Dortmund SHA Scheffler Helbich Architekten\"><\/a><\/div>\n\t\t\t\t\t<\/div>\n\t\t\t\t\n\t\t\t\t\t\t\t\t\t\t\t\t\t\n\t\t\t\t\t<div class=\"pixel-slide__image-wrap slide-3\">\n\t\t\t\t\t\t\t<div class=\"pixel-slide__image \"><a href=\"https:\/\/sha.de\/wp-content\/uploads\/PhoenixWERK_Farbe_Web-9-1275x850.jpg\" rel=\"lightbox\"><img decoding=\"async\" src=\"https:\/\/sha.de\/wp-content\/uploads\/PhoenixWERK_Farbe_Web-9-706x368.jpg\" alt=\"PhoenixWERK Farbe Web 9\" title=\"PhoenixWERK Farbe Web 9\"><\/a><\/div>\n\t\t\t\t\t<\/div>\n\t\t\t\t\n\t\t\t\t\t\t\t\t\t\t\t\t\t\n\t\t\t\t\t<div class=\"pixel-slide__image-wrap slide-4\">\n\t\t\t\t\t\t\t<div class=\"pixel-slide__image \"><a href=\"https:\/\/sha.de\/wp-content\/uploads\/CE655-462-1274x850.jpg\" rel=\"lightbox\"><img decoding=\"async\" src=\"https:\/\/sha.de\/wp-content\/uploads\/CE655-462-706x368.jpg\" alt=\"PhoenixWerk Dortmund SHA Scheffler Helbich Architekten\" title=\"PhoenixWerk Dortmund SHA Scheffler Helbich Architekten\"><\/a><\/div>\n\t\t\t\t\t<\/div>\n\t\t\t\t\n\t\t\t\t\t\t\t\t\t\t\t\t\t\n\t\t\t\t\t<div class=\"pixel-slide__image-wrap slide-5\">\n\t\t\t\t\t\t\t<div class=\"pixel-slide__image \"><a href=\"https:\/\/sha.de\/wp-content\/uploads\/CE655-171-567x850.jpg\" rel=\"lightbox\"><img decoding=\"async\" src=\"https:\/\/sha.de\/wp-content\/uploads\/CE655-171-706x368.jpg\" alt=\"PhoenixWerk Dortmund SHA Scheffler Helbich Architekten\" title=\"PhoenixWerk Dortmund SHA Scheffler Helbich Architekten\"><\/a><\/div>\n\t\t\t\t\t<\/div>\n\t\t\t\t\n\t\t\t\t\t\t\t\t\t\t\t\t\t\n\t\t\t\t\t<div class=\"pixel-slide__image-wrap slide-6\">\n\t\t\t\t\t\t\t<div class=\"pixel-slide__image \"><a href=\"https:\/\/sha.de\/wp-content\/uploads\/CE655-587-1-1274x850.jpg\" rel=\"lightbox\"><img decoding=\"async\" src=\"https:\/\/sha.de\/wp-content\/uploads\/CE655-587-1-706x368.jpg\" alt=\"PhoenixWerk Dortmund SHA Scheffler Helbich Architekten\" title=\"PhoenixWerk Dortmund SHA Scheffler Helbich Architekten\"><\/a><\/div>\n\t\t\t\t\t<\/div>\n\t\t\t\t\n\t\t\t\t\t\t\t\t\t\t\t\t\t\n\t\t\t\t\t<div class=\"pixel-slide__image-wrap slide-7\">\n\t\t\t\t\t\t\t<div class=\"pixel-slide__image \"><a href=\"https:\/\/sha.de\/wp-content\/uploads\/CE655-444-571x850.jpg\" rel=\"lightbox\"><img decoding=\"async\" src=\"https:\/\/sha.de\/wp-content\/uploads\/CE655-444-706x368.jpg\" alt=\"PhoenixWerk Dortmund SHA Scheffler Helbich Architekten\" title=\"PhoenixWerk Dortmund SHA Scheffler Helbich Architekten\"><\/a><\/div>\n\t\t\t\t\t<\/div>\n\t\t\t\t\n\t\t\t\t\t\t\t\t\t\t\t\t\t\n\t\t\t\t\t<div class=\"pixel-slide__image-wrap slide-8\">\n\t\t\t\t\t\t\t<div class=\"pixel-slide__image \"><a href=\"https:\/\/sha.de\/wp-content\/uploads\/CE655-436-1274x850.jpg\" rel=\"lightbox\"><img decoding=\"async\" src=\"https:\/\/sha.de\/wp-content\/uploads\/CE655-436-706x368.jpg\" alt=\"PhoenixWerk Dortmund SHA Scheffler Helbich Architekten\" title=\"PhoenixWerk Dortmund SHA Scheffler Helbich Architekten\"><\/a><\/div>\n\t\t\t\t\t<\/div>\n\t\t\t\t\n\t\t\t\t\t\t\t\t\t\t\t\t\t\n\t\t\t\t\t<div class=\"pixel-slide__image-wrap slide-9\">\n\t\t\t\t\t\t\t<div class=\"pixel-slide__image \"><a href=\"https:\/\/sha.de\/wp-content\/uploads\/CE655-162-569x850.jpg\" rel=\"lightbox\"><img decoding=\"async\" src=\"https:\/\/sha.de\/wp-content\/uploads\/CE655-162-706x368.jpg\" alt=\"PhoenixWerk Dortmund SHA Scheffler Helbich Architekten\" title=\"PhoenixWerk Dortmund SHA Scheffler Helbich Architekten\"><\/a><\/div>\n\t\t\t\t\t<\/div>\n\t\t\t\t\n\t\t\t\t\t\t\t\t\t\t\t\t\t\n\t\t\t\t\t<div class=\"pixel-slide__image-wrap slide-10\">\n\t\t\t\t\t\t\t<div class=\"pixel-slide__image \"><a href=\"https:\/\/sha.de\/wp-content\/uploads\/CE655-138-1274x850.jpg\" rel=\"lightbox\"><img decoding=\"async\" src=\"https:\/\/sha.de\/wp-content\/uploads\/CE655-138-706x368.jpg\" alt=\"PhoenixWerk Dortmund SHA Scheffler Helbich Architekten\" title=\"PhoenixWerk Dortmund SHA Scheffler Helbich Architekten\"><\/a><\/div>\n\t\t\t\t\t<\/div>\n\t\t\t\t\n\t\t\t\t\t\t\t\t\t\t\t\t\t\n\t\t\t\t\t<div class=\"pixel-slide__image-wrap slide-11\">\n\t\t\t\t\t\t\t<div class=\"pixel-slide__image \"><a href=\"https:\/\/sha.de\/wp-content\/uploads\/CE655-066-567x850.jpg\" rel=\"lightbox\"><img decoding=\"async\" src=\"https:\/\/sha.de\/wp-content\/uploads\/CE655-066-706x368.jpg\" alt=\"PhoenixWerk Dortmund SHA Scheffler Helbich Architekten\" title=\"PhoenixWerk Dortmund SHA Scheffler Helbich Architekten\"><\/a><\/div>\n\t\t\t\t\t<\/div>\n\t\t\t\t\n\t\t\t\t\t\t\t\t\t\t\t\t\t\n\t\t\t\t\t<div class=\"pixel-slide__image-wrap slide-12\">\n\t\t\t\t\t\t\t<div class=\"pixel-slide__image \"><a href=\"https:\/\/sha.de\/wp-content\/uploads\/CE655-755-570x850.jpg\" rel=\"lightbox\"><img decoding=\"async\" src=\"https:\/\/sha.de\/wp-content\/uploads\/CE655-755-706x368.jpg\" alt=\"PhoenixWerk Dortmund SHA Scheffler Helbich Architekten\" title=\"PhoenixWerk Dortmund SHA Scheffler Helbich Architekten\"><\/a><\/div>\n\t\t\t\t\t<\/div>\n\t\t\t\t\n\t\t\t\t\t\t\t\t\t\t\t\t\t\n\t\t\t\t\t<div class=\"pixel-slide__image-wrap slide-13\">\n\t\t\t\t\t\t\t<div class=\"pixel-slide__image \"><a href=\"https:\/\/sha.de\/wp-content\/uploads\/CE655-856-1274x850.jpg\" rel=\"lightbox\"><img decoding=\"async\" src=\"https:\/\/sha.de\/wp-content\/uploads\/CE655-856-706x368.jpg\" alt=\"PhoenixWerk Dortmund SHA Scheffler Helbich Architekten\" title=\"PhoenixWerk Dortmund SHA Scheffler Helbich Architekten\"><\/a><\/div>\n\t\t\t\t\t<\/div>\n\t\t\t\t\n\t\t\t\t\t\t\t\t\t\t\t\t\t\n\t\t\t\t\t<div class=\"pixel-slide__image-wrap slide-14\">\n\t\t\t\t\t\t\t<div class=\"pixel-slide__image \"><a href=\"https:\/\/sha.de\/wp-content\/uploads\/CE655-1110-567x850.jpg\" rel=\"lightbox\"><img decoding=\"async\" src=\"https:\/\/sha.de\/wp-content\/uploads\/CE655-1110-706x368.jpg\" alt=\"PhoenixWerk Dortmund SHA Scheffler Helbich Architekten\" title=\"PhoenixWerk Dortmund SHA Scheffler Helbich Architekten\"><\/a><\/div>\n\t\t\t\t\t<\/div>\n\t\t\t\t\n\t\t\t\t\t\t\t\t\t\t\t\t\t\n\t\t\t\t\t<div class=\"pixel-slide__image-wrap slide-15\">\n\t\t\t\t\t\t\t<div class=\"pixel-slide__image \"><a href=\"https:\/\/sha.de\/wp-content\/uploads\/CE655-1143-1280x843.jpg\" rel=\"lightbox\"><img decoding=\"async\" src=\"https:\/\/sha.de\/wp-content\/uploads\/CE655-1143-706x368.jpg\" alt=\"PhoenixWerk Dortmund SHA Scheffler Helbich Architekten\" title=\"PhoenixWerk Dortmund SHA Scheffler Helbich Architekten\"><\/a><\/div>\n\t\t\t\t\t<\/div>\n\t\t\t\t\t\t<\/div>\n\t<\/div>\n<\/div><\/div>\n","protected":false},"excerpt":{"rendered":"<p>El lema nacional del D\u00eda de la Arquitectura de este a\u00f1o es \u00abLa arquitectura construye el futuro\u00bb. Al fin y al cabo, la planificaci\u00f3n y la construcci\u00f3n siempre se hacen con responsabilidad para las generaciones futuras. En 18. y A partir del 19 de junio de 2022, se presentar\u00e1n al p\u00fablico exactamente 139 proyectos arquitect\u00f3nicos en 76 ciudades y municipios de Renania del Norte-Westfalia.<\/p>\n","protected":false},"author":2,"featured_media":25994,"comment_status":"closed","ping_status":"closed","sticky":false,"template":"","format":"standard","meta":{"_acf_changed":false,"content-type":"","footnotes":""},"categories":[894,902,905],"tags":[997,998,1009,1019,1020,1052,1074,1096,1097,1098,1099],"class_list":["post-32628","post","type-post","status-publish","format-standard","has-post-thumbnail","hentry","category-dortmund-es","category-nuestro-equipo","category-administracion","tag-distincion","tag-bda-es","tag-sha-es","tag-edificio-de-oficinas","tag-oficina","tag-dortmund-es","tag-edificio-nuevo","tag-christoph-helbich-es","tag-planta-de-phoenix","tag-edificio-administrativo","tag-dia-de-la-arquitectura"],"acf":[],"yoast_head":"<!-- This site is optimized with the Yoast SEO plugin v27.4 - https:\/\/yoast.com\/product\/yoast-seo-wordpress\/ -->\n<title>D\u00eda de la Arquitectura NRW - SHA Scheffler Helbich Architekten<\/title>\n<meta name=\"description\" content=\"El lema del D\u00eda de la Arquitectura 2022 es &quot;La arquitectura construye el futuro&quot;. Al fin y al cabo, la planificaci\u00f3n y la construcci\u00f3n siempre se hacen con responsabilidad para las generaciones futuras.\" \/>\n<meta name=\"robots\" content=\"index, follow, max-snippet:-1, max-image-preview:large, max-video-preview:-1\" \/>\n<link rel=\"canonical\" href=\"https:\/\/sha.de\/es\/news\/la-arquitectura-construye-el-futuro\" \/>\n<meta property=\"og:locale\" content=\"es_ES\" \/>\n<meta property=\"og:type\" content=\"article\" \/>\n<meta property=\"og:title\" content=\"D\u00eda de la Arquitectura NRW - SHA Scheffler Helbich Architekten\" \/>\n<meta property=\"og:description\" content=\"El lema del D\u00eda de la Arquitectura 2022 es &quot;La arquitectura construye el futuro&quot;. Al fin y al cabo, la planificaci\u00f3n y la construcci\u00f3n siempre se hacen con responsabilidad para las generaciones futuras.\" \/>\n<meta property=\"og:url\" content=\"https:\/\/sha.de\/es\/news\/la-arquitectura-construye-el-futuro\" \/>\n<meta property=\"og:site_name\" content=\"SHA Scheffler Helbich Architekten GmbH\" \/>\n<meta property=\"article:published_time\" content=\"2022-05-12T14:16:25+00:00\" \/>\n<meta property=\"article:modified_time\" content=\"2024-09-23T14:52:18+00:00\" \/>\n<meta property=\"og:image\" content=\"https:\/\/sha.de\/wp-content\/uploads\/TDA_2022_RGB-scaled.jpg\" \/>\n\t<meta property=\"og:image:width\" content=\"2560\" \/>\n\t<meta property=\"og:image:height\" content=\"1588\" \/>\n\t<meta property=\"og:image:type\" content=\"image\/jpeg\" \/>\n<meta name=\"author\" content=\"Judith Weitzel\" \/>\n<meta name=\"twitter:card\" content=\"summary_large_image\" \/>\n<meta name=\"twitter:label1\" content=\"Escrito por\" \/>\n\t<meta name=\"twitter:data1\" content=\"Judith Weitzel\" \/>\n\t<meta name=\"twitter:label2\" content=\"Tiempo de lectura\" \/>\n\t<meta name=\"twitter:data2\" content=\"10 minutos\" \/>\n<script type=\"application\/ld+json\" class=\"yoast-schema-graph\">{\"@context\":\"https:\\\/\\\/schema.org\",\"@graph\":[{\"@type\":\"Article\",\"@id\":\"https:\\\/\\\/sha.de\\\/es\\\/news\\\/la-arquitectura-construye-el-futuro#article\",\"isPartOf\":{\"@id\":\"https:\\\/\\\/sha.de\\\/es\\\/news\\\/la-arquitectura-construye-el-futuro\"},\"author\":{\"name\":\"Judith Weitzel\",\"@id\":\"https:\\\/\\\/sha.de\\\/es#\\\/schema\\\/person\\\/6d5fd32d5aa7872f1f9191b7244552c9\"},\"headline\":\"\u00ab\u00a1La arquitectura construye el futuro!\u00bb\",\"datePublished\":\"2022-05-12T14:16:25+00:00\",\"dateModified\":\"2024-09-23T14:52:18+00:00\",\"mainEntityOfPage\":{\"@id\":\"https:\\\/\\\/sha.de\\\/es\\\/news\\\/la-arquitectura-construye-el-futuro\"},\"wordCount\":1685,\"image\":{\"@id\":\"https:\\\/\\\/sha.de\\\/es\\\/news\\\/la-arquitectura-construye-el-futuro#primaryimage\"},\"thumbnailUrl\":\"https:\\\/\\\/sha.de\\\/wp-content\\\/uploads\\\/TDA_2022_RGB-scaled.jpg\",\"keywords\":[\"Distinci\u00f3n\",\"BDA\",\"SHA\",\"Edificio de oficinas\",\"Oficina\",\"Dortmund\",\"Edificio nuevo\",\"Christoph Helbich\",\"Planta de Phoenix\",\"Edificio administrativo\",\"D\u00eda de la Arquitectura\"],\"articleSection\":[\"Dortmund\",\"Nuestro equipo\",\"Administraci\u00f3n\"],\"inLanguage\":\"es\"},{\"@type\":\"WebPage\",\"@id\":\"https:\\\/\\\/sha.de\\\/es\\\/news\\\/la-arquitectura-construye-el-futuro\",\"url\":\"https:\\\/\\\/sha.de\\\/es\\\/news\\\/la-arquitectura-construye-el-futuro\",\"name\":\"D\u00eda de la Arquitectura NRW - SHA Scheffler Helbich Architekten\",\"isPartOf\":{\"@id\":\"https:\\\/\\\/sha.de\\\/es#website\"},\"primaryImageOfPage\":{\"@id\":\"https:\\\/\\\/sha.de\\\/es\\\/news\\\/la-arquitectura-construye-el-futuro#primaryimage\"},\"image\":{\"@id\":\"https:\\\/\\\/sha.de\\\/es\\\/news\\\/la-arquitectura-construye-el-futuro#primaryimage\"},\"thumbnailUrl\":\"https:\\\/\\\/sha.de\\\/wp-content\\\/uploads\\\/TDA_2022_RGB-scaled.jpg\",\"datePublished\":\"2022-05-12T14:16:25+00:00\",\"dateModified\":\"2024-09-23T14:52:18+00:00\",\"author\":{\"@id\":\"https:\\\/\\\/sha.de\\\/es#\\\/schema\\\/person\\\/6d5fd32d5aa7872f1f9191b7244552c9\"},\"description\":\"El lema del D\u00eda de la Arquitectura 2022 es \\\"La arquitectura construye el futuro\\\". Al fin y al cabo, la planificaci\u00f3n y la construcci\u00f3n siempre se hacen con responsabilidad para las generaciones futuras.\",\"breadcrumb\":{\"@id\":\"https:\\\/\\\/sha.de\\\/es\\\/news\\\/la-arquitectura-construye-el-futuro#breadcrumb\"},\"inLanguage\":\"es\",\"potentialAction\":[{\"@type\":\"ReadAction\",\"target\":[\"https:\\\/\\\/sha.de\\\/es\\\/news\\\/la-arquitectura-construye-el-futuro\"]}]},{\"@type\":\"ImageObject\",\"inLanguage\":\"es\",\"@id\":\"https:\\\/\\\/sha.de\\\/es\\\/news\\\/la-arquitectura-construye-el-futuro#primaryimage\",\"url\":\"https:\\\/\\\/sha.de\\\/wp-content\\\/uploads\\\/TDA_2022_RGB-scaled.jpg\",\"contentUrl\":\"https:\\\/\\\/sha.de\\\/wp-content\\\/uploads\\\/TDA_2022_RGB-scaled.jpg\",\"width\":2560,\"height\":1588},{\"@type\":\"BreadcrumbList\",\"@id\":\"https:\\\/\\\/sha.de\\\/es\\\/news\\\/la-arquitectura-construye-el-futuro#breadcrumb\",\"itemListElement\":[{\"@type\":\"ListItem\",\"position\":1,\"name\":\"Startseite\",\"item\":\"https:\\\/\\\/sha.de\\\/es\"},{\"@type\":\"ListItem\",\"position\":2,\"name\":\"\u00ab\u00a1La arquitectura construye el futuro!\u00bb\"}]},{\"@type\":\"WebSite\",\"@id\":\"https:\\\/\\\/sha.de\\\/es#website\",\"url\":\"https:\\\/\\\/sha.de\\\/es\",\"name\":\"SHA Scheffler Helbich Architekten GmbH\",\"description\":\"\",\"potentialAction\":[{\"@type\":\"SearchAction\",\"target\":{\"@type\":\"EntryPoint\",\"urlTemplate\":\"https:\\\/\\\/sha.de\\\/es?s={search_term_string}\"},\"query-input\":{\"@type\":\"PropertyValueSpecification\",\"valueRequired\":true,\"valueName\":\"search_term_string\"}}],\"inLanguage\":\"es\"},{\"@type\":\"Person\",\"@id\":\"https:\\\/\\\/sha.de\\\/es#\\\/schema\\\/person\\\/6d5fd32d5aa7872f1f9191b7244552c9\",\"name\":\"Judith Weitzel\",\"image\":{\"@type\":\"ImageObject\",\"inLanguage\":\"es\",\"@id\":\"https:\\\/\\\/secure.gravatar.com\\\/avatar\\\/c7dca018fdb593c021709193ddb78dc530485d187ec667fb2a0ae6c4097c9957?s=96&d=mm&r=g\",\"url\":\"https:\\\/\\\/secure.gravatar.com\\\/avatar\\\/c7dca018fdb593c021709193ddb78dc530485d187ec667fb2a0ae6c4097c9957?s=96&d=mm&r=g\",\"contentUrl\":\"https:\\\/\\\/secure.gravatar.com\\\/avatar\\\/c7dca018fdb593c021709193ddb78dc530485d187ec667fb2a0ae6c4097c9957?s=96&d=mm&r=g\",\"caption\":\"Judith Weitzel\"}}]}<\/script>\n<!-- \/ Yoast SEO plugin. -->","yoast_head_json":{"title":"D\u00eda de la Arquitectura NRW - SHA Scheffler Helbich Architekten","description":"El lema del D\u00eda de la Arquitectura 2022 es \"La arquitectura construye el futuro\". Al fin y al cabo, la planificaci\u00f3n y la construcci\u00f3n siempre se hacen con responsabilidad para las generaciones futuras.","robots":{"index":"index","follow":"follow","max-snippet":"max-snippet:-1","max-image-preview":"max-image-preview:large","max-video-preview":"max-video-preview:-1"},"canonical":"https:\/\/sha.de\/es\/news\/la-arquitectura-construye-el-futuro","og_locale":"es_ES","og_type":"article","og_title":"D\u00eda de la Arquitectura NRW - SHA Scheffler Helbich Architekten","og_description":"El lema del D\u00eda de la Arquitectura 2022 es \"La arquitectura construye el futuro\". Al fin y al cabo, la planificaci\u00f3n y la construcci\u00f3n siempre se hacen con responsabilidad para las generaciones futuras.","og_url":"https:\/\/sha.de\/es\/news\/la-arquitectura-construye-el-futuro","og_site_name":"SHA Scheffler Helbich Architekten GmbH","article_published_time":"2022-05-12T14:16:25+00:00","article_modified_time":"2024-09-23T14:52:18+00:00","og_image":[{"width":2560,"height":1588,"url":"https:\/\/sha.de\/wp-content\/uploads\/TDA_2022_RGB-scaled.jpg","type":"image\/jpeg"}],"author":"Judith Weitzel","twitter_card":"summary_large_image","twitter_misc":{"Escrito por":"Judith Weitzel","Tiempo de lectura":"10 minutos"},"schema":{"@context":"https:\/\/schema.org","@graph":[{"@type":"Article","@id":"https:\/\/sha.de\/es\/news\/la-arquitectura-construye-el-futuro#article","isPartOf":{"@id":"https:\/\/sha.de\/es\/news\/la-arquitectura-construye-el-futuro"},"author":{"name":"Judith Weitzel","@id":"https:\/\/sha.de\/es#\/schema\/person\/6d5fd32d5aa7872f1f9191b7244552c9"},"headline":"\u00ab\u00a1La arquitectura construye el futuro!\u00bb","datePublished":"2022-05-12T14:16:25+00:00","dateModified":"2024-09-23T14:52:18+00:00","mainEntityOfPage":{"@id":"https:\/\/sha.de\/es\/news\/la-arquitectura-construye-el-futuro"},"wordCount":1685,"image":{"@id":"https:\/\/sha.de\/es\/news\/la-arquitectura-construye-el-futuro#primaryimage"},"thumbnailUrl":"https:\/\/sha.de\/wp-content\/uploads\/TDA_2022_RGB-scaled.jpg","keywords":["Distinci\u00f3n","BDA","SHA","Edificio de oficinas","Oficina","Dortmund","Edificio nuevo","Christoph Helbich","Planta de Phoenix","Edificio administrativo","D\u00eda de la Arquitectura"],"articleSection":["Dortmund","Nuestro equipo","Administraci\u00f3n"],"inLanguage":"es"},{"@type":"WebPage","@id":"https:\/\/sha.de\/es\/news\/la-arquitectura-construye-el-futuro","url":"https:\/\/sha.de\/es\/news\/la-arquitectura-construye-el-futuro","name":"D\u00eda de la Arquitectura NRW - SHA Scheffler Helbich Architekten","isPartOf":{"@id":"https:\/\/sha.de\/es#website"},"primaryImageOfPage":{"@id":"https:\/\/sha.de\/es\/news\/la-arquitectura-construye-el-futuro#primaryimage"},"image":{"@id":"https:\/\/sha.de\/es\/news\/la-arquitectura-construye-el-futuro#primaryimage"},"thumbnailUrl":"https:\/\/sha.de\/wp-content\/uploads\/TDA_2022_RGB-scaled.jpg","datePublished":"2022-05-12T14:16:25+00:00","dateModified":"2024-09-23T14:52:18+00:00","author":{"@id":"https:\/\/sha.de\/es#\/schema\/person\/6d5fd32d5aa7872f1f9191b7244552c9"},"description":"El lema del D\u00eda de la Arquitectura 2022 es \"La arquitectura construye el futuro\". Al fin y al cabo, la planificaci\u00f3n y la construcci\u00f3n siempre se hacen con responsabilidad para las generaciones futuras.","breadcrumb":{"@id":"https:\/\/sha.de\/es\/news\/la-arquitectura-construye-el-futuro#breadcrumb"},"inLanguage":"es","potentialAction":[{"@type":"ReadAction","target":["https:\/\/sha.de\/es\/news\/la-arquitectura-construye-el-futuro"]}]},{"@type":"ImageObject","inLanguage":"es","@id":"https:\/\/sha.de\/es\/news\/la-arquitectura-construye-el-futuro#primaryimage","url":"https:\/\/sha.de\/wp-content\/uploads\/TDA_2022_RGB-scaled.jpg","contentUrl":"https:\/\/sha.de\/wp-content\/uploads\/TDA_2022_RGB-scaled.jpg","width":2560,"height":1588},{"@type":"BreadcrumbList","@id":"https:\/\/sha.de\/es\/news\/la-arquitectura-construye-el-futuro#breadcrumb","itemListElement":[{"@type":"ListItem","position":1,"name":"Startseite","item":"https:\/\/sha.de\/es"},{"@type":"ListItem","position":2,"name":"\u00ab\u00a1La arquitectura construye el futuro!\u00bb"}]},{"@type":"WebSite","@id":"https:\/\/sha.de\/es#website","url":"https:\/\/sha.de\/es","name":"SHA Scheffler Helbich Architekten GmbH","description":"","potentialAction":[{"@type":"SearchAction","target":{"@type":"EntryPoint","urlTemplate":"https:\/\/sha.de\/es?s={search_term_string}"},"query-input":{"@type":"PropertyValueSpecification","valueRequired":true,"valueName":"search_term_string"}}],"inLanguage":"es"},{"@type":"Person","@id":"https:\/\/sha.de\/es#\/schema\/person\/6d5fd32d5aa7872f1f9191b7244552c9","name":"Judith Weitzel","image":{"@type":"ImageObject","inLanguage":"es","@id":"https:\/\/secure.gravatar.com\/avatar\/c7dca018fdb593c021709193ddb78dc530485d187ec667fb2a0ae6c4097c9957?s=96&d=mm&r=g","url":"https:\/\/secure.gravatar.com\/avatar\/c7dca018fdb593c021709193ddb78dc530485d187ec667fb2a0ae6c4097c9957?s=96&d=mm&r=g","contentUrl":"https:\/\/secure.gravatar.com\/avatar\/c7dca018fdb593c021709193ddb78dc530485d187ec667fb2a0ae6c4097c9957?s=96&d=mm&r=g","caption":"Judith Weitzel"}}]}},"_links":{"self":[{"href":"https:\/\/sha.de\/es\/wp-json\/wp\/v2\/posts\/32628","targetHints":{"allow":["GET"]}}],"collection":[{"href":"https:\/\/sha.de\/es\/wp-json\/wp\/v2\/posts"}],"about":[{"href":"https:\/\/sha.de\/es\/wp-json\/wp\/v2\/types\/post"}],"author":[{"embeddable":true,"href":"https:\/\/sha.de\/es\/wp-json\/wp\/v2\/users\/2"}],"replies":[{"embeddable":true,"href":"https:\/\/sha.de\/es\/wp-json\/wp\/v2\/comments?post=32628"}],"version-history":[{"count":3,"href":"https:\/\/sha.de\/es\/wp-json\/wp\/v2\/posts\/32628\/revisions"}],"predecessor-version":[{"id":46596,"href":"https:\/\/sha.de\/es\/wp-json\/wp\/v2\/posts\/32628\/revisions\/46596"}],"wp:featuredmedia":[{"embeddable":true,"href":"https:\/\/sha.de\/es\/wp-json\/wp\/v2\/media\/25994"}],"wp:attachment":[{"href":"https:\/\/sha.de\/es\/wp-json\/wp\/v2\/media?parent=32628"}],"wp:term":[{"taxonomy":"category","embeddable":true,"href":"https:\/\/sha.de\/es\/wp-json\/wp\/v2\/categories?post=32628"},{"taxonomy":"post_tag","embeddable":true,"href":"https:\/\/sha.de\/es\/wp-json\/wp\/v2\/tags?post=32628"}],"curies":[{"name":"wp","href":"https:\/\/api.w.org\/{rel}","templated":true}]}}