{"id":33738,"date":"2024-05-28T16:41:51","date_gmt":"2024-05-28T14:41:51","guid":{"rendered":"https:\/\/sha.de\/aktuelles\/nuevo-centro-de-formacion-juvenil-para-el-vfl-bochum"},"modified":"2024-09-23T16:54:27","modified_gmt":"2024-09-23T14:54:27","slug":"nuevo-centro-de-formacion-juvenil-para-el-vfl-bochum","status":"publish","type":"post","link":"https:\/\/sha.de\/es\/news\/nuevo-centro-de-formacion-juvenil-para-el-vfl-bochum","title":{"rendered":"Nuevo centro de formaci\u00f3n juvenil para el VfL Bochum"},"content":{"rendered":"<div id='av_section_1' class='avia-section main_color pt-default pb-default avia-no-border-styling avia-bg-style-scroll  avia-builder-el-0  avia-builder-el-no-sibling   container_wrap fullsize' style=' '  ><div class='container' ><main  role=\"main\" itemprop=\"mainContentOfPage\"  class='template-page content  av-content-full alpha units'><div class='post-entry post-entry-type-page post-entry-33738'><div class='entry-content-wrapper clearfix'>\n\n\t\t\t<div id=\"av-q8e0eh\" class=\"headline-column flex_column av_one_full flex_column_div first \">\n\t\t\t\t<div class=\"headline-wrap is-outside align-left sub-bottom\">\n\t\t\t\t\t<h1 class=\"headline-content headline-primary\">Condiciones de entrenamiento profesionales para el f\u00fatbol juvenil profesional<\/h1>\n\t\t\t\t\t<h3 class=\"headline-content headline-secondary\">SHA desarrolla opciones de ejecuci\u00f3n para un nuevo centro de desarrollo juvenil para el club de f\u00fatbol de la Bundesliga VfL Bochum<\/h3>\n\t\t\t\t<\/div>\n\t\t\t<\/div>\n<div class=\"flex_column av_one_full  flex_column_div av-zero-column-padding first bg-default   img-left   avia-builder-el-2  el_after_pixel_sc_headline  el_before_av_one_third  \"><div  class='avia-image-container  av-styling-    avia-builder-el-3  avia-builder-el-no-sibling  avia-align-center'  itemprop=\"image\" itemscope=\"itemscope\" itemtype=\"https:\/\/schema.org\/ImageObject\"  ><div class='avia-image-container-inner'><div class='avia-image-overlay-wrap'><img class='avia_image' src='https:\/\/sha.de\/wp-content\/uploads\/240419_VfL_Bochum_Talentwerk_03-scaled.jpg' alt='' title='VfL Bochum Talentwerk Visualisierung | SHA Scheffler Helbich Architekten' height=\"1440\" width=\"2560\"  itemprop=\"thumbnailUrl\"  \/><\/div><\/div><\/div><\/div><div class=\"flex_column av_one_third  flex_column_div av-zero-column-padding first bg-default   img-left   avia-builder-el-4  el_after_av_one_full  el_before_av_one_third  column-top-margin\"><section  class='av_textblock_section av-lwj3gqby-ff46cec6744d5f23829e84444b6992f4 '   itemscope=\"itemscope\" itemtype=\"https:\/\/schema.org\/BlogPosting\" itemprop=\"blogPost\" ><div class='avia_textblock'  itemprop=\"text\" ><p>\u00a1Enhorabuena al VfL Bochum por su permanencia en primera divisi\u00f3n! Tras una magn\u00edfica remontada anoche, el VfL Bochum se asegur\u00f3 su plaza en la eliminatoria de descenso contra el Fortuna D\u00fcsseldorf y, por tanto, seguir\u00e1 jugando en la Bundesliga la pr\u00f3xima temporada. Nos alegramos de que el Bochum se haya mantenido en la liga y estamos orgullosos de apoyar al VfL en futuros proyectos de construcci\u00f3n para que siga cosechando \u00e9xitos deportivos.<\/p>\n<h2>Nuevo centro de actuaci\u00f3n juvenil<\/h2>\n<p>En la Hiltroper Stra\u00dfe se construir\u00e1 un nuevo centro de entrenamiento juvenil para los equipos masculino y femenino del VfL Bochum, que incluir\u00e1 varios campos de hierba natural, gradas y otras medidas de construcci\u00f3n. Para seguir adelante con la planificaci\u00f3n, nuestro equipo trabaja actualmente en varias opciones de implantaci\u00f3n para complementar las instalaciones de entrenamiento existentes al sur de la Hiltroper Stra\u00dfe.<\/p>\n<\/div><\/section><\/div><div class=\"flex_column av_one_third  flex_column_div av-zero-column-padding  bg-default   img-left   avia-builder-el-6  el_after_av_one_third  el_before_av_one_third  column-top-margin\"><section  class='av_textblock_section av-lw987txk-2de98ed74f24666b7826ab0580eabb3e '   itemscope=\"itemscope\" itemtype=\"https:\/\/schema.org\/BlogPosting\" itemprop=\"blogPost\" ><div class='avia_textblock'  itemprop=\"text\" ><h2>Diversas medidas de aplicaci\u00f3n previstas<\/h2>\n<p>El actual centro de talentos de la VfL se ampliar\u00e1 para que los j\u00f3venes jugadores y otros empleados del club tengan acceso a salas de entrenamiento y alojamiento, adem\u00e1s de caba\u00f1as y zonas de recreo. Las plazas de aparcamiento existentes tambi\u00e9n se ampliar\u00e1n en consonancia con las mayores necesidades de plazas de aparcamiento. Los campos de c\u00e9sped natural al norte de la Hiltroper Stra\u00dfe complementan los campos de f\u00fatbol existentes al sur. La maquinaria y el equipo necesarios para el mantenimiento del c\u00e9sped pueden acomodarse en un nuevo edificio de jardiner\u00eda que se levantar\u00e1 en las inmediaciones de los campos deportivos. Los campos de f\u00fatbol nuevos y existentes se complementar\u00e1n con un total de tres gradas cubiertas, que permitir\u00e1n a los espectadores asistir a los entrenamientos y competiciones protegidos de las inclemencias del tiempo.<\/p>\n<\/div><\/section><\/div><div class=\"flex_column av_one_third  flex_column_div av-zero-column-padding  bg-default   img-left   avia-builder-el-8  el_after_av_one_third  el_before_av_hr  column-top-margin\"><section  class='av_textblock_section av-lwj7nioy-b3e13266b089e71f0e87d9993c4d6713 '   itemscope=\"itemscope\" itemtype=\"https:\/\/schema.org\/BlogPosting\" itemprop=\"blogPost\" ><div class='avia_textblock'  itemprop=\"text\" ><h2>Centro de rendimiento para ni\u00f1os y ni\u00f1as<\/h2>\n<p>El nuevo centro de entrenamiento juvenil que se construir\u00e1 en la Hiltroper Stra\u00dfe ofrecer\u00e1 a los j\u00f3venes jugadores las mejores condiciones para desarrollar sus habilidades futbol\u00edsticas a nivel profesional.<\/p>\n<\/div><\/section><\/div><div  class='hr av-ri69yp-ec568a8857f338ebce9ae90541c7c59e hr-default  avia-builder-el-10  el_after_av_one_third  el_before_pixel_sc_slickgallery '><span class='hr-inner '><span class=\"hr-inner-style\"><\/span><\/span><\/div>\n<div class=\"slickgallery no-nav\">\n\t<div class=\"pixel-slide-wrap\">\n\t\t<div class=\"pixel-slide\" style=\"display: block; width: 100%; float: left;\">\n\t\t\t\t\n\t\t\t\t\t\t\t\t\t\t\t\t\t\n\t\t\t\t\t<div class=\"pixel-slide__image-wrap slide-1\">\n\t\t\t\t\t\t\t<div class=\"pixel-slide__image \"><a href=\"https:\/\/sha.de\/wp-content\/uploads\/240419_VfL_Bochum_Talentwerk_03-1280x720.jpg\" rel=\"lightbox\"><img decoding=\"async\" src=\"https:\/\/sha.de\/wp-content\/uploads\/240419_VfL_Bochum_Talentwerk_03-706x368.jpg\" alt=\"VfL Bochum Talentwerk Visualisierung | SHA Scheffler Helbich Architekten\" title=\"VfL Bochum Talentwerk Visualisierung | SHA Scheffler Helbich Architekten\"><\/a><\/div>\n\t\t\t\t\t<\/div>\n\t\t\t\t\n\t\t\t\t\t\t\t\t\t\t\t\t\t\n\t\t\t\t\t<div class=\"pixel-slide__image-wrap slide-2\">\n\t\t\t\t\t\t\t<div class=\"pixel-slide__image \"><a href=\"https:\/\/sha.de\/wp-content\/uploads\/3_VAR1-850x850.png\" rel=\"lightbox\"><img decoding=\"async\" src=\"https:\/\/sha.de\/wp-content\/uploads\/3_VAR1-706x368.png\" alt=\"VfL Bochum Nachwuchsleistungszentrum Variante 1 | SHA Scheffler Helbich Architekten\" title=\"VfL Bochum Nachwuchsleistungszentrum Variante 1 | SHA Scheffler Helbich Architekten\"><\/a><\/div>\n\t\t\t\t\t<\/div>\n\t\t\t\t\n\t\t\t\t\t\t\t\t\t\t\t\t\t\n\t\t\t\t\t<div class=\"pixel-slide__image-wrap slide-3\">\n\t\t\t\t\t\t\t<div class=\"pixel-slide__image \"><a href=\"https:\/\/sha.de\/wp-content\/uploads\/4_VAR2-850x850.png\" rel=\"lightbox\"><img decoding=\"async\" src=\"https:\/\/sha.de\/wp-content\/uploads\/4_VAR2-706x368.png\" alt=\"VfL Bochum Nachwuchsleistungszentrum Variante 2 | SHA Scheffler Helbich Architekten\" title=\"VfL Bochum Nachwuchsleistungszentrum Variante 2 | SHA Scheffler Helbich Architekten\"><\/a><\/div>\n\t\t\t\t\t<\/div>\n\t\t\t\t\t\t<\/div>\n\t<\/div>\n<\/div>\n\n\n","protected":false},"excerpt":{"rendered":"<p>Se construir\u00e1 un nuevo centro de entrenamiento juvenil para el VfL Bochum en la Hiltroper Stra\u00dfe, que incluir\u00e1 varios campos de hierba natural, gradas y otras medidas de construcci\u00f3n.<\/p>\n","protected":false},"author":4,"featured_media":28814,"comment_status":"closed","ping_status":"closed","sticky":false,"template":"","format":"standard","meta":{"_acf_changed":false,"content-type":"","footnotes":""},"categories":[900],"tags":[1263,1264,1265,1074,1262],"class_list":["post-33738","post","type-post","status-publish","format-standard","has-post-thumbnail","hentry","category-instalaciones-deportivas","tag-instalaciones-deportivas","tag-centro-de-formacion","tag-futbol","tag-edificio-nuevo","tag-deporte"],"acf":[],"yoast_head":"<!-- This site is optimized with the Yoast SEO plugin v27.4 - https:\/\/yoast.com\/product\/yoast-seo-wordpress\/ -->\n<title>Centro de formaci\u00f3n juvenil del VfL Bochum | SHA Scheffler Helbich Architekten<\/title>\n<meta name=\"description\" content=\"Se construir\u00e1 un nuevo centro de entrenamiento juvenil para el VfL Bochum en la Hiltroper Stra\u00dfe, que incluir\u00e1 varios campos de hierba natural, gradas y otras medidas de construcci\u00f3n.\" \/>\n<meta name=\"robots\" content=\"index, follow, max-snippet:-1, max-image-preview:large, max-video-preview:-1\" \/>\n<link rel=\"canonical\" href=\"https:\/\/sha.de\/es\/news\/nuevo-centro-de-formacion-juvenil-para-el-vfl-bochum\" \/>\n<meta property=\"og:locale\" content=\"es_ES\" \/>\n<meta property=\"og:type\" content=\"article\" \/>\n<meta property=\"og:title\" content=\"Centro de formaci\u00f3n juvenil del VfL Bochum | SHA Scheffler Helbich Architekten\" \/>\n<meta property=\"og:description\" content=\"Se construir\u00e1 un nuevo centro de entrenamiento juvenil para el VfL Bochum en la Hiltroper Stra\u00dfe, que incluir\u00e1 varios campos de hierba natural, gradas y otras medidas de construcci\u00f3n.\" \/>\n<meta property=\"og:url\" content=\"https:\/\/sha.de\/es\/news\/nuevo-centro-de-formacion-juvenil-para-el-vfl-bochum\" \/>\n<meta property=\"og:site_name\" content=\"SHA Scheffler Helbich Architekten GmbH\" \/>\n<meta property=\"article:published_time\" content=\"2024-05-28T14:41:51+00:00\" \/>\n<meta property=\"article:modified_time\" content=\"2024-09-23T14:54:27+00:00\" \/>\n<meta property=\"og:image\" content=\"https:\/\/sha.de\/wp-content\/uploads\/240419_VfL_Bochum_Talentwerk_03-1030x579.jpg\" \/>\n\t<meta property=\"og:image:width\" content=\"1030\" \/>\n\t<meta property=\"og:image:height\" content=\"579\" \/>\n\t<meta property=\"og:image:type\" content=\"image\/jpeg\" \/>\n<meta name=\"author\" content=\"Max Frittgen\" \/>\n<meta name=\"twitter:card\" content=\"summary_large_image\" \/>\n<meta name=\"twitter:label1\" content=\"Escrito por\" \/>\n\t<meta name=\"twitter:data1\" content=\"Max Frittgen\" \/>\n\t<meta name=\"twitter:label2\" content=\"Tiempo de lectura\" \/>\n\t<meta name=\"twitter:data2\" content=\"8 minutos\" \/>\n<script type=\"application\/ld+json\" class=\"yoast-schema-graph\">{\"@context\":\"https:\\\/\\\/schema.org\",\"@graph\":[{\"@type\":\"Article\",\"@id\":\"https:\\\/\\\/sha.de\\\/es\\\/news\\\/nuevo-centro-de-formacion-juvenil-para-el-vfl-bochum#article\",\"isPartOf\":{\"@id\":\"https:\\\/\\\/sha.de\\\/es\\\/news\\\/nuevo-centro-de-formacion-juvenil-para-el-vfl-bochum\"},\"author\":{\"name\":\"Max Frittgen\",\"@id\":\"https:\\\/\\\/sha.de\\\/es#\\\/schema\\\/person\\\/e5274be999acaa73cf6ce0a26902e296\"},\"headline\":\"Nuevo centro de formaci\u00f3n juvenil para el VfL Bochum\",\"datePublished\":\"2024-05-28T14:41:51+00:00\",\"dateModified\":\"2024-09-23T14:54:27+00:00\",\"mainEntityOfPage\":{\"@id\":\"https:\\\/\\\/sha.de\\\/es\\\/news\\\/nuevo-centro-de-formacion-juvenil-para-el-vfl-bochum\"},\"wordCount\":1248,\"image\":{\"@id\":\"https:\\\/\\\/sha.de\\\/es\\\/news\\\/nuevo-centro-de-formacion-juvenil-para-el-vfl-bochum#primaryimage\"},\"thumbnailUrl\":\"https:\\\/\\\/sha.de\\\/wp-content\\\/uploads\\\/240419_VfL_Bochum_Talentwerk_03-scaled.jpg\",\"keywords\":[\"Instalaciones deportivas\",\"Centro de formaci\u00f3n\",\"F\u00fatbol\",\"Edificio nuevo\",\"Deporte\"],\"articleSection\":[\"Instalaciones deportivas\"],\"inLanguage\":\"es\"},{\"@type\":\"WebPage\",\"@id\":\"https:\\\/\\\/sha.de\\\/es\\\/news\\\/nuevo-centro-de-formacion-juvenil-para-el-vfl-bochum\",\"url\":\"https:\\\/\\\/sha.de\\\/es\\\/news\\\/nuevo-centro-de-formacion-juvenil-para-el-vfl-bochum\",\"name\":\"Centro de formaci\u00f3n juvenil del VfL Bochum | SHA Scheffler Helbich Architekten\",\"isPartOf\":{\"@id\":\"https:\\\/\\\/sha.de\\\/es#website\"},\"primaryImageOfPage\":{\"@id\":\"https:\\\/\\\/sha.de\\\/es\\\/news\\\/nuevo-centro-de-formacion-juvenil-para-el-vfl-bochum#primaryimage\"},\"image\":{\"@id\":\"https:\\\/\\\/sha.de\\\/es\\\/news\\\/nuevo-centro-de-formacion-juvenil-para-el-vfl-bochum#primaryimage\"},\"thumbnailUrl\":\"https:\\\/\\\/sha.de\\\/wp-content\\\/uploads\\\/240419_VfL_Bochum_Talentwerk_03-scaled.jpg\",\"datePublished\":\"2024-05-28T14:41:51+00:00\",\"dateModified\":\"2024-09-23T14:54:27+00:00\",\"author\":{\"@id\":\"https:\\\/\\\/sha.de\\\/es#\\\/schema\\\/person\\\/e5274be999acaa73cf6ce0a26902e296\"},\"description\":\"Se construir\u00e1 un nuevo centro de entrenamiento juvenil para el VfL Bochum en la Hiltroper Stra\u00dfe, que incluir\u00e1 varios campos de hierba natural, gradas y otras medidas de construcci\u00f3n.\",\"breadcrumb\":{\"@id\":\"https:\\\/\\\/sha.de\\\/es\\\/news\\\/nuevo-centro-de-formacion-juvenil-para-el-vfl-bochum#breadcrumb\"},\"inLanguage\":\"es\",\"potentialAction\":[{\"@type\":\"ReadAction\",\"target\":[\"https:\\\/\\\/sha.de\\\/es\\\/news\\\/nuevo-centro-de-formacion-juvenil-para-el-vfl-bochum\"]}]},{\"@type\":\"ImageObject\",\"inLanguage\":\"es\",\"@id\":\"https:\\\/\\\/sha.de\\\/es\\\/news\\\/nuevo-centro-de-formacion-juvenil-para-el-vfl-bochum#primaryimage\",\"url\":\"https:\\\/\\\/sha.de\\\/wp-content\\\/uploads\\\/240419_VfL_Bochum_Talentwerk_03-scaled.jpg\",\"contentUrl\":\"https:\\\/\\\/sha.de\\\/wp-content\\\/uploads\\\/240419_VfL_Bochum_Talentwerk_03-scaled.jpg\",\"width\":2560,\"height\":1440},{\"@type\":\"BreadcrumbList\",\"@id\":\"https:\\\/\\\/sha.de\\\/es\\\/news\\\/nuevo-centro-de-formacion-juvenil-para-el-vfl-bochum#breadcrumb\",\"itemListElement\":[{\"@type\":\"ListItem\",\"position\":1,\"name\":\"Startseite\",\"item\":\"https:\\\/\\\/sha.de\\\/es\"},{\"@type\":\"ListItem\",\"position\":2,\"name\":\"Nuevo centro de formaci\u00f3n juvenil para el VfL Bochum\"}]},{\"@type\":\"WebSite\",\"@id\":\"https:\\\/\\\/sha.de\\\/es#website\",\"url\":\"https:\\\/\\\/sha.de\\\/es\",\"name\":\"SHA Scheffler Helbich Architekten GmbH\",\"description\":\"\",\"potentialAction\":[{\"@type\":\"SearchAction\",\"target\":{\"@type\":\"EntryPoint\",\"urlTemplate\":\"https:\\\/\\\/sha.de\\\/es?s={search_term_string}\"},\"query-input\":{\"@type\":\"PropertyValueSpecification\",\"valueRequired\":true,\"valueName\":\"search_term_string\"}}],\"inLanguage\":\"es\"},{\"@type\":\"Person\",\"@id\":\"https:\\\/\\\/sha.de\\\/es#\\\/schema\\\/person\\\/e5274be999acaa73cf6ce0a26902e296\",\"name\":\"Max Frittgen\",\"image\":{\"@type\":\"ImageObject\",\"inLanguage\":\"es\",\"@id\":\"https:\\\/\\\/secure.gravatar.com\\\/avatar\\\/2412b8cfc9e1dc689e55df7d19e72589baa82cf33ed35837abe3925140890a8a?s=96&d=mm&r=g\",\"url\":\"https:\\\/\\\/secure.gravatar.com\\\/avatar\\\/2412b8cfc9e1dc689e55df7d19e72589baa82cf33ed35837abe3925140890a8a?s=96&d=mm&r=g\",\"contentUrl\":\"https:\\\/\\\/secure.gravatar.com\\\/avatar\\\/2412b8cfc9e1dc689e55df7d19e72589baa82cf33ed35837abe3925140890a8a?s=96&d=mm&r=g\",\"caption\":\"Max Frittgen\"},\"sameAs\":[\"http:\\\/\\\/www.sha.de\"]}]}<\/script>\n<!-- \/ Yoast SEO plugin. -->","yoast_head_json":{"title":"Centro de formaci\u00f3n juvenil del VfL Bochum | SHA Scheffler Helbich Architekten","description":"Se construir\u00e1 un nuevo centro de entrenamiento juvenil para el VfL Bochum en la Hiltroper Stra\u00dfe, que incluir\u00e1 varios campos de hierba natural, gradas y otras medidas de construcci\u00f3n.","robots":{"index":"index","follow":"follow","max-snippet":"max-snippet:-1","max-image-preview":"max-image-preview:large","max-video-preview":"max-video-preview:-1"},"canonical":"https:\/\/sha.de\/es\/news\/nuevo-centro-de-formacion-juvenil-para-el-vfl-bochum","og_locale":"es_ES","og_type":"article","og_title":"Centro de formaci\u00f3n juvenil del VfL Bochum | SHA Scheffler Helbich Architekten","og_description":"Se construir\u00e1 un nuevo centro de entrenamiento juvenil para el VfL Bochum en la Hiltroper Stra\u00dfe, que incluir\u00e1 varios campos de hierba natural, gradas y otras medidas de construcci\u00f3n.","og_url":"https:\/\/sha.de\/es\/news\/nuevo-centro-de-formacion-juvenil-para-el-vfl-bochum","og_site_name":"SHA Scheffler Helbich Architekten GmbH","article_published_time":"2024-05-28T14:41:51+00:00","article_modified_time":"2024-09-23T14:54:27+00:00","og_image":[{"width":1030,"height":579,"url":"https:\/\/sha.de\/wp-content\/uploads\/240419_VfL_Bochum_Talentwerk_03-1030x579.jpg","type":"image\/jpeg"}],"author":"Max Frittgen","twitter_card":"summary_large_image","twitter_misc":{"Escrito por":"Max Frittgen","Tiempo de lectura":"8 minutos"},"schema":{"@context":"https:\/\/schema.org","@graph":[{"@type":"Article","@id":"https:\/\/sha.de\/es\/news\/nuevo-centro-de-formacion-juvenil-para-el-vfl-bochum#article","isPartOf":{"@id":"https:\/\/sha.de\/es\/news\/nuevo-centro-de-formacion-juvenil-para-el-vfl-bochum"},"author":{"name":"Max Frittgen","@id":"https:\/\/sha.de\/es#\/schema\/person\/e5274be999acaa73cf6ce0a26902e296"},"headline":"Nuevo centro de formaci\u00f3n juvenil para el VfL Bochum","datePublished":"2024-05-28T14:41:51+00:00","dateModified":"2024-09-23T14:54:27+00:00","mainEntityOfPage":{"@id":"https:\/\/sha.de\/es\/news\/nuevo-centro-de-formacion-juvenil-para-el-vfl-bochum"},"wordCount":1248,"image":{"@id":"https:\/\/sha.de\/es\/news\/nuevo-centro-de-formacion-juvenil-para-el-vfl-bochum#primaryimage"},"thumbnailUrl":"https:\/\/sha.de\/wp-content\/uploads\/240419_VfL_Bochum_Talentwerk_03-scaled.jpg","keywords":["Instalaciones deportivas","Centro de formaci\u00f3n","F\u00fatbol","Edificio nuevo","Deporte"],"articleSection":["Instalaciones deportivas"],"inLanguage":"es"},{"@type":"WebPage","@id":"https:\/\/sha.de\/es\/news\/nuevo-centro-de-formacion-juvenil-para-el-vfl-bochum","url":"https:\/\/sha.de\/es\/news\/nuevo-centro-de-formacion-juvenil-para-el-vfl-bochum","name":"Centro de formaci\u00f3n juvenil del VfL Bochum | SHA Scheffler Helbich Architekten","isPartOf":{"@id":"https:\/\/sha.de\/es#website"},"primaryImageOfPage":{"@id":"https:\/\/sha.de\/es\/news\/nuevo-centro-de-formacion-juvenil-para-el-vfl-bochum#primaryimage"},"image":{"@id":"https:\/\/sha.de\/es\/news\/nuevo-centro-de-formacion-juvenil-para-el-vfl-bochum#primaryimage"},"thumbnailUrl":"https:\/\/sha.de\/wp-content\/uploads\/240419_VfL_Bochum_Talentwerk_03-scaled.jpg","datePublished":"2024-05-28T14:41:51+00:00","dateModified":"2024-09-23T14:54:27+00:00","author":{"@id":"https:\/\/sha.de\/es#\/schema\/person\/e5274be999acaa73cf6ce0a26902e296"},"description":"Se construir\u00e1 un nuevo centro de entrenamiento juvenil para el VfL Bochum en la Hiltroper Stra\u00dfe, que incluir\u00e1 varios campos de hierba natural, gradas y otras medidas de construcci\u00f3n.","breadcrumb":{"@id":"https:\/\/sha.de\/es\/news\/nuevo-centro-de-formacion-juvenil-para-el-vfl-bochum#breadcrumb"},"inLanguage":"es","potentialAction":[{"@type":"ReadAction","target":["https:\/\/sha.de\/es\/news\/nuevo-centro-de-formacion-juvenil-para-el-vfl-bochum"]}]},{"@type":"ImageObject","inLanguage":"es","@id":"https:\/\/sha.de\/es\/news\/nuevo-centro-de-formacion-juvenil-para-el-vfl-bochum#primaryimage","url":"https:\/\/sha.de\/wp-content\/uploads\/240419_VfL_Bochum_Talentwerk_03-scaled.jpg","contentUrl":"https:\/\/sha.de\/wp-content\/uploads\/240419_VfL_Bochum_Talentwerk_03-scaled.jpg","width":2560,"height":1440},{"@type":"BreadcrumbList","@id":"https:\/\/sha.de\/es\/news\/nuevo-centro-de-formacion-juvenil-para-el-vfl-bochum#breadcrumb","itemListElement":[{"@type":"ListItem","position":1,"name":"Startseite","item":"https:\/\/sha.de\/es"},{"@type":"ListItem","position":2,"name":"Nuevo centro de formaci\u00f3n juvenil para el VfL Bochum"}]},{"@type":"WebSite","@id":"https:\/\/sha.de\/es#website","url":"https:\/\/sha.de\/es","name":"SHA Scheffler Helbich Architekten GmbH","description":"","potentialAction":[{"@type":"SearchAction","target":{"@type":"EntryPoint","urlTemplate":"https:\/\/sha.de\/es?s={search_term_string}"},"query-input":{"@type":"PropertyValueSpecification","valueRequired":true,"valueName":"search_term_string"}}],"inLanguage":"es"},{"@type":"Person","@id":"https:\/\/sha.de\/es#\/schema\/person\/e5274be999acaa73cf6ce0a26902e296","name":"Max Frittgen","image":{"@type":"ImageObject","inLanguage":"es","@id":"https:\/\/secure.gravatar.com\/avatar\/2412b8cfc9e1dc689e55df7d19e72589baa82cf33ed35837abe3925140890a8a?s=96&d=mm&r=g","url":"https:\/\/secure.gravatar.com\/avatar\/2412b8cfc9e1dc689e55df7d19e72589baa82cf33ed35837abe3925140890a8a?s=96&d=mm&r=g","contentUrl":"https:\/\/secure.gravatar.com\/avatar\/2412b8cfc9e1dc689e55df7d19e72589baa82cf33ed35837abe3925140890a8a?s=96&d=mm&r=g","caption":"Max Frittgen"},"sameAs":["http:\/\/www.sha.de"]}]}},"_links":{"self":[{"href":"https:\/\/sha.de\/es\/wp-json\/wp\/v2\/posts\/33738","targetHints":{"allow":["GET"]}}],"collection":[{"href":"https:\/\/sha.de\/es\/wp-json\/wp\/v2\/posts"}],"about":[{"href":"https:\/\/sha.de\/es\/wp-json\/wp\/v2\/types\/post"}],"author":[{"embeddable":true,"href":"https:\/\/sha.de\/es\/wp-json\/wp\/v2\/users\/4"}],"replies":[{"embeddable":true,"href":"https:\/\/sha.de\/es\/wp-json\/wp\/v2\/comments?post=33738"}],"version-history":[{"count":21,"href":"https:\/\/sha.de\/es\/wp-json\/wp\/v2\/posts\/33738\/revisions"}],"predecessor-version":[{"id":47616,"href":"https:\/\/sha.de\/es\/wp-json\/wp\/v2\/posts\/33738\/revisions\/47616"}],"wp:featuredmedia":[{"embeddable":true,"href":"https:\/\/sha.de\/es\/wp-json\/wp\/v2\/media\/28814"}],"wp:attachment":[{"href":"https:\/\/sha.de\/es\/wp-json\/wp\/v2\/media?parent=33738"}],"wp:term":[{"taxonomy":"category","embeddable":true,"href":"https:\/\/sha.de\/es\/wp-json\/wp\/v2\/categories?post=33738"},{"taxonomy":"post_tag","embeddable":true,"href":"https:\/\/sha.de\/es\/wp-json\/wp\/v2\/tags?post=33738"}],"curies":[{"name":"wp","href":"https:\/\/api.w.org\/{rel}","templated":true}]}}