{"id":34810,"date":"2021-08-02T11:02:47","date_gmt":"2021-08-02T09:02:47","guid":{"rendered":"https:\/\/sha.de\/aktuelles\/lensing-media-port-esta-previsto"},"modified":"2024-09-23T16:56:46","modified_gmt":"2024-09-23T14:56:46","slug":"lensing-media-port-esta-previsto","status":"publish","type":"post","link":"https:\/\/sha.de\/es\/news\/lensing-media-port-esta-previsto","title":{"rendered":"Lensing Media Port: Est\u00e1 previsto"},"content":{"rendered":"<div id='av_section_1' class='avia-section main_color pt-default pb-default avia-no-border-styling avia-bg-style-scroll  avia-builder-el-0  avia-builder-el-no-sibling   container_wrap fullsize' style=' '  ><div class='container' ><main  role=\"main\" itemprop=\"mainContentOfPage\"  class='template-page content  av-content-full alpha units'><div class='post-entry post-entry-type-page post-entry-34810'><div class='entry-content-wrapper clearfix'>\n\n\t\t\t<div id=\"av-k1hoeuzj\" class=\"headline-column flex_column av_one_full flex_column_div first \">\n\t\t\t\t<div class=\"headline-wrap is-outside align-left sub-bottom\">\n\t\t\t\t\t<h1 class=\"headline-content headline-primary\">Lensing Media Port: Est\u00e1 previsto<\/h1>\n\t\t\t\t\t<h3 class=\"headline-content headline-secondary\">Conversi\u00f3n y ampliaci\u00f3n de un antiguo edificio de almac\u00e9n<\/h3>\n\t\t\t\t<\/div>\n\t\t\t<\/div>\n<div class=\"flex_column av_one_third  flex_column_div av-zero-column-padding first bg-default      avia-builder-el-2  el_after_pixel_sc_headline  el_before_av_one_third  \"><section  class='av_textblock_section av-k5pfdfmq-bf9f728196d08b938986bebe94172dc4 '   itemscope=\"itemscope\" itemtype=\"https:\/\/schema.org\/BlogPosting\" itemprop=\"blogPost\" ><div class='avia_textblock'  itemprop=\"text\" ><div id=\"js_4uv\" class=\"_5pbx userContent _3576\" data-testid=\"post_message\" data-ft=\"{\">\n<p>Algo est\u00e1 ocurriendo en el puerto de Dortmund: el antiguo edificio de almacenes de la Speicherstrasse 2 se convertir\u00e1 pronto en el \u00abLensing Media Port\u00bb. La demolici\u00f3n de una antigua ampliaci\u00f3n de dos plantas comenz\u00f3 la semana pasada. Ya se ha presentado la solicitud de construcci\u00f3n para la reconversi\u00f3n propiamente dicha y se espera obtener el permiso de obras de la ciudad de Dortmund en oto\u00f1o.<\/p>\n<p>El nuevo concepto de utilizaci\u00f3n del Puerto Lensing Media como \u00abbarrio de la puesta en marcha y del conocimiento\u00bb prev\u00e9 sectores e instalaciones relacionados con los servicios y la educaci\u00f3n, as\u00ed como una apertura de la zona a las zonas residenciales vecinas y al p\u00fablico en general. Las rampas de los lados norte y sur y la fachada del edificio se mantendr\u00e1n. Se trata de un recordatorio permanente de la historia del edificio como almac\u00e9n.<\/p>\n<p>El edificio se ampliar\u00e1 una planta y se construir\u00e1 una nueva escalera principal en el lado sur.<\/p>\n<\/div>\n<\/div><\/section><\/div><div class=\"flex_column av_one_third  flex_column_div av-zero-column-padding        avia-builder-el-4  el_after_av_one_third  el_before_av_one_third  \"><section  class='av_textblock_section av-10u9i-9a2ecfd24fedc7bfccfd03553a8e4033 '   itemscope=\"itemscope\" itemtype=\"https:\/\/schema.org\/BlogPosting\" itemprop=\"blogPost\" ><div class='avia_textblock'  itemprop=\"text\" ><p>Habr\u00e1 una ampliaci\u00f3n acristalada en el lado este; tambi\u00e9n habr\u00e1 aqu\u00ed una gran escalera abierta, que proporcionar\u00e1 asientos en el espacio p\u00fablico y garantizar\u00e1 un ambiente animado. La proximidad inmediata al agua le invita a pasear.<\/p>\n<p>Una vez terminado, oficinas y salas de conferencias, agencias digitales, restaurantes y mucho m\u00e1s llenar\u00e1n de nueva vida el antiguo edificio de almacenes del puerto de Dortmund en unos 7.600 m\u00b2 de superficie \u00fatil. La Speicherstrasse se convertir\u00e1 as\u00ed en un nuevo barrio digital, creativo y urbano que se nutre del intercambio y la colaboraci\u00f3n.<\/p>\n<p>El Puerto Lensing Media ser\u00e1 un bloque central de construcci\u00f3n en el barrio redise\u00f1ado, en el que actualmente se est\u00e1n produciendo muchos cambios. Es una de las denominadas Zonas Urbanas Inteligentes y forma parte de la <a href=\"https:\/\/dortmund-nordwaerts.de\/\" target=\"_blank\" rel=\"noopener nofollow\">iniciativa \u00abhacia el norte\u00bb<\/a>, que pretende centrarse en los puntos fuertes de los distritos septentrionales de Dortmund.<\/p>\n<\/div><\/section><\/div><div class=\"flex_column av_one_third  flex_column_div av-zero-column-padding        avia-builder-el-6  el_after_av_one_third  el_before_av_one_full  \"><div  class='av_gmaps_sc_main_wrap av_gmaps_main_wrap '><div id='av_gmap_0' class='avia-google-map-container av_gmaps_show_delayed avia-google-map-sc  av-no-fallback-img ' data-mapid='av_gmap_0'  style='height: 400px;'><a class=\"av_gmaps_browser_disabled av_text_confirm_link av_text_confirm_link_visible\" href=\"https:\/\/www.google.com\/maps\/search\/?api=1&#038;query=Speicherstra\u00dfe%202%20%20Dortmund\" target=\"_blank\">Maps were disabled by the visitor on this site. Click to open the map in a new window.<\/a><a class=\"av_text_confirm_link brlbs-unblock-google-maps-enfold\" style=\"display:none\"><\/a> <div class=\"brlbs-cmpnt-container brlbs-cmpnt-content-blocker brlbs-cmpnt-with-individual-styles\" data-borlabs-cookie-content-blocker-id=\"google-maps-enfold\" data-borlabs-cookie-content=\"PGRpdiAgY2xhc3M9J2F2X2dtYXBzX3NjX21haW5fd3JhcCBhdl9nbWFwc19tYWluX3dyYXAgJz48ZGl2IGlkPSdhdl9nbWFwXzAnIGNsYXNzPSdhdmlhLWdvb2dsZS1tYXAtY29udGFpbmVyIGF2X2dtYXBzX3Nob3dfZGVsYXllZCBhdmlhLWdvb2dsZS1tYXAtc2MgIGF2LW5vLWZhbGxiYWNrLWltZyAnIGRhdGEtbWFwaWQ9J2F2X2dtYXBfMCcgIHN0eWxlPSdoZWlnaHQ6IDQwMHB4Oyc+PGEgY2xhc3M9ImF2X2dtYXBzX2Jyb3dzZXJfZGlzYWJsZWQgYXZfdGV4dF9jb25maXJtX2xpbmsgYXZfdGV4dF9jb25maXJtX2xpbmtfdmlzaWJsZSIgaHJlZj0iaHR0cHM6Ly93d3cuZ29vZ2xlLmNvbS9tYXBzL3NlYXJjaC8\/YXBpPTEmIzAzODtxdWVyeT1TcGVpY2hlcnN0cmHDn2UlMjAyJTIwJTIwRG9ydG11bmQiIHRhcmdldD0iX2JsYW5rIj5NYXBzIHdlcmUgZGlzYWJsZWQgYnkgdGhlIHZpc2l0b3Igb24gdGhpcyBzaXRlLiBDbGljayB0byBvcGVuIHRoZSBtYXAgaW4gYSBuZXcgd2luZG93LjwvYT48L2Rpdj48L2Rpdj4=\"><div class=\"brlbs-cmpnt-cb-preset-b brlbs-cmpnt-cb-google-maps-enfold\"> <div class=\"brlbs-cmpnt-cb-thumbnail\" style=\"background-image: url('https:\/\/sha.de\/wp-content\/uploads\/borlabs-cookie\/1\/brlbs-cb-google-maps-main.png')\"><\/div> <div class=\"brlbs-cmpnt-cb-main\"> <div class=\"brlbs-cmpnt-cb-content\"> <p class=\"brlbs-cmpnt-cb-description\">Est\u00e1s viendo un contenido de marcador de posici\u00f3n de <strong>Google Maps<\/strong>. Para acceder al contenido real, haz clic en el siguiente bot\u00f3n. Ten en cuenta que al hacerlo compartir\u00e1s datos con terceros proveedores.<\/p> <a class=\"brlbs-cmpnt-cb-provider-toggle\" href=\"#\" data-borlabs-cookie-show-provider-information role=\"button\">M\u00e1s informaci\u00f3n<\/a> <\/div> <div class=\"brlbs-cmpnt-cb-buttons\"> <a class=\"brlbs-cmpnt-cb-btn\" href=\"#\" data-borlabs-cookie-unblock role=\"button\">Desbloquear contenido<\/a> <a class=\"brlbs-cmpnt-cb-btn\" href=\"#\" data-borlabs-cookie-accept-service role=\"button\" style=\"display: inherit\">Aceptar el servicio requerido y desbloquear los contenidos<\/a> <\/div> <\/div> <\/div><\/div><\/div><\/div><\/div><div class=\"flex_column av_one_full  flex_column_div av-zero-column-padding first       avia-builder-el-8  el_after_av_one_third  avia-builder-el-last  column-top-margin\"><div class=\"slickgallery \">\n\t<div class=\"pixel-slide-wrap\">\n\t\t<div class=\"pixel-slide\" style=\"display: block; width: 100%; float: left;\">\n\t\t\t\t\n\t\t\t\t\t\t\t\t\t\t\t\t\t\n\t\t\t\t\t<div class=\"pixel-slide__image-wrap slide-1\">\n\t\t\t\t\t\t\t<div class=\"pixel-slide__image \"><a href=\"https:\/\/sha.de\/wp-content\/uploads\/210611_Persp-Hafenseite-1280x640.jpg\" rel=\"lightbox\"><img decoding=\"async\" src=\"https:\/\/sha.de\/wp-content\/uploads\/210611_Persp-Hafenseite-706x368.jpg\" alt=\"210611 Persp Hafenseite\" title=\"210611 Persp Hafenseite\"><\/a><\/div>\n\t\t\t\t\t<\/div>\n\t\t\t\t\n\t\t\t\t\t\t\t\t\t\t\t\t\t\n\t\t\t\t\t<div class=\"pixel-slide__image-wrap slide-2\">\n\t\t\t\t\t\t\t<div class=\"pixel-slide__image \"><a href=\"https:\/\/sha.de\/wp-content\/uploads\/IMG_0707-web-637x850.jpg\" rel=\"lightbox\"><img decoding=\"async\" src=\"https:\/\/sha.de\/wp-content\/uploads\/IMG_0707-web-706x368.jpg\" alt=\"Abbruch\" title=\"Abbruch\"><\/a><\/div>\n\t\t\t\t\t<\/div>\n\t\t\t\t\n\t\t\t\t\t\t\t\t\t\t\t\t\t\n\t\t\t\t\t<div class=\"pixel-slide__image-wrap slide-3\">\n\t\t\t\t\t\t\t<div class=\"pixel-slide__image \"><a href=\"https:\/\/sha.de\/wp-content\/uploads\/210611_Persp-Speicherstrasse-1280x640.jpg\" rel=\"lightbox\"><img decoding=\"async\" src=\"https:\/\/sha.de\/wp-content\/uploads\/210611_Persp-Speicherstrasse-706x368.jpg\" alt=\"210611 Persp Speicherstra\u00dfe\" title=\"210611 Persp Speicherstra\u00dfe\"><\/a><\/div>\n\t\t\t\t\t<\/div>\n\t\t\t\t\n\t\t\t\t\t\t\t\t\t\t\t\t\t\n\t\t\t\t\t<div class=\"pixel-slide__image-wrap slide-4\">\n\t\t\t\t\t\t\t<div class=\"pixel-slide__image \"><a href=\"https:\/\/sha.de\/wp-content\/uploads\/IMG_0704-web-637x850.jpg\" rel=\"lightbox\"><img decoding=\"async\" src=\"https:\/\/sha.de\/wp-content\/uploads\/IMG_0704-web-706x368.jpg\" alt=\"Abbruch\" title=\"Abbruch\"><\/a><\/div>\n\t\t\t\t\t<\/div>\n\t\t\t\t\n\t\t\t\t\t\t\t\t\t\t\t\t\t\n\t\t\t\t\t<div class=\"pixel-slide__image-wrap slide-5\">\n\t\t\t\t\t\t\t<div class=\"pixel-slide__image \"><a href=\"https:\/\/sha.de\/wp-content\/uploads\/210611_Vogelperspektive-1275x850.jpg\" rel=\"lightbox\"><img decoding=\"async\" src=\"https:\/\/sha.de\/wp-content\/uploads\/210611_Vogelperspektive-706x368.jpg\" alt=\"210611 Vogelperspektive\" title=\"210611 Vogelperspektive\"><\/a><\/div>\n\t\t\t\t\t<\/div>\n\t\t\t\t\t\t<\/div>\n\t<\/div>\n<\/div><\/div>\n","protected":false},"excerpt":{"rendered":"<p>Algo est\u00e1 ocurriendo en el puerto de Dortmund: el antiguo edificio de almacenes de la Speicherstrasse 2 se convertir\u00e1 pronto en el \u00abLensing Media Port\u00bb. La demolici\u00f3n de una antigua ampliaci\u00f3n de dos plantas comenz\u00f3 la semana pasada.<\/p>\n","protected":false},"author":2,"featured_media":24566,"comment_status":"closed","ping_status":"closed","sticky":false,"template":"","format":"standard","meta":{"_acf_changed":false,"content-type":"","footnotes":""},"categories":[894,905],"tags":[1052,1098,1202,1204],"class_list":["post-34810","post","type-post","status-publish","format-standard","has-post-thumbnail","hentry","category-dortmund-es","category-administracion","tag-dortmund-es","tag-edificio-administrativo","tag-conversion-es","tag-stock-es"],"acf":[],"yoast_head":"<!-- This site is optimized with the Yoast SEO plugin v27.4 - https:\/\/yoast.com\/product\/yoast-seo-wordpress\/ -->\n<title>- Scheffler Helbich Architects<\/title>\n<meta name=\"description\" content=\"Algo est\u00e1 ocurriendo en el puerto de Dortmund: el antiguo edificio de almacenes de la Speicherstrasse 2 se convertir\u00e1 pronto en el &quot;Lensing Media Port&quot;.\" \/>\n<meta name=\"robots\" content=\"index, follow, max-snippet:-1, max-image-preview:large, max-video-preview:-1\" \/>\n<link rel=\"canonical\" href=\"https:\/\/sha.de\/es\/news\/lensing-media-port-esta-previsto\" \/>\n<meta property=\"og:locale\" content=\"es_ES\" \/>\n<meta property=\"og:type\" content=\"article\" \/>\n<meta property=\"og:title\" content=\"- Scheffler Helbich Architects\" \/>\n<meta property=\"og:description\" content=\"Algo est\u00e1 ocurriendo en el puerto de Dortmund: el antiguo edificio de almacenes de la Speicherstrasse 2 se convertir\u00e1 pronto en el &quot;Lensing Media Port&quot;.\" \/>\n<meta property=\"og:url\" content=\"https:\/\/sha.de\/es\/news\/lensing-media-port-esta-previsto\" \/>\n<meta property=\"og:site_name\" content=\"SHA Scheffler Helbich Architekten GmbH\" \/>\n<meta property=\"article:published_time\" content=\"2021-08-02T09:02:47+00:00\" \/>\n<meta property=\"article:modified_time\" content=\"2024-09-23T14:56:46+00:00\" \/>\n<meta property=\"og:image\" content=\"https:\/\/sha.de\/wp-content\/uploads\/210611_Persp-Hafenseite.jpg\" \/>\n\t<meta property=\"og:image:width\" content=\"2000\" \/>\n\t<meta property=\"og:image:height\" content=\"1000\" \/>\n\t<meta property=\"og:image:type\" content=\"image\/jpeg\" \/>\n<meta name=\"author\" content=\"Judith Weitzel\" \/>\n<meta name=\"twitter:card\" content=\"summary_large_image\" \/>\n<meta name=\"twitter:label1\" content=\"Escrito por\" \/>\n\t<meta name=\"twitter:data1\" content=\"Judith Weitzel\" \/>\n\t<meta name=\"twitter:label2\" content=\"Tiempo de lectura\" \/>\n\t<meta name=\"twitter:data2\" content=\"6 minutos\" \/>\n<script type=\"application\/ld+json\" class=\"yoast-schema-graph\">{\"@context\":\"https:\\\/\\\/schema.org\",\"@graph\":[{\"@type\":\"Article\",\"@id\":\"https:\\\/\\\/sha.de\\\/es\\\/news\\\/lensing-media-port-esta-previsto#article\",\"isPartOf\":{\"@id\":\"https:\\\/\\\/sha.de\\\/es\\\/news\\\/lensing-media-port-esta-previsto\"},\"author\":{\"name\":\"Judith Weitzel\",\"@id\":\"https:\\\/\\\/sha.de\\\/es#\\\/schema\\\/person\\\/6d5fd32d5aa7872f1f9191b7244552c9\"},\"headline\":\"Lensing Media Port: Est\u00e1 previsto\",\"datePublished\":\"2021-08-02T09:02:47+00:00\",\"dateModified\":\"2024-09-23T14:56:46+00:00\",\"mainEntityOfPage\":{\"@id\":\"https:\\\/\\\/sha.de\\\/es\\\/news\\\/lensing-media-port-esta-previsto\"},\"wordCount\":954,\"image\":{\"@id\":\"https:\\\/\\\/sha.de\\\/es\\\/news\\\/lensing-media-port-esta-previsto#primaryimage\"},\"thumbnailUrl\":\"https:\\\/\\\/sha.de\\\/wp-content\\\/uploads\\\/210611_Persp-Hafenseite.jpg\",\"keywords\":[\"Dortmund\",\"Edificio administrativo\",\"Conversi\u00f3n\",\"Stock\"],\"articleSection\":[\"Dortmund\",\"Administraci\u00f3n\"],\"inLanguage\":\"es\"},{\"@type\":\"WebPage\",\"@id\":\"https:\\\/\\\/sha.de\\\/es\\\/news\\\/lensing-media-port-esta-previsto\",\"url\":\"https:\\\/\\\/sha.de\\\/es\\\/news\\\/lensing-media-port-esta-previsto\",\"name\":\"- Scheffler Helbich Architects\",\"isPartOf\":{\"@id\":\"https:\\\/\\\/sha.de\\\/es#website\"},\"primaryImageOfPage\":{\"@id\":\"https:\\\/\\\/sha.de\\\/es\\\/news\\\/lensing-media-port-esta-previsto#primaryimage\"},\"image\":{\"@id\":\"https:\\\/\\\/sha.de\\\/es\\\/news\\\/lensing-media-port-esta-previsto#primaryimage\"},\"thumbnailUrl\":\"https:\\\/\\\/sha.de\\\/wp-content\\\/uploads\\\/210611_Persp-Hafenseite.jpg\",\"datePublished\":\"2021-08-02T09:02:47+00:00\",\"dateModified\":\"2024-09-23T14:56:46+00:00\",\"author\":{\"@id\":\"https:\\\/\\\/sha.de\\\/es#\\\/schema\\\/person\\\/6d5fd32d5aa7872f1f9191b7244552c9\"},\"description\":\"Algo est\u00e1 ocurriendo en el puerto de Dortmund: el antiguo edificio de almacenes de la Speicherstrasse 2 se convertir\u00e1 pronto en el \\\"Lensing Media Port\\\".\",\"breadcrumb\":{\"@id\":\"https:\\\/\\\/sha.de\\\/es\\\/news\\\/lensing-media-port-esta-previsto#breadcrumb\"},\"inLanguage\":\"es\",\"potentialAction\":[{\"@type\":\"ReadAction\",\"target\":[\"https:\\\/\\\/sha.de\\\/es\\\/news\\\/lensing-media-port-esta-previsto\"]}]},{\"@type\":\"ImageObject\",\"inLanguage\":\"es\",\"@id\":\"https:\\\/\\\/sha.de\\\/es\\\/news\\\/lensing-media-port-esta-previsto#primaryimage\",\"url\":\"https:\\\/\\\/sha.de\\\/wp-content\\\/uploads\\\/210611_Persp-Hafenseite.jpg\",\"contentUrl\":\"https:\\\/\\\/sha.de\\\/wp-content\\\/uploads\\\/210611_Persp-Hafenseite.jpg\",\"width\":2000,\"height\":1000},{\"@type\":\"BreadcrumbList\",\"@id\":\"https:\\\/\\\/sha.de\\\/es\\\/news\\\/lensing-media-port-esta-previsto#breadcrumb\",\"itemListElement\":[{\"@type\":\"ListItem\",\"position\":1,\"name\":\"Startseite\",\"item\":\"https:\\\/\\\/sha.de\\\/es\"},{\"@type\":\"ListItem\",\"position\":2,\"name\":\"Lensing Media Port: Est\u00e1 previsto\"}]},{\"@type\":\"WebSite\",\"@id\":\"https:\\\/\\\/sha.de\\\/es#website\",\"url\":\"https:\\\/\\\/sha.de\\\/es\",\"name\":\"SHA Scheffler Helbich Architekten GmbH\",\"description\":\"\",\"potentialAction\":[{\"@type\":\"SearchAction\",\"target\":{\"@type\":\"EntryPoint\",\"urlTemplate\":\"https:\\\/\\\/sha.de\\\/es?s={search_term_string}\"},\"query-input\":{\"@type\":\"PropertyValueSpecification\",\"valueRequired\":true,\"valueName\":\"search_term_string\"}}],\"inLanguage\":\"es\"},{\"@type\":\"Person\",\"@id\":\"https:\\\/\\\/sha.de\\\/es#\\\/schema\\\/person\\\/6d5fd32d5aa7872f1f9191b7244552c9\",\"name\":\"Judith Weitzel\",\"image\":{\"@type\":\"ImageObject\",\"inLanguage\":\"es\",\"@id\":\"https:\\\/\\\/secure.gravatar.com\\\/avatar\\\/c7dca018fdb593c021709193ddb78dc530485d187ec667fb2a0ae6c4097c9957?s=96&d=mm&r=g\",\"url\":\"https:\\\/\\\/secure.gravatar.com\\\/avatar\\\/c7dca018fdb593c021709193ddb78dc530485d187ec667fb2a0ae6c4097c9957?s=96&d=mm&r=g\",\"contentUrl\":\"https:\\\/\\\/secure.gravatar.com\\\/avatar\\\/c7dca018fdb593c021709193ddb78dc530485d187ec667fb2a0ae6c4097c9957?s=96&d=mm&r=g\",\"caption\":\"Judith Weitzel\"}}]}<\/script>\n<!-- \/ Yoast SEO plugin. -->","yoast_head_json":{"title":"- Scheffler Helbich Architects","description":"Algo est\u00e1 ocurriendo en el puerto de Dortmund: el antiguo edificio de almacenes de la Speicherstrasse 2 se convertir\u00e1 pronto en el \"Lensing Media Port\".","robots":{"index":"index","follow":"follow","max-snippet":"max-snippet:-1","max-image-preview":"max-image-preview:large","max-video-preview":"max-video-preview:-1"},"canonical":"https:\/\/sha.de\/es\/news\/lensing-media-port-esta-previsto","og_locale":"es_ES","og_type":"article","og_title":"- Scheffler Helbich Architects","og_description":"Algo est\u00e1 ocurriendo en el puerto de Dortmund: el antiguo edificio de almacenes de la Speicherstrasse 2 se convertir\u00e1 pronto en el \"Lensing Media Port\".","og_url":"https:\/\/sha.de\/es\/news\/lensing-media-port-esta-previsto","og_site_name":"SHA Scheffler Helbich Architekten GmbH","article_published_time":"2021-08-02T09:02:47+00:00","article_modified_time":"2024-09-23T14:56:46+00:00","og_image":[{"width":2000,"height":1000,"url":"https:\/\/sha.de\/wp-content\/uploads\/210611_Persp-Hafenseite.jpg","type":"image\/jpeg"}],"author":"Judith Weitzel","twitter_card":"summary_large_image","twitter_misc":{"Escrito por":"Judith Weitzel","Tiempo de lectura":"6 minutos"},"schema":{"@context":"https:\/\/schema.org","@graph":[{"@type":"Article","@id":"https:\/\/sha.de\/es\/news\/lensing-media-port-esta-previsto#article","isPartOf":{"@id":"https:\/\/sha.de\/es\/news\/lensing-media-port-esta-previsto"},"author":{"name":"Judith Weitzel","@id":"https:\/\/sha.de\/es#\/schema\/person\/6d5fd32d5aa7872f1f9191b7244552c9"},"headline":"Lensing Media Port: Est\u00e1 previsto","datePublished":"2021-08-02T09:02:47+00:00","dateModified":"2024-09-23T14:56:46+00:00","mainEntityOfPage":{"@id":"https:\/\/sha.de\/es\/news\/lensing-media-port-esta-previsto"},"wordCount":954,"image":{"@id":"https:\/\/sha.de\/es\/news\/lensing-media-port-esta-previsto#primaryimage"},"thumbnailUrl":"https:\/\/sha.de\/wp-content\/uploads\/210611_Persp-Hafenseite.jpg","keywords":["Dortmund","Edificio administrativo","Conversi\u00f3n","Stock"],"articleSection":["Dortmund","Administraci\u00f3n"],"inLanguage":"es"},{"@type":"WebPage","@id":"https:\/\/sha.de\/es\/news\/lensing-media-port-esta-previsto","url":"https:\/\/sha.de\/es\/news\/lensing-media-port-esta-previsto","name":"- Scheffler Helbich Architects","isPartOf":{"@id":"https:\/\/sha.de\/es#website"},"primaryImageOfPage":{"@id":"https:\/\/sha.de\/es\/news\/lensing-media-port-esta-previsto#primaryimage"},"image":{"@id":"https:\/\/sha.de\/es\/news\/lensing-media-port-esta-previsto#primaryimage"},"thumbnailUrl":"https:\/\/sha.de\/wp-content\/uploads\/210611_Persp-Hafenseite.jpg","datePublished":"2021-08-02T09:02:47+00:00","dateModified":"2024-09-23T14:56:46+00:00","author":{"@id":"https:\/\/sha.de\/es#\/schema\/person\/6d5fd32d5aa7872f1f9191b7244552c9"},"description":"Algo est\u00e1 ocurriendo en el puerto de Dortmund: el antiguo edificio de almacenes de la Speicherstrasse 2 se convertir\u00e1 pronto en el \"Lensing Media Port\".","breadcrumb":{"@id":"https:\/\/sha.de\/es\/news\/lensing-media-port-esta-previsto#breadcrumb"},"inLanguage":"es","potentialAction":[{"@type":"ReadAction","target":["https:\/\/sha.de\/es\/news\/lensing-media-port-esta-previsto"]}]},{"@type":"ImageObject","inLanguage":"es","@id":"https:\/\/sha.de\/es\/news\/lensing-media-port-esta-previsto#primaryimage","url":"https:\/\/sha.de\/wp-content\/uploads\/210611_Persp-Hafenseite.jpg","contentUrl":"https:\/\/sha.de\/wp-content\/uploads\/210611_Persp-Hafenseite.jpg","width":2000,"height":1000},{"@type":"BreadcrumbList","@id":"https:\/\/sha.de\/es\/news\/lensing-media-port-esta-previsto#breadcrumb","itemListElement":[{"@type":"ListItem","position":1,"name":"Startseite","item":"https:\/\/sha.de\/es"},{"@type":"ListItem","position":2,"name":"Lensing Media Port: Est\u00e1 previsto"}]},{"@type":"WebSite","@id":"https:\/\/sha.de\/es#website","url":"https:\/\/sha.de\/es","name":"SHA Scheffler Helbich Architekten GmbH","description":"","potentialAction":[{"@type":"SearchAction","target":{"@type":"EntryPoint","urlTemplate":"https:\/\/sha.de\/es?s={search_term_string}"},"query-input":{"@type":"PropertyValueSpecification","valueRequired":true,"valueName":"search_term_string"}}],"inLanguage":"es"},{"@type":"Person","@id":"https:\/\/sha.de\/es#\/schema\/person\/6d5fd32d5aa7872f1f9191b7244552c9","name":"Judith Weitzel","image":{"@type":"ImageObject","inLanguage":"es","@id":"https:\/\/secure.gravatar.com\/avatar\/c7dca018fdb593c021709193ddb78dc530485d187ec667fb2a0ae6c4097c9957?s=96&d=mm&r=g","url":"https:\/\/secure.gravatar.com\/avatar\/c7dca018fdb593c021709193ddb78dc530485d187ec667fb2a0ae6c4097c9957?s=96&d=mm&r=g","contentUrl":"https:\/\/secure.gravatar.com\/avatar\/c7dca018fdb593c021709193ddb78dc530485d187ec667fb2a0ae6c4097c9957?s=96&d=mm&r=g","caption":"Judith Weitzel"}}]}},"_links":{"self":[{"href":"https:\/\/sha.de\/es\/wp-json\/wp\/v2\/posts\/34810","targetHints":{"allow":["GET"]}}],"collection":[{"href":"https:\/\/sha.de\/es\/wp-json\/wp\/v2\/posts"}],"about":[{"href":"https:\/\/sha.de\/es\/wp-json\/wp\/v2\/types\/post"}],"author":[{"embeddable":true,"href":"https:\/\/sha.de\/es\/wp-json\/wp\/v2\/users\/2"}],"replies":[{"embeddable":true,"href":"https:\/\/sha.de\/es\/wp-json\/wp\/v2\/comments?post=34810"}],"version-history":[{"count":2,"href":"https:\/\/sha.de\/es\/wp-json\/wp\/v2\/posts\/34810\/revisions"}],"predecessor-version":[{"id":48682,"href":"https:\/\/sha.de\/es\/wp-json\/wp\/v2\/posts\/34810\/revisions\/48682"}],"wp:featuredmedia":[{"embeddable":true,"href":"https:\/\/sha.de\/es\/wp-json\/wp\/v2\/media\/24566"}],"wp:attachment":[{"href":"https:\/\/sha.de\/es\/wp-json\/wp\/v2\/media?parent=34810"}],"wp:term":[{"taxonomy":"category","embeddable":true,"href":"https:\/\/sha.de\/es\/wp-json\/wp\/v2\/categories?post=34810"},{"taxonomy":"post_tag","embeddable":true,"href":"https:\/\/sha.de\/es\/wp-json\/wp\/v2\/tags?post=34810"}],"curies":[{"name":"wp","href":"https:\/\/api.w.org\/{rel}","templated":true}]}}