{"id":35540,"date":"2022-02-24T15:45:56","date_gmt":"2022-02-24T14:45:56","guid":{"rendered":"https:\/\/sha.de\/aktuelles\/la-nueva-radwelt-harsefeld-esta-abierta"},"modified":"2024-09-23T16:57:51","modified_gmt":"2024-09-23T14:57:51","slug":"la-nueva-radwelt-harsefeld-esta-abierta","status":"publish","type":"post","link":"https:\/\/sha.de\/es\/news\/la-nueva-radwelt-harsefeld-esta-abierta","title":{"rendered":"La nueva \u00abRadwelt Harsefeld\u00bb est\u00e1 abierta"},"content":{"rendered":"<div id='av_section_1' class='avia-section main_color pt-default pb-default avia-no-border-styling avia-bg-style-scroll  avia-builder-el-0  avia-builder-el-no-sibling   container_wrap fullsize' style=' '  ><div class='container' ><main  role=\"main\" itemprop=\"mainContentOfPage\"  class='template-page content  av-content-full alpha units'><div class='post-entry post-entry-type-page post-entry-35540'><div class='entry-content-wrapper clearfix'>\n\n\t\t\t<div id=\"av-k1hoeuzj\" class=\"headline-column flex_column av_one_full flex_column_div first \">\n\t\t\t\t<div class=\"headline-wrap is-outside align-left sub-bottom\">\n\t\t\t\t\t<h1 class=\"headline-content headline-primary\">La nueva &quot;Radwelt Harsefeld&quot; est\u00e1 abierta<\/h1>\n\t\t\t\t\t<h3 class=\"headline-content headline-secondary\">El futuro del comercio de las dos ruedas<\/h3>\n\t\t\t\t<\/div>\n\t\t\t<\/div>\n<div class=\"flex_column av_one_third  flex_column_div av-zero-column-padding first bg-default      avia-builder-el-2  el_after_pixel_sc_headline  el_before_av_one_third  \"><section  class='av_textblock_section av-k5pfdfmq-75eeeeace81604f9741c5e0bb23a16ef '   itemscope=\"itemscope\" itemtype=\"https:\/\/schema.org\/BlogPosting\" itemprop=\"blogPost\" ><div class='avia_textblock'  itemprop=\"text\" ><p>La construcci\u00f3n est\u00e1 terminada, la mudanza ha finalizado &#8211; el nuevo <span style=\"text-decoration: underline;\"><a href=\"https:\/\/www.zweirad-tobaben.de\/\" target=\"_blank\" rel=\"noopener nofollow\">Radwelt Harsefeld<\/a><\/span> ha abierto sus puertas y ofrece a sus clientes del municipio de Baja Sajonia una experiencia de compra sobre dos ruedas muy especial. El nuevo y moderno edificio en R\u00fcmelswiese, proyectado por SHA Scheffler Helbich Architekten, cuenta con una superficie de venta de unos 1.000 m\u00b2, zonas de taller y administraci\u00f3n de unos 220 m\u00b2 cada una y un almac\u00e9n en tres niveles que suman unos 2.000 m\u00b2. Tambi\u00e9n existe la opci\u00f3n de ampliar estas zonas con una extensi\u00f3n hacia el este. As\u00ed que ya se est\u00e1 pensando en el futuro.<\/p>\n<h4>Mirar atr\u00e1s<\/h4>\n<p>El negocio anterior, el antiguo \u00abZweiradhandel Tobaben\u00bb, que exist\u00eda desde hac\u00eda m\u00e1s de cuatro d\u00e9cadas, contaba con una superficie de venta de unos 280 m\u00b2, un espacio para talleres y administraci\u00f3n de unos 50 m\u00b2 y un almac\u00e9n directamente adyacente de s\u00f3lo unos 50 m\u00b2 en la calle Schulstra\u00dfe, en pleno centro de Harsefeld. El espacio limitado y el aumento de la demanda hicieron imposible continuar con el negocio de forma econ\u00f3mica, por lo que los propietarios Karin y Hauke Krusewitz decidieron construir un nuevo edificio.<\/p>\n<\/div><\/section><\/div><div class=\"flex_column av_one_third  flex_column_div av-zero-column-padding  bg-default   img-left   avia-builder-el-4  el_after_av_one_third  el_before_av_one_third  \"><section  class='av_textblock_section av-kzy92xg7-c21baf77ad4fec4eb323127e48ddeb6c '   itemscope=\"itemscope\" itemtype=\"https:\/\/schema.org\/BlogPosting\" itemprop=\"blogPost\" ><div class='avia_textblock'  itemprop=\"text\" ><h4>Planificaci\u00f3n por el SHA<\/h4>\n<p>Con la planificaci\u00f3n de SHA Scheffler Helbich Architekten <a href=\"https:\/\/sha.de\/es\/oficina-de-arquitectura-comercio-de-bicicletas\">-que lleva m\u00e1s de 20 a\u00f1os asesorando a <span style=\"text-decoration: underline;\">distribuidores de bicicletas de<\/span> toda<\/a> Alemania- se ha creado un mundo de bicicletas eficiente y especialmente adaptado a las necesidades de clientes y consumidores. Por ejemplo, las \u00e1reas de montaje de bicicletas nuevas y de reparaci\u00f3n y mantenimiento est\u00e1n separadas entre s\u00ed para que los procesos de trabajo puedan estructurarse de forma \u00f3ptima. Con el nuevo espacio, la gama de productos se ha ampliado considerablemente y la presentaci\u00f3n de las bicicletas se ha hecho mucho m\u00e1s atractiva.<\/p>\n<p>Ayer por la tarde se brind\u00f3 con todos los que participaron en la construcci\u00f3n. Las visitas guiadas por todos los departamentos y \u00e1reas de negocio durante la recepci\u00f3n informal permitieron a todos los interesados conocer los procesos de trabajo en ventas, aceptaci\u00f3n de reparaciones, taller y almac\u00e9n. El Sr. y la Sra. Krusewitz dieron las gracias en particular a sus empleados. No s\u00f3lo las \u00e1reas de ventas y administraci\u00f3n, sino tambi\u00e9n el equipo ha crecido significativamente con el nuevo edificio.<\/p>\n<\/div><\/section><\/div><div class=\"flex_column av_one_third  flex_column_div av-zero-column-padding        avia-builder-el-6  el_after_av_one_third  el_before_av_one_full  \"><section  class='av_textblock_section av-37c37l-8f87a96df1e3d2314fdaebc76f4ddd83 '   itemscope=\"itemscope\" itemtype=\"https:\/\/schema.org\/BlogPosting\" itemprop=\"blogPost\" ><div class='avia_textblock'  itemprop=\"text\" ><h4>El futuro del comercio de las dos ruedas<\/h4>\n<p>Christoph Helbich, Director Gerente de SHA, les felicit\u00f3: \u00abCon su decisi\u00f3n, han conseguido que su concesionario de dos ruedas est\u00e9 preparado para los pr\u00f3ximos a\u00f1os. Al mismo tiempo, tambi\u00e9n ha considerado las opciones de expansi\u00f3n para el futuro. Sus empleados y clientes, a los que asesora cada d\u00eda, se lo agradecer\u00e1n\u00bb. Julia Manneck y Jonas Schwarzenh\u00f6lzer, responsables de la gesti\u00f3n del proyecto y la construcci\u00f3n, a\u00f1aden: \u00abLas exigencias del comercio de bicicletas han cambiado enormemente en los \u00faltimos a\u00f1os debido \u00fanicamente al auge de las bicicletas el\u00e9ctricas. Las necesidades de espacio han aumentado. La experiencia de compra y el concepto de servicio tambi\u00e9n son cada vez m\u00e1s importantes.\u00bb<\/p>\n<p>Con la entrega ceremonial de las llaves, todo el <span style=\"text-decoration: underline;\"><a href=\"https:\/\/sha.de\/es\/nuestra-oficina\/nuestro-equipo\">equipo de SHA-Equipo<\/a><\/span> desea todo lo mejor para la apertura y el futuro de \u00abRadwelt Harsefeld\u00bb y agradece a todos los implicados su excelente cooperaci\u00f3n.<\/p>\n<\/div><\/section><\/div><div class=\"flex_column av_one_full  flex_column_div av-zero-column-padding first       avia-builder-el-8  el_after_av_one_third  avia-builder-el-last  column-top-margin\"><div class=\"slickgallery \">\n\t<div class=\"pixel-slide-wrap\">\n\t\t<div class=\"pixel-slide\" style=\"display: block; width: 100%; float: left;\">\n\t\t\t\t\n\t\t\t\t\t\t\t\t\t\t\t\t\t\n\t\t\t\t\t<div class=\"pixel-slide__image-wrap slide-1\">\n\t\t\t\t\t\t\t<div class=\"pixel-slide__image \"><a href=\"https:\/\/sha.de\/wp-content\/uploads\/Radwelt-Harsefeld-Zweiradhandel-1-1280x720.jpg\" rel=\"lightbox\"><img decoding=\"async\" src=\"https:\/\/sha.de\/wp-content\/uploads\/Radwelt-Harsefeld-Zweiradhandel-1-706x368.jpg\" alt=\"Radwelt Harsefeld Zweiradhandel (1)\" title=\"Radwelt Harsefeld Zweiradhandel (1)\"><\/a><\/div>\n\t\t\t\t\t<\/div>\n\t\t\t\t\n\t\t\t\t\t\t\t\t\t\t\t\t\t\n\t\t\t\t\t<div class=\"pixel-slide__image-wrap slide-2\">\n\t\t\t\t\t\t\t<div class=\"pixel-slide__image \"><a href=\"https:\/\/sha.de\/wp-content\/uploads\/Harsefeld-web-1280x644.jpg\" rel=\"lightbox\"><img decoding=\"async\" src=\"https:\/\/sha.de\/wp-content\/uploads\/Harsefeld-web-706x368.jpg\" alt=\"Harsefeld\" title=\"Harsefeld\"><\/a><\/div>\n\t\t\t\t\t<\/div>\n\t\t\t\t\n\t\t\t\t\t\t\t\t\t\t\t\t\t\n\t\t\t\t\t<div class=\"pixel-slide__image-wrap slide-3\">\n\t\t\t\t\t\t\t<div class=\"pixel-slide__image \"><a href=\"https:\/\/sha.de\/wp-content\/uploads\/Radwelt-Harsefeld-Zweiradhandel-4-1133x850.jpg\" rel=\"lightbox\"><img decoding=\"async\" src=\"https:\/\/sha.de\/wp-content\/uploads\/Radwelt-Harsefeld-Zweiradhandel-4-706x368.jpg\" alt=\"Radwelt Harsefeld Zweiradhandel (4)\" title=\"Radwelt Harsefeld Zweiradhandel (4)\"><\/a><\/div>\n\t\t\t\t\t<\/div>\n\t\t\t\t\n\t\t\t\t\t\t\t\t\t\t\t\t\t\n\t\t\t\t\t<div class=\"pixel-slide__image-wrap slide-4\">\n\t\t\t\t\t\t\t<div class=\"pixel-slide__image \"><a href=\"https:\/\/sha.de\/wp-content\/uploads\/Radwelt-Harsefeld-Zweiradhandel-3-1280x720.jpg\" rel=\"lightbox\"><img decoding=\"async\" src=\"https:\/\/sha.de\/wp-content\/uploads\/Radwelt-Harsefeld-Zweiradhandel-3-706x368.jpg\" alt=\"Radwelt Harsefeld Zweiradhandel (3)\" title=\"Radwelt Harsefeld Zweiradhandel (3)\"><\/a><\/div>\n\t\t\t\t\t<\/div>\n\t\t\t\t\n\t\t\t\t\t\t\t\t\t\t\t\t\t\n\t\t\t\t\t<div class=\"pixel-slide__image-wrap slide-5\">\n\t\t\t\t\t\t\t<div class=\"pixel-slide__image \"><a href=\"https:\/\/sha.de\/wp-content\/uploads\/Radwelt-Harsefeld-Zweiradhandel-5-638x850.jpg\" rel=\"lightbox\"><img decoding=\"async\" src=\"https:\/\/sha.de\/wp-content\/uploads\/Radwelt-Harsefeld-Zweiradhandel-5-706x368.jpg\" alt=\"Radwelt Harsefeld Zweiradhandel (5)\" title=\"Radwelt Harsefeld Zweiradhandel (5)\"><\/a><\/div>\n\t\t\t\t\t<\/div>\n\t\t\t\t\n\t\t\t\t\t\t\t\t\t\t\t\t\t\n\t\t\t\t\t<div class=\"pixel-slide__image-wrap slide-6\">\n\t\t\t\t\t\t\t<div class=\"pixel-slide__image \"><a href=\"https:\/\/sha.de\/wp-content\/uploads\/Radwelt-Harsefeld-Zweiradhandel-2-1280x720.jpg\" rel=\"lightbox\"><img decoding=\"async\" src=\"https:\/\/sha.de\/wp-content\/uploads\/Radwelt-Harsefeld-Zweiradhandel-2-706x368.jpg\" alt=\"Radwelt Harsefeld Zweiradhandel (2)\" title=\"Radwelt Harsefeld Zweiradhandel (2)\"><\/a><\/div>\n\t\t\t\t\t<\/div>\n\t\t\t\t\n\t\t\t\t\t\t\t\t\t\t\t\t\t\n\t\t\t\t\t<div class=\"pixel-slide__image-wrap slide-7\">\n\t\t\t\t\t\t\t<div class=\"pixel-slide__image \"><a href=\"https:\/\/sha.de\/wp-content\/uploads\/Radwelt-Harsefeld-Zweiradhandel-6-1280x720.jpg\" rel=\"lightbox\"><img decoding=\"async\" src=\"https:\/\/sha.de\/wp-content\/uploads\/Radwelt-Harsefeld-Zweiradhandel-6-706x368.jpg\" alt=\"Radwelt Harsefeld Zweiradhandel (6)\" title=\"Radwelt Harsefeld Zweiradhandel (6)\"><\/a><\/div>\n\t\t\t\t\t<\/div>\n\t\t\t\t\n\t\t\t\t\t\t\t\t\t\t\t\t\t\n\t\t\t\t\t<div class=\"pixel-slide__image-wrap slide-8\">\n\t\t\t\t\t\t\t<div class=\"pixel-slide__image \"><a href=\"https:\/\/sha.de\/wp-content\/uploads\/Radwelt-Harsefeld-Zweiradhandel-7-1280x720.jpg\" rel=\"lightbox\"><img decoding=\"async\" src=\"https:\/\/sha.de\/wp-content\/uploads\/Radwelt-Harsefeld-Zweiradhandel-7-706x368.jpg\" alt=\"Radwelt Harsefeld Zweiradhandel (7)\" title=\"Radwelt Harsefeld Zweiradhandel (7)\"><\/a><\/div>\n\t\t\t\t\t<\/div>\n\t\t\t\t\n\t\t\t\t\t\t\t\t\t\t\t\t\t\n\t\t\t\t\t<div class=\"pixel-slide__image-wrap slide-9\">\n\t\t\t\t\t\t\t<div class=\"pixel-slide__image \"><a href=\"https:\/\/sha.de\/wp-content\/uploads\/220216_Einladung-web-637x850.jpg\" rel=\"lightbox\"><img decoding=\"async\" src=\"https:\/\/sha.de\/wp-content\/uploads\/220216_Einladung-web-706x368.jpg\" alt=\"220216 Einladung Web\" title=\"220216 Einladung Web\"><\/a><\/div>\n\t\t\t\t\t<\/div>\n\t\t\t\t\t\t<\/div>\n\t<\/div>\n<\/div><\/div>\n","protected":false},"excerpt":{"rendered":"<p>El edificio est\u00e1 terminado, la mudanza ha concluido: el nuevo \u00abRadwelt Harsefeld\u00bb, dise\u00f1ado por SHA Scheffler Helbich Architekten, ha abierto sus puertas y ofrece una experiencia de compra al por menor sobre dos ruedas muy especial.<\/p>\n","protected":false},"author":2,"featured_media":25898,"comment_status":"closed","ping_status":"closed","sticky":false,"template":"","format":"standard","meta":{"_acf_changed":false,"content-type":"","footnotes":""},"categories":[895],"tags":[1021,1074,1076,1078,1127,1474,1475],"class_list":["post-35540","post","type-post","status-publish","format-standard","has-post-thumbnail","hentry","category-comercio-de-bicicletas-es","tag-planificacion","tag-edificio-nuevo","tag-centro-de-dos-ruedas","tag-comercio-de-dos-ruedas","tag-comercio-de-bicicletas","tag-harsefeld-es","tag-nueva-apertura"],"acf":[],"yoast_head":"<!-- This site is optimized with the Yoast SEO plugin v27.4 - https:\/\/yoast.com\/product\/yoast-seo-wordpress\/ -->\n<title>La nueva &quot;Radwelt Harsefeld&quot; est\u00e1 abierta<\/title>\n<meta name=\"description\" content=\"El edificio est\u00e1 terminado, la mudanza ha concluido: el nuevo &quot;Radwelt Harsefeld&quot;, dise\u00f1ado por SHA Scheffler Helbich Architekten, ha abierto sus puertas.\" \/>\n<meta name=\"robots\" content=\"index, follow, max-snippet:-1, max-image-preview:large, max-video-preview:-1\" \/>\n<link rel=\"canonical\" href=\"https:\/\/sha.de\/es\/news\/la-nueva-radwelt-harsefeld-esta-abierta\" \/>\n<meta property=\"og:locale\" content=\"es_ES\" \/>\n<meta property=\"og:type\" content=\"article\" \/>\n<meta property=\"og:title\" content=\"La nueva &quot;Radwelt Harsefeld&quot; est\u00e1 abierta\" \/>\n<meta property=\"og:description\" content=\"El edificio est\u00e1 terminado, la mudanza ha concluido: el nuevo &quot;Radwelt Harsefeld&quot;, dise\u00f1ado por SHA Scheffler Helbich Architekten, ha abierto sus puertas.\" \/>\n<meta property=\"og:url\" content=\"https:\/\/sha.de\/es\/news\/la-nueva-radwelt-harsefeld-esta-abierta\" \/>\n<meta property=\"og:site_name\" content=\"SHA Scheffler Helbich Architekten GmbH\" \/>\n<meta property=\"article:published_time\" content=\"2022-02-24T14:45:56+00:00\" \/>\n<meta property=\"article:modified_time\" content=\"2024-09-23T14:57:51+00:00\" \/>\n<meta property=\"og:image\" content=\"https:\/\/sha.de\/wp-content\/uploads\/Radwelt-Harsefeld-Zweiradhandel-5-773x1030.jpg\" \/>\n\t<meta property=\"og:image:width\" content=\"773\" \/>\n\t<meta property=\"og:image:height\" content=\"1030\" \/>\n\t<meta property=\"og:image:type\" content=\"image\/jpeg\" \/>\n<meta name=\"author\" content=\"Judith Weitzel\" \/>\n<meta name=\"twitter:card\" content=\"summary_large_image\" \/>\n<meta name=\"twitter:label1\" content=\"Escrito por\" \/>\n\t<meta name=\"twitter:data1\" content=\"Judith Weitzel\" \/>\n\t<meta name=\"twitter:label2\" content=\"Tiempo de lectura\" \/>\n\t<meta name=\"twitter:data2\" content=\"8 minutos\" \/>\n<script type=\"application\/ld+json\" class=\"yoast-schema-graph\">{\"@context\":\"https:\\\/\\\/schema.org\",\"@graph\":[{\"@type\":\"Article\",\"@id\":\"https:\\\/\\\/sha.de\\\/es\\\/news\\\/la-nueva-radwelt-harsefeld-esta-abierta#article\",\"isPartOf\":{\"@id\":\"https:\\\/\\\/sha.de\\\/es\\\/news\\\/la-nueva-radwelt-harsefeld-esta-abierta\"},\"author\":{\"name\":\"Judith Weitzel\",\"@id\":\"https:\\\/\\\/sha.de\\\/es#\\\/schema\\\/person\\\/6d5fd32d5aa7872f1f9191b7244552c9\"},\"headline\":\"La nueva \u00abRadwelt Harsefeld\u00bb est\u00e1 abierta\",\"datePublished\":\"2022-02-24T14:45:56+00:00\",\"dateModified\":\"2024-09-23T14:57:51+00:00\",\"mainEntityOfPage\":{\"@id\":\"https:\\\/\\\/sha.de\\\/es\\\/news\\\/la-nueva-radwelt-harsefeld-esta-abierta\"},\"wordCount\":1309,\"image\":{\"@id\":\"https:\\\/\\\/sha.de\\\/es\\\/news\\\/la-nueva-radwelt-harsefeld-esta-abierta#primaryimage\"},\"thumbnailUrl\":\"https:\\\/\\\/sha.de\\\/wp-content\\\/uploads\\\/Radwelt-Harsefeld-Zweiradhandel-5-scaled.jpg\",\"keywords\":[\"Planificaci\u00f3n\",\"Edificio nuevo\",\"Centro de dos ruedas\",\"Comercio de dos ruedas\",\"Comercio de bicicletas\",\"Harsefeld\",\"Nueva apertura\"],\"articleSection\":[\"Comercio de bicicletas\"],\"inLanguage\":\"es\"},{\"@type\":\"WebPage\",\"@id\":\"https:\\\/\\\/sha.de\\\/es\\\/news\\\/la-nueva-radwelt-harsefeld-esta-abierta\",\"url\":\"https:\\\/\\\/sha.de\\\/es\\\/news\\\/la-nueva-radwelt-harsefeld-esta-abierta\",\"name\":\"La nueva \\\"Radwelt Harsefeld\\\" est\u00e1 abierta\",\"isPartOf\":{\"@id\":\"https:\\\/\\\/sha.de\\\/es#website\"},\"primaryImageOfPage\":{\"@id\":\"https:\\\/\\\/sha.de\\\/es\\\/news\\\/la-nueva-radwelt-harsefeld-esta-abierta#primaryimage\"},\"image\":{\"@id\":\"https:\\\/\\\/sha.de\\\/es\\\/news\\\/la-nueva-radwelt-harsefeld-esta-abierta#primaryimage\"},\"thumbnailUrl\":\"https:\\\/\\\/sha.de\\\/wp-content\\\/uploads\\\/Radwelt-Harsefeld-Zweiradhandel-5-scaled.jpg\",\"datePublished\":\"2022-02-24T14:45:56+00:00\",\"dateModified\":\"2024-09-23T14:57:51+00:00\",\"author\":{\"@id\":\"https:\\\/\\\/sha.de\\\/es#\\\/schema\\\/person\\\/6d5fd32d5aa7872f1f9191b7244552c9\"},\"description\":\"El edificio est\u00e1 terminado, la mudanza ha concluido: el nuevo \\\"Radwelt Harsefeld\\\", dise\u00f1ado por SHA Scheffler Helbich Architekten, ha abierto sus puertas.\",\"breadcrumb\":{\"@id\":\"https:\\\/\\\/sha.de\\\/es\\\/news\\\/la-nueva-radwelt-harsefeld-esta-abierta#breadcrumb\"},\"inLanguage\":\"es\",\"potentialAction\":[{\"@type\":\"ReadAction\",\"target\":[\"https:\\\/\\\/sha.de\\\/es\\\/news\\\/la-nueva-radwelt-harsefeld-esta-abierta\"]}]},{\"@type\":\"ImageObject\",\"inLanguage\":\"es\",\"@id\":\"https:\\\/\\\/sha.de\\\/es\\\/news\\\/la-nueva-radwelt-harsefeld-esta-abierta#primaryimage\",\"url\":\"https:\\\/\\\/sha.de\\\/wp-content\\\/uploads\\\/Radwelt-Harsefeld-Zweiradhandel-5-scaled.jpg\",\"contentUrl\":\"https:\\\/\\\/sha.de\\\/wp-content\\\/uploads\\\/Radwelt-Harsefeld-Zweiradhandel-5-scaled.jpg\",\"width\":1920,\"height\":2560},{\"@type\":\"BreadcrumbList\",\"@id\":\"https:\\\/\\\/sha.de\\\/es\\\/news\\\/la-nueva-radwelt-harsefeld-esta-abierta#breadcrumb\",\"itemListElement\":[{\"@type\":\"ListItem\",\"position\":1,\"name\":\"Startseite\",\"item\":\"https:\\\/\\\/sha.de\\\/es\"},{\"@type\":\"ListItem\",\"position\":2,\"name\":\"La nueva \u00abRadwelt Harsefeld\u00bb est\u00e1 abierta\"}]},{\"@type\":\"WebSite\",\"@id\":\"https:\\\/\\\/sha.de\\\/es#website\",\"url\":\"https:\\\/\\\/sha.de\\\/es\",\"name\":\"SHA Scheffler Helbich Architekten GmbH\",\"description\":\"\",\"potentialAction\":[{\"@type\":\"SearchAction\",\"target\":{\"@type\":\"EntryPoint\",\"urlTemplate\":\"https:\\\/\\\/sha.de\\\/es?s={search_term_string}\"},\"query-input\":{\"@type\":\"PropertyValueSpecification\",\"valueRequired\":true,\"valueName\":\"search_term_string\"}}],\"inLanguage\":\"es\"},{\"@type\":\"Person\",\"@id\":\"https:\\\/\\\/sha.de\\\/es#\\\/schema\\\/person\\\/6d5fd32d5aa7872f1f9191b7244552c9\",\"name\":\"Judith Weitzel\",\"image\":{\"@type\":\"ImageObject\",\"inLanguage\":\"es\",\"@id\":\"https:\\\/\\\/secure.gravatar.com\\\/avatar\\\/c7dca018fdb593c021709193ddb78dc530485d187ec667fb2a0ae6c4097c9957?s=96&d=mm&r=g\",\"url\":\"https:\\\/\\\/secure.gravatar.com\\\/avatar\\\/c7dca018fdb593c021709193ddb78dc530485d187ec667fb2a0ae6c4097c9957?s=96&d=mm&r=g\",\"contentUrl\":\"https:\\\/\\\/secure.gravatar.com\\\/avatar\\\/c7dca018fdb593c021709193ddb78dc530485d187ec667fb2a0ae6c4097c9957?s=96&d=mm&r=g\",\"caption\":\"Judith Weitzel\"}}]}<\/script>\n<!-- \/ Yoast SEO plugin. -->","yoast_head_json":{"title":"La nueva \"Radwelt Harsefeld\" est\u00e1 abierta","description":"El edificio est\u00e1 terminado, la mudanza ha concluido: el nuevo \"Radwelt Harsefeld\", dise\u00f1ado por SHA Scheffler Helbich Architekten, ha abierto sus puertas.","robots":{"index":"index","follow":"follow","max-snippet":"max-snippet:-1","max-image-preview":"max-image-preview:large","max-video-preview":"max-video-preview:-1"},"canonical":"https:\/\/sha.de\/es\/news\/la-nueva-radwelt-harsefeld-esta-abierta","og_locale":"es_ES","og_type":"article","og_title":"La nueva \"Radwelt Harsefeld\" est\u00e1 abierta","og_description":"El edificio est\u00e1 terminado, la mudanza ha concluido: el nuevo \"Radwelt Harsefeld\", dise\u00f1ado por SHA Scheffler Helbich Architekten, ha abierto sus puertas.","og_url":"https:\/\/sha.de\/es\/news\/la-nueva-radwelt-harsefeld-esta-abierta","og_site_name":"SHA Scheffler Helbich Architekten GmbH","article_published_time":"2022-02-24T14:45:56+00:00","article_modified_time":"2024-09-23T14:57:51+00:00","og_image":[{"width":773,"height":1030,"url":"https:\/\/sha.de\/wp-content\/uploads\/Radwelt-Harsefeld-Zweiradhandel-5-773x1030.jpg","type":"image\/jpeg"}],"author":"Judith Weitzel","twitter_card":"summary_large_image","twitter_misc":{"Escrito por":"Judith Weitzel","Tiempo de lectura":"8 minutos"},"schema":{"@context":"https:\/\/schema.org","@graph":[{"@type":"Article","@id":"https:\/\/sha.de\/es\/news\/la-nueva-radwelt-harsefeld-esta-abierta#article","isPartOf":{"@id":"https:\/\/sha.de\/es\/news\/la-nueva-radwelt-harsefeld-esta-abierta"},"author":{"name":"Judith Weitzel","@id":"https:\/\/sha.de\/es#\/schema\/person\/6d5fd32d5aa7872f1f9191b7244552c9"},"headline":"La nueva \u00abRadwelt Harsefeld\u00bb est\u00e1 abierta","datePublished":"2022-02-24T14:45:56+00:00","dateModified":"2024-09-23T14:57:51+00:00","mainEntityOfPage":{"@id":"https:\/\/sha.de\/es\/news\/la-nueva-radwelt-harsefeld-esta-abierta"},"wordCount":1309,"image":{"@id":"https:\/\/sha.de\/es\/news\/la-nueva-radwelt-harsefeld-esta-abierta#primaryimage"},"thumbnailUrl":"https:\/\/sha.de\/wp-content\/uploads\/Radwelt-Harsefeld-Zweiradhandel-5-scaled.jpg","keywords":["Planificaci\u00f3n","Edificio nuevo","Centro de dos ruedas","Comercio de dos ruedas","Comercio de bicicletas","Harsefeld","Nueva apertura"],"articleSection":["Comercio de bicicletas"],"inLanguage":"es"},{"@type":"WebPage","@id":"https:\/\/sha.de\/es\/news\/la-nueva-radwelt-harsefeld-esta-abierta","url":"https:\/\/sha.de\/es\/news\/la-nueva-radwelt-harsefeld-esta-abierta","name":"La nueva \"Radwelt Harsefeld\" est\u00e1 abierta","isPartOf":{"@id":"https:\/\/sha.de\/es#website"},"primaryImageOfPage":{"@id":"https:\/\/sha.de\/es\/news\/la-nueva-radwelt-harsefeld-esta-abierta#primaryimage"},"image":{"@id":"https:\/\/sha.de\/es\/news\/la-nueva-radwelt-harsefeld-esta-abierta#primaryimage"},"thumbnailUrl":"https:\/\/sha.de\/wp-content\/uploads\/Radwelt-Harsefeld-Zweiradhandel-5-scaled.jpg","datePublished":"2022-02-24T14:45:56+00:00","dateModified":"2024-09-23T14:57:51+00:00","author":{"@id":"https:\/\/sha.de\/es#\/schema\/person\/6d5fd32d5aa7872f1f9191b7244552c9"},"description":"El edificio est\u00e1 terminado, la mudanza ha concluido: el nuevo \"Radwelt Harsefeld\", dise\u00f1ado por SHA Scheffler Helbich Architekten, ha abierto sus puertas.","breadcrumb":{"@id":"https:\/\/sha.de\/es\/news\/la-nueva-radwelt-harsefeld-esta-abierta#breadcrumb"},"inLanguage":"es","potentialAction":[{"@type":"ReadAction","target":["https:\/\/sha.de\/es\/news\/la-nueva-radwelt-harsefeld-esta-abierta"]}]},{"@type":"ImageObject","inLanguage":"es","@id":"https:\/\/sha.de\/es\/news\/la-nueva-radwelt-harsefeld-esta-abierta#primaryimage","url":"https:\/\/sha.de\/wp-content\/uploads\/Radwelt-Harsefeld-Zweiradhandel-5-scaled.jpg","contentUrl":"https:\/\/sha.de\/wp-content\/uploads\/Radwelt-Harsefeld-Zweiradhandel-5-scaled.jpg","width":1920,"height":2560},{"@type":"BreadcrumbList","@id":"https:\/\/sha.de\/es\/news\/la-nueva-radwelt-harsefeld-esta-abierta#breadcrumb","itemListElement":[{"@type":"ListItem","position":1,"name":"Startseite","item":"https:\/\/sha.de\/es"},{"@type":"ListItem","position":2,"name":"La nueva \u00abRadwelt Harsefeld\u00bb est\u00e1 abierta"}]},{"@type":"WebSite","@id":"https:\/\/sha.de\/es#website","url":"https:\/\/sha.de\/es","name":"SHA Scheffler Helbich Architekten GmbH","description":"","potentialAction":[{"@type":"SearchAction","target":{"@type":"EntryPoint","urlTemplate":"https:\/\/sha.de\/es?s={search_term_string}"},"query-input":{"@type":"PropertyValueSpecification","valueRequired":true,"valueName":"search_term_string"}}],"inLanguage":"es"},{"@type":"Person","@id":"https:\/\/sha.de\/es#\/schema\/person\/6d5fd32d5aa7872f1f9191b7244552c9","name":"Judith Weitzel","image":{"@type":"ImageObject","inLanguage":"es","@id":"https:\/\/secure.gravatar.com\/avatar\/c7dca018fdb593c021709193ddb78dc530485d187ec667fb2a0ae6c4097c9957?s=96&d=mm&r=g","url":"https:\/\/secure.gravatar.com\/avatar\/c7dca018fdb593c021709193ddb78dc530485d187ec667fb2a0ae6c4097c9957?s=96&d=mm&r=g","contentUrl":"https:\/\/secure.gravatar.com\/avatar\/c7dca018fdb593c021709193ddb78dc530485d187ec667fb2a0ae6c4097c9957?s=96&d=mm&r=g","caption":"Judith Weitzel"}}]}},"_links":{"self":[{"href":"https:\/\/sha.de\/es\/wp-json\/wp\/v2\/posts\/35540","targetHints":{"allow":["GET"]}}],"collection":[{"href":"https:\/\/sha.de\/es\/wp-json\/wp\/v2\/posts"}],"about":[{"href":"https:\/\/sha.de\/es\/wp-json\/wp\/v2\/types\/post"}],"author":[{"embeddable":true,"href":"https:\/\/sha.de\/es\/wp-json\/wp\/v2\/users\/2"}],"replies":[{"embeddable":true,"href":"https:\/\/sha.de\/es\/wp-json\/wp\/v2\/comments?post=35540"}],"version-history":[{"count":3,"href":"https:\/\/sha.de\/es\/wp-json\/wp\/v2\/posts\/35540\/revisions"}],"predecessor-version":[{"id":49206,"href":"https:\/\/sha.de\/es\/wp-json\/wp\/v2\/posts\/35540\/revisions\/49206"}],"wp:featuredmedia":[{"embeddable":true,"href":"https:\/\/sha.de\/es\/wp-json\/wp\/v2\/media\/25898"}],"wp:attachment":[{"href":"https:\/\/sha.de\/es\/wp-json\/wp\/v2\/media?parent=35540"}],"wp:term":[{"taxonomy":"category","embeddable":true,"href":"https:\/\/sha.de\/es\/wp-json\/wp\/v2\/categories?post=35540"},{"taxonomy":"post_tag","embeddable":true,"href":"https:\/\/sha.de\/es\/wp-json\/wp\/v2\/tags?post=35540"}],"curies":[{"name":"wp","href":"https:\/\/api.w.org\/{rel}","templated":true}]}}