{"id":36046,"date":"2020-02-06T13:18:00","date_gmt":"2020-02-06T12:18:00","guid":{"rendered":"https:\/\/sha.de\/aktuelles\/ceremonia-de-colocacion-de-la-primera-piedra-del-centro-urban-bike"},"modified":"2024-09-23T16:59:22","modified_gmt":"2024-09-23T14:59:22","slug":"ceremonia-de-colocacion-de-la-primera-piedra-del-centro-urban-bike","status":"publish","type":"post","link":"https:\/\/sha.de\/es\/news\/ceremonia-de-colocacion-de-la-primera-piedra-del-centro-urban-bike","title":{"rendered":"Ceremonia de colocaci\u00f3n de la primera piedra del centro Urban bike"},"content":{"rendered":"<div id='av_section_1' class='avia-section main_color pt-default pb-default avia-no-border-styling avia-bg-style-scroll  avia-builder-el-0  avia-builder-el-no-sibling   container_wrap fullsize' style=' '  ><div class='container' ><main  role=\"main\" itemprop=\"mainContentOfPage\"  class='template-page content  av-content-full alpha units'><div class='post-entry post-entry-type-page post-entry-36046'><div class='entry-content-wrapper clearfix'>\n\n\t\t\t<div id=\"av-k1hoeuzj\" class=\"headline-column flex_column av_one_full flex_column_div first \">\n\t\t\t\t<div class=\"headline-wrap is-outside align-left sub-bottom\">\n\t\t\t\t\t<h1 class=\"headline-content headline-primary\">Backnang: Ceremonia de colocaci\u00f3n de la primera piedra del centro de bicicletas Urban<\/h1>\n\t\t\t\t\t<h3 class=\"headline-content headline-secondary\">Nuevo edificio para la empresa familiar<\/h3>\n\t\t\t\t<\/div>\n\t\t\t<\/div>\n<div class=\"flex_column av_one_third  flex_column_div av-zero-column-padding first bg-default      avia-builder-el-2  el_after_pixel_sc_headline  el_before_av_one_third  \"><section  class='av_textblock_section av-k5pfdfmq-9bdd61c64fd08882635a98822068b7f9 '   itemscope=\"itemscope\" itemtype=\"https:\/\/schema.org\/BlogPosting\" itemprop=\"blogPost\" ><div class='avia_textblock'  itemprop=\"text\" ><div id=\"js_4uv\" class=\"_5pbx userContent _3576\" data-testid=\"post_message\" data-ft=\"{\">\n<p>\u00a1La ceremonia de colocaci\u00f3n de la primera piedra ya ha tenido lugar! Se est\u00e1 construyendo un nuevo edificio para el centro de bicicletas Urban en Backnang. El signatario autorizado de la SHA, Volker Kaminsky, y el jefe de obra, Mathias Haak, se desplazaron al lugar para felicitar el inicio de las obras y tomar otras disposiciones relativas al avance del proyecto.<\/p>\n<p>No lejos de la ubicaci\u00f3n actual, se est\u00e1 construyendo un nuevo centro con una superficie de venta de casi 1.200 m\u00b2 solamente. Tambi\u00e9n hay almacenes en tres niveles, zonas de servicio y talleres y salas sociales para los empleados.<\/p>\n<p>A partir de principios del pr\u00f3ximo a\u00f1o, los clientes habituales y los nuevos podr\u00e1n echar un vistazo a la enorme selecci\u00f3n de la tienda especializada en la nueva direcci\u00f3n.<\/p>\n<\/div>\n<\/div><\/section><\/div><div class=\"flex_column av_one_third  flex_column_div av-zero-column-padding        avia-builder-el-4  el_after_av_one_third  el_before_av_one_third  \"><section  class='av_textblock_section av-10u9i-2145f984be230f5ffabcafbaea6790df '   itemscope=\"itemscope\" itemtype=\"https:\/\/schema.org\/BlogPosting\" itemprop=\"blogPost\" ><div class='avia_textblock'  itemprop=\"text\" ><p>Todo el mundo espera con impaciencia el nuevo edificio. La simb\u00f3lica ceremonia de colocaci\u00f3n de la primera piedra con Stefanie Urban-H\u00e4bich y Jochen Urban, directores generales de la tienda de bicicletas, lo demostr\u00f3 claramente. \u00abLas exigencias del comercio de bicicletas han cambiado enormemente en los \u00faltimos a\u00f1os debido \u00fanicamente al auge de las bicicletas el\u00e9ctricas, y las necesidades de espacio han aumentado\u00bb, explica Volker Kaminsky. \u00abLa experiencia de compra y el concepto de servicio tambi\u00e9n son cada vez m\u00e1s importantes\u00bb.<\/p>\n<p>El equipo de planificaci\u00f3n del SHA ha hecho un gran trabajo para hacer justicia a todo esto. Una m\u00e9nsula XL sobre la acogedora entrada principal crear\u00e1 un aspecto armonioso a lo largo de la calle. Es m\u00e1s, tambi\u00e9n hay zonas de expansi\u00f3n en el nuevo emplazamiento al sur.<\/p>\n<\/div><\/section><\/div><div class=\"flex_column av_one_third  flex_column_div av-zero-column-padding  bg-default      avia-builder-el-6  el_after_av_one_third  el_before_av_one_full  \"><section  class='av_textblock_section av-k30ao5o3-5d6e10e6baaa11d3210e8720dcc0950a '   itemscope=\"itemscope\" itemtype=\"https:\/\/schema.org\/BlogPosting\" itemprop=\"blogPost\" ><div class='avia_textblock'  itemprop=\"text\" ><div class=\"fakten\">\n<p>Es bueno saberlo: <a href=\"https:\/\/sha.de\/es\/nuestra-oficina\/sha-antes-y-ahora\">Al igual que SHA,<\/a> Zweiradcenter Urban es <a href=\"https:\/\/sha.de\/es\/nuestra-oficina\/sha-antes-y-ahora\">una empresa familiar tradicional<\/a>. El negocio actual tambi\u00e9n fue planificado por SHA hace m\u00e1s de 20 a\u00f1os &#8211; y esto tambi\u00e9n bajo la direcci\u00f3n de Volker Kaminsky, en aquel momento todav\u00eda con la generaci\u00f3n predecesora Urban. \u00abEs un gran aval de nuestro trabajo que los clientes nos vuelvan a hacer un encargo\u00bb, afirma orgulloso el firmante autorizado. El jefe de obra Mathias Haak vigila ahora los costes y los plazos in situ y se asegura de que la planificaci\u00f3n se sincroniza con la realidad de la obra. \u00a1Ya estamos deseando que llegue la inauguraci\u00f3n!<\/p>\n<p><strong>Otros enlaces<\/strong><\/p>\n<ul>\n<li>Nuestra <a href=\"https:\/\/sha.de\/es\/oficina-de-arquitectura-comercio-de-bicicletas\"><span style=\"text-decoration: underline;\">Servicios para el comercio de bicicletas<\/span><\/a><\/li>\n<li><a href=\"http:\/\/www.zweirad-center-urban.de\/\" target=\"_blank\" rel=\"noopener nofollow\"><span style=\"text-decoration: underline;\">P\u00e1gina web del Centro de bicicletas urbanas<\/span><\/a><\/li>\n<\/ul>\n<\/div>\n<\/div><\/section><\/div><div class=\"flex_column av_one_full  flex_column_div av-zero-column-padding first       avia-builder-el-8  el_after_av_one_third  avia-builder-el-last  column-top-margin\"><div class=\"slickgallery \">\n\t<div class=\"pixel-slide-wrap\">\n\t\t<div class=\"pixel-slide\" style=\"display: block; width: 100%; float: left;\">\n\t\t\t\t\n\t\t\t\t\t\t\t\t\t\t\t\t\t\n\t\t\t\t\t<div class=\"pixel-slide__image-wrap slide-1\">\n\t\t\t\t\t\t\t<div class=\"pixel-slide__image \"><a href=\"https:\/\/sha.de\/wp-content\/uploads\/IMG_5321-1133x850.jpg\" rel=\"lightbox\"><img decoding=\"async\" src=\"https:\/\/sha.de\/wp-content\/uploads\/IMG_5321-706x368.jpg\" alt=\"IMG 5321\" title=\"IMG 5321\"><\/a><\/div>\n\t\t\t\t\t<\/div>\n\t\t\t\t\n\t\t\t\t\t\t\t\t\t\t\t\t\t\n\t\t\t\t\t<div class=\"pixel-slide__image-wrap slide-2\">\n\t\t\t\t\t\t\t<div class=\"pixel-slide__image \"><a href=\"https:\/\/sha.de\/wp-content\/uploads\/200205-Fotos-Familie-Urban-Zweiradcenter-10.jpg\" rel=\"lightbox\"><img decoding=\"async\" src=\"https:\/\/sha.de\/wp-content\/uploads\/200205-Fotos-Familie-Urban-Zweiradcenter-10-706x368.jpg\" alt=\"200205 Fotos Familie Urban Zweiradcenter (10)\" title=\"200205 Fotos Familie Urban Zweiradcenter (10)\"><\/a><\/div>\n\t\t\t\t\t<\/div>\n\t\t\t\t\n\t\t\t\t\t\t\t\t\t\t\t\t\t\n\t\t\t\t\t<div class=\"pixel-slide__image-wrap slide-3\">\n\t\t\t\t\t\t\t<div class=\"pixel-slide__image \"><a href=\"https:\/\/sha.de\/wp-content\/uploads\/200205-Fotos-Familie-Urban-Zweiradcenter-1.jpg\" rel=\"lightbox\"><img decoding=\"async\" src=\"https:\/\/sha.de\/wp-content\/uploads\/200205-Fotos-Familie-Urban-Zweiradcenter-1-706x368.jpg\" alt=\"200205 Fotos Familie Urban Zweiradcenter (1)\" title=\"200205 Fotos Familie Urban Zweiradcenter (1)\"><\/a><\/div>\n\t\t\t\t\t<\/div>\n\t\t\t\t\n\t\t\t\t\t\t\t\t\t\t\t\t\t\n\t\t\t\t\t<div class=\"pixel-slide__image-wrap slide-4\">\n\t\t\t\t\t\t\t<div class=\"pixel-slide__image \"><a href=\"https:\/\/sha.de\/wp-content\/uploads\/200205-Fotos-Familie-Urban-Zweiradcenter-3.jpg\" rel=\"lightbox\"><img decoding=\"async\" src=\"https:\/\/sha.de\/wp-content\/uploads\/200205-Fotos-Familie-Urban-Zweiradcenter-3-706x368.jpg\" alt=\"200205 Fotos Familie Urban Zweiradcenter (3)\" title=\"200205 Fotos Familie Urban Zweiradcenter (3)\"><\/a><\/div>\n\t\t\t\t\t<\/div>\n\t\t\t\t\n\t\t\t\t\t\t\t\t\t\t\t\t\t\n\t\t\t\t\t<div class=\"pixel-slide__image-wrap slide-5\">\n\t\t\t\t\t\t\t<div class=\"pixel-slide__image \"><a href=\"https:\/\/sha.de\/wp-content\/uploads\/200205-Fotos-Familie-Urban-Zweiradcenter-4-567x850.jpg\" rel=\"lightbox\"><img decoding=\"async\" src=\"https:\/\/sha.de\/wp-content\/uploads\/200205-Fotos-Familie-Urban-Zweiradcenter-4-706x368.jpg\" alt=\"200205 Fotos Familie Urban Zweiradcenter (4)\" title=\"200205 Fotos Familie Urban Zweiradcenter (4)\"><\/a><\/div>\n\t\t\t\t\t<\/div>\n\t\t\t\t\n\t\t\t\t\t\t\t\t\t\t\t\t\t\n\t\t\t\t\t<div class=\"pixel-slide__image-wrap slide-6\">\n\t\t\t\t\t\t\t<div class=\"pixel-slide__image \"><a href=\"https:\/\/sha.de\/wp-content\/uploads\/200205-Fotos-Familie-Urban-Zweiradcenter-2.jpg\" rel=\"lightbox\"><img decoding=\"async\" src=\"https:\/\/sha.de\/wp-content\/uploads\/200205-Fotos-Familie-Urban-Zweiradcenter-2-706x368.jpg\" alt=\"200205 Fotos Familie Urban Zweiradcenter (2)\" title=\"200205 Fotos Familie Urban Zweiradcenter (2)\"><\/a><\/div>\n\t\t\t\t\t<\/div>\n\t\t\t\t\n\t\t\t\t\t\t\t\t\t\t\t\t\t\n\t\t\t\t\t<div class=\"pixel-slide__image-wrap slide-7\">\n\t\t\t\t\t\t\t<div class=\"pixel-slide__image \"><a href=\"https:\/\/sha.de\/wp-content\/uploads\/200205-Fotos-Familie-Urban-Zweiradcenter-6.jpg\" rel=\"lightbox\"><img decoding=\"async\" src=\"https:\/\/sha.de\/wp-content\/uploads\/200205-Fotos-Familie-Urban-Zweiradcenter-6-706x368.jpg\" alt=\"200205 Fotos Familie Urban Zweiradcenter (6)\" title=\"200205 Fotos Familie Urban Zweiradcenter (6)\"><\/a><\/div>\n\t\t\t\t\t<\/div>\n\t\t\t\t\n\t\t\t\t\t\t\t\t\t\t\t\t\t\n\t\t\t\t\t<div class=\"pixel-slide__image-wrap slide-8\">\n\t\t\t\t\t\t\t<div class=\"pixel-slide__image \"><a href=\"https:\/\/sha.de\/wp-content\/uploads\/200205-Fotos-Familie-Urban-Zweiradcenter-9.jpg\" rel=\"lightbox\"><img decoding=\"async\" src=\"https:\/\/sha.de\/wp-content\/uploads\/200205-Fotos-Familie-Urban-Zweiradcenter-9-706x368.jpg\" alt=\"200205 Fotos Familie Urban Zweiradcenter (9)\" title=\"200205 Fotos Familie Urban Zweiradcenter (9)\"><\/a><\/div>\n\t\t\t\t\t<\/div>\n\t\t\t\t\t\t<\/div>\n\t<\/div>\n<\/div><\/div>\n","protected":false},"excerpt":{"rendered":"<p>Se est\u00e1 construyendo un nuevo edificio para el centro de bicicletas Urban en Backnang, Baden-W\u00fcrttemberg. \u00a1La ceremonia de colocaci\u00f3n de la primera piedra ha terminado! SHA estaba en el lugar.<\/p>\n","protected":false},"author":2,"featured_media":21584,"comment_status":"closed","ping_status":"closed","sticky":false,"template":"","format":"standard","meta":{"_acf_changed":false,"content-type":"","footnotes":""},"categories":[895],"tags":[1001,1076,1127,1255,1561],"class_list":["post-36046","post","type-post","status-publish","format-standard","has-post-thumbnail","hentry","category-comercio-de-bicicletas-es","tag-backnang-es","tag-centro-de-dos-ruedas","tag-comercio-de-bicicletas","tag-ceremonia-de-colocacion-de-la-primera-piedra","tag-comercio-especializado-es"],"acf":[],"yoast_head":"<!-- This site is optimized with the Yoast SEO plugin v27.4 - https:\/\/yoast.com\/product\/yoast-seo-wordpress\/ -->\n<title>Ceremonia de colocaci\u00f3n de la primera piedra del centro Urban bike - SHA Scheffler Helbich Architekten GmbH<\/title>\n<meta name=\"robots\" content=\"index, follow, max-snippet:-1, max-image-preview:large, max-video-preview:-1\" \/>\n<link rel=\"canonical\" href=\"https:\/\/sha.de\/es\/news\/ceremonia-de-colocacion-de-la-primera-piedra-del-centro-urban-bike\" \/>\n<meta property=\"og:locale\" content=\"es_ES\" \/>\n<meta property=\"og:type\" content=\"article\" \/>\n<meta property=\"og:title\" content=\"Ceremonia de colocaci\u00f3n de la primera piedra del centro Urban bike - SHA Scheffler Helbich Architekten GmbH\" \/>\n<meta property=\"og:description\" content=\"Se est\u00e1 construyendo un nuevo edificio para el centro de bicicletas Urban en Backnang, Baden-W\u00fcrttemberg. \u00a1La ceremonia de colocaci\u00f3n de la primera piedra ha terminado! SHA estaba en el lugar.\" \/>\n<meta property=\"og:url\" content=\"https:\/\/sha.de\/es\/news\/ceremonia-de-colocacion-de-la-primera-piedra-del-centro-urban-bike\" \/>\n<meta property=\"og:site_name\" content=\"SHA Scheffler Helbich Architekten GmbH\" \/>\n<meta property=\"article:published_time\" content=\"2020-02-06T12:18:00+00:00\" \/>\n<meta property=\"article:modified_time\" content=\"2024-09-23T14:59:22+00:00\" \/>\n<meta property=\"og:image\" content=\"https:\/\/sha.de\/wp-content\/uploads\/200205-Fotos-Familie-Urban-Zweiradcenter-3.jpg\" \/>\n\t<meta property=\"og:image:width\" content=\"1000\" \/>\n\t<meta property=\"og:image:height\" content=\"667\" \/>\n\t<meta property=\"og:image:type\" content=\"image\/jpeg\" \/>\n<meta name=\"author\" content=\"Judith Weitzel\" \/>\n<meta name=\"twitter:card\" content=\"summary_large_image\" \/>\n<meta name=\"twitter:label1\" content=\"Escrito por\" \/>\n\t<meta name=\"twitter:data1\" content=\"Judith Weitzel\" \/>\n\t<meta name=\"twitter:label2\" content=\"Tiempo de lectura\" \/>\n\t<meta name=\"twitter:data2\" content=\"6 minutos\" \/>\n<script type=\"application\/ld+json\" class=\"yoast-schema-graph\">{\"@context\":\"https:\\\/\\\/schema.org\",\"@graph\":[{\"@type\":\"Article\",\"@id\":\"https:\\\/\\\/sha.de\\\/es\\\/news\\\/ceremonia-de-colocacion-de-la-primera-piedra-del-centro-urban-bike#article\",\"isPartOf\":{\"@id\":\"https:\\\/\\\/sha.de\\\/es\\\/news\\\/ceremonia-de-colocacion-de-la-primera-piedra-del-centro-urban-bike\"},\"author\":{\"name\":\"Judith Weitzel\",\"@id\":\"https:\\\/\\\/sha.de\\\/es#\\\/schema\\\/person\\\/6d5fd32d5aa7872f1f9191b7244552c9\"},\"headline\":\"Ceremonia de colocaci\u00f3n de la primera piedra del centro Urban bike\",\"datePublished\":\"2020-02-06T12:18:00+00:00\",\"dateModified\":\"2024-09-23T14:59:22+00:00\",\"mainEntityOfPage\":{\"@id\":\"https:\\\/\\\/sha.de\\\/es\\\/news\\\/ceremonia-de-colocacion-de-la-primera-piedra-del-centro-urban-bike\"},\"wordCount\":1035,\"image\":{\"@id\":\"https:\\\/\\\/sha.de\\\/es\\\/news\\\/ceremonia-de-colocacion-de-la-primera-piedra-del-centro-urban-bike#primaryimage\"},\"thumbnailUrl\":\"https:\\\/\\\/sha.de\\\/wp-content\\\/uploads\\\/200205-Fotos-Familie-Urban-Zweiradcenter-3.jpg\",\"keywords\":[\"Backnang\",\"Centro de dos ruedas\",\"Comercio de bicicletas\",\"Ceremonia de colocaci\u00f3n de la primera piedra\",\"Comercio especializado\"],\"articleSection\":[\"Comercio de bicicletas\"],\"inLanguage\":\"es\"},{\"@type\":\"WebPage\",\"@id\":\"https:\\\/\\\/sha.de\\\/es\\\/news\\\/ceremonia-de-colocacion-de-la-primera-piedra-del-centro-urban-bike\",\"url\":\"https:\\\/\\\/sha.de\\\/es\\\/news\\\/ceremonia-de-colocacion-de-la-primera-piedra-del-centro-urban-bike\",\"name\":\"Ceremonia de colocaci\u00f3n de la primera piedra del centro Urban bike - SHA Scheffler Helbich Architekten GmbH\",\"isPartOf\":{\"@id\":\"https:\\\/\\\/sha.de\\\/es#website\"},\"primaryImageOfPage\":{\"@id\":\"https:\\\/\\\/sha.de\\\/es\\\/news\\\/ceremonia-de-colocacion-de-la-primera-piedra-del-centro-urban-bike#primaryimage\"},\"image\":{\"@id\":\"https:\\\/\\\/sha.de\\\/es\\\/news\\\/ceremonia-de-colocacion-de-la-primera-piedra-del-centro-urban-bike#primaryimage\"},\"thumbnailUrl\":\"https:\\\/\\\/sha.de\\\/wp-content\\\/uploads\\\/200205-Fotos-Familie-Urban-Zweiradcenter-3.jpg\",\"datePublished\":\"2020-02-06T12:18:00+00:00\",\"dateModified\":\"2024-09-23T14:59:22+00:00\",\"author\":{\"@id\":\"https:\\\/\\\/sha.de\\\/es#\\\/schema\\\/person\\\/6d5fd32d5aa7872f1f9191b7244552c9\"},\"breadcrumb\":{\"@id\":\"https:\\\/\\\/sha.de\\\/es\\\/news\\\/ceremonia-de-colocacion-de-la-primera-piedra-del-centro-urban-bike#breadcrumb\"},\"inLanguage\":\"es\",\"potentialAction\":[{\"@type\":\"ReadAction\",\"target\":[\"https:\\\/\\\/sha.de\\\/es\\\/news\\\/ceremonia-de-colocacion-de-la-primera-piedra-del-centro-urban-bike\"]}]},{\"@type\":\"ImageObject\",\"inLanguage\":\"es\",\"@id\":\"https:\\\/\\\/sha.de\\\/es\\\/news\\\/ceremonia-de-colocacion-de-la-primera-piedra-del-centro-urban-bike#primaryimage\",\"url\":\"https:\\\/\\\/sha.de\\\/wp-content\\\/uploads\\\/200205-Fotos-Familie-Urban-Zweiradcenter-3.jpg\",\"contentUrl\":\"https:\\\/\\\/sha.de\\\/wp-content\\\/uploads\\\/200205-Fotos-Familie-Urban-Zweiradcenter-3.jpg\",\"width\":1000,\"height\":667},{\"@type\":\"BreadcrumbList\",\"@id\":\"https:\\\/\\\/sha.de\\\/es\\\/news\\\/ceremonia-de-colocacion-de-la-primera-piedra-del-centro-urban-bike#breadcrumb\",\"itemListElement\":[{\"@type\":\"ListItem\",\"position\":1,\"name\":\"Startseite\",\"item\":\"https:\\\/\\\/sha.de\\\/es\"},{\"@type\":\"ListItem\",\"position\":2,\"name\":\"Ceremonia de colocaci\u00f3n de la primera piedra del centro Urban bike\"}]},{\"@type\":\"WebSite\",\"@id\":\"https:\\\/\\\/sha.de\\\/es#website\",\"url\":\"https:\\\/\\\/sha.de\\\/es\",\"name\":\"SHA Scheffler Helbich Architekten GmbH\",\"description\":\"\",\"potentialAction\":[{\"@type\":\"SearchAction\",\"target\":{\"@type\":\"EntryPoint\",\"urlTemplate\":\"https:\\\/\\\/sha.de\\\/es?s={search_term_string}\"},\"query-input\":{\"@type\":\"PropertyValueSpecification\",\"valueRequired\":true,\"valueName\":\"search_term_string\"}}],\"inLanguage\":\"es\"},{\"@type\":\"Person\",\"@id\":\"https:\\\/\\\/sha.de\\\/es#\\\/schema\\\/person\\\/6d5fd32d5aa7872f1f9191b7244552c9\",\"name\":\"Judith Weitzel\",\"image\":{\"@type\":\"ImageObject\",\"inLanguage\":\"es\",\"@id\":\"https:\\\/\\\/secure.gravatar.com\\\/avatar\\\/c7dca018fdb593c021709193ddb78dc530485d187ec667fb2a0ae6c4097c9957?s=96&d=mm&r=g\",\"url\":\"https:\\\/\\\/secure.gravatar.com\\\/avatar\\\/c7dca018fdb593c021709193ddb78dc530485d187ec667fb2a0ae6c4097c9957?s=96&d=mm&r=g\",\"contentUrl\":\"https:\\\/\\\/secure.gravatar.com\\\/avatar\\\/c7dca018fdb593c021709193ddb78dc530485d187ec667fb2a0ae6c4097c9957?s=96&d=mm&r=g\",\"caption\":\"Judith Weitzel\"}}]}<\/script>\n<!-- \/ Yoast SEO plugin. -->","yoast_head_json":{"title":"Ceremonia de colocaci\u00f3n de la primera piedra del centro Urban bike - SHA Scheffler Helbich Architekten GmbH","robots":{"index":"index","follow":"follow","max-snippet":"max-snippet:-1","max-image-preview":"max-image-preview:large","max-video-preview":"max-video-preview:-1"},"canonical":"https:\/\/sha.de\/es\/news\/ceremonia-de-colocacion-de-la-primera-piedra-del-centro-urban-bike","og_locale":"es_ES","og_type":"article","og_title":"Ceremonia de colocaci\u00f3n de la primera piedra del centro Urban bike - SHA Scheffler Helbich Architekten GmbH","og_description":"Se est\u00e1 construyendo un nuevo edificio para el centro de bicicletas Urban en Backnang, Baden-W\u00fcrttemberg. \u00a1La ceremonia de colocaci\u00f3n de la primera piedra ha terminado! SHA estaba en el lugar.","og_url":"https:\/\/sha.de\/es\/news\/ceremonia-de-colocacion-de-la-primera-piedra-del-centro-urban-bike","og_site_name":"SHA Scheffler Helbich Architekten GmbH","article_published_time":"2020-02-06T12:18:00+00:00","article_modified_time":"2024-09-23T14:59:22+00:00","og_image":[{"width":1000,"height":667,"url":"https:\/\/sha.de\/wp-content\/uploads\/200205-Fotos-Familie-Urban-Zweiradcenter-3.jpg","type":"image\/jpeg"}],"author":"Judith Weitzel","twitter_card":"summary_large_image","twitter_misc":{"Escrito por":"Judith Weitzel","Tiempo de lectura":"6 minutos"},"schema":{"@context":"https:\/\/schema.org","@graph":[{"@type":"Article","@id":"https:\/\/sha.de\/es\/news\/ceremonia-de-colocacion-de-la-primera-piedra-del-centro-urban-bike#article","isPartOf":{"@id":"https:\/\/sha.de\/es\/news\/ceremonia-de-colocacion-de-la-primera-piedra-del-centro-urban-bike"},"author":{"name":"Judith Weitzel","@id":"https:\/\/sha.de\/es#\/schema\/person\/6d5fd32d5aa7872f1f9191b7244552c9"},"headline":"Ceremonia de colocaci\u00f3n de la primera piedra del centro Urban bike","datePublished":"2020-02-06T12:18:00+00:00","dateModified":"2024-09-23T14:59:22+00:00","mainEntityOfPage":{"@id":"https:\/\/sha.de\/es\/news\/ceremonia-de-colocacion-de-la-primera-piedra-del-centro-urban-bike"},"wordCount":1035,"image":{"@id":"https:\/\/sha.de\/es\/news\/ceremonia-de-colocacion-de-la-primera-piedra-del-centro-urban-bike#primaryimage"},"thumbnailUrl":"https:\/\/sha.de\/wp-content\/uploads\/200205-Fotos-Familie-Urban-Zweiradcenter-3.jpg","keywords":["Backnang","Centro de dos ruedas","Comercio de bicicletas","Ceremonia de colocaci\u00f3n de la primera piedra","Comercio especializado"],"articleSection":["Comercio de bicicletas"],"inLanguage":"es"},{"@type":"WebPage","@id":"https:\/\/sha.de\/es\/news\/ceremonia-de-colocacion-de-la-primera-piedra-del-centro-urban-bike","url":"https:\/\/sha.de\/es\/news\/ceremonia-de-colocacion-de-la-primera-piedra-del-centro-urban-bike","name":"Ceremonia de colocaci\u00f3n de la primera piedra del centro Urban bike - SHA Scheffler Helbich Architekten GmbH","isPartOf":{"@id":"https:\/\/sha.de\/es#website"},"primaryImageOfPage":{"@id":"https:\/\/sha.de\/es\/news\/ceremonia-de-colocacion-de-la-primera-piedra-del-centro-urban-bike#primaryimage"},"image":{"@id":"https:\/\/sha.de\/es\/news\/ceremonia-de-colocacion-de-la-primera-piedra-del-centro-urban-bike#primaryimage"},"thumbnailUrl":"https:\/\/sha.de\/wp-content\/uploads\/200205-Fotos-Familie-Urban-Zweiradcenter-3.jpg","datePublished":"2020-02-06T12:18:00+00:00","dateModified":"2024-09-23T14:59:22+00:00","author":{"@id":"https:\/\/sha.de\/es#\/schema\/person\/6d5fd32d5aa7872f1f9191b7244552c9"},"breadcrumb":{"@id":"https:\/\/sha.de\/es\/news\/ceremonia-de-colocacion-de-la-primera-piedra-del-centro-urban-bike#breadcrumb"},"inLanguage":"es","potentialAction":[{"@type":"ReadAction","target":["https:\/\/sha.de\/es\/news\/ceremonia-de-colocacion-de-la-primera-piedra-del-centro-urban-bike"]}]},{"@type":"ImageObject","inLanguage":"es","@id":"https:\/\/sha.de\/es\/news\/ceremonia-de-colocacion-de-la-primera-piedra-del-centro-urban-bike#primaryimage","url":"https:\/\/sha.de\/wp-content\/uploads\/200205-Fotos-Familie-Urban-Zweiradcenter-3.jpg","contentUrl":"https:\/\/sha.de\/wp-content\/uploads\/200205-Fotos-Familie-Urban-Zweiradcenter-3.jpg","width":1000,"height":667},{"@type":"BreadcrumbList","@id":"https:\/\/sha.de\/es\/news\/ceremonia-de-colocacion-de-la-primera-piedra-del-centro-urban-bike#breadcrumb","itemListElement":[{"@type":"ListItem","position":1,"name":"Startseite","item":"https:\/\/sha.de\/es"},{"@type":"ListItem","position":2,"name":"Ceremonia de colocaci\u00f3n de la primera piedra del centro Urban bike"}]},{"@type":"WebSite","@id":"https:\/\/sha.de\/es#website","url":"https:\/\/sha.de\/es","name":"SHA Scheffler Helbich Architekten GmbH","description":"","potentialAction":[{"@type":"SearchAction","target":{"@type":"EntryPoint","urlTemplate":"https:\/\/sha.de\/es?s={search_term_string}"},"query-input":{"@type":"PropertyValueSpecification","valueRequired":true,"valueName":"search_term_string"}}],"inLanguage":"es"},{"@type":"Person","@id":"https:\/\/sha.de\/es#\/schema\/person\/6d5fd32d5aa7872f1f9191b7244552c9","name":"Judith Weitzel","image":{"@type":"ImageObject","inLanguage":"es","@id":"https:\/\/secure.gravatar.com\/avatar\/c7dca018fdb593c021709193ddb78dc530485d187ec667fb2a0ae6c4097c9957?s=96&d=mm&r=g","url":"https:\/\/secure.gravatar.com\/avatar\/c7dca018fdb593c021709193ddb78dc530485d187ec667fb2a0ae6c4097c9957?s=96&d=mm&r=g","contentUrl":"https:\/\/secure.gravatar.com\/avatar\/c7dca018fdb593c021709193ddb78dc530485d187ec667fb2a0ae6c4097c9957?s=96&d=mm&r=g","caption":"Judith Weitzel"}}]}},"_links":{"self":[{"href":"https:\/\/sha.de\/es\/wp-json\/wp\/v2\/posts\/36046","targetHints":{"allow":["GET"]}}],"collection":[{"href":"https:\/\/sha.de\/es\/wp-json\/wp\/v2\/posts"}],"about":[{"href":"https:\/\/sha.de\/es\/wp-json\/wp\/v2\/types\/post"}],"author":[{"embeddable":true,"href":"https:\/\/sha.de\/es\/wp-json\/wp\/v2\/users\/2"}],"replies":[{"embeddable":true,"href":"https:\/\/sha.de\/es\/wp-json\/wp\/v2\/comments?post=36046"}],"version-history":[{"count":4,"href":"https:\/\/sha.de\/es\/wp-json\/wp\/v2\/posts\/36046\/revisions"}],"predecessor-version":[{"id":50004,"href":"https:\/\/sha.de\/es\/wp-json\/wp\/v2\/posts\/36046\/revisions\/50004"}],"wp:featuredmedia":[{"embeddable":true,"href":"https:\/\/sha.de\/es\/wp-json\/wp\/v2\/media\/21584"}],"wp:attachment":[{"href":"https:\/\/sha.de\/es\/wp-json\/wp\/v2\/media?parent=36046"}],"wp:term":[{"taxonomy":"category","embeddable":true,"href":"https:\/\/sha.de\/es\/wp-json\/wp\/v2\/categories?post=36046"},{"taxonomy":"post_tag","embeddable":true,"href":"https:\/\/sha.de\/es\/wp-json\/wp\/v2\/tags?post=36046"}],"curies":[{"name":"wp","href":"https:\/\/api.w.org\/{rel}","templated":true}]}}