{"id":36134,"date":"2020-03-12T13:30:59","date_gmt":"2020-03-12T12:30:59","guid":{"rendered":"https:\/\/sha.de\/aktuelles\/por-nuestra-cuenta-sha-se-traslada-a-phoenixwerk"},"modified":"2024-09-23T16:59:34","modified_gmt":"2024-09-23T14:59:34","slug":"por-nuestra-cuenta-sha-se-traslada-a-phoenixwerk","status":"publish","type":"post","link":"https:\/\/sha.de\/es\/news\/por-nuestra-cuenta-sha-se-traslada-a-phoenixwerk","title":{"rendered":"Por nuestra cuenta: SHA se traslada a PhoenixWERK"},"content":{"rendered":"<div id='av_section_1' class='avia-section main_color pt-default pb-default avia-no-border-styling avia-bg-style-scroll  avia-builder-el-0  avia-builder-el-no-sibling   container_wrap fullsize' style=' '  ><div class='container' ><main  role=\"main\" itemprop=\"mainContentOfPage\"  class='template-page content  av-content-full alpha units'><div class='post-entry post-entry-type-page post-entry-36134'><div class='entry-content-wrapper clearfix'>\n\n\t\t\t<div id=\"av-k1hoeuzj\" class=\"headline-column flex_column av_one_full flex_column_div first \">\n\t\t\t\t<div class=\"headline-wrap is-outside align-left sub-bottom\">\n\t\t\t\t\t<h1 class=\"headline-content headline-primary\">Por nuestra cuenta: SHA se traslada a PhoenixWERK<\/h1>\n\t\t\t\t\t<h3 class=\"headline-content headline-secondary\">Nueva ubicaci\u00f3n<\/h3>\n\t\t\t\t<\/div>\n\t\t\t<\/div>\n<div class=\"flex_column av_one_third  flex_column_div av-zero-column-padding first bg-default      avia-builder-el-2  el_after_pixel_sc_headline  el_before_av_one_third  \"><section  class='av_textblock_section av-k5pfdfmq-75eeeeace81604f9741c5e0bb23a16ef '   itemscope=\"itemscope\" itemtype=\"https:\/\/schema.org\/BlogPosting\" itemprop=\"blogPost\" ><div class='avia_textblock'  itemprop=\"text\" ><p>Hoy lo anunciamos por nuestra cuenta: SHA Scheffler Helbich Architekten GmbH \u00a1se muda!<\/p>\n<p>Las dos sedes de SHA en Dortmund (la anterior sede en Aplerbeck y la oficina en la antigua f\u00e1brica de chocolate) se reunir\u00e1n en el centro de innovaci\u00f3n PHOENIX West. El complejo de oficinas <a href=\"https:\/\/sha.de\/es\/proyectos\/oficina-y-administracion\/innovador-espacio-de-trabajo-en-phoenix-west-en-dortmund-horde\">PhoenixWERK<\/a>, proyectado y realizado por SHA, ser\u00e1 a partir de ahora la sede de nuestra empresa familiar y de su equipo de unas 35 personas.<\/p>\n<p>Por ello, hoy anunciamos ya que habr\u00e1 ligeras restricciones de disponibilidad durante la mudanza: Trabajaremos para usted como de costumbre en las dos antiguas sedes hasta el 25 de marzo.<\/p>\n<p>En 26. y Sin embargo, el 27 de marzo nos trasladaremos y le rogamos que comprenda que durante este tiempo s\u00f3lo estaremos disponibles de forma limitada y \u00fanicamente en casos urgentes en el tel\u00e9fono 0151 4622 7665.<\/p>\n<\/div><\/section><\/div><div class=\"flex_column av_one_third  flex_column_div av-zero-column-padding        avia-builder-el-4  el_after_av_one_third  el_before_av_one_third  \"><section  class='av_textblock_section av-10u9i-2145f984be230f5ffabcafbaea6790df '   itemscope=\"itemscope\" itemtype=\"https:\/\/schema.org\/BlogPosting\" itemprop=\"blogPost\" ><div class='avia_textblock'  itemprop=\"text\" ><p>En el lugar<\/p>\n<p style=\"text-align: left;\"><strong>PhoenixWERK<br \/>\nPhoenixplatz 3<br \/>\n44263 Dortmund<\/strong><\/p>\n<p>volveremos a atenderle como siempre <strong>a partir del 30 de marzo de 2020<\/strong>.<\/p>\n<p>Tambi\u00e9n nos complacer\u00eda que actualizara los datos de nuestras direcciones en sus sistemas.  <strong>Todos los n\u00fameros de tel\u00e9fono y direcciones de correo electr\u00f3nico siguen siendo v\u00e1lidos.<\/strong><\/p>\n<p><a href=\"https:\/\/www.wirtschaftsfoerderung-dortmund.de\/investition\/phoenix-west\" target=\"_blank\" rel=\"noopener nofollow\">Phoenix WEST<\/a> es un importante escaparate urban\u00edstico para la ciudad de Dortmund, con excelentes conexiones de transporte y mayores oportunidades de desarrollo. Estamos orgullosos de formar parte del centro tecnol\u00f3gico y de servicios y esperamos poder darle la bienvenida a PhoenixWERK en el futuro.<\/p>\n<\/div><\/section><\/div><div class=\"flex_column av_one_third  flex_column_div av-zero-column-padding  bg-default      avia-builder-el-6  el_after_av_one_third  el_before_av_one_full  \"><div class=\"quotebox  has-image bg-grey  image-top\"><div class=\"quotebox__inner\"><div class=\"quotebox__media\"><img decoding=\"async\" src=\"https:\/\/sha.de\/wp-content\/uploads\/Christoph-und-Birgit-Helbich-706x368.jpg\" alt=\"Christoph und Birgit Helbich\" \/><\/div><div class=\"quotebox__content\"><div class=\"quotebox__quote\"><span class=\"quotebox-text quotebox-quote\">\u00bbTodo el mundo est\u00e1 muy ilusionado con la nueva oficina.\u00ab<\/span><\/div><div class=\"quotebox__info\"><span class=\"quotebox-text quotebox-name\">Christoph und Birgit Helbich<\/span><span class=\"quotebox-text quotebox-desc\"><\/span><\/div><\/div><\/div><\/div><\/div><div class=\"flex_column av_one_full  flex_column_div av-zero-column-padding first       avia-builder-el-8  el_after_av_one_third  avia-builder-el-last  column-top-margin\"><div class=\"slickgallery \">\n\t<div class=\"pixel-slide-wrap\">\n\t\t<div class=\"pixel-slide\" style=\"display: block; width: 100%; float: left;\">\n\t\t\t\t\n\t\t\t\t\t\t\t\t\t\t\t\t\t\n\t\t\t\t\t<div class=\"pixel-slide__image-wrap slide-1\">\n\t\t\t\t\t\t\t<div class=\"pixel-slide__image \"><a href=\"https:\/\/sha.de\/wp-content\/uploads\/referenz_phoenixwerk_beitragsbild.jpg\" rel=\"lightbox\"><img decoding=\"async\" src=\"https:\/\/sha.de\/wp-content\/uploads\/referenz_phoenixwerk_beitragsbild-706x368.jpg\" alt=\"Referenz Phoenixwerk Beitragsbild\" title=\"Referenz Phoenixwerk Beitragsbild\"><\/a><\/div>\n\t\t\t\t\t<\/div>\n\t\t\t\t\n\t\t\t\t\t\t\t\t\t\t\t\t\t\n\t\t\t\t\t<div class=\"pixel-slide__image-wrap slide-2\">\n\t\t\t\t\t\t\t<div class=\"pixel-slide__image \"><a href=\"https:\/\/sha.de\/wp-content\/uploads\/PHOENIXWERK_Adress\u00e4nderung2-1276x850.jpg\" rel=\"lightbox\"><img decoding=\"async\" src=\"https:\/\/sha.de\/wp-content\/uploads\/PHOENIXWERK_Adress\u00e4nderung2-706x368.jpg\" alt=\"PHOENIXWERK Adress\u00e4nderung2\" title=\"PHOENIXWERK Adress\u00e4nderung2\"><\/a><\/div>\n\t\t\t\t\t<\/div>\n\t\t\t\t\n\t\t\t\t\t\t\t\t\t\t\t\t\t\n\t\t\t\t\t<div class=\"pixel-slide__image-wrap slide-3\">\n\t\t\t\t\t\t\t<div class=\"pixel-slide__image \"><a href=\"https:\/\/sha.de\/wp-content\/uploads\/PHOENIXWERK_Spatenstich_Baustelle-3-1275x850.jpg\" rel=\"lightbox\"><img decoding=\"async\" src=\"https:\/\/sha.de\/wp-content\/uploads\/PHOENIXWERK_Spatenstich_Baustelle-3-706x368.jpg\" alt=\"PHOENIXWERK Spatenstich Baustelle (3)\" title=\"PHOENIXWERK Spatenstich Baustelle (3)\"><\/a><\/div>\n\t\t\t\t\t<\/div>\n\t\t\t\t\n\t\t\t\t\t\t\t\t\t\t\t\t\t\n\t\t\t\t\t<div class=\"pixel-slide__image-wrap slide-4\">\n\t\t\t\t\t\t\t<div class=\"pixel-slide__image \"><a href=\"https:\/\/sha.de\/wp-content\/uploads\/PHOENIXWERK_Spatenstich_Helme_Hochofen-567x850.jpg\" rel=\"lightbox\"><img decoding=\"async\" src=\"https:\/\/sha.de\/wp-content\/uploads\/PHOENIXWERK_Spatenstich_Helme_Hochofen-706x368.jpg\" alt=\"PHOENIXWERK Spatenstich Helme Hochofen\" title=\"PHOENIXWERK Spatenstich Helme Hochofen\"><\/a><\/div>\n\t\t\t\t\t<\/div>\n\t\t\t\t\n\t\t\t\t\t\t\t\t\t\t\t\t\t\n\t\t\t\t\t<div class=\"pixel-slide__image-wrap slide-5\">\n\t\t\t\t\t\t\t<div class=\"pixel-slide__image \"><a href=\"https:\/\/sha.de\/wp-content\/uploads\/referenze_phoenixwerk_gallery_03.jpg\" rel=\"lightbox\"><img decoding=\"async\" src=\"https:\/\/sha.de\/wp-content\/uploads\/referenze_phoenixwerk_gallery_03-706x368.jpg\" alt=\"Referenze Phoenixwerk Gallery 03\" title=\"Referenze Phoenixwerk Gallery 03\"><\/a><\/div>\n\t\t\t\t\t<\/div>\n\t\t\t\t\t\t<\/div>\n\t<\/div>\n<\/div><\/div>\n","protected":false},"excerpt":{"rendered":"<p>Hoy lo anunciamos por nuestra cuenta: SHA Scheffler Helbich Architekten GmbH \u00a1se muda! Nuestro nuevo hogar ser\u00e1 el PhoenixWERK en PHOENIX West.  <\/p>\n","protected":false},"author":2,"featured_media":21566,"comment_status":"closed","ping_status":"closed","sticky":false,"template":"","format":"standard","meta":{"_acf_changed":false,"content-type":"","footnotes":""},"categories":[905,894,899,902],"tags":[1098,1009,1019,1052],"class_list":["post-36134","post","type-post","status-publish","format-standard","has-post-thumbnail","hentry","category-administracion","category-dortmund-es","category-sha-como-empleador","category-nuestro-equipo","tag-edificio-administrativo","tag-sha-es","tag-edificio-de-oficinas","tag-dortmund-es"],"acf":[],"yoast_head":"<!-- This site is optimized with the Yoast SEO plugin v27.4 - https:\/\/yoast.com\/product\/yoast-seo-wordpress\/ -->\n<title>Por nuestra cuenta: SHA se traslada a PhoenixWERK - SHA Scheffler Helbich Architekten GmbH<\/title>\n<meta name=\"description\" content=\"\u00a1SHA Scheffler Helbich Architekten GmbH se muda! Las dos sedes de SHA en Dortmund se reunir\u00e1n en el centro de innovaci\u00f3n PHOENIX West. El complejo de oficinas PhoenixWERK, proyectado y realizado por SHA, ser\u00e1 a partir de ahora la sede de nuestra empresa familiar y de su equipo de unas 35 personas.\" \/>\n<meta name=\"robots\" content=\"index, follow, max-snippet:-1, max-image-preview:large, max-video-preview:-1\" \/>\n<link rel=\"canonical\" href=\"https:\/\/sha.de\/es\/news\/por-nuestra-cuenta-sha-se-traslada-a-phoenixwerk\" \/>\n<meta property=\"og:locale\" content=\"es_ES\" \/>\n<meta property=\"og:type\" content=\"article\" \/>\n<meta property=\"og:title\" content=\"Por nuestra cuenta: SHA se traslada a PhoenixWERK - SHA Scheffler Helbich Architekten GmbH\" \/>\n<meta property=\"og:description\" content=\"\u00a1SHA Scheffler Helbich Architekten GmbH se muda! Las dos sedes de SHA en Dortmund se reunir\u00e1n en el centro de innovaci\u00f3n PHOENIX West. El complejo de oficinas PhoenixWERK, proyectado y realizado por SHA, ser\u00e1 a partir de ahora la sede de nuestra empresa familiar y de su equipo de unas 35 personas.\" \/>\n<meta property=\"og:url\" content=\"https:\/\/sha.de\/es\/news\/por-nuestra-cuenta-sha-se-traslada-a-phoenixwerk\" \/>\n<meta property=\"og:site_name\" content=\"SHA Scheffler Helbich Architekten GmbH\" \/>\n<meta property=\"article:published_time\" content=\"2020-03-12T12:30:59+00:00\" \/>\n<meta property=\"article:modified_time\" content=\"2024-09-23T14:59:34+00:00\" \/>\n<meta property=\"og:image\" content=\"https:\/\/sha.de\/wp-content\/uploads\/PHOENIXWERK_Adress\u00e4nderung2.jpg\" \/>\n\t<meta property=\"og:image:width\" content=\"1672\" \/>\n\t<meta property=\"og:image:height\" content=\"1114\" \/>\n\t<meta property=\"og:image:type\" content=\"image\/jpeg\" \/>\n<meta name=\"author\" content=\"Judith Weitzel\" \/>\n<meta name=\"twitter:card\" content=\"summary_large_image\" \/>\n<meta name=\"twitter:label1\" content=\"Escrito por\" \/>\n\t<meta name=\"twitter:data1\" content=\"Judith Weitzel\" \/>\n\t<meta name=\"twitter:label2\" content=\"Tiempo de lectura\" \/>\n\t<meta name=\"twitter:data2\" content=\"5 minutos\" \/>\n<script type=\"application\/ld+json\" class=\"yoast-schema-graph\">{\"@context\":\"https:\\\/\\\/schema.org\",\"@graph\":[{\"@type\":\"Article\",\"@id\":\"https:\\\/\\\/sha.de\\\/es\\\/news\\\/por-nuestra-cuenta-sha-se-traslada-a-phoenixwerk#article\",\"isPartOf\":{\"@id\":\"https:\\\/\\\/sha.de\\\/es\\\/news\\\/por-nuestra-cuenta-sha-se-traslada-a-phoenixwerk\"},\"author\":{\"name\":\"Judith Weitzel\",\"@id\":\"https:\\\/\\\/sha.de\\\/es#\\\/schema\\\/person\\\/6d5fd32d5aa7872f1f9191b7244552c9\"},\"headline\":\"Por nuestra cuenta: SHA se traslada a PhoenixWERK\",\"datePublished\":\"2020-03-12T12:30:59+00:00\",\"dateModified\":\"2024-09-23T14:59:34+00:00\",\"mainEntityOfPage\":{\"@id\":\"https:\\\/\\\/sha.de\\\/es\\\/news\\\/por-nuestra-cuenta-sha-se-traslada-a-phoenixwerk\"},\"wordCount\":880,\"image\":{\"@id\":\"https:\\\/\\\/sha.de\\\/es\\\/news\\\/por-nuestra-cuenta-sha-se-traslada-a-phoenixwerk#primaryimage\"},\"thumbnailUrl\":\"https:\\\/\\\/sha.de\\\/wp-content\\\/uploads\\\/PHOENIXWERK_Adress\u00e4nderung2.jpg\",\"keywords\":[\"Edificio administrativo\",\"SHA\",\"Edificio de oficinas\",\"Dortmund\"],\"articleSection\":[\"Administraci\u00f3n\",\"Dortmund\",\"SHA como empleador\",\"Nuestro equipo\"],\"inLanguage\":\"es\"},{\"@type\":\"WebPage\",\"@id\":\"https:\\\/\\\/sha.de\\\/es\\\/news\\\/por-nuestra-cuenta-sha-se-traslada-a-phoenixwerk\",\"url\":\"https:\\\/\\\/sha.de\\\/es\\\/news\\\/por-nuestra-cuenta-sha-se-traslada-a-phoenixwerk\",\"name\":\"Por nuestra cuenta: SHA se traslada a PhoenixWERK - SHA Scheffler Helbich Architekten GmbH\",\"isPartOf\":{\"@id\":\"https:\\\/\\\/sha.de\\\/es#website\"},\"primaryImageOfPage\":{\"@id\":\"https:\\\/\\\/sha.de\\\/es\\\/news\\\/por-nuestra-cuenta-sha-se-traslada-a-phoenixwerk#primaryimage\"},\"image\":{\"@id\":\"https:\\\/\\\/sha.de\\\/es\\\/news\\\/por-nuestra-cuenta-sha-se-traslada-a-phoenixwerk#primaryimage\"},\"thumbnailUrl\":\"https:\\\/\\\/sha.de\\\/wp-content\\\/uploads\\\/PHOENIXWERK_Adress\u00e4nderung2.jpg\",\"datePublished\":\"2020-03-12T12:30:59+00:00\",\"dateModified\":\"2024-09-23T14:59:34+00:00\",\"author\":{\"@id\":\"https:\\\/\\\/sha.de\\\/es#\\\/schema\\\/person\\\/6d5fd32d5aa7872f1f9191b7244552c9\"},\"description\":\"\u00a1SHA Scheffler Helbich Architekten GmbH se muda! Las dos sedes de SHA en Dortmund se reunir\u00e1n en el centro de innovaci\u00f3n PHOENIX West. El complejo de oficinas PhoenixWERK, proyectado y realizado por SHA, ser\u00e1 a partir de ahora la sede de nuestra empresa familiar y de su equipo de unas 35 personas.\",\"breadcrumb\":{\"@id\":\"https:\\\/\\\/sha.de\\\/es\\\/news\\\/por-nuestra-cuenta-sha-se-traslada-a-phoenixwerk#breadcrumb\"},\"inLanguage\":\"es\",\"potentialAction\":[{\"@type\":\"ReadAction\",\"target\":[\"https:\\\/\\\/sha.de\\\/es\\\/news\\\/por-nuestra-cuenta-sha-se-traslada-a-phoenixwerk\"]}]},{\"@type\":\"ImageObject\",\"inLanguage\":\"es\",\"@id\":\"https:\\\/\\\/sha.de\\\/es\\\/news\\\/por-nuestra-cuenta-sha-se-traslada-a-phoenixwerk#primaryimage\",\"url\":\"https:\\\/\\\/sha.de\\\/wp-content\\\/uploads\\\/PHOENIXWERK_Adress\u00e4nderung2.jpg\",\"contentUrl\":\"https:\\\/\\\/sha.de\\\/wp-content\\\/uploads\\\/PHOENIXWERK_Adress\u00e4nderung2.jpg\",\"width\":1672,\"height\":1114},{\"@type\":\"BreadcrumbList\",\"@id\":\"https:\\\/\\\/sha.de\\\/es\\\/news\\\/por-nuestra-cuenta-sha-se-traslada-a-phoenixwerk#breadcrumb\",\"itemListElement\":[{\"@type\":\"ListItem\",\"position\":1,\"name\":\"Startseite\",\"item\":\"https:\\\/\\\/sha.de\\\/es\"},{\"@type\":\"ListItem\",\"position\":2,\"name\":\"Por nuestra cuenta: SHA se traslada a PhoenixWERK\"}]},{\"@type\":\"WebSite\",\"@id\":\"https:\\\/\\\/sha.de\\\/es#website\",\"url\":\"https:\\\/\\\/sha.de\\\/es\",\"name\":\"SHA Scheffler Helbich Architekten GmbH\",\"description\":\"\",\"potentialAction\":[{\"@type\":\"SearchAction\",\"target\":{\"@type\":\"EntryPoint\",\"urlTemplate\":\"https:\\\/\\\/sha.de\\\/es?s={search_term_string}\"},\"query-input\":{\"@type\":\"PropertyValueSpecification\",\"valueRequired\":true,\"valueName\":\"search_term_string\"}}],\"inLanguage\":\"es\"},{\"@type\":\"Person\",\"@id\":\"https:\\\/\\\/sha.de\\\/es#\\\/schema\\\/person\\\/6d5fd32d5aa7872f1f9191b7244552c9\",\"name\":\"Judith Weitzel\",\"image\":{\"@type\":\"ImageObject\",\"inLanguage\":\"es\",\"@id\":\"https:\\\/\\\/secure.gravatar.com\\\/avatar\\\/c7dca018fdb593c021709193ddb78dc530485d187ec667fb2a0ae6c4097c9957?s=96&d=mm&r=g\",\"url\":\"https:\\\/\\\/secure.gravatar.com\\\/avatar\\\/c7dca018fdb593c021709193ddb78dc530485d187ec667fb2a0ae6c4097c9957?s=96&d=mm&r=g\",\"contentUrl\":\"https:\\\/\\\/secure.gravatar.com\\\/avatar\\\/c7dca018fdb593c021709193ddb78dc530485d187ec667fb2a0ae6c4097c9957?s=96&d=mm&r=g\",\"caption\":\"Judith Weitzel\"}}]}<\/script>\n<!-- \/ Yoast SEO plugin. -->","yoast_head_json":{"title":"Por nuestra cuenta: SHA se traslada a PhoenixWERK - SHA Scheffler Helbich Architekten GmbH","description":"\u00a1SHA Scheffler Helbich Architekten GmbH se muda! Las dos sedes de SHA en Dortmund se reunir\u00e1n en el centro de innovaci\u00f3n PHOENIX West. El complejo de oficinas PhoenixWERK, proyectado y realizado por SHA, ser\u00e1 a partir de ahora la sede de nuestra empresa familiar y de su equipo de unas 35 personas.","robots":{"index":"index","follow":"follow","max-snippet":"max-snippet:-1","max-image-preview":"max-image-preview:large","max-video-preview":"max-video-preview:-1"},"canonical":"https:\/\/sha.de\/es\/news\/por-nuestra-cuenta-sha-se-traslada-a-phoenixwerk","og_locale":"es_ES","og_type":"article","og_title":"Por nuestra cuenta: SHA se traslada a PhoenixWERK - SHA Scheffler Helbich Architekten GmbH","og_description":"\u00a1SHA Scheffler Helbich Architekten GmbH se muda! Las dos sedes de SHA en Dortmund se reunir\u00e1n en el centro de innovaci\u00f3n PHOENIX West. El complejo de oficinas PhoenixWERK, proyectado y realizado por SHA, ser\u00e1 a partir de ahora la sede de nuestra empresa familiar y de su equipo de unas 35 personas.","og_url":"https:\/\/sha.de\/es\/news\/por-nuestra-cuenta-sha-se-traslada-a-phoenixwerk","og_site_name":"SHA Scheffler Helbich Architekten GmbH","article_published_time":"2020-03-12T12:30:59+00:00","article_modified_time":"2024-09-23T14:59:34+00:00","og_image":[{"width":1672,"height":1114,"url":"https:\/\/sha.de\/wp-content\/uploads\/PHOENIXWERK_Adress\u00e4nderung2.jpg","type":"image\/jpeg"}],"author":"Judith Weitzel","twitter_card":"summary_large_image","twitter_misc":{"Escrito por":"Judith Weitzel","Tiempo de lectura":"5 minutos"},"schema":{"@context":"https:\/\/schema.org","@graph":[{"@type":"Article","@id":"https:\/\/sha.de\/es\/news\/por-nuestra-cuenta-sha-se-traslada-a-phoenixwerk#article","isPartOf":{"@id":"https:\/\/sha.de\/es\/news\/por-nuestra-cuenta-sha-se-traslada-a-phoenixwerk"},"author":{"name":"Judith Weitzel","@id":"https:\/\/sha.de\/es#\/schema\/person\/6d5fd32d5aa7872f1f9191b7244552c9"},"headline":"Por nuestra cuenta: SHA se traslada a PhoenixWERK","datePublished":"2020-03-12T12:30:59+00:00","dateModified":"2024-09-23T14:59:34+00:00","mainEntityOfPage":{"@id":"https:\/\/sha.de\/es\/news\/por-nuestra-cuenta-sha-se-traslada-a-phoenixwerk"},"wordCount":880,"image":{"@id":"https:\/\/sha.de\/es\/news\/por-nuestra-cuenta-sha-se-traslada-a-phoenixwerk#primaryimage"},"thumbnailUrl":"https:\/\/sha.de\/wp-content\/uploads\/PHOENIXWERK_Adress\u00e4nderung2.jpg","keywords":["Edificio administrativo","SHA","Edificio de oficinas","Dortmund"],"articleSection":["Administraci\u00f3n","Dortmund","SHA como empleador","Nuestro equipo"],"inLanguage":"es"},{"@type":"WebPage","@id":"https:\/\/sha.de\/es\/news\/por-nuestra-cuenta-sha-se-traslada-a-phoenixwerk","url":"https:\/\/sha.de\/es\/news\/por-nuestra-cuenta-sha-se-traslada-a-phoenixwerk","name":"Por nuestra cuenta: SHA se traslada a PhoenixWERK - SHA Scheffler Helbich Architekten GmbH","isPartOf":{"@id":"https:\/\/sha.de\/es#website"},"primaryImageOfPage":{"@id":"https:\/\/sha.de\/es\/news\/por-nuestra-cuenta-sha-se-traslada-a-phoenixwerk#primaryimage"},"image":{"@id":"https:\/\/sha.de\/es\/news\/por-nuestra-cuenta-sha-se-traslada-a-phoenixwerk#primaryimage"},"thumbnailUrl":"https:\/\/sha.de\/wp-content\/uploads\/PHOENIXWERK_Adress\u00e4nderung2.jpg","datePublished":"2020-03-12T12:30:59+00:00","dateModified":"2024-09-23T14:59:34+00:00","author":{"@id":"https:\/\/sha.de\/es#\/schema\/person\/6d5fd32d5aa7872f1f9191b7244552c9"},"description":"\u00a1SHA Scheffler Helbich Architekten GmbH se muda! Las dos sedes de SHA en Dortmund se reunir\u00e1n en el centro de innovaci\u00f3n PHOENIX West. El complejo de oficinas PhoenixWERK, proyectado y realizado por SHA, ser\u00e1 a partir de ahora la sede de nuestra empresa familiar y de su equipo de unas 35 personas.","breadcrumb":{"@id":"https:\/\/sha.de\/es\/news\/por-nuestra-cuenta-sha-se-traslada-a-phoenixwerk#breadcrumb"},"inLanguage":"es","potentialAction":[{"@type":"ReadAction","target":["https:\/\/sha.de\/es\/news\/por-nuestra-cuenta-sha-se-traslada-a-phoenixwerk"]}]},{"@type":"ImageObject","inLanguage":"es","@id":"https:\/\/sha.de\/es\/news\/por-nuestra-cuenta-sha-se-traslada-a-phoenixwerk#primaryimage","url":"https:\/\/sha.de\/wp-content\/uploads\/PHOENIXWERK_Adress\u00e4nderung2.jpg","contentUrl":"https:\/\/sha.de\/wp-content\/uploads\/PHOENIXWERK_Adress\u00e4nderung2.jpg","width":1672,"height":1114},{"@type":"BreadcrumbList","@id":"https:\/\/sha.de\/es\/news\/por-nuestra-cuenta-sha-se-traslada-a-phoenixwerk#breadcrumb","itemListElement":[{"@type":"ListItem","position":1,"name":"Startseite","item":"https:\/\/sha.de\/es"},{"@type":"ListItem","position":2,"name":"Por nuestra cuenta: SHA se traslada a PhoenixWERK"}]},{"@type":"WebSite","@id":"https:\/\/sha.de\/es#website","url":"https:\/\/sha.de\/es","name":"SHA Scheffler Helbich Architekten GmbH","description":"","potentialAction":[{"@type":"SearchAction","target":{"@type":"EntryPoint","urlTemplate":"https:\/\/sha.de\/es?s={search_term_string}"},"query-input":{"@type":"PropertyValueSpecification","valueRequired":true,"valueName":"search_term_string"}}],"inLanguage":"es"},{"@type":"Person","@id":"https:\/\/sha.de\/es#\/schema\/person\/6d5fd32d5aa7872f1f9191b7244552c9","name":"Judith Weitzel","image":{"@type":"ImageObject","inLanguage":"es","@id":"https:\/\/secure.gravatar.com\/avatar\/c7dca018fdb593c021709193ddb78dc530485d187ec667fb2a0ae6c4097c9957?s=96&d=mm&r=g","url":"https:\/\/secure.gravatar.com\/avatar\/c7dca018fdb593c021709193ddb78dc530485d187ec667fb2a0ae6c4097c9957?s=96&d=mm&r=g","contentUrl":"https:\/\/secure.gravatar.com\/avatar\/c7dca018fdb593c021709193ddb78dc530485d187ec667fb2a0ae6c4097c9957?s=96&d=mm&r=g","caption":"Judith Weitzel"}}]}},"_links":{"self":[{"href":"https:\/\/sha.de\/es\/wp-json\/wp\/v2\/posts\/36134","targetHints":{"allow":["GET"]}}],"collection":[{"href":"https:\/\/sha.de\/es\/wp-json\/wp\/v2\/posts"}],"about":[{"href":"https:\/\/sha.de\/es\/wp-json\/wp\/v2\/types\/post"}],"author":[{"embeddable":true,"href":"https:\/\/sha.de\/es\/wp-json\/wp\/v2\/users\/2"}],"replies":[{"embeddable":true,"href":"https:\/\/sha.de\/es\/wp-json\/wp\/v2\/comments?post=36134"}],"version-history":[{"count":13,"href":"https:\/\/sha.de\/es\/wp-json\/wp\/v2\/posts\/36134\/revisions"}],"predecessor-version":[{"id":50136,"href":"https:\/\/sha.de\/es\/wp-json\/wp\/v2\/posts\/36134\/revisions\/50136"}],"wp:featuredmedia":[{"embeddable":true,"href":"https:\/\/sha.de\/es\/wp-json\/wp\/v2\/media\/21566"}],"wp:attachment":[{"href":"https:\/\/sha.de\/es\/wp-json\/wp\/v2\/media?parent=36134"}],"wp:term":[{"taxonomy":"category","embeddable":true,"href":"https:\/\/sha.de\/es\/wp-json\/wp\/v2\/categories?post=36134"},{"taxonomy":"post_tag","embeddable":true,"href":"https:\/\/sha.de\/es\/wp-json\/wp\/v2\/tags?post=36134"}],"curies":[{"name":"wp","href":"https:\/\/api.w.org\/{rel}","templated":true}]}}