{"id":33195,"date":"2023-04-03T10:54:40","date_gmt":"2023-04-03T08:54:40","guid":{"rendered":"https:\/\/sha.de\/aktuelles\/le-bois-un-materiau-traditionnel-lavenir-de-la-construction"},"modified":"2024-09-23T16:53:25","modified_gmt":"2024-09-23T14:53:25","slug":"le-bois-un-materiau-traditionnel-lavenir-de-la-construction","status":"publish","type":"post","link":"https:\/\/sha.de\/fr\/news\/le-bois-un-materiau-traditionnel-lavenir-de-la-construction","title":{"rendered":"Le bois, un mat\u00e9riau traditionnel &#8211; l&rsquo;avenir de la construction ?"},"content":{"rendered":"<div id='av_section_1' class='avia-section main_color pt-default pb-default avia-no-border-styling avia-bg-style-scroll  avia-builder-el-0  avia-builder-el-no-sibling   container_wrap fullsize' style=' '  ><div class='container' ><main  role=\"main\" itemprop=\"mainContentOfPage\"  class='template-page content  av-content-full alpha units'><div class='post-entry post-entry-type-page post-entry-33195'><div class='entry-content-wrapper clearfix'>\n\n\t\t\t<div id=\"av-k1hoeuzj\" class=\"headline-column flex_column av_one_full flex_column_div first \">\n\t\t\t\t<div class=\"headline-wrap is-outside align-left sub-bottom\">\n\t\t\t\t\t<h1 class=\"headline-content headline-primary\">  Le bois, un mat\u00e9riau traditionnel - l\u2019avenir de la construction ?<\/h1>\n\t\t\t\t\t<h3 class=\"headline-content headline-secondary\">Une utilisation appropri\u00e9e peut ralentir le changement climatique<\/h3>\n\t\t\t\t<\/div>\n\t\t\t<\/div>\n<div class=\"flex_column av_one_third  flex_column_div av-zero-column-padding first bg-default   img-right   avia-builder-el-2  el_after_pixel_sc_headline  el_before_av_one_third  \"><section  class='av_textblock_section av-k5pfdfmq-114bfe0eae7377563144c953b24408cc '   itemscope=\"itemscope\" itemtype=\"https:\/\/schema.org\/BlogPosting\" itemprop=\"blogPost\" ><div class='avia_textblock'  itemprop=\"text\" ><p>Le secteur de la construction est responsable d&rsquo;une part importante des \u00e9missions mondiales de CO2. Passer du b\u00e9ton et de l&rsquo;acier, dont la production consomme beaucoup d&rsquo;\u00e9nergie, \u00e0 des alternatives plus durables comme le bois est une \u00e9tape importante pour ralentir le changement climatique et cr\u00e9er un avenir durable. C&rsquo;est pourquoi le bois, en tant que mati\u00e8re premi\u00e8re polyvalente, naturelle et surtout renouvelable, conna\u00eet un essor et devient de plus en plus populaire dans l&rsquo;exigence de construction respectueuse du climat. En tant que r\u00e9servoir de carbone, le bois peut contribuer \u00e0 r\u00e9duire l&#8217;empreinte carbone du secteur.<\/p>\n<p>Le bois pr\u00e9sente de nombreux avantages. Gr\u00e2ce \u00e0 son haut degr\u00e9 de pr\u00e9fabrication allant jusqu&rsquo;\u00e0 la construction modulaire, le bois est d\u00e9j\u00e0 utilis\u00e9 dans la construction de b\u00e2timents commerciaux, r\u00e9sidentiels et administratifs. La d\u00e9coupe et la production en usine, le tri et la livraison &#8211; juste \u00e0 temps &#8211; permettent un montage rapide et pr\u00e9cis sur site. La faible conductivit\u00e9 thermique du bois permet en outre d&rsquo;\u00e9conomiser des mat\u00e9riaux d&rsquo;isolation. Globalement, cela permet de r\u00e9duire la dur\u00e9e des travaux et de diminuer les co\u00fbts sur le chantier. M\u00eame \u00e0 la fin du cycle de vie d&rsquo;un b\u00e2timent, le bois pr\u00e9sente un excellent \u00e9cobilan car il peut \u00eatre d\u00e9construit, remis en circulation et r\u00e9utilis\u00e9. Alternativement, il est disponible comme source d&rsquo;\u00e9nergie.<\/p>\n<\/div><\/section><\/div><div class=\"flex_column av_one_third  flex_column_div av-zero-column-padding        avia-builder-el-4  el_after_av_one_third  el_before_av_one_third  \"><section  class='av_textblock_section av-kyipooet-028d3ef9ce1262110322795a0c0af2ff '   itemscope=\"itemscope\" itemtype=\"https:\/\/schema.org\/BlogPosting\" itemprop=\"blogPost\" ><div class='avia_textblock'  itemprop=\"text\" ><p>Cependant, m\u00eame le bois ne peut pas r\u00e9pondre \u00e0 toutes les exigences. D&rsquo;autres mat\u00e9riaux peuvent \u00eatre utilis\u00e9s de mani\u00e8re plus efficace en termes de ressources, notamment en ce qui concerne la protection contre les incendies, l&rsquo;isolation acoustique et le renforcement des b\u00e2timents. C&rsquo;est pourquoi il est particuli\u00e8rement important d&rsquo;examiner de pr\u00e8s et d&rsquo;utiliser de mani\u00e8re consciente et appropri\u00e9e le mat\u00e9riau en question. La solution doit \u00eatre une construction hybride qui utilise les caract\u00e9ristiques respectives des mat\u00e9riaux utilis\u00e9s, rendant ainsi la construction plus facile, plus rapide et plus \u00e9conomique. Sinon, nous risquons de glisser vers la prochaine crise en raison d&rsquo;une utilisation incontr\u00f4l\u00e9e du bois, en \u00e9puisant trop rapidement les r\u00e9serves mondiales de bois. De plus, le choix du bois doit provenir d&rsquo;une source durable &#8211; de for\u00eats locales certifi\u00e9es ou d&rsquo;une source recycl\u00e9e &#8211; afin de rendre l&rsquo;ensemble de la cha\u00eene d&rsquo;approvisionnement durable et de r\u00e9duire les distances de transport.<\/p>\n<p>En fin de compte, le changement de mentalit\u00e9 dans le secteur de la construction ne peut se faire qu&rsquo;ensemble. La construction en bois peut apporter une contribution importante \u00e0 cet \u00e9gard.<\/p>\n<\/div><\/section><\/div><div class=\"flex_column av_one_third  flex_column_div av-zero-column-padding  bg-default   img-left   avia-builder-el-6  el_after_av_one_third  el_before_av_one_full  \"><div class=\"quotebox  has-image bg-white  image-top\"><div class=\"quotebox__inner\"><div class=\"quotebox__media\"><img decoding=\"async\" src=\"https:\/\/sha.de\/wp-content\/uploads\/067-SHA-Dortmund-Sommerfest-August-2021-web-706x368.jpg\" alt=\"Leitung Studio Berlin \" \/><\/div><div class=\"quotebox__content\"><div class=\"quotebox__quote\"><span class=\"quotebox-text quotebox-quote\">\u00bbLe bois est pour nous l\u2019un des<br \/>\nplus important, durable<br \/>\nMat\u00e9riaux de construction.\u00ab<\/span><\/div><div class=\"quotebox__info\"><span class=\"quotebox-text quotebox-name\">Leitung Studio Berlin <\/span><span class=\"quotebox-text quotebox-desc\"><\/span><\/div><\/div><\/div><\/div><\/div><div class=\"flex_column av_one_full  flex_column_div av-zero-column-padding first bg-default   img-left   avia-builder-el-8  el_after_av_one_third  avia-builder-el-last  column-top-margin\"><div class=\"slickgallery no-nav\">\n\t<div class=\"pixel-slide-wrap\">\n\t\t<div class=\"pixel-slide\" style=\"display: block; width: 100%; float: left;\">\n\t\t\t\t\n\t\t\t\t\t\t\t\t\t\t\t\t\t\n\t\t\t\t\t<div class=\"pixel-slide__image-wrap slide-1\">\n\t\t\t\t\t\t\t<div class=\"pixel-slide__image \"><a href=\"https:\/\/sha.de\/wp-content\/uploads\/Unternehmenszentrale_Leipzig-1-1280x753.jpg\" rel=\"lightbox\"><img decoding=\"async\" src=\"https:\/\/sha.de\/wp-content\/uploads\/Unternehmenszentrale_Leipzig-1-706x368.jpg\" alt=\"Gesch\u00e4ftsstelle RB Leipzig | SHA Scheffler Helbich Architekten\" title=\"Gesch\u00e4ftsstelle RB Leipzig | SHA Scheffler Helbich Architekten\"><\/a><\/div>\n\t\t\t\t\t<\/div>\n\t\t\t\t\n\t\t\t\t\t\t\t\t\t\t\t\t\t\n\t\t\t\t\t<div class=\"pixel-slide__image-wrap slide-2\">\n\t\t\t\t\t\t\t<div class=\"pixel-slide__image \"><a href=\"https:\/\/sha.de\/wp-content\/uploads\/Unternehmenszentrale_Leipzig_innenansich_korr-1280x753.jpg\" rel=\"lightbox\"><img decoding=\"async\" src=\"https:\/\/sha.de\/wp-content\/uploads\/Unternehmenszentrale_Leipzig_innenansich_korr-706x368.jpg\" alt=\"Innenperspektive Gesch\u00e4ftsstelle Leipzig | SHA Scheffler Helbich Architekten\" title=\"Innenperspektive Gesch\u00e4ftsstelle Leipzig | SHA Scheffler Helbich Architekten\"><\/a><\/div>\n\t\t\t\t\t<\/div>\n\t\t\t\t\n\t\t\t\t\t\t\t\t\t\t\t\t\t\n\t\t\t\t\t<div class=\"pixel-slide__image-wrap slide-3\">\n\t\t\t\t\t\t\t<div class=\"pixel-slide__image \"><a href=\"https:\/\/sha.de\/wp-content\/uploads\/02_RECEPTION_002-1280x753.jpg\" rel=\"lightbox\"><img decoding=\"async\" src=\"https:\/\/sha.de\/wp-content\/uploads\/02_RECEPTION_002-706x368.jpg\" alt=\"Innenraumperspektive Neubau RB Leipzig Gesch\u00e4ftsstelle | SHA Scheffler Helbich Architekten\" title=\"Innenraumperspektive Neubau RB Leipzig Gesch\u00e4ftsstelle | SHA Scheffler Helbich Architekten\"><\/a><\/div>\n\t\t\t\t\t<\/div>\n\t\t\t\t\t\t<\/div>\n\t<\/div>\n<\/div><\/div>\n","protected":false},"excerpt":{"rendered":"<p>Le secteur de la construction est responsable d&rsquo;une part importante des \u00e9missions mondiales de CO2. Passer du b\u00e9ton et de l&rsquo;acier, dont la production consomme beaucoup d&rsquo;\u00e9nergie, \u00e0 des alternatives plus durables comme le bois est une \u00e9tape importante pour ralentir le changement climatique et cr\u00e9er un avenir durable.  <\/p>\n","protected":false},"author":3,"featured_media":27239,"comment_status":"closed","ping_status":"closed","sticky":false,"template":"","format":"standard","meta":{"_acf_changed":false,"content-type":"","footnotes":""},"categories":[850],"tags":[1219,1094],"class_list":["post-33195","post","type-post","status-publish","format-standard","has-post-thumbnail","hentry","category-durabilite","tag-durabilite","tag-batiment-administratif"],"acf":[],"yoast_head":"<!-- This site is optimized with the Yoast SEO plugin v27.4 - https:\/\/yoast.com\/product\/yoast-seo-wordpress\/ -->\n<title>Le bois, un mat\u00e9riau traditionnel - l&#039;avenir de la construction ? I Scheffler Helbich Architectes<\/title>\n<meta name=\"description\" content=\"C&#039;est pourquoi le bois, en tant que mati\u00e8re premi\u00e8re polyvalente, naturelle et surtout renouvelable, conna\u00eet un essor et devient de plus en plus populaire dans l&#039;exigence de construction respectueuse du climat. En tant que r\u00e9servoir de carbone, le bois peut contribuer \u00e0 r\u00e9duire l&#039;empreinte carbone du secteur.\" \/>\n<meta name=\"robots\" content=\"index, follow, max-snippet:-1, max-image-preview:large, max-video-preview:-1\" \/>\n<link rel=\"canonical\" href=\"https:\/\/sha.de\/fr\/news\/le-bois-un-materiau-traditionnel-lavenir-de-la-construction\" \/>\n<meta property=\"og:locale\" content=\"fr_FR\" \/>\n<meta property=\"og:type\" content=\"article\" \/>\n<meta property=\"og:title\" content=\"Le bois, un mat\u00e9riau traditionnel - l&#039;avenir de la construction ? I Scheffler Helbich Architectes\" \/>\n<meta property=\"og:description\" content=\"C&#039;est pourquoi le bois, en tant que mati\u00e8re premi\u00e8re polyvalente, naturelle et surtout renouvelable, conna\u00eet un essor et devient de plus en plus populaire dans l&#039;exigence de construction respectueuse du climat. En tant que r\u00e9servoir de carbone, le bois peut contribuer \u00e0 r\u00e9duire l&#039;empreinte carbone du secteur.\" \/>\n<meta property=\"og:url\" content=\"https:\/\/sha.de\/fr\/news\/le-bois-un-materiau-traditionnel-lavenir-de-la-construction\" \/>\n<meta property=\"og:site_name\" content=\"SHA Scheffler Helbich Architekten GmbH\" \/>\n<meta property=\"article:published_time\" content=\"2023-04-03T08:54:40+00:00\" \/>\n<meta property=\"article:modified_time\" content=\"2024-09-23T14:53:25+00:00\" \/>\n<meta property=\"og:image\" content=\"https:\/\/sha.de\/wp-content\/uploads\/02_RECEPTION_002-1-1030x606.jpg\" \/>\n\t<meta property=\"og:image:width\" content=\"1030\" \/>\n\t<meta property=\"og:image:height\" content=\"606\" \/>\n\t<meta property=\"og:image:type\" content=\"image\/jpeg\" \/>\n<meta name=\"author\" content=\"Elena Stadel\" \/>\n<meta name=\"twitter:card\" content=\"summary_large_image\" \/>\n<meta name=\"twitter:label1\" content=\"\u00c9crit par\" \/>\n\t<meta name=\"twitter:data1\" content=\"Elena Stadel\" \/>\n\t<meta name=\"twitter:label2\" content=\"Dur\u00e9e de lecture estim\u00e9e\" \/>\n\t<meta name=\"twitter:data2\" content=\"7 minutes\" \/>\n<script type=\"application\/ld+json\" class=\"yoast-schema-graph\">{\"@context\":\"https:\\\/\\\/schema.org\",\"@graph\":[{\"@type\":\"Article\",\"@id\":\"https:\\\/\\\/sha.de\\\/fr\\\/news\\\/le-bois-un-materiau-traditionnel-lavenir-de-la-construction#article\",\"isPartOf\":{\"@id\":\"https:\\\/\\\/sha.de\\\/fr\\\/news\\\/le-bois-un-materiau-traditionnel-lavenir-de-la-construction\"},\"author\":{\"name\":\"Elena Stadel\",\"@id\":\"https:\\\/\\\/sha.de\\\/fr#\\\/schema\\\/person\\\/e473387e868156b31a7d328499634fd2\"},\"headline\":\"Le bois, un mat\u00e9riau traditionnel &#8211; l&rsquo;avenir de la construction ?\",\"datePublished\":\"2023-04-03T08:54:40+00:00\",\"dateModified\":\"2024-09-23T14:53:25+00:00\",\"mainEntityOfPage\":{\"@id\":\"https:\\\/\\\/sha.de\\\/fr\\\/news\\\/le-bois-un-materiau-traditionnel-lavenir-de-la-construction\"},\"wordCount\":1126,\"image\":{\"@id\":\"https:\\\/\\\/sha.de\\\/fr\\\/news\\\/le-bois-un-materiau-traditionnel-lavenir-de-la-construction#primaryimage\"},\"thumbnailUrl\":\"https:\\\/\\\/sha.de\\\/wp-content\\\/uploads\\\/02_RECEPTION_002-1.jpg\",\"keywords\":[\"Durabilit\u00e9\",\"B\u00e2timent administratif\"],\"articleSection\":[\"Durabilit\u00e9\"],\"inLanguage\":\"fr-FR\"},{\"@type\":\"WebPage\",\"@id\":\"https:\\\/\\\/sha.de\\\/fr\\\/news\\\/le-bois-un-materiau-traditionnel-lavenir-de-la-construction\",\"url\":\"https:\\\/\\\/sha.de\\\/fr\\\/news\\\/le-bois-un-materiau-traditionnel-lavenir-de-la-construction\",\"name\":\"Le bois, un mat\u00e9riau traditionnel - l'avenir de la construction ? I Scheffler Helbich Architectes\",\"isPartOf\":{\"@id\":\"https:\\\/\\\/sha.de\\\/fr#website\"},\"primaryImageOfPage\":{\"@id\":\"https:\\\/\\\/sha.de\\\/fr\\\/news\\\/le-bois-un-materiau-traditionnel-lavenir-de-la-construction#primaryimage\"},\"image\":{\"@id\":\"https:\\\/\\\/sha.de\\\/fr\\\/news\\\/le-bois-un-materiau-traditionnel-lavenir-de-la-construction#primaryimage\"},\"thumbnailUrl\":\"https:\\\/\\\/sha.de\\\/wp-content\\\/uploads\\\/02_RECEPTION_002-1.jpg\",\"datePublished\":\"2023-04-03T08:54:40+00:00\",\"dateModified\":\"2024-09-23T14:53:25+00:00\",\"author\":{\"@id\":\"https:\\\/\\\/sha.de\\\/fr#\\\/schema\\\/person\\\/e473387e868156b31a7d328499634fd2\"},\"description\":\"C'est pourquoi le bois, en tant que mati\u00e8re premi\u00e8re polyvalente, naturelle et surtout renouvelable, conna\u00eet un essor et devient de plus en plus populaire dans l'exigence de construction respectueuse du climat. En tant que r\u00e9servoir de carbone, le bois peut contribuer \u00e0 r\u00e9duire l'empreinte carbone du secteur.\",\"breadcrumb\":{\"@id\":\"https:\\\/\\\/sha.de\\\/fr\\\/news\\\/le-bois-un-materiau-traditionnel-lavenir-de-la-construction#breadcrumb\"},\"inLanguage\":\"fr-FR\",\"potentialAction\":[{\"@type\":\"ReadAction\",\"target\":[\"https:\\\/\\\/sha.de\\\/fr\\\/news\\\/le-bois-un-materiau-traditionnel-lavenir-de-la-construction\"]}]},{\"@type\":\"ImageObject\",\"inLanguage\":\"fr-FR\",\"@id\":\"https:\\\/\\\/sha.de\\\/fr\\\/news\\\/le-bois-un-materiau-traditionnel-lavenir-de-la-construction#primaryimage\",\"url\":\"https:\\\/\\\/sha.de\\\/wp-content\\\/uploads\\\/02_RECEPTION_002-1.jpg\",\"contentUrl\":\"https:\\\/\\\/sha.de\\\/wp-content\\\/uploads\\\/02_RECEPTION_002-1.jpg\",\"width\":2000,\"height\":1176,\"caption\":\"Innenraumperspektive Neubau RB Leipzig Gesch\u00e4ftsstelle | SHA Scheffler Helbich Architekten\"},{\"@type\":\"BreadcrumbList\",\"@id\":\"https:\\\/\\\/sha.de\\\/fr\\\/news\\\/le-bois-un-materiau-traditionnel-lavenir-de-la-construction#breadcrumb\",\"itemListElement\":[{\"@type\":\"ListItem\",\"position\":1,\"name\":\"Startseite\",\"item\":\"https:\\\/\\\/sha.de\\\/fr\"},{\"@type\":\"ListItem\",\"position\":2,\"name\":\"Le bois, un mat\u00e9riau traditionnel &#8211; l&#8217;avenir de la construction ?\"}]},{\"@type\":\"WebSite\",\"@id\":\"https:\\\/\\\/sha.de\\\/fr#website\",\"url\":\"https:\\\/\\\/sha.de\\\/fr\",\"name\":\"SHA Scheffler Helbich Architekten GmbH\",\"description\":\"\",\"potentialAction\":[{\"@type\":\"SearchAction\",\"target\":{\"@type\":\"EntryPoint\",\"urlTemplate\":\"https:\\\/\\\/sha.de\\\/fr?s={search_term_string}\"},\"query-input\":{\"@type\":\"PropertyValueSpecification\",\"valueRequired\":true,\"valueName\":\"search_term_string\"}}],\"inLanguage\":\"fr-FR\"},{\"@type\":\"Person\",\"@id\":\"https:\\\/\\\/sha.de\\\/fr#\\\/schema\\\/person\\\/e473387e868156b31a7d328499634fd2\",\"name\":\"Elena Stadel\",\"image\":{\"@type\":\"ImageObject\",\"inLanguage\":\"fr-FR\",\"@id\":\"https:\\\/\\\/secure.gravatar.com\\\/avatar\\\/c59038cf7b864e047cc8f7563d63ae35f69e178e387d2846ff3b578a5fa5dd74?s=96&d=mm&r=g\",\"url\":\"https:\\\/\\\/secure.gravatar.com\\\/avatar\\\/c59038cf7b864e047cc8f7563d63ae35f69e178e387d2846ff3b578a5fa5dd74?s=96&d=mm&r=g\",\"contentUrl\":\"https:\\\/\\\/secure.gravatar.com\\\/avatar\\\/c59038cf7b864e047cc8f7563d63ae35f69e178e387d2846ff3b578a5fa5dd74?s=96&d=mm&r=g\",\"caption\":\"Elena Stadel\"}}]}<\/script>\n<!-- \/ Yoast SEO plugin. -->","yoast_head_json":{"title":"Le bois, un mat\u00e9riau traditionnel - l'avenir de la construction ? I Scheffler Helbich Architectes","description":"C'est pourquoi le bois, en tant que mati\u00e8re premi\u00e8re polyvalente, naturelle et surtout renouvelable, conna\u00eet un essor et devient de plus en plus populaire dans l'exigence de construction respectueuse du climat. En tant que r\u00e9servoir de carbone, le bois peut contribuer \u00e0 r\u00e9duire l'empreinte carbone du secteur.","robots":{"index":"index","follow":"follow","max-snippet":"max-snippet:-1","max-image-preview":"max-image-preview:large","max-video-preview":"max-video-preview:-1"},"canonical":"https:\/\/sha.de\/fr\/news\/le-bois-un-materiau-traditionnel-lavenir-de-la-construction","og_locale":"fr_FR","og_type":"article","og_title":"Le bois, un mat\u00e9riau traditionnel - l'avenir de la construction ? I Scheffler Helbich Architectes","og_description":"C'est pourquoi le bois, en tant que mati\u00e8re premi\u00e8re polyvalente, naturelle et surtout renouvelable, conna\u00eet un essor et devient de plus en plus populaire dans l'exigence de construction respectueuse du climat. En tant que r\u00e9servoir de carbone, le bois peut contribuer \u00e0 r\u00e9duire l'empreinte carbone du secteur.","og_url":"https:\/\/sha.de\/fr\/news\/le-bois-un-materiau-traditionnel-lavenir-de-la-construction","og_site_name":"SHA Scheffler Helbich Architekten GmbH","article_published_time":"2023-04-03T08:54:40+00:00","article_modified_time":"2024-09-23T14:53:25+00:00","og_image":[{"width":1030,"height":606,"url":"https:\/\/sha.de\/wp-content\/uploads\/02_RECEPTION_002-1-1030x606.jpg","type":"image\/jpeg"}],"author":"Elena Stadel","twitter_card":"summary_large_image","twitter_misc":{"\u00c9crit par":"Elena Stadel","Dur\u00e9e de lecture estim\u00e9e":"7 minutes"},"schema":{"@context":"https:\/\/schema.org","@graph":[{"@type":"Article","@id":"https:\/\/sha.de\/fr\/news\/le-bois-un-materiau-traditionnel-lavenir-de-la-construction#article","isPartOf":{"@id":"https:\/\/sha.de\/fr\/news\/le-bois-un-materiau-traditionnel-lavenir-de-la-construction"},"author":{"name":"Elena Stadel","@id":"https:\/\/sha.de\/fr#\/schema\/person\/e473387e868156b31a7d328499634fd2"},"headline":"Le bois, un mat\u00e9riau traditionnel &#8211; l&rsquo;avenir de la construction ?","datePublished":"2023-04-03T08:54:40+00:00","dateModified":"2024-09-23T14:53:25+00:00","mainEntityOfPage":{"@id":"https:\/\/sha.de\/fr\/news\/le-bois-un-materiau-traditionnel-lavenir-de-la-construction"},"wordCount":1126,"image":{"@id":"https:\/\/sha.de\/fr\/news\/le-bois-un-materiau-traditionnel-lavenir-de-la-construction#primaryimage"},"thumbnailUrl":"https:\/\/sha.de\/wp-content\/uploads\/02_RECEPTION_002-1.jpg","keywords":["Durabilit\u00e9","B\u00e2timent administratif"],"articleSection":["Durabilit\u00e9"],"inLanguage":"fr-FR"},{"@type":"WebPage","@id":"https:\/\/sha.de\/fr\/news\/le-bois-un-materiau-traditionnel-lavenir-de-la-construction","url":"https:\/\/sha.de\/fr\/news\/le-bois-un-materiau-traditionnel-lavenir-de-la-construction","name":"Le bois, un mat\u00e9riau traditionnel - l'avenir de la construction ? I Scheffler Helbich Architectes","isPartOf":{"@id":"https:\/\/sha.de\/fr#website"},"primaryImageOfPage":{"@id":"https:\/\/sha.de\/fr\/news\/le-bois-un-materiau-traditionnel-lavenir-de-la-construction#primaryimage"},"image":{"@id":"https:\/\/sha.de\/fr\/news\/le-bois-un-materiau-traditionnel-lavenir-de-la-construction#primaryimage"},"thumbnailUrl":"https:\/\/sha.de\/wp-content\/uploads\/02_RECEPTION_002-1.jpg","datePublished":"2023-04-03T08:54:40+00:00","dateModified":"2024-09-23T14:53:25+00:00","author":{"@id":"https:\/\/sha.de\/fr#\/schema\/person\/e473387e868156b31a7d328499634fd2"},"description":"C'est pourquoi le bois, en tant que mati\u00e8re premi\u00e8re polyvalente, naturelle et surtout renouvelable, conna\u00eet un essor et devient de plus en plus populaire dans l'exigence de construction respectueuse du climat. En tant que r\u00e9servoir de carbone, le bois peut contribuer \u00e0 r\u00e9duire l'empreinte carbone du secteur.","breadcrumb":{"@id":"https:\/\/sha.de\/fr\/news\/le-bois-un-materiau-traditionnel-lavenir-de-la-construction#breadcrumb"},"inLanguage":"fr-FR","potentialAction":[{"@type":"ReadAction","target":["https:\/\/sha.de\/fr\/news\/le-bois-un-materiau-traditionnel-lavenir-de-la-construction"]}]},{"@type":"ImageObject","inLanguage":"fr-FR","@id":"https:\/\/sha.de\/fr\/news\/le-bois-un-materiau-traditionnel-lavenir-de-la-construction#primaryimage","url":"https:\/\/sha.de\/wp-content\/uploads\/02_RECEPTION_002-1.jpg","contentUrl":"https:\/\/sha.de\/wp-content\/uploads\/02_RECEPTION_002-1.jpg","width":2000,"height":1176,"caption":"Innenraumperspektive Neubau RB Leipzig Gesch\u00e4ftsstelle | SHA Scheffler Helbich Architekten"},{"@type":"BreadcrumbList","@id":"https:\/\/sha.de\/fr\/news\/le-bois-un-materiau-traditionnel-lavenir-de-la-construction#breadcrumb","itemListElement":[{"@type":"ListItem","position":1,"name":"Startseite","item":"https:\/\/sha.de\/fr"},{"@type":"ListItem","position":2,"name":"Le bois, un mat\u00e9riau traditionnel &#8211; l&#8217;avenir de la construction ?"}]},{"@type":"WebSite","@id":"https:\/\/sha.de\/fr#website","url":"https:\/\/sha.de\/fr","name":"SHA Scheffler Helbich Architekten GmbH","description":"","potentialAction":[{"@type":"SearchAction","target":{"@type":"EntryPoint","urlTemplate":"https:\/\/sha.de\/fr?s={search_term_string}"},"query-input":{"@type":"PropertyValueSpecification","valueRequired":true,"valueName":"search_term_string"}}],"inLanguage":"fr-FR"},{"@type":"Person","@id":"https:\/\/sha.de\/fr#\/schema\/person\/e473387e868156b31a7d328499634fd2","name":"Elena Stadel","image":{"@type":"ImageObject","inLanguage":"fr-FR","@id":"https:\/\/secure.gravatar.com\/avatar\/c59038cf7b864e047cc8f7563d63ae35f69e178e387d2846ff3b578a5fa5dd74?s=96&d=mm&r=g","url":"https:\/\/secure.gravatar.com\/avatar\/c59038cf7b864e047cc8f7563d63ae35f69e178e387d2846ff3b578a5fa5dd74?s=96&d=mm&r=g","contentUrl":"https:\/\/secure.gravatar.com\/avatar\/c59038cf7b864e047cc8f7563d63ae35f69e178e387d2846ff3b578a5fa5dd74?s=96&d=mm&r=g","caption":"Elena Stadel"}}]}},"_links":{"self":[{"href":"https:\/\/sha.de\/fr\/wp-json\/wp\/v2\/posts\/33195","targetHints":{"allow":["GET"]}}],"collection":[{"href":"https:\/\/sha.de\/fr\/wp-json\/wp\/v2\/posts"}],"about":[{"href":"https:\/\/sha.de\/fr\/wp-json\/wp\/v2\/types\/post"}],"author":[{"embeddable":true,"href":"https:\/\/sha.de\/fr\/wp-json\/wp\/v2\/users\/3"}],"replies":[{"embeddable":true,"href":"https:\/\/sha.de\/fr\/wp-json\/wp\/v2\/comments?post=33195"}],"version-history":[{"count":10,"href":"https:\/\/sha.de\/fr\/wp-json\/wp\/v2\/posts\/33195\/revisions"}],"predecessor-version":[{"id":47131,"href":"https:\/\/sha.de\/fr\/wp-json\/wp\/v2\/posts\/33195\/revisions\/47131"}],"wp:featuredmedia":[{"embeddable":true,"href":"https:\/\/sha.de\/fr\/wp-json\/wp\/v2\/media\/27239"}],"wp:attachment":[{"href":"https:\/\/sha.de\/fr\/wp-json\/wp\/v2\/media?parent=33195"}],"wp:term":[{"taxonomy":"category","embeddable":true,"href":"https:\/\/sha.de\/fr\/wp-json\/wp\/v2\/categories?post=33195"},{"taxonomy":"post_tag","embeddable":true,"href":"https:\/\/sha.de\/fr\/wp-json\/wp\/v2\/tags?post=33195"}],"curies":[{"name":"wp","href":"https:\/\/api.w.org\/{rel}","templated":true}]}}