{"id":33337,"date":"2023-10-11T16:25:53","date_gmt":"2023-10-11T14:25:53","guid":{"rendered":"https:\/\/sha.de\/aktuelles\/la-couronne-dhonneur-est-suspendue-centre-specialise-bauhaus-a-dusseldorf-rath"},"modified":"2024-09-23T16:53:44","modified_gmt":"2024-09-23T14:53:44","slug":"la-couronne-dhonneur-est-suspendue-centre-specialise-bauhaus-a-dusseldorf-rath","status":"publish","type":"post","link":"https:\/\/sha.de\/fr\/news\/la-couronne-dhonneur-est-suspendue-centre-specialise-bauhaus-a-dusseldorf-rath","title":{"rendered":"La couronne d&rsquo;honneur est suspendue : Centre sp\u00e9cialis\u00e9 Bauhaus \u00e0 D\u00fcsseldorf-Rath"},"content":{"rendered":"<div id='av_section_1' class='avia-section main_color pt-default pb-default avia-no-border-styling avia-bg-style-scroll  avia-builder-el-0  avia-builder-el-no-sibling   container_wrap fullsize' style=' '  ><div class='container' ><main  role=\"main\" itemprop=\"mainContentOfPage\"  class='template-page content  av-content-full alpha units'><div class='post-entry post-entry-type-page post-entry-33337'><div class='entry-content-wrapper clearfix'>\n\n\t\t\t<div id=\"av-q8e0eh\" class=\"headline-column flex_column av_one_full flex_column_div first \">\n\t\t\t\t<div class=\"headline-wrap is-outside align-left sub-bottom\">\n\t\t\t\t\t<h1 class=\"headline-content headline-primary\">La couronne d\u2019honneur est suspendue : Centre sp\u00e9cialis\u00e9 Bauhaus \u00e0 D\u00fcsseldorf-Rath<\/h1>\n\t\t\t\t\t\n\t\t\t\t<\/div>\n\t\t\t<\/div>\n<div class=\"flex_column av_one_third  flex_column_div av-zero-column-padding first bg-default   img-left   avia-builder-el-2  el_after_pixel_sc_headline  el_before_av_one_third  \"><section  class='av_textblock_section av-lnltm2nc-67e5c02d9c9763bbd446094ec658bd70 '   itemscope=\"itemscope\" itemtype=\"https:\/\/schema.org\/BlogPosting\" itemprop=\"blogPost\" ><div class='avia_textblock'  itemprop=\"text\" ><p>A l&rsquo;occasion de la f\u00eate de l&rsquo;ach\u00e8vement du gros \u0153uvre, nous \u00e9tions sur place mardi 10 octobre au Bauhaus Fachcentrum \u00e0 D\u00fcsseldorf-Rath pour f\u00eater l&rsquo;\u00e9v\u00e9nement avec des repr\u00e9sentants du monde politique, \u00e9conomique, du secteur de la construction et du ma\u00eetre d&rsquo;ouvrage.<\/p>\n<p>\u00c0 D\u00fcsseldorf, les travaux du centre sp\u00e9cialis\u00e9 de 18.000m\u00b2, y compris l&rsquo;ar\u00e8ne du drive-in, battent leur plein. Sur un terrain de 42.500m\u00b2, c&rsquo;est le quatri\u00e8me site au total qui est construit \u00e0 D\u00fcsseldorf. La surface de toiture nouvellement construite de plus de 14.000m\u00b2 sera utilis\u00e9e \u00e0 l&rsquo;avenir de deux mani\u00e8res durables. D&rsquo;une part, la v\u00e9g\u00e9talisation du toit plat prot\u00e8ge des influences environnementales climatiques telles que le fort rayonnement solaire, qui entra\u00eene un r\u00e9chauffement important \u00e0 l&rsquo;int\u00e9rieur du b\u00e2timent, et d&rsquo;autre part, elle offre un habitat \u00e9cologiquement pr\u00e9cieux pour les animaux et les plantes, favorisant ainsi la biodiversit\u00e9 dans l&rsquo;espace urbain.<\/p>\n<\/div><\/section><\/div><div class=\"flex_column av_one_third  flex_column_div av-zero-column-padding  bg-default   img-left   avia-builder-el-4  el_after_av_one_third  el_before_av_one_third  \"><section  class='av_textblock_section av-l9nw0fsg-124eb6c7fa77aca0cd5df6c6daf39de7 '   itemscope=\"itemscope\" itemtype=\"https:\/\/schema.org\/BlogPosting\" itemprop=\"blogPost\" ><div class='avia_textblock'  itemprop=\"text\" ><p>Gr\u00e2ce \u00e0 un syst\u00e8me de construction sp\u00e9cial, il est possible d&rsquo;utiliser un syst\u00e8me photovolta\u00efque couvrant toute la surface du toit du centre sp\u00e9cialis\u00e9, en plus de la v\u00e9g\u00e9talisation du toit. Dans l&rsquo;id\u00e9al, l&rsquo;installation photovolta\u00efque a une puissance de cr\u00eate de 650 KWp et produira en moyenne 650.000 kWh d&rsquo;\u00e9lectricit\u00e9 par an. L&rsquo;installation couvre ainsi environ un tiers des besoins en \u00e9lectricit\u00e9 du nouveau centre sp\u00e9cialis\u00e9. Autre avantage : le surplus d&rsquo;\u00e9lectricit\u00e9 peut \u00eatre inject\u00e9 dans le r\u00e9seau \u00e9lectrique public. En outre, le nouveau centre sp\u00e9cialis\u00e9 dispose de plusieurs syst\u00e8mes de pompes \u00e0 chaleur qui peuvent non seulement chauffer le b\u00e2timent en hiver, mais aussi le rafra\u00eechir en \u00e9t\u00e9. Cela permet de se passer totalement d&rsquo;un raccordement externe au gaz.<\/p>\n<\/div><\/section><\/div><div class=\"flex_column av_one_third  flex_column_div av-zero-column-padding  bg-default   img-left   avia-builder-el-6  el_after_av_one_third  el_before_av_hr  \"><section  class='av_textblock_section av-lnltril7-fe0629e5f21ef615f1a27b0d80b40f10 '   itemscope=\"itemscope\" itemtype=\"https:\/\/schema.org\/BlogPosting\" itemprop=\"blogPost\" ><div class='avia_textblock'  itemprop=\"text\" ><p>Les plus de 18.000m\u00b2 de surface totale seront \u00e9galement enti\u00e8rement \u00e9quip\u00e9s de lampes LED \u00e0 faible consommation d&rsquo;\u00e9nergie. Des zones de lumi\u00e8re du jour extra larges, des bornes de recharge pour v\u00e9hicules \u00e9lectriques sur le parking et 75 arbres suppl\u00e9mentaires plant\u00e9s sont autant d&rsquo;exemples qui permettent au futur centre sp\u00e9cialis\u00e9 de r\u00e9pondre \u00e0 des normes \u00e9cologiques \u00e9lev\u00e9es pour une construction efficace et une exploitation durable.<\/p>\n<p>L&rsquo;ouverture du nouveau centre sp\u00e9cialis\u00e9 Bauhaus et de la Drive-In Arena est pr\u00e9vue pour le printemps 2024.<\/p>\n<p>Source : www.bauhaus.info\/presse<\/p>\n<\/div><\/section><\/div><div  class='hr av-ri69yp-ec568a8857f338ebce9ae90541c7c59e hr-default  avia-builder-el-8  el_after_av_one_third  el_before_pixel_sc_slickgallery '><span class='hr-inner '><span class=\"hr-inner-style\"><\/span><\/span><\/div>\n<div class=\"slickgallery no-nav\">\n\t<div class=\"pixel-slide-wrap\">\n\t\t<div class=\"pixel-slide\" style=\"display: block; width: 100%; float: left;\">\n\t\t\t\t\n\t\t\t\t\t\t\t\t\t\t\t\t\t\n\t\t\t\t\t<div class=\"pixel-slide__image-wrap slide-1\">\n\t\t\t\t\t\t\t<div class=\"pixel-slide__image \"><a href=\"https:\/\/sha.de\/wp-content\/uploads\/Richtkranz.jpg\" rel=\"lightbox\"><img decoding=\"async\" src=\"https:\/\/sha.de\/wp-content\/uploads\/Richtkranz-706x368.jpg\" alt=\"\" title=\"\"><\/a><\/div>\n\t\t\t\t\t<\/div>\n\t\t\t\t\n\t\t\t\t\t\t\t\t\t\t\t\t\t\n\t\t\t\t\t<div class=\"pixel-slide__image-wrap slide-2\">\n\t\t\t\t\t\t\t<div class=\"pixel-slide__image \"><a href=\"https:\/\/sha.de\/wp-content\/uploads\/Dachdecker.jpg\" rel=\"lightbox\"><img decoding=\"async\" src=\"https:\/\/sha.de\/wp-content\/uploads\/Dachdecker-706x368.jpg\" alt=\"\" title=\"\"><\/a><\/div>\n\t\t\t\t\t<\/div>\n\t\t\t\t\n\t\t\t\t\t\t\t\t\t\t\t\t\t\n\t\t\t\t\t<div class=\"pixel-slide__image-wrap slide-3\">\n\t\t\t\t\t\t\t<div class=\"pixel-slide__image \"><a href=\"https:\/\/sha.de\/wp-content\/uploads\/Halle-1.jpg\" rel=\"lightbox\"><img decoding=\"async\" src=\"https:\/\/sha.de\/wp-content\/uploads\/Halle-1-706x368.jpg\" alt=\"\" title=\"\"><\/a><\/div>\n\t\t\t\t\t<\/div>\n\t\t\t\t\t\t<\/div>\n\t<\/div>\n<\/div>\n\n\n","protected":false},"excerpt":{"rendered":"<p>\u00c0 D\u00fcsseldorf, les travaux du centre sp\u00e9cialis\u00e9 de 18.000m\u00b2, y compris l&rsquo;ar\u00e8ne du drive-in, battent leur plein. Sur un terrain de 42.500m\u00b2, c&rsquo;est le quatri\u00e8me site au total qui est construit \u00e0 D\u00fcsseldorf.<\/p>\n","protected":false},"author":4,"featured_media":27671,"comment_status":"closed","ping_status":"closed","sticky":false,"template":"","format":"standard","meta":{"_acf_changed":false,"content-type":"","footnotes":""},"categories":[843,848,850],"tags":[946,1088,1219],"class_list":["post-33337","post","type-post","status-publish","format-standard","has-post-thumbnail","hentry","category-marche-de-la-construction-commerce-de-materiaux-de-construction","category-industrie-commerce","category-durabilite","tag-marche-de-la-construction","tag-nouvelle-construction","tag-durabilite"],"acf":[],"yoast_head":"<!-- This site is optimized with the Yoast SEO plugin v27.4 - https:\/\/yoast.com\/product\/yoast-seo-wordpress\/ -->\n<title>La couronne d&#039;honneur est suspendue : Centre sp\u00e9cialis\u00e9 Bauhaus \u00e0 D\u00fcsseldorf-Rath<\/title>\n<meta name=\"description\" content=\"A l&#039;occasion de la f\u00eate de l&#039;ach\u00e8vement du gros \u0153uvre, nous nous sommes rendus sur place le 10 octobre \u00e0 D\u00fcsseldorf et mettons en \u00e9vidence les caract\u00e9ristiques particuli\u00e8res du nouveau site Bauhaus.\" \/>\n<meta name=\"robots\" content=\"index, follow, max-snippet:-1, max-image-preview:large, max-video-preview:-1\" \/>\n<link rel=\"canonical\" href=\"https:\/\/sha.de\/fr\/news\/la-couronne-dhonneur-est-suspendue-centre-specialise-bauhaus-a-dusseldorf-rath\" \/>\n<meta property=\"og:locale\" content=\"fr_FR\" \/>\n<meta property=\"og:type\" content=\"article\" \/>\n<meta property=\"og:title\" content=\"La couronne d&#039;honneur est suspendue : Centre sp\u00e9cialis\u00e9 Bauhaus \u00e0 D\u00fcsseldorf-Rath\" \/>\n<meta property=\"og:description\" content=\"A l&#039;occasion de la f\u00eate de l&#039;ach\u00e8vement du gros \u0153uvre, nous nous sommes rendus sur place le 10 octobre \u00e0 D\u00fcsseldorf et mettons en \u00e9vidence les caract\u00e9ristiques particuli\u00e8res du nouveau site Bauhaus.\" \/>\n<meta property=\"og:url\" content=\"https:\/\/sha.de\/fr\/news\/la-couronne-dhonneur-est-suspendue-centre-specialise-bauhaus-a-dusseldorf-rath\" \/>\n<meta property=\"og:site_name\" content=\"SHA Scheffler Helbich Architekten GmbH\" \/>\n<meta property=\"article:published_time\" content=\"2023-10-11T14:25:53+00:00\" \/>\n<meta property=\"article:modified_time\" content=\"2024-09-23T14:53:44+00:00\" \/>\n<meta property=\"og:image\" content=\"https:\/\/sha.de\/wp-content\/uploads\/Richtkranz.jpg\" \/>\n\t<meta property=\"og:image:width\" content=\"811\" \/>\n\t<meta property=\"og:image:height\" content=\"456\" \/>\n\t<meta property=\"og:image:type\" content=\"image\/jpeg\" \/>\n<meta name=\"author\" content=\"Max Frittgen\" \/>\n<meta name=\"twitter:card\" content=\"summary_large_image\" \/>\n<meta name=\"twitter:label1\" content=\"\u00c9crit par\" \/>\n\t<meta name=\"twitter:data1\" content=\"Max Frittgen\" \/>\n\t<meta name=\"twitter:label2\" content=\"Dur\u00e9e de lecture estim\u00e9e\" \/>\n\t<meta name=\"twitter:data2\" content=\"7 minutes\" \/>\n<script type=\"application\/ld+json\" class=\"yoast-schema-graph\">{\"@context\":\"https:\\\/\\\/schema.org\",\"@graph\":[{\"@type\":\"Article\",\"@id\":\"https:\\\/\\\/sha.de\\\/fr\\\/news\\\/la-couronne-dhonneur-est-suspendue-centre-specialise-bauhaus-a-dusseldorf-rath#article\",\"isPartOf\":{\"@id\":\"https:\\\/\\\/sha.de\\\/fr\\\/news\\\/la-couronne-dhonneur-est-suspendue-centre-specialise-bauhaus-a-dusseldorf-rath\"},\"author\":{\"name\":\"Max Frittgen\",\"@id\":\"https:\\\/\\\/sha.de\\\/fr#\\\/schema\\\/person\\\/e5274be999acaa73cf6ce0a26902e296\"},\"headline\":\"La couronne d&rsquo;honneur est suspendue : Centre sp\u00e9cialis\u00e9 Bauhaus \u00e0 D\u00fcsseldorf-Rath\",\"datePublished\":\"2023-10-11T14:25:53+00:00\",\"dateModified\":\"2024-09-23T14:53:44+00:00\",\"mainEntityOfPage\":{\"@id\":\"https:\\\/\\\/sha.de\\\/fr\\\/news\\\/la-couronne-dhonneur-est-suspendue-centre-specialise-bauhaus-a-dusseldorf-rath\"},\"wordCount\":1137,\"image\":{\"@id\":\"https:\\\/\\\/sha.de\\\/fr\\\/news\\\/la-couronne-dhonneur-est-suspendue-centre-specialise-bauhaus-a-dusseldorf-rath#primaryimage\"},\"thumbnailUrl\":\"https:\\\/\\\/sha.de\\\/wp-content\\\/uploads\\\/Richtkranz.jpg\",\"keywords\":[\"March\u00e9 de la construction\",\"Nouvelle construction\",\"Durabilit\u00e9\"],\"articleSection\":[\"March\u00e9 de la construction &amp; commerce de mat\u00e9riaux de construction\",\"Industrie &amp; commerce\",\"Durabilit\u00e9\"],\"inLanguage\":\"fr-FR\"},{\"@type\":\"WebPage\",\"@id\":\"https:\\\/\\\/sha.de\\\/fr\\\/news\\\/la-couronne-dhonneur-est-suspendue-centre-specialise-bauhaus-a-dusseldorf-rath\",\"url\":\"https:\\\/\\\/sha.de\\\/fr\\\/news\\\/la-couronne-dhonneur-est-suspendue-centre-specialise-bauhaus-a-dusseldorf-rath\",\"name\":\"La couronne d'honneur est suspendue : Centre sp\u00e9cialis\u00e9 Bauhaus \u00e0 D\u00fcsseldorf-Rath\",\"isPartOf\":{\"@id\":\"https:\\\/\\\/sha.de\\\/fr#website\"},\"primaryImageOfPage\":{\"@id\":\"https:\\\/\\\/sha.de\\\/fr\\\/news\\\/la-couronne-dhonneur-est-suspendue-centre-specialise-bauhaus-a-dusseldorf-rath#primaryimage\"},\"image\":{\"@id\":\"https:\\\/\\\/sha.de\\\/fr\\\/news\\\/la-couronne-dhonneur-est-suspendue-centre-specialise-bauhaus-a-dusseldorf-rath#primaryimage\"},\"thumbnailUrl\":\"https:\\\/\\\/sha.de\\\/wp-content\\\/uploads\\\/Richtkranz.jpg\",\"datePublished\":\"2023-10-11T14:25:53+00:00\",\"dateModified\":\"2024-09-23T14:53:44+00:00\",\"author\":{\"@id\":\"https:\\\/\\\/sha.de\\\/fr#\\\/schema\\\/person\\\/e5274be999acaa73cf6ce0a26902e296\"},\"description\":\"A l'occasion de la f\u00eate de l'ach\u00e8vement du gros \u0153uvre, nous nous sommes rendus sur place le 10 octobre \u00e0 D\u00fcsseldorf et mettons en \u00e9vidence les caract\u00e9ristiques particuli\u00e8res du nouveau site Bauhaus.\",\"breadcrumb\":{\"@id\":\"https:\\\/\\\/sha.de\\\/fr\\\/news\\\/la-couronne-dhonneur-est-suspendue-centre-specialise-bauhaus-a-dusseldorf-rath#breadcrumb\"},\"inLanguage\":\"fr-FR\",\"potentialAction\":[{\"@type\":\"ReadAction\",\"target\":[\"https:\\\/\\\/sha.de\\\/fr\\\/news\\\/la-couronne-dhonneur-est-suspendue-centre-specialise-bauhaus-a-dusseldorf-rath\"]}]},{\"@type\":\"ImageObject\",\"inLanguage\":\"fr-FR\",\"@id\":\"https:\\\/\\\/sha.de\\\/fr\\\/news\\\/la-couronne-dhonneur-est-suspendue-centre-specialise-bauhaus-a-dusseldorf-rath#primaryimage\",\"url\":\"https:\\\/\\\/sha.de\\\/wp-content\\\/uploads\\\/Richtkranz.jpg\",\"contentUrl\":\"https:\\\/\\\/sha.de\\\/wp-content\\\/uploads\\\/Richtkranz.jpg\",\"width\":811,\"height\":456},{\"@type\":\"BreadcrumbList\",\"@id\":\"https:\\\/\\\/sha.de\\\/fr\\\/news\\\/la-couronne-dhonneur-est-suspendue-centre-specialise-bauhaus-a-dusseldorf-rath#breadcrumb\",\"itemListElement\":[{\"@type\":\"ListItem\",\"position\":1,\"name\":\"Startseite\",\"item\":\"https:\\\/\\\/sha.de\\\/fr\"},{\"@type\":\"ListItem\",\"position\":2,\"name\":\"La couronne d&#8217;honneur est suspendue : Centre sp\u00e9cialis\u00e9 Bauhaus \u00e0 D\u00fcsseldorf-Rath\"}]},{\"@type\":\"WebSite\",\"@id\":\"https:\\\/\\\/sha.de\\\/fr#website\",\"url\":\"https:\\\/\\\/sha.de\\\/fr\",\"name\":\"SHA Scheffler Helbich Architekten GmbH\",\"description\":\"\",\"potentialAction\":[{\"@type\":\"SearchAction\",\"target\":{\"@type\":\"EntryPoint\",\"urlTemplate\":\"https:\\\/\\\/sha.de\\\/fr?s={search_term_string}\"},\"query-input\":{\"@type\":\"PropertyValueSpecification\",\"valueRequired\":true,\"valueName\":\"search_term_string\"}}],\"inLanguage\":\"fr-FR\"},{\"@type\":\"Person\",\"@id\":\"https:\\\/\\\/sha.de\\\/fr#\\\/schema\\\/person\\\/e5274be999acaa73cf6ce0a26902e296\",\"name\":\"Max Frittgen\",\"image\":{\"@type\":\"ImageObject\",\"inLanguage\":\"fr-FR\",\"@id\":\"https:\\\/\\\/secure.gravatar.com\\\/avatar\\\/2412b8cfc9e1dc689e55df7d19e72589baa82cf33ed35837abe3925140890a8a?s=96&d=mm&r=g\",\"url\":\"https:\\\/\\\/secure.gravatar.com\\\/avatar\\\/2412b8cfc9e1dc689e55df7d19e72589baa82cf33ed35837abe3925140890a8a?s=96&d=mm&r=g\",\"contentUrl\":\"https:\\\/\\\/secure.gravatar.com\\\/avatar\\\/2412b8cfc9e1dc689e55df7d19e72589baa82cf33ed35837abe3925140890a8a?s=96&d=mm&r=g\",\"caption\":\"Max Frittgen\"},\"sameAs\":[\"http:\\\/\\\/www.sha.de\"]}]}<\/script>\n<!-- \/ Yoast SEO plugin. -->","yoast_head_json":{"title":"La couronne d'honneur est suspendue : Centre sp\u00e9cialis\u00e9 Bauhaus \u00e0 D\u00fcsseldorf-Rath","description":"A l'occasion de la f\u00eate de l'ach\u00e8vement du gros \u0153uvre, nous nous sommes rendus sur place le 10 octobre \u00e0 D\u00fcsseldorf et mettons en \u00e9vidence les caract\u00e9ristiques particuli\u00e8res du nouveau site Bauhaus.","robots":{"index":"index","follow":"follow","max-snippet":"max-snippet:-1","max-image-preview":"max-image-preview:large","max-video-preview":"max-video-preview:-1"},"canonical":"https:\/\/sha.de\/fr\/news\/la-couronne-dhonneur-est-suspendue-centre-specialise-bauhaus-a-dusseldorf-rath","og_locale":"fr_FR","og_type":"article","og_title":"La couronne d'honneur est suspendue : Centre sp\u00e9cialis\u00e9 Bauhaus \u00e0 D\u00fcsseldorf-Rath","og_description":"A l'occasion de la f\u00eate de l'ach\u00e8vement du gros \u0153uvre, nous nous sommes rendus sur place le 10 octobre \u00e0 D\u00fcsseldorf et mettons en \u00e9vidence les caract\u00e9ristiques particuli\u00e8res du nouveau site Bauhaus.","og_url":"https:\/\/sha.de\/fr\/news\/la-couronne-dhonneur-est-suspendue-centre-specialise-bauhaus-a-dusseldorf-rath","og_site_name":"SHA Scheffler Helbich Architekten GmbH","article_published_time":"2023-10-11T14:25:53+00:00","article_modified_time":"2024-09-23T14:53:44+00:00","og_image":[{"width":811,"height":456,"url":"https:\/\/sha.de\/wp-content\/uploads\/Richtkranz.jpg","type":"image\/jpeg"}],"author":"Max Frittgen","twitter_card":"summary_large_image","twitter_misc":{"\u00c9crit par":"Max Frittgen","Dur\u00e9e de lecture estim\u00e9e":"7 minutes"},"schema":{"@context":"https:\/\/schema.org","@graph":[{"@type":"Article","@id":"https:\/\/sha.de\/fr\/news\/la-couronne-dhonneur-est-suspendue-centre-specialise-bauhaus-a-dusseldorf-rath#article","isPartOf":{"@id":"https:\/\/sha.de\/fr\/news\/la-couronne-dhonneur-est-suspendue-centre-specialise-bauhaus-a-dusseldorf-rath"},"author":{"name":"Max Frittgen","@id":"https:\/\/sha.de\/fr#\/schema\/person\/e5274be999acaa73cf6ce0a26902e296"},"headline":"La couronne d&rsquo;honneur est suspendue : Centre sp\u00e9cialis\u00e9 Bauhaus \u00e0 D\u00fcsseldorf-Rath","datePublished":"2023-10-11T14:25:53+00:00","dateModified":"2024-09-23T14:53:44+00:00","mainEntityOfPage":{"@id":"https:\/\/sha.de\/fr\/news\/la-couronne-dhonneur-est-suspendue-centre-specialise-bauhaus-a-dusseldorf-rath"},"wordCount":1137,"image":{"@id":"https:\/\/sha.de\/fr\/news\/la-couronne-dhonneur-est-suspendue-centre-specialise-bauhaus-a-dusseldorf-rath#primaryimage"},"thumbnailUrl":"https:\/\/sha.de\/wp-content\/uploads\/Richtkranz.jpg","keywords":["March\u00e9 de la construction","Nouvelle construction","Durabilit\u00e9"],"articleSection":["March\u00e9 de la construction &amp; commerce de mat\u00e9riaux de construction","Industrie &amp; commerce","Durabilit\u00e9"],"inLanguage":"fr-FR"},{"@type":"WebPage","@id":"https:\/\/sha.de\/fr\/news\/la-couronne-dhonneur-est-suspendue-centre-specialise-bauhaus-a-dusseldorf-rath","url":"https:\/\/sha.de\/fr\/news\/la-couronne-dhonneur-est-suspendue-centre-specialise-bauhaus-a-dusseldorf-rath","name":"La couronne d'honneur est suspendue : Centre sp\u00e9cialis\u00e9 Bauhaus \u00e0 D\u00fcsseldorf-Rath","isPartOf":{"@id":"https:\/\/sha.de\/fr#website"},"primaryImageOfPage":{"@id":"https:\/\/sha.de\/fr\/news\/la-couronne-dhonneur-est-suspendue-centre-specialise-bauhaus-a-dusseldorf-rath#primaryimage"},"image":{"@id":"https:\/\/sha.de\/fr\/news\/la-couronne-dhonneur-est-suspendue-centre-specialise-bauhaus-a-dusseldorf-rath#primaryimage"},"thumbnailUrl":"https:\/\/sha.de\/wp-content\/uploads\/Richtkranz.jpg","datePublished":"2023-10-11T14:25:53+00:00","dateModified":"2024-09-23T14:53:44+00:00","author":{"@id":"https:\/\/sha.de\/fr#\/schema\/person\/e5274be999acaa73cf6ce0a26902e296"},"description":"A l'occasion de la f\u00eate de l'ach\u00e8vement du gros \u0153uvre, nous nous sommes rendus sur place le 10 octobre \u00e0 D\u00fcsseldorf et mettons en \u00e9vidence les caract\u00e9ristiques particuli\u00e8res du nouveau site Bauhaus.","breadcrumb":{"@id":"https:\/\/sha.de\/fr\/news\/la-couronne-dhonneur-est-suspendue-centre-specialise-bauhaus-a-dusseldorf-rath#breadcrumb"},"inLanguage":"fr-FR","potentialAction":[{"@type":"ReadAction","target":["https:\/\/sha.de\/fr\/news\/la-couronne-dhonneur-est-suspendue-centre-specialise-bauhaus-a-dusseldorf-rath"]}]},{"@type":"ImageObject","inLanguage":"fr-FR","@id":"https:\/\/sha.de\/fr\/news\/la-couronne-dhonneur-est-suspendue-centre-specialise-bauhaus-a-dusseldorf-rath#primaryimage","url":"https:\/\/sha.de\/wp-content\/uploads\/Richtkranz.jpg","contentUrl":"https:\/\/sha.de\/wp-content\/uploads\/Richtkranz.jpg","width":811,"height":456},{"@type":"BreadcrumbList","@id":"https:\/\/sha.de\/fr\/news\/la-couronne-dhonneur-est-suspendue-centre-specialise-bauhaus-a-dusseldorf-rath#breadcrumb","itemListElement":[{"@type":"ListItem","position":1,"name":"Startseite","item":"https:\/\/sha.de\/fr"},{"@type":"ListItem","position":2,"name":"La couronne d&#8217;honneur est suspendue : Centre sp\u00e9cialis\u00e9 Bauhaus \u00e0 D\u00fcsseldorf-Rath"}]},{"@type":"WebSite","@id":"https:\/\/sha.de\/fr#website","url":"https:\/\/sha.de\/fr","name":"SHA Scheffler Helbich Architekten GmbH","description":"","potentialAction":[{"@type":"SearchAction","target":{"@type":"EntryPoint","urlTemplate":"https:\/\/sha.de\/fr?s={search_term_string}"},"query-input":{"@type":"PropertyValueSpecification","valueRequired":true,"valueName":"search_term_string"}}],"inLanguage":"fr-FR"},{"@type":"Person","@id":"https:\/\/sha.de\/fr#\/schema\/person\/e5274be999acaa73cf6ce0a26902e296","name":"Max Frittgen","image":{"@type":"ImageObject","inLanguage":"fr-FR","@id":"https:\/\/secure.gravatar.com\/avatar\/2412b8cfc9e1dc689e55df7d19e72589baa82cf33ed35837abe3925140890a8a?s=96&d=mm&r=g","url":"https:\/\/secure.gravatar.com\/avatar\/2412b8cfc9e1dc689e55df7d19e72589baa82cf33ed35837abe3925140890a8a?s=96&d=mm&r=g","contentUrl":"https:\/\/secure.gravatar.com\/avatar\/2412b8cfc9e1dc689e55df7d19e72589baa82cf33ed35837abe3925140890a8a?s=96&d=mm&r=g","caption":"Max Frittgen"},"sameAs":["http:\/\/www.sha.de"]}]}},"_links":{"self":[{"href":"https:\/\/sha.de\/fr\/wp-json\/wp\/v2\/posts\/33337","targetHints":{"allow":["GET"]}}],"collection":[{"href":"https:\/\/sha.de\/fr\/wp-json\/wp\/v2\/posts"}],"about":[{"href":"https:\/\/sha.de\/fr\/wp-json\/wp\/v2\/types\/post"}],"author":[{"embeddable":true,"href":"https:\/\/sha.de\/fr\/wp-json\/wp\/v2\/users\/4"}],"replies":[{"embeddable":true,"href":"https:\/\/sha.de\/fr\/wp-json\/wp\/v2\/comments?post=33337"}],"version-history":[{"count":11,"href":"https:\/\/sha.de\/fr\/wp-json\/wp\/v2\/posts\/33337\/revisions"}],"predecessor-version":[{"id":47247,"href":"https:\/\/sha.de\/fr\/wp-json\/wp\/v2\/posts\/33337\/revisions\/47247"}],"wp:featuredmedia":[{"embeddable":true,"href":"https:\/\/sha.de\/fr\/wp-json\/wp\/v2\/media\/27671"}],"wp:attachment":[{"href":"https:\/\/sha.de\/fr\/wp-json\/wp\/v2\/media?parent=33337"}],"wp:term":[{"taxonomy":"category","embeddable":true,"href":"https:\/\/sha.de\/fr\/wp-json\/wp\/v2\/categories?post=33337"},{"taxonomy":"post_tag","embeddable":true,"href":"https:\/\/sha.de\/fr\/wp-json\/wp\/v2\/tags?post=33337"}],"curies":[{"name":"wp","href":"https:\/\/api.w.org\/{rel}","templated":true}]}}