{"id":33518,"date":"2024-02-16T12:07:27","date_gmt":"2024-02-16T11:07:27","guid":{"rendered":"https:\/\/sha.de\/aktuelles\/premier-coup-de-pioche-a-recklinghausen-debut-des-travaux-de-construction-du-nouveau-centre-dexploitation-de-thyssengas"},"modified":"2024-09-23T16:54:03","modified_gmt":"2024-09-23T14:54:03","slug":"premier-coup-de-pioche-a-recklinghausen-debut-des-travaux-de-construction-du-nouveau-centre-dexploitation-de-thyssengas","status":"publish","type":"post","link":"https:\/\/sha.de\/fr\/news\/premier-coup-de-pioche-a-recklinghausen-debut-des-travaux-de-construction-du-nouveau-centre-dexploitation-de-thyssengas","title":{"rendered":"Premier coup de pioche \u00e0 Recklinghausen &#8211; D\u00e9but des travaux de construction du nouveau centre d&rsquo;exploitation de Thyssengas"},"content":{"rendered":"<div id='av_section_1' class='avia-section main_color pt-default pb-default avia-no-border-styling avia-bg-style-scroll  avia-builder-el-0  el_before_av_one_third  avia-builder-el-first   container_wrap fullsize' style=' '  ><div class='container' ><main  role=\"main\" itemprop=\"mainContentOfPage\"  class='template-page content  av-content-full alpha units'><div class='post-entry post-entry-type-page post-entry-33518'><div class='entry-content-wrapper clearfix'>\n\n\t\t\t<div id=\"av-q8e0eh\" class=\"headline-column flex_column av_one_full flex_column_div first \">\n\t\t\t\t<div class=\"headline-wrap is-outside align-left sub-bottom\">\n\t\t\t\t\t<h1 class=\"headline-content headline-primary\">Premier coup de pioche \u00e0 Recklinghausen - D\u00e9but des travaux de construction du nouveau centre d\u2019exploitation de Thyssengas<\/h1>\n\t\t\t\t\t\n\t\t\t\t<\/div>\n\t\t\t<\/div>\n<\/div><\/div><\/main><!-- close content main element --><\/div><\/div><div id='after_section_1' class='main_color av_default_container_wrap container_wrap fullsize' style=' '  ><div class='container' ><div class='template-page content  av-content-full alpha units'><div class='post-entry post-entry-type-page post-entry-33518'><div class='entry-content-wrapper clearfix'>\n<div class=\"flex_column av_one_third  flex_column_div av-zero-column-padding first bg-default   img-left   avia-builder-el-2  el_after_av_section  el_before_av_one_third  avia-builder-el-first  \"><section  class='av_textblock_section av-2kofb3o-0d40375c0b2c0c749b7c86372c9adefc '   itemscope=\"itemscope\" itemtype=\"https:\/\/schema.org\/BlogPosting\" itemprop=\"blogPost\" ><div class='avia_textblock'  itemprop=\"text\" ><p>La premi\u00e8re pierre de la nouvelle usine de Thyssengas GmbH \u00e0 Recklinghausen a \u00e9t\u00e9 pos\u00e9e hier. En compagnie du ma\u00eetre d&rsquo;ouvrage et de repr\u00e9sentants de la presse et de la politique, nous avons officiellement donn\u00e9 le coup d&rsquo;envoi des travaux de construction du nouveau centre d&rsquo;exploitation.<\/p>\n<p>Le site de Recklinghausen g\u00e8re, contr\u00f4le et entretient actuellement environ 1 500 kilom\u00e8tres du r\u00e9seau de gazoducs de Thyssengas. \u00c0 l&rsquo;avenir, le centre d&rsquo;exploitation s&rsquo;occupera \u00e9galement du r\u00e9seau d&rsquo;hydrog\u00e8ne de Thyssengas en cours de d\u00e9veloppement dans la r\u00e9gion. Le nouveau b\u00e2timent cr\u00e9e les conditions appropri\u00e9es \u00e0 cet effet.<\/p>\n<p>Le nouveau centre d&rsquo;exploitation sera construit sur un terrain d&rsquo;environ 7.500 m\u00b2 situ\u00e9 dans la Sibylla Merian Strasse \u00e0 Recklinghausen. C&rsquo;est \u00e0 partir de ce site qu&rsquo;une cinquantaine d&#8217;employ\u00e9s s&rsquo;occuperont \u00e0 l&rsquo;avenir de l&rsquo;exploitation et de la maintenance du r\u00e9seau de gazoducs de Thyssengas, et donc de la s\u00e9curit\u00e9 de l&rsquo;approvisionnement en gaz de la r\u00e9gion. Elle est \u00e9galement responsable de l&rsquo;une des pi\u00e8ces centrales du r\u00e9seau central d&rsquo;hydrog\u00e8ne pr\u00e9vu : la premi\u00e8re conduite d&rsquo;hydrog\u00e8ne transfrontali\u00e8re de Kalle en Rh\u00e9nanie-du-Nord-Westphalie \u00e0 Vlieghuis aux Pays-Bas.<\/p>\n<\/div><\/section><\/div><div class=\"flex_column av_one_third  flex_column_div av-zero-column-padding  bg-default   img-left   avia-builder-el-4  el_after_av_one_third  el_before_av_one_third  \"><section  class='av_textblock_section av-lsofnv85-91c56f73f68841c8867be18ce0725d44 '   itemscope=\"itemscope\" itemtype=\"https:\/\/schema.org\/BlogPosting\" itemprop=\"blogPost\" ><div class='avia_textblock'  itemprop=\"text\" ><p>Dans son allocution de bienvenue, le Dr G\u00f6\u00dfmann, pr\u00e9sident du conseil d&rsquo;administration de Thyssengas, a \u00e9galement soulign\u00e9 la relation particuli\u00e8re de Thyssengas avec la r\u00e9gion de la Ruhr : \u00ab\u00a0Thyssengas est en train d&rsquo;\u00e9crire un nouveau chapitre de l&rsquo;histoire plus que centenaire de l&rsquo;entreprise. L&rsquo;hydrog\u00e8ne et les autres gaz verts vont fa\u00e7onner l&rsquo;avenir. Notre mission est claire : nous fa\u00e7onnons le tournant \u00e9nerg\u00e9tique et rendons possible \u00e0 l&rsquo;avenir, gr\u00e2ce \u00e0 nos r\u00e9seaux, un approvisionnement en \u00e9nergie sans sources d&rsquo;\u00e9nergie fossiles pour le site industriel de la Rh\u00e9nanie-du-Nord-Westphalie et au-del\u00e0. En tant qu&rsquo;enfant de la Ruhr, la s\u00e9curit\u00e9 de l&rsquo;approvisionnement en gaz de la r\u00e9gion a toujours fait, fait et fera toujours partie de notre identit\u00e9 &#8211; c&rsquo;est pourquoi nous construisons ici \u00e0 Recklinghausen un nouveau centre d&rsquo;exploitation plus grand\u00a0\u00bb.<\/p>\n<p>\u00ab\u00a0Je suis heureux qu&rsquo;une entreprise prosp\u00e8re comme Thyssengas s&rsquo;engage publiquement de mani\u00e8re visible et offensive en faveur du site \u00e9conomique de Recklinghausen\u00a0\u00bb, a d\u00e9clar\u00e9 le maire Christoph Tesche. \u00ab\u00a0L&rsquo;extension du r\u00e9seau de canalisations et la cr\u00e9ation de nouveaux emplois cr\u00e9ent des conditions id\u00e9ales pour la croissance et le succ\u00e8s. Avec le nouveau site, de nouvelles technologies s&rsquo;ouvrent dans le domaine de l&rsquo;\u00e9nergie\u00a0\u00bb.<\/p>\n<\/div><\/section><\/div><div class=\"flex_column av_one_third  flex_column_div av-zero-column-padding  bg-default   img-left   avia-builder-el-6  el_after_av_one_third  el_before_av_one_full  \"><section  class='av_textblock_section av-lsofiyxf-bc17223b382d31633db334718dc0be22 '   itemscope=\"itemscope\" itemtype=\"https:\/\/schema.org\/BlogPosting\" itemprop=\"blogPost\" ><div class='avia_textblock'  itemprop=\"text\" ><p>L&#8217;emm\u00e9nagement dans le nouveau centre d&rsquo;exploitation devrait avoir lieu au cours du premier semestre de l&rsquo;ann\u00e9e prochaine. Outre des postes de travail modernes et un \u00e9quipement technique complet pour l&rsquo;organisation de l&rsquo;exploitation du r\u00e9seau, le d\u00e9veloppement durable figure en bonne place sur la liste des priorit\u00e9s. Il est pr\u00e9vu, entre autres, d&rsquo;installer un syst\u00e8me de stockage de glace pour le chauffage et le refroidissement, un syst\u00e8me photovolta\u00efque pour la production d&rsquo;\u00e9lectricit\u00e9, ainsi que de vastes espaces verts sur le toit, les fa\u00e7ades et les surfaces ext\u00e9rieures. Au premier \u00e9tage, une structure en bois l\u00e9g\u00e8re et respectueuse des ressources est utilis\u00e9e, rendue lisible depuis l&rsquo;ext\u00e9rieur par une fa\u00e7ade en bois ventil\u00e9e. Le centre d&rsquo;exploitation atteint la norme or de la certification DGNB pour la construction durable.<br \/>\nLe nouveau centre d&rsquo;exploitation appartenant \u00e0 Thyssengas, qui remplace les locaux actuellement lou\u00e9s dans la Blitzkuhlenstra\u00dfe, est donc \u00e9galement un engagement durable de l&rsquo;entreprise envers le site de Recklinghausen.<\/p>\n<p>Source : Thyssengas GmbH<\/p>\n<\/div><\/section><\/div><div class=\"flex_column av_one_full  flex_column_div av-zero-column-padding first bg-default   img-left   avia-builder-el-8  el_after_av_one_third  avia-builder-el-last  column-top-margin\"><p><br \/>\n<div class=\"slickgallery no-nav\">\n\t<div class=\"pixel-slide-wrap\">\n\t\t<div class=\"pixel-slide\" style=\"display: block; width: 100%; float: left;\">\n\t\t\t\t\n\t\t\t\t\t\t\t\t\t\t\t\t\t\n\t\t\t\t\t<div class=\"pixel-slide__image-wrap slide-1\">\n\t\t\t\t\t\t\t<div class=\"pixel-slide__image \"><a href=\"https:\/\/sha.de\/wp-content\/uploads\/IMG_5601-638x850.jpg\" rel=\"lightbox\"><img decoding=\"async\" src=\"https:\/\/sha.de\/wp-content\/uploads\/IMG_5601-706x368.jpg\" alt=\"Spatenstich der Thyssengas Betriebsstelle in Recklinghausen | SHA Scheffler Helbich Architekten\" title=\"Spatenstich der Thyssengas Betriebsstelle in Recklinghausen | SHA Scheffler Helbich Architekten\"><\/a><\/div>\n\t\t\t\t\t<\/div>\n\t\t\t\t\n\t\t\t\t\t\t\t\t\t\t\t\t\t\n\t\t\t\t\t<div class=\"pixel-slide__image-wrap slide-2\">\n\t\t\t\t\t\t\t<div class=\"pixel-slide__image \"><a href=\"https:\/\/sha.de\/wp-content\/uploads\/20240214_115433-1-850x850.jpg\" rel=\"lightbox\"><img decoding=\"async\" src=\"https:\/\/sha.de\/wp-content\/uploads\/20240214_115433-1-706x368.jpg\" alt=\"\" title=\"\"><\/a><\/div>\n\t\t\t\t\t<\/div>\n\t\t\t\t\n\t\t\t\t\t\t\t\t\t\t\t\t\t\n\t\t\t\t\t<div class=\"pixel-slide__image-wrap slide-3\">\n\t\t\t\t\t\t\t<div class=\"pixel-slide__image \"><a href=\"https:\/\/sha.de\/wp-content\/uploads\/IMG_5636-1133x850.jpg\" rel=\"lightbox\"><img decoding=\"async\" src=\"https:\/\/sha.de\/wp-content\/uploads\/IMG_5636-706x368.jpg\" alt=\"Spatenstich der Thyssengas Betriebsstelle in Recklinghausen | SHA Scheffler Helbich Architekten\" title=\"Spatenstich der Thyssengas Betriebsstelle in Recklinghausen | SHA Scheffler Helbich Architekten\"><\/a><\/div>\n\t\t\t\t\t<\/div>\n\t\t\t\t\t\t<\/div>\n\t<\/div>\n<\/div>\n<\/p><\/div><\/p>\n","protected":false},"excerpt":{"rendered":"<p>En compagnie du ma\u00eetre d&rsquo;ouvrage et de repr\u00e9sentants de la presse et de la politique, nous avons officiellement donn\u00e9 le coup d&rsquo;envoi des travaux de construction du nouveau centre d&rsquo;exploitation.<\/p>\n","protected":false},"author":4,"featured_media":28385,"comment_status":"closed","ping_status":"closed","sticky":false,"template":"","format":"standard","meta":{"_acf_changed":false,"content-type":"","footnotes":""},"categories":[846,850,857],"tags":[933,1088,1094,1219,1254],"class_list":["post-33518","post","type-post","status-publish","format-standard","has-post-thumbnail","hentry","category-dortmund-fr","category-durabilite","category-gestion","tag-architecture-fr","tag-nouvelle-construction","tag-batiment-administratif","tag-durabilite","tag-premier-coup-de-pioche"],"acf":[],"yoast_head":"<!-- This site is optimized with the Yoast SEO plugin v27.4 - https:\/\/yoast.com\/product\/yoast-seo-wordpress\/ -->\n<title>Premier coup de pioche \u00e0 Recklinghausen - D\u00e9but des travaux de construction du nouveau centre d&#039;exploitation de Thyssengas<\/title>\n<meta name=\"description\" content=\"En compagnie du ma\u00eetre d&#039;ouvrage et de repr\u00e9sentants de la presse et de la politique, nous avons officiellement donn\u00e9 le coup d&#039;envoi des travaux de construction du nouveau centre d&#039;exploitation.\" \/>\n<meta name=\"robots\" content=\"index, follow, max-snippet:-1, max-image-preview:large, max-video-preview:-1\" \/>\n<link rel=\"canonical\" href=\"https:\/\/sha.de\/fr\/news\/premier-coup-de-pioche-a-recklinghausen-debut-des-travaux-de-construction-du-nouveau-centre-dexploitation-de-thyssengas\" \/>\n<meta property=\"og:locale\" content=\"fr_FR\" \/>\n<meta property=\"og:type\" content=\"article\" \/>\n<meta property=\"og:title\" content=\"Premier coup de pioche \u00e0 Recklinghausen - D\u00e9but des travaux de construction du nouveau centre d&#039;exploitation de Thyssengas\" \/>\n<meta property=\"og:description\" content=\"En compagnie du ma\u00eetre d&#039;ouvrage et de repr\u00e9sentants de la presse et de la politique, nous avons officiellement donn\u00e9 le coup d&#039;envoi des travaux de construction du nouveau centre d&#039;exploitation.\" \/>\n<meta property=\"og:url\" content=\"https:\/\/sha.de\/fr\/news\/premier-coup-de-pioche-a-recklinghausen-debut-des-travaux-de-construction-du-nouveau-centre-dexploitation-de-thyssengas\" \/>\n<meta property=\"og:site_name\" content=\"SHA Scheffler Helbich Architekten GmbH\" \/>\n<meta property=\"article:published_time\" content=\"2024-02-16T11:07:27+00:00\" \/>\n<meta property=\"article:modified_time\" content=\"2024-09-23T14:54:03+00:00\" \/>\n<meta property=\"og:image\" content=\"https:\/\/sha.de\/wp-content\/uploads\/IMG_5601-773x1030.jpg\" \/>\n\t<meta property=\"og:image:width\" content=\"773\" \/>\n\t<meta property=\"og:image:height\" content=\"1030\" \/>\n\t<meta property=\"og:image:type\" content=\"image\/jpeg\" \/>\n<meta name=\"author\" content=\"Max Frittgen\" \/>\n<meta name=\"twitter:card\" content=\"summary_large_image\" \/>\n<meta name=\"twitter:label1\" content=\"\u00c9crit par\" \/>\n\t<meta name=\"twitter:data1\" content=\"Max Frittgen\" \/>\n\t<meta name=\"twitter:label2\" content=\"Dur\u00e9e de lecture estim\u00e9e\" \/>\n\t<meta name=\"twitter:data2\" content=\"8 minutes\" \/>\n<script type=\"application\/ld+json\" class=\"yoast-schema-graph\">{\"@context\":\"https:\\\/\\\/schema.org\",\"@graph\":[{\"@type\":\"Article\",\"@id\":\"https:\\\/\\\/sha.de\\\/fr\\\/news\\\/premier-coup-de-pioche-a-recklinghausen-debut-des-travaux-de-construction-du-nouveau-centre-dexploitation-de-thyssengas#article\",\"isPartOf\":{\"@id\":\"https:\\\/\\\/sha.de\\\/fr\\\/news\\\/premier-coup-de-pioche-a-recklinghausen-debut-des-travaux-de-construction-du-nouveau-centre-dexploitation-de-thyssengas\"},\"author\":{\"name\":\"Max Frittgen\",\"@id\":\"https:\\\/\\\/sha.de\\\/fr#\\\/schema\\\/person\\\/e5274be999acaa73cf6ce0a26902e296\"},\"headline\":\"Premier coup de pioche \u00e0 Recklinghausen &#8211; D\u00e9but des travaux de construction du nouveau centre d&rsquo;exploitation de Thyssengas\",\"datePublished\":\"2024-02-16T11:07:27+00:00\",\"dateModified\":\"2024-09-23T14:54:03+00:00\",\"mainEntityOfPage\":{\"@id\":\"https:\\\/\\\/sha.de\\\/fr\\\/news\\\/premier-coup-de-pioche-a-recklinghausen-debut-des-travaux-de-construction-du-nouveau-centre-dexploitation-de-thyssengas\"},\"wordCount\":1443,\"image\":{\"@id\":\"https:\\\/\\\/sha.de\\\/fr\\\/news\\\/premier-coup-de-pioche-a-recklinghausen-debut-des-travaux-de-construction-du-nouveau-centre-dexploitation-de-thyssengas#primaryimage\"},\"thumbnailUrl\":\"https:\\\/\\\/sha.de\\\/wp-content\\\/uploads\\\/IMG_5601-scaled.jpg\",\"keywords\":[\"Architecture\",\"Nouvelle construction\",\"B\u00e2timent administratif\",\"Durabilit\u00e9\",\"Premier coup de pioche\"],\"articleSection\":[\"Dortmund\",\"Durabilit\u00e9\",\"Gestion\"],\"inLanguage\":\"fr-FR\"},{\"@type\":\"WebPage\",\"@id\":\"https:\\\/\\\/sha.de\\\/fr\\\/news\\\/premier-coup-de-pioche-a-recklinghausen-debut-des-travaux-de-construction-du-nouveau-centre-dexploitation-de-thyssengas\",\"url\":\"https:\\\/\\\/sha.de\\\/fr\\\/news\\\/premier-coup-de-pioche-a-recklinghausen-debut-des-travaux-de-construction-du-nouveau-centre-dexploitation-de-thyssengas\",\"name\":\"Premier coup de pioche \u00e0 Recklinghausen - D\u00e9but des travaux de construction du nouveau centre d'exploitation de Thyssengas\",\"isPartOf\":{\"@id\":\"https:\\\/\\\/sha.de\\\/fr#website\"},\"primaryImageOfPage\":{\"@id\":\"https:\\\/\\\/sha.de\\\/fr\\\/news\\\/premier-coup-de-pioche-a-recklinghausen-debut-des-travaux-de-construction-du-nouveau-centre-dexploitation-de-thyssengas#primaryimage\"},\"image\":{\"@id\":\"https:\\\/\\\/sha.de\\\/fr\\\/news\\\/premier-coup-de-pioche-a-recklinghausen-debut-des-travaux-de-construction-du-nouveau-centre-dexploitation-de-thyssengas#primaryimage\"},\"thumbnailUrl\":\"https:\\\/\\\/sha.de\\\/wp-content\\\/uploads\\\/IMG_5601-scaled.jpg\",\"datePublished\":\"2024-02-16T11:07:27+00:00\",\"dateModified\":\"2024-09-23T14:54:03+00:00\",\"author\":{\"@id\":\"https:\\\/\\\/sha.de\\\/fr#\\\/schema\\\/person\\\/e5274be999acaa73cf6ce0a26902e296\"},\"description\":\"En compagnie du ma\u00eetre d'ouvrage et de repr\u00e9sentants de la presse et de la politique, nous avons officiellement donn\u00e9 le coup d'envoi des travaux de construction du nouveau centre d'exploitation.\",\"breadcrumb\":{\"@id\":\"https:\\\/\\\/sha.de\\\/fr\\\/news\\\/premier-coup-de-pioche-a-recklinghausen-debut-des-travaux-de-construction-du-nouveau-centre-dexploitation-de-thyssengas#breadcrumb\"},\"inLanguage\":\"fr-FR\",\"potentialAction\":[{\"@type\":\"ReadAction\",\"target\":[\"https:\\\/\\\/sha.de\\\/fr\\\/news\\\/premier-coup-de-pioche-a-recklinghausen-debut-des-travaux-de-construction-du-nouveau-centre-dexploitation-de-thyssengas\"]}]},{\"@type\":\"ImageObject\",\"inLanguage\":\"fr-FR\",\"@id\":\"https:\\\/\\\/sha.de\\\/fr\\\/news\\\/premier-coup-de-pioche-a-recklinghausen-debut-des-travaux-de-construction-du-nouveau-centre-dexploitation-de-thyssengas#primaryimage\",\"url\":\"https:\\\/\\\/sha.de\\\/wp-content\\\/uploads\\\/IMG_5601-scaled.jpg\",\"contentUrl\":\"https:\\\/\\\/sha.de\\\/wp-content\\\/uploads\\\/IMG_5601-scaled.jpg\",\"width\":1920,\"height\":2560,\"caption\":\"Spatenstich der Thyssengas Betriebsstelle in Recklinghausen | SHA Scheffler Helbich Architekten\"},{\"@type\":\"BreadcrumbList\",\"@id\":\"https:\\\/\\\/sha.de\\\/fr\\\/news\\\/premier-coup-de-pioche-a-recklinghausen-debut-des-travaux-de-construction-du-nouveau-centre-dexploitation-de-thyssengas#breadcrumb\",\"itemListElement\":[{\"@type\":\"ListItem\",\"position\":1,\"name\":\"Startseite\",\"item\":\"https:\\\/\\\/sha.de\\\/fr\"},{\"@type\":\"ListItem\",\"position\":2,\"name\":\"Premier coup de pioche \u00e0 Recklinghausen &#8211; D\u00e9but des travaux de construction du nouveau centre d&rsquo;exploitation de Thyssengas\"}]},{\"@type\":\"WebSite\",\"@id\":\"https:\\\/\\\/sha.de\\\/fr#website\",\"url\":\"https:\\\/\\\/sha.de\\\/fr\",\"name\":\"SHA Scheffler Helbich Architekten GmbH\",\"description\":\"\",\"potentialAction\":[{\"@type\":\"SearchAction\",\"target\":{\"@type\":\"EntryPoint\",\"urlTemplate\":\"https:\\\/\\\/sha.de\\\/fr?s={search_term_string}\"},\"query-input\":{\"@type\":\"PropertyValueSpecification\",\"valueRequired\":true,\"valueName\":\"search_term_string\"}}],\"inLanguage\":\"fr-FR\"},{\"@type\":\"Person\",\"@id\":\"https:\\\/\\\/sha.de\\\/fr#\\\/schema\\\/person\\\/e5274be999acaa73cf6ce0a26902e296\",\"name\":\"Max Frittgen\",\"image\":{\"@type\":\"ImageObject\",\"inLanguage\":\"fr-FR\",\"@id\":\"https:\\\/\\\/secure.gravatar.com\\\/avatar\\\/2412b8cfc9e1dc689e55df7d19e72589baa82cf33ed35837abe3925140890a8a?s=96&d=mm&r=g\",\"url\":\"https:\\\/\\\/secure.gravatar.com\\\/avatar\\\/2412b8cfc9e1dc689e55df7d19e72589baa82cf33ed35837abe3925140890a8a?s=96&d=mm&r=g\",\"contentUrl\":\"https:\\\/\\\/secure.gravatar.com\\\/avatar\\\/2412b8cfc9e1dc689e55df7d19e72589baa82cf33ed35837abe3925140890a8a?s=96&d=mm&r=g\",\"caption\":\"Max Frittgen\"},\"sameAs\":[\"http:\\\/\\\/www.sha.de\"]}]}<\/script>\n<!-- \/ Yoast SEO plugin. -->","yoast_head_json":{"title":"Premier coup de pioche \u00e0 Recklinghausen - D\u00e9but des travaux de construction du nouveau centre d'exploitation de Thyssengas","description":"En compagnie du ma\u00eetre d'ouvrage et de repr\u00e9sentants de la presse et de la politique, nous avons officiellement donn\u00e9 le coup d'envoi des travaux de construction du nouveau centre d'exploitation.","robots":{"index":"index","follow":"follow","max-snippet":"max-snippet:-1","max-image-preview":"max-image-preview:large","max-video-preview":"max-video-preview:-1"},"canonical":"https:\/\/sha.de\/fr\/news\/premier-coup-de-pioche-a-recklinghausen-debut-des-travaux-de-construction-du-nouveau-centre-dexploitation-de-thyssengas","og_locale":"fr_FR","og_type":"article","og_title":"Premier coup de pioche \u00e0 Recklinghausen - D\u00e9but des travaux de construction du nouveau centre d'exploitation de Thyssengas","og_description":"En compagnie du ma\u00eetre d'ouvrage et de repr\u00e9sentants de la presse et de la politique, nous avons officiellement donn\u00e9 le coup d'envoi des travaux de construction du nouveau centre d'exploitation.","og_url":"https:\/\/sha.de\/fr\/news\/premier-coup-de-pioche-a-recklinghausen-debut-des-travaux-de-construction-du-nouveau-centre-dexploitation-de-thyssengas","og_site_name":"SHA Scheffler Helbich Architekten GmbH","article_published_time":"2024-02-16T11:07:27+00:00","article_modified_time":"2024-09-23T14:54:03+00:00","og_image":[{"width":773,"height":1030,"url":"https:\/\/sha.de\/wp-content\/uploads\/IMG_5601-773x1030.jpg","type":"image\/jpeg"}],"author":"Max Frittgen","twitter_card":"summary_large_image","twitter_misc":{"\u00c9crit par":"Max Frittgen","Dur\u00e9e de lecture estim\u00e9e":"8 minutes"},"schema":{"@context":"https:\/\/schema.org","@graph":[{"@type":"Article","@id":"https:\/\/sha.de\/fr\/news\/premier-coup-de-pioche-a-recklinghausen-debut-des-travaux-de-construction-du-nouveau-centre-dexploitation-de-thyssengas#article","isPartOf":{"@id":"https:\/\/sha.de\/fr\/news\/premier-coup-de-pioche-a-recklinghausen-debut-des-travaux-de-construction-du-nouveau-centre-dexploitation-de-thyssengas"},"author":{"name":"Max Frittgen","@id":"https:\/\/sha.de\/fr#\/schema\/person\/e5274be999acaa73cf6ce0a26902e296"},"headline":"Premier coup de pioche \u00e0 Recklinghausen &#8211; D\u00e9but des travaux de construction du nouveau centre d&rsquo;exploitation de Thyssengas","datePublished":"2024-02-16T11:07:27+00:00","dateModified":"2024-09-23T14:54:03+00:00","mainEntityOfPage":{"@id":"https:\/\/sha.de\/fr\/news\/premier-coup-de-pioche-a-recklinghausen-debut-des-travaux-de-construction-du-nouveau-centre-dexploitation-de-thyssengas"},"wordCount":1443,"image":{"@id":"https:\/\/sha.de\/fr\/news\/premier-coup-de-pioche-a-recklinghausen-debut-des-travaux-de-construction-du-nouveau-centre-dexploitation-de-thyssengas#primaryimage"},"thumbnailUrl":"https:\/\/sha.de\/wp-content\/uploads\/IMG_5601-scaled.jpg","keywords":["Architecture","Nouvelle construction","B\u00e2timent administratif","Durabilit\u00e9","Premier coup de pioche"],"articleSection":["Dortmund","Durabilit\u00e9","Gestion"],"inLanguage":"fr-FR"},{"@type":"WebPage","@id":"https:\/\/sha.de\/fr\/news\/premier-coup-de-pioche-a-recklinghausen-debut-des-travaux-de-construction-du-nouveau-centre-dexploitation-de-thyssengas","url":"https:\/\/sha.de\/fr\/news\/premier-coup-de-pioche-a-recklinghausen-debut-des-travaux-de-construction-du-nouveau-centre-dexploitation-de-thyssengas","name":"Premier coup de pioche \u00e0 Recklinghausen - D\u00e9but des travaux de construction du nouveau centre d'exploitation de Thyssengas","isPartOf":{"@id":"https:\/\/sha.de\/fr#website"},"primaryImageOfPage":{"@id":"https:\/\/sha.de\/fr\/news\/premier-coup-de-pioche-a-recklinghausen-debut-des-travaux-de-construction-du-nouveau-centre-dexploitation-de-thyssengas#primaryimage"},"image":{"@id":"https:\/\/sha.de\/fr\/news\/premier-coup-de-pioche-a-recklinghausen-debut-des-travaux-de-construction-du-nouveau-centre-dexploitation-de-thyssengas#primaryimage"},"thumbnailUrl":"https:\/\/sha.de\/wp-content\/uploads\/IMG_5601-scaled.jpg","datePublished":"2024-02-16T11:07:27+00:00","dateModified":"2024-09-23T14:54:03+00:00","author":{"@id":"https:\/\/sha.de\/fr#\/schema\/person\/e5274be999acaa73cf6ce0a26902e296"},"description":"En compagnie du ma\u00eetre d'ouvrage et de repr\u00e9sentants de la presse et de la politique, nous avons officiellement donn\u00e9 le coup d'envoi des travaux de construction du nouveau centre d'exploitation.","breadcrumb":{"@id":"https:\/\/sha.de\/fr\/news\/premier-coup-de-pioche-a-recklinghausen-debut-des-travaux-de-construction-du-nouveau-centre-dexploitation-de-thyssengas#breadcrumb"},"inLanguage":"fr-FR","potentialAction":[{"@type":"ReadAction","target":["https:\/\/sha.de\/fr\/news\/premier-coup-de-pioche-a-recklinghausen-debut-des-travaux-de-construction-du-nouveau-centre-dexploitation-de-thyssengas"]}]},{"@type":"ImageObject","inLanguage":"fr-FR","@id":"https:\/\/sha.de\/fr\/news\/premier-coup-de-pioche-a-recklinghausen-debut-des-travaux-de-construction-du-nouveau-centre-dexploitation-de-thyssengas#primaryimage","url":"https:\/\/sha.de\/wp-content\/uploads\/IMG_5601-scaled.jpg","contentUrl":"https:\/\/sha.de\/wp-content\/uploads\/IMG_5601-scaled.jpg","width":1920,"height":2560,"caption":"Spatenstich der Thyssengas Betriebsstelle in Recklinghausen | SHA Scheffler Helbich Architekten"},{"@type":"BreadcrumbList","@id":"https:\/\/sha.de\/fr\/news\/premier-coup-de-pioche-a-recklinghausen-debut-des-travaux-de-construction-du-nouveau-centre-dexploitation-de-thyssengas#breadcrumb","itemListElement":[{"@type":"ListItem","position":1,"name":"Startseite","item":"https:\/\/sha.de\/fr"},{"@type":"ListItem","position":2,"name":"Premier coup de pioche \u00e0 Recklinghausen &#8211; D\u00e9but des travaux de construction du nouveau centre d&rsquo;exploitation de Thyssengas"}]},{"@type":"WebSite","@id":"https:\/\/sha.de\/fr#website","url":"https:\/\/sha.de\/fr","name":"SHA Scheffler Helbich Architekten GmbH","description":"","potentialAction":[{"@type":"SearchAction","target":{"@type":"EntryPoint","urlTemplate":"https:\/\/sha.de\/fr?s={search_term_string}"},"query-input":{"@type":"PropertyValueSpecification","valueRequired":true,"valueName":"search_term_string"}}],"inLanguage":"fr-FR"},{"@type":"Person","@id":"https:\/\/sha.de\/fr#\/schema\/person\/e5274be999acaa73cf6ce0a26902e296","name":"Max Frittgen","image":{"@type":"ImageObject","inLanguage":"fr-FR","@id":"https:\/\/secure.gravatar.com\/avatar\/2412b8cfc9e1dc689e55df7d19e72589baa82cf33ed35837abe3925140890a8a?s=96&d=mm&r=g","url":"https:\/\/secure.gravatar.com\/avatar\/2412b8cfc9e1dc689e55df7d19e72589baa82cf33ed35837abe3925140890a8a?s=96&d=mm&r=g","contentUrl":"https:\/\/secure.gravatar.com\/avatar\/2412b8cfc9e1dc689e55df7d19e72589baa82cf33ed35837abe3925140890a8a?s=96&d=mm&r=g","caption":"Max Frittgen"},"sameAs":["http:\/\/www.sha.de"]}]}},"_links":{"self":[{"href":"https:\/\/sha.de\/fr\/wp-json\/wp\/v2\/posts\/33518","targetHints":{"allow":["GET"]}}],"collection":[{"href":"https:\/\/sha.de\/fr\/wp-json\/wp\/v2\/posts"}],"about":[{"href":"https:\/\/sha.de\/fr\/wp-json\/wp\/v2\/types\/post"}],"author":[{"embeddable":true,"href":"https:\/\/sha.de\/fr\/wp-json\/wp\/v2\/users\/4"}],"replies":[{"embeddable":true,"href":"https:\/\/sha.de\/fr\/wp-json\/wp\/v2\/comments?post=33518"}],"version-history":[{"count":12,"href":"https:\/\/sha.de\/fr\/wp-json\/wp\/v2\/posts\/33518\/revisions"}],"predecessor-version":[{"id":47404,"href":"https:\/\/sha.de\/fr\/wp-json\/wp\/v2\/posts\/33518\/revisions\/47404"}],"wp:featuredmedia":[{"embeddable":true,"href":"https:\/\/sha.de\/fr\/wp-json\/wp\/v2\/media\/28385"}],"wp:attachment":[{"href":"https:\/\/sha.de\/fr\/wp-json\/wp\/v2\/media?parent=33518"}],"wp:term":[{"taxonomy":"category","embeddable":true,"href":"https:\/\/sha.de\/fr\/wp-json\/wp\/v2\/categories?post=33518"},{"taxonomy":"post_tag","embeddable":true,"href":"https:\/\/sha.de\/fr\/wp-json\/wp\/v2\/tags?post=33518"}],"curies":[{"name":"wp","href":"https:\/\/api.w.org\/{rel}","templated":true}]}}