{"id":33765,"date":"2024-05-28T16:41:51","date_gmt":"2024-05-28T14:41:51","guid":{"rendered":"https:\/\/sha.de\/aktuelles\/nouveau-centre-de-formation-pour-le-vfl-bochum"},"modified":"2024-09-23T16:54:27","modified_gmt":"2024-09-23T14:54:27","slug":"nouveau-centre-de-formation-pour-le-vfl-bochum","status":"publish","type":"post","link":"https:\/\/sha.de\/fr\/news\/nouveau-centre-de-formation-pour-le-vfl-bochum","title":{"rendered":"Nouveau centre de formation pour le VfL Bochum"},"content":{"rendered":"<div id='av_section_1' class='avia-section main_color pt-default pb-default avia-no-border-styling avia-bg-style-scroll  avia-builder-el-0  avia-builder-el-no-sibling   container_wrap fullsize' style=' '  ><div class='container' ><main  role=\"main\" itemprop=\"mainContentOfPage\"  class='template-page content  av-content-full alpha units'><div class='post-entry post-entry-type-page post-entry-33765'><div class='entry-content-wrapper clearfix'>\n\n\t\t\t<div id=\"av-q8e0eh\" class=\"headline-column flex_column av_one_full flex_column_div first \">\n\t\t\t\t<div class=\"headline-wrap is-outside align-left sub-bottom\">\n\t\t\t\t\t<h1 class=\"headline-content headline-primary\">Des conditions d\u2019entra\u00eenement professionnelles pour le football professionnel des jeunes<\/h1>\n\t\t\t\t\t<h3 class=\"headline-content headline-secondary\">SHA \u00e9labore les possibilit\u00e9s de mise en \u0153uvre d\u2019un nouveau centre de formation pour le VfL Bochum, club de football de la Bundesliga.<\/h3>\n\t\t\t\t<\/div>\n\t\t\t<\/div>\n<div class=\"flex_column av_one_full  flex_column_div av-zero-column-padding first bg-default   img-left   avia-builder-el-2  el_after_pixel_sc_headline  el_before_av_one_third  \"><div  class='avia-image-container  av-styling-    avia-builder-el-3  avia-builder-el-no-sibling  avia-align-center'  itemprop=\"image\" itemscope=\"itemscope\" itemtype=\"https:\/\/schema.org\/ImageObject\"  ><div class='avia-image-container-inner'><div class='avia-image-overlay-wrap'><img class='avia_image' src='https:\/\/sha.de\/wp-content\/uploads\/240419_VfL_Bochum_Talentwerk_03-scaled.jpg' alt='' title='VfL Bochum Talentwerk Visualisierung | SHA Scheffler Helbich Architekten' height=\"1440\" width=\"2560\"  itemprop=\"thumbnailUrl\"  \/><\/div><\/div><\/div><\/div><div class=\"flex_column av_one_third  flex_column_div av-zero-column-padding first bg-default   img-left   avia-builder-el-4  el_after_av_one_full  el_before_av_one_third  column-top-margin\"><section  class='av_textblock_section av-lwj3gqby-ff46cec6744d5f23829e84444b6992f4 '   itemscope=\"itemscope\" itemtype=\"https:\/\/schema.org\/BlogPosting\" itemprop=\"blogPost\" ><div class='avia_textblock'  itemprop=\"text\" ><p>F\u00e9licitations au VfL Bochum pour son maintien en premi\u00e8re division ! Apr\u00e8s une magnifique remont\u00e9e hier soir, le VfL Bochum a assur\u00e9 son maintien lors du match retour de rel\u00e9gation contre le Fortuna D\u00fcsseldorf et jouera donc la saison prochaine en premi\u00e8re division de football. Nous nous r\u00e9jouissons du maintien de Bochum dans la ligue et sommes fiers de soutenir le VfL dans ses futures missions de construction afin d&rsquo;obtenir de nouveaux succ\u00e8s sportifs.<\/p>\n<h2>Nouveau centre de formation<\/h2>\n<p>Le VfL Bochum pr\u00e9voit de construire un nouveau centre de formation pour les \u00e9quipes de gar\u00e7ons et de filles du VfL dans la Hiltroper Stra\u00dfe, ainsi que divers terrains en gazon naturel, des tribunes et d&rsquo;autres mesures de construction. Pour faire avancer la planification, notre \u00e9quipe \u00e9labore actuellement diff\u00e9rentes variantes de mise en \u0153uvre afin de compl\u00e9ter les installations d&rsquo;entra\u00eenement d\u00e9j\u00e0 existantes au sud de la Hiltroper Stra\u00dfe.<\/p>\n<\/div><\/section><\/div><div class=\"flex_column av_one_third  flex_column_div av-zero-column-padding  bg-default   img-left   avia-builder-el-6  el_after_av_one_third  el_before_av_one_third  column-top-margin\"><section  class='av_textblock_section av-lw987txk-2de98ed74f24666b7826ab0580eabb3e '   itemscope=\"itemscope\" itemtype=\"https:\/\/schema.org\/BlogPosting\" itemprop=\"blogPost\" ><div class='avia_textblock'  itemprop=\"text\" ><h2>Diverses mesures de mise en \u0153uvre pr\u00e9vues<\/h2>\n<p>L&rsquo;actuel centre de talent du VfL sera agrandi afin que les jeunes joueurs et autres membres du personnel du club puissent disposer de cabines et d&rsquo;espaces de d\u00e9tente, mais aussi de salles d&rsquo;entra\u00eenement et de possibilit\u00e9s d&rsquo;h\u00e9bergement. Les espaces de stationnement existants seront \u00e9galement agrandis pour r\u00e9pondre \u00e0 l&rsquo;augmentation des besoins de stationnement. Des terrains en gazon naturel au nord de la Hiltroper Stra\u00dfe compl\u00e8tent les terrains de football existants au sud. Les machines et les ustensiles n\u00e9cessaires \u00e0 l&rsquo;entretien des pelouses peuvent \u00eatre abrit\u00e9s dans un nouveau b\u00e2timent de greenkeeping \u00e0 construire \u00e0 proximit\u00e9 imm\u00e9diate des terrains de sport. Les terrains de football existants et nouveaux seront compl\u00e9t\u00e9s par trois tribunes couvertes, permettant aux spectateurs d&rsquo;assister aux entra\u00eenements et aux comp\u00e9titions \u00e0 l&rsquo;abri des intemp\u00e9ries.<\/p>\n<\/div><\/section><\/div><div class=\"flex_column av_one_third  flex_column_div av-zero-column-padding  bg-default   img-left   avia-builder-el-8  el_after_av_one_third  el_before_av_hr  column-top-margin\"><section  class='av_textblock_section av-lwj7nioy-b3e13266b089e71f0e87d9993c4d6713 '   itemscope=\"itemscope\" itemtype=\"https:\/\/schema.org\/BlogPosting\" itemprop=\"blogPost\" ><div class='avia_textblock'  itemprop=\"text\" ><h2>Centre de performance pour la rel\u00e8ve des gar\u00e7ons et des filles<\/h2>\n<p>Avec le nouveau centre de formation qui sera construit dans la Hiltroper Stra\u00dfe, les jeunes joueurs disposeront des meilleures conditions pour d\u00e9velopper leurs capacit\u00e9s footballistiques \u00e0 un niveau professionnel.<\/p>\n<\/div><\/section><\/div><div  class='hr av-ri69yp-ec568a8857f338ebce9ae90541c7c59e hr-default  avia-builder-el-10  el_after_av_one_third  el_before_pixel_sc_slickgallery '><span class='hr-inner '><span class=\"hr-inner-style\"><\/span><\/span><\/div>\n<div class=\"slickgallery no-nav\">\n\t<div class=\"pixel-slide-wrap\">\n\t\t<div class=\"pixel-slide\" style=\"display: block; width: 100%; float: left;\">\n\t\t\t\t\n\t\t\t\t\t\t\t\t\t\t\t\t\t\n\t\t\t\t\t<div class=\"pixel-slide__image-wrap slide-1\">\n\t\t\t\t\t\t\t<div class=\"pixel-slide__image \"><a href=\"https:\/\/sha.de\/wp-content\/uploads\/240419_VfL_Bochum_Talentwerk_03-1280x720.jpg\" rel=\"lightbox\"><img decoding=\"async\" src=\"https:\/\/sha.de\/wp-content\/uploads\/240419_VfL_Bochum_Talentwerk_03-706x368.jpg\" alt=\"VfL Bochum Talentwerk Visualisierung | SHA Scheffler Helbich Architekten\" title=\"VfL Bochum Talentwerk Visualisierung | SHA Scheffler Helbich Architekten\"><\/a><\/div>\n\t\t\t\t\t<\/div>\n\t\t\t\t\n\t\t\t\t\t\t\t\t\t\t\t\t\t\n\t\t\t\t\t<div class=\"pixel-slide__image-wrap slide-2\">\n\t\t\t\t\t\t\t<div class=\"pixel-slide__image \"><a href=\"https:\/\/sha.de\/wp-content\/uploads\/3_VAR1-850x850.png\" rel=\"lightbox\"><img decoding=\"async\" src=\"https:\/\/sha.de\/wp-content\/uploads\/3_VAR1-706x368.png\" alt=\"VfL Bochum Nachwuchsleistungszentrum Variante 1 | SHA Scheffler Helbich Architekten\" title=\"VfL Bochum Nachwuchsleistungszentrum Variante 1 | SHA Scheffler Helbich Architekten\"><\/a><\/div>\n\t\t\t\t\t<\/div>\n\t\t\t\t\n\t\t\t\t\t\t\t\t\t\t\t\t\t\n\t\t\t\t\t<div class=\"pixel-slide__image-wrap slide-3\">\n\t\t\t\t\t\t\t<div class=\"pixel-slide__image \"><a href=\"https:\/\/sha.de\/wp-content\/uploads\/4_VAR2-850x850.png\" rel=\"lightbox\"><img decoding=\"async\" src=\"https:\/\/sha.de\/wp-content\/uploads\/4_VAR2-706x368.png\" alt=\"VfL Bochum Nachwuchsleistungszentrum Variante 2 | SHA Scheffler Helbich Architekten\" title=\"VfL Bochum Nachwuchsleistungszentrum Variante 2 | SHA Scheffler Helbich Architekten\"><\/a><\/div>\n\t\t\t\t\t<\/div>\n\t\t\t\t\t\t<\/div>\n\t<\/div>\n<\/div>\n\n\n","protected":false},"excerpt":{"rendered":"<p>Le VfL Bochum pr\u00e9voit la construction d&rsquo;un nouveau centre de formation dans la Hiltroper Stra\u00dfe, avec divers terrains en gazon naturel, des tribunes et d&rsquo;autres mesures de construction.<\/p>\n","protected":false},"author":4,"featured_media":28811,"comment_status":"closed","ping_status":"closed","sticky":false,"template":"","format":"standard","meta":{"_acf_changed":false,"content-type":"","footnotes":""},"categories":[852],"tags":[1088,1284,1285,1286,1287],"class_list":["post-33765","post","type-post","status-publish","format-standard","has-post-thumbnail","hentry","category-installations-sportives","tag-nouvelle-construction","tag-sport-fr","tag-installations-sportives","tag-centre-de-formation","tag-football"],"acf":[],"yoast_head":"<!-- This site is optimized with the Yoast SEO plugin v27.4 - https:\/\/yoast.com\/product\/yoast-seo-wordpress\/ -->\n<title>Centre de formation du VfL Bochum | SHA Scheffler Helbich Architekten<\/title>\n<meta name=\"description\" content=\"Le VfL Bochum pr\u00e9voit la construction d&#039;un nouveau centre de formation dans la Hiltroper Stra\u00dfe, avec divers terrains en gazon naturel, des tribunes et d&#039;autres mesures de construction.\" \/>\n<meta name=\"robots\" content=\"index, follow, max-snippet:-1, max-image-preview:large, max-video-preview:-1\" \/>\n<link rel=\"canonical\" href=\"https:\/\/sha.de\/fr\/news\/nouveau-centre-de-formation-pour-le-vfl-bochum\" \/>\n<meta property=\"og:locale\" content=\"fr_FR\" \/>\n<meta property=\"og:type\" content=\"article\" \/>\n<meta property=\"og:title\" content=\"Centre de formation du VfL Bochum | SHA Scheffler Helbich Architekten\" \/>\n<meta property=\"og:description\" content=\"Le VfL Bochum pr\u00e9voit la construction d&#039;un nouveau centre de formation dans la Hiltroper Stra\u00dfe, avec divers terrains en gazon naturel, des tribunes et d&#039;autres mesures de construction.\" \/>\n<meta property=\"og:url\" content=\"https:\/\/sha.de\/fr\/news\/nouveau-centre-de-formation-pour-le-vfl-bochum\" \/>\n<meta property=\"og:site_name\" content=\"SHA Scheffler Helbich Architekten GmbH\" \/>\n<meta property=\"article:published_time\" content=\"2024-05-28T14:41:51+00:00\" \/>\n<meta property=\"article:modified_time\" content=\"2024-09-23T14:54:27+00:00\" \/>\n<meta property=\"og:image\" content=\"https:\/\/sha.de\/wp-content\/uploads\/240419_VfL_Bochum_Talentwerk_03-1030x579.jpg\" \/>\n\t<meta property=\"og:image:width\" content=\"1030\" \/>\n\t<meta property=\"og:image:height\" content=\"579\" \/>\n\t<meta property=\"og:image:type\" content=\"image\/jpeg\" \/>\n<meta name=\"author\" content=\"Max Frittgen\" \/>\n<meta name=\"twitter:card\" content=\"summary_large_image\" \/>\n<meta name=\"twitter:label1\" content=\"\u00c9crit par\" \/>\n\t<meta name=\"twitter:data1\" content=\"Max Frittgen\" \/>\n\t<meta name=\"twitter:label2\" content=\"Dur\u00e9e de lecture estim\u00e9e\" \/>\n\t<meta name=\"twitter:data2\" content=\"8 minutes\" \/>\n<script type=\"application\/ld+json\" class=\"yoast-schema-graph\">{\"@context\":\"https:\\\/\\\/schema.org\",\"@graph\":[{\"@type\":\"Article\",\"@id\":\"https:\\\/\\\/sha.de\\\/fr\\\/news\\\/nouveau-centre-de-formation-pour-le-vfl-bochum#article\",\"isPartOf\":{\"@id\":\"https:\\\/\\\/sha.de\\\/fr\\\/news\\\/nouveau-centre-de-formation-pour-le-vfl-bochum\"},\"author\":{\"name\":\"Max Frittgen\",\"@id\":\"https:\\\/\\\/sha.de\\\/fr#\\\/schema\\\/person\\\/e5274be999acaa73cf6ce0a26902e296\"},\"headline\":\"Nouveau centre de formation pour le VfL Bochum\",\"datePublished\":\"2024-05-28T14:41:51+00:00\",\"dateModified\":\"2024-09-23T14:54:27+00:00\",\"mainEntityOfPage\":{\"@id\":\"https:\\\/\\\/sha.de\\\/fr\\\/news\\\/nouveau-centre-de-formation-pour-le-vfl-bochum\"},\"wordCount\":1267,\"image\":{\"@id\":\"https:\\\/\\\/sha.de\\\/fr\\\/news\\\/nouveau-centre-de-formation-pour-le-vfl-bochum#primaryimage\"},\"thumbnailUrl\":\"https:\\\/\\\/sha.de\\\/wp-content\\\/uploads\\\/240419_VfL_Bochum_Talentwerk_03-scaled.jpg\",\"keywords\":[\"Nouvelle construction\",\"Sport\",\"Installations sportives\",\"Centre de formation\",\"Football\"],\"articleSection\":[\"Installations sportives\"],\"inLanguage\":\"fr-FR\"},{\"@type\":\"WebPage\",\"@id\":\"https:\\\/\\\/sha.de\\\/fr\\\/news\\\/nouveau-centre-de-formation-pour-le-vfl-bochum\",\"url\":\"https:\\\/\\\/sha.de\\\/fr\\\/news\\\/nouveau-centre-de-formation-pour-le-vfl-bochum\",\"name\":\"Centre de formation du VfL Bochum | SHA Scheffler Helbich Architekten\",\"isPartOf\":{\"@id\":\"https:\\\/\\\/sha.de\\\/fr#website\"},\"primaryImageOfPage\":{\"@id\":\"https:\\\/\\\/sha.de\\\/fr\\\/news\\\/nouveau-centre-de-formation-pour-le-vfl-bochum#primaryimage\"},\"image\":{\"@id\":\"https:\\\/\\\/sha.de\\\/fr\\\/news\\\/nouveau-centre-de-formation-pour-le-vfl-bochum#primaryimage\"},\"thumbnailUrl\":\"https:\\\/\\\/sha.de\\\/wp-content\\\/uploads\\\/240419_VfL_Bochum_Talentwerk_03-scaled.jpg\",\"datePublished\":\"2024-05-28T14:41:51+00:00\",\"dateModified\":\"2024-09-23T14:54:27+00:00\",\"author\":{\"@id\":\"https:\\\/\\\/sha.de\\\/fr#\\\/schema\\\/person\\\/e5274be999acaa73cf6ce0a26902e296\"},\"description\":\"Le VfL Bochum pr\u00e9voit la construction d'un nouveau centre de formation dans la Hiltroper Stra\u00dfe, avec divers terrains en gazon naturel, des tribunes et d'autres mesures de construction.\",\"breadcrumb\":{\"@id\":\"https:\\\/\\\/sha.de\\\/fr\\\/news\\\/nouveau-centre-de-formation-pour-le-vfl-bochum#breadcrumb\"},\"inLanguage\":\"fr-FR\",\"potentialAction\":[{\"@type\":\"ReadAction\",\"target\":[\"https:\\\/\\\/sha.de\\\/fr\\\/news\\\/nouveau-centre-de-formation-pour-le-vfl-bochum\"]}]},{\"@type\":\"ImageObject\",\"inLanguage\":\"fr-FR\",\"@id\":\"https:\\\/\\\/sha.de\\\/fr\\\/news\\\/nouveau-centre-de-formation-pour-le-vfl-bochum#primaryimage\",\"url\":\"https:\\\/\\\/sha.de\\\/wp-content\\\/uploads\\\/240419_VfL_Bochum_Talentwerk_03-scaled.jpg\",\"contentUrl\":\"https:\\\/\\\/sha.de\\\/wp-content\\\/uploads\\\/240419_VfL_Bochum_Talentwerk_03-scaled.jpg\",\"width\":2560,\"height\":1440},{\"@type\":\"BreadcrumbList\",\"@id\":\"https:\\\/\\\/sha.de\\\/fr\\\/news\\\/nouveau-centre-de-formation-pour-le-vfl-bochum#breadcrumb\",\"itemListElement\":[{\"@type\":\"ListItem\",\"position\":1,\"name\":\"Startseite\",\"item\":\"https:\\\/\\\/sha.de\\\/fr\"},{\"@type\":\"ListItem\",\"position\":2,\"name\":\"Nouveau centre de formation pour le VfL Bochum\"}]},{\"@type\":\"WebSite\",\"@id\":\"https:\\\/\\\/sha.de\\\/fr#website\",\"url\":\"https:\\\/\\\/sha.de\\\/fr\",\"name\":\"SHA Scheffler Helbich Architekten GmbH\",\"description\":\"\",\"potentialAction\":[{\"@type\":\"SearchAction\",\"target\":{\"@type\":\"EntryPoint\",\"urlTemplate\":\"https:\\\/\\\/sha.de\\\/fr?s={search_term_string}\"},\"query-input\":{\"@type\":\"PropertyValueSpecification\",\"valueRequired\":true,\"valueName\":\"search_term_string\"}}],\"inLanguage\":\"fr-FR\"},{\"@type\":\"Person\",\"@id\":\"https:\\\/\\\/sha.de\\\/fr#\\\/schema\\\/person\\\/e5274be999acaa73cf6ce0a26902e296\",\"name\":\"Max Frittgen\",\"image\":{\"@type\":\"ImageObject\",\"inLanguage\":\"fr-FR\",\"@id\":\"https:\\\/\\\/secure.gravatar.com\\\/avatar\\\/2412b8cfc9e1dc689e55df7d19e72589baa82cf33ed35837abe3925140890a8a?s=96&d=mm&r=g\",\"url\":\"https:\\\/\\\/secure.gravatar.com\\\/avatar\\\/2412b8cfc9e1dc689e55df7d19e72589baa82cf33ed35837abe3925140890a8a?s=96&d=mm&r=g\",\"contentUrl\":\"https:\\\/\\\/secure.gravatar.com\\\/avatar\\\/2412b8cfc9e1dc689e55df7d19e72589baa82cf33ed35837abe3925140890a8a?s=96&d=mm&r=g\",\"caption\":\"Max Frittgen\"},\"sameAs\":[\"http:\\\/\\\/www.sha.de\"]}]}<\/script>\n<!-- \/ Yoast SEO plugin. -->","yoast_head_json":{"title":"Centre de formation du VfL Bochum | SHA Scheffler Helbich Architekten","description":"Le VfL Bochum pr\u00e9voit la construction d'un nouveau centre de formation dans la Hiltroper Stra\u00dfe, avec divers terrains en gazon naturel, des tribunes et d'autres mesures de construction.","robots":{"index":"index","follow":"follow","max-snippet":"max-snippet:-1","max-image-preview":"max-image-preview:large","max-video-preview":"max-video-preview:-1"},"canonical":"https:\/\/sha.de\/fr\/news\/nouveau-centre-de-formation-pour-le-vfl-bochum","og_locale":"fr_FR","og_type":"article","og_title":"Centre de formation du VfL Bochum | SHA Scheffler Helbich Architekten","og_description":"Le VfL Bochum pr\u00e9voit la construction d'un nouveau centre de formation dans la Hiltroper Stra\u00dfe, avec divers terrains en gazon naturel, des tribunes et d'autres mesures de construction.","og_url":"https:\/\/sha.de\/fr\/news\/nouveau-centre-de-formation-pour-le-vfl-bochum","og_site_name":"SHA Scheffler Helbich Architekten GmbH","article_published_time":"2024-05-28T14:41:51+00:00","article_modified_time":"2024-09-23T14:54:27+00:00","og_image":[{"width":1030,"height":579,"url":"https:\/\/sha.de\/wp-content\/uploads\/240419_VfL_Bochum_Talentwerk_03-1030x579.jpg","type":"image\/jpeg"}],"author":"Max Frittgen","twitter_card":"summary_large_image","twitter_misc":{"\u00c9crit par":"Max Frittgen","Dur\u00e9e de lecture estim\u00e9e":"8 minutes"},"schema":{"@context":"https:\/\/schema.org","@graph":[{"@type":"Article","@id":"https:\/\/sha.de\/fr\/news\/nouveau-centre-de-formation-pour-le-vfl-bochum#article","isPartOf":{"@id":"https:\/\/sha.de\/fr\/news\/nouveau-centre-de-formation-pour-le-vfl-bochum"},"author":{"name":"Max Frittgen","@id":"https:\/\/sha.de\/fr#\/schema\/person\/e5274be999acaa73cf6ce0a26902e296"},"headline":"Nouveau centre de formation pour le VfL Bochum","datePublished":"2024-05-28T14:41:51+00:00","dateModified":"2024-09-23T14:54:27+00:00","mainEntityOfPage":{"@id":"https:\/\/sha.de\/fr\/news\/nouveau-centre-de-formation-pour-le-vfl-bochum"},"wordCount":1267,"image":{"@id":"https:\/\/sha.de\/fr\/news\/nouveau-centre-de-formation-pour-le-vfl-bochum#primaryimage"},"thumbnailUrl":"https:\/\/sha.de\/wp-content\/uploads\/240419_VfL_Bochum_Talentwerk_03-scaled.jpg","keywords":["Nouvelle construction","Sport","Installations sportives","Centre de formation","Football"],"articleSection":["Installations sportives"],"inLanguage":"fr-FR"},{"@type":"WebPage","@id":"https:\/\/sha.de\/fr\/news\/nouveau-centre-de-formation-pour-le-vfl-bochum","url":"https:\/\/sha.de\/fr\/news\/nouveau-centre-de-formation-pour-le-vfl-bochum","name":"Centre de formation du VfL Bochum | SHA Scheffler Helbich Architekten","isPartOf":{"@id":"https:\/\/sha.de\/fr#website"},"primaryImageOfPage":{"@id":"https:\/\/sha.de\/fr\/news\/nouveau-centre-de-formation-pour-le-vfl-bochum#primaryimage"},"image":{"@id":"https:\/\/sha.de\/fr\/news\/nouveau-centre-de-formation-pour-le-vfl-bochum#primaryimage"},"thumbnailUrl":"https:\/\/sha.de\/wp-content\/uploads\/240419_VfL_Bochum_Talentwerk_03-scaled.jpg","datePublished":"2024-05-28T14:41:51+00:00","dateModified":"2024-09-23T14:54:27+00:00","author":{"@id":"https:\/\/sha.de\/fr#\/schema\/person\/e5274be999acaa73cf6ce0a26902e296"},"description":"Le VfL Bochum pr\u00e9voit la construction d'un nouveau centre de formation dans la Hiltroper Stra\u00dfe, avec divers terrains en gazon naturel, des tribunes et d'autres mesures de construction.","breadcrumb":{"@id":"https:\/\/sha.de\/fr\/news\/nouveau-centre-de-formation-pour-le-vfl-bochum#breadcrumb"},"inLanguage":"fr-FR","potentialAction":[{"@type":"ReadAction","target":["https:\/\/sha.de\/fr\/news\/nouveau-centre-de-formation-pour-le-vfl-bochum"]}]},{"@type":"ImageObject","inLanguage":"fr-FR","@id":"https:\/\/sha.de\/fr\/news\/nouveau-centre-de-formation-pour-le-vfl-bochum#primaryimage","url":"https:\/\/sha.de\/wp-content\/uploads\/240419_VfL_Bochum_Talentwerk_03-scaled.jpg","contentUrl":"https:\/\/sha.de\/wp-content\/uploads\/240419_VfL_Bochum_Talentwerk_03-scaled.jpg","width":2560,"height":1440},{"@type":"BreadcrumbList","@id":"https:\/\/sha.de\/fr\/news\/nouveau-centre-de-formation-pour-le-vfl-bochum#breadcrumb","itemListElement":[{"@type":"ListItem","position":1,"name":"Startseite","item":"https:\/\/sha.de\/fr"},{"@type":"ListItem","position":2,"name":"Nouveau centre de formation pour le VfL Bochum"}]},{"@type":"WebSite","@id":"https:\/\/sha.de\/fr#website","url":"https:\/\/sha.de\/fr","name":"SHA Scheffler Helbich Architekten GmbH","description":"","potentialAction":[{"@type":"SearchAction","target":{"@type":"EntryPoint","urlTemplate":"https:\/\/sha.de\/fr?s={search_term_string}"},"query-input":{"@type":"PropertyValueSpecification","valueRequired":true,"valueName":"search_term_string"}}],"inLanguage":"fr-FR"},{"@type":"Person","@id":"https:\/\/sha.de\/fr#\/schema\/person\/e5274be999acaa73cf6ce0a26902e296","name":"Max Frittgen","image":{"@type":"ImageObject","inLanguage":"fr-FR","@id":"https:\/\/secure.gravatar.com\/avatar\/2412b8cfc9e1dc689e55df7d19e72589baa82cf33ed35837abe3925140890a8a?s=96&d=mm&r=g","url":"https:\/\/secure.gravatar.com\/avatar\/2412b8cfc9e1dc689e55df7d19e72589baa82cf33ed35837abe3925140890a8a?s=96&d=mm&r=g","contentUrl":"https:\/\/secure.gravatar.com\/avatar\/2412b8cfc9e1dc689e55df7d19e72589baa82cf33ed35837abe3925140890a8a?s=96&d=mm&r=g","caption":"Max Frittgen"},"sameAs":["http:\/\/www.sha.de"]}]}},"_links":{"self":[{"href":"https:\/\/sha.de\/fr\/wp-json\/wp\/v2\/posts\/33765","targetHints":{"allow":["GET"]}}],"collection":[{"href":"https:\/\/sha.de\/fr\/wp-json\/wp\/v2\/posts"}],"about":[{"href":"https:\/\/sha.de\/fr\/wp-json\/wp\/v2\/types\/post"}],"author":[{"embeddable":true,"href":"https:\/\/sha.de\/fr\/wp-json\/wp\/v2\/users\/4"}],"replies":[{"embeddable":true,"href":"https:\/\/sha.de\/fr\/wp-json\/wp\/v2\/comments?post=33765"}],"version-history":[{"count":8,"href":"https:\/\/sha.de\/fr\/wp-json\/wp\/v2\/posts\/33765\/revisions"}],"predecessor-version":[{"id":47619,"href":"https:\/\/sha.de\/fr\/wp-json\/wp\/v2\/posts\/33765\/revisions\/47619"}],"wp:featuredmedia":[{"embeddable":true,"href":"https:\/\/sha.de\/fr\/wp-json\/wp\/v2\/media\/28811"}],"wp:attachment":[{"href":"https:\/\/sha.de\/fr\/wp-json\/wp\/v2\/media?parent=33765"}],"wp:term":[{"taxonomy":"category","embeddable":true,"href":"https:\/\/sha.de\/fr\/wp-json\/wp\/v2\/categories?post=33765"},{"taxonomy":"post_tag","embeddable":true,"href":"https:\/\/sha.de\/fr\/wp-json\/wp\/v2\/tags?post=33765"}],"curies":[{"name":"wp","href":"https:\/\/api.w.org\/{rel}","templated":true}]}}