{"id":34143,"date":"2020-11-11T09:16:22","date_gmt":"2020-11-11T08:16:22","guid":{"rendered":"https:\/\/sha.de\/aktuelles\/premier-coup-de-pioche-pour-la-transformation-du-hoeschpark"},"modified":"2024-09-23T16:55:12","modified_gmt":"2024-09-23T14:55:12","slug":"premier-coup-de-pioche-pour-la-transformation-du-hoeschpark","status":"publish","type":"post","link":"https:\/\/sha.de\/fr\/news\/premier-coup-de-pioche-pour-la-transformation-du-hoeschpark","title":{"rendered":"Premier coup de pioche pour la transformation du Hoeschpark"},"content":{"rendered":"<div id='av_section_1' class='avia-section main_color pt-default pb-default avia-no-border-styling avia-bg-style-scroll  avia-builder-el-0  avia-builder-el-no-sibling   container_wrap fullsize' style=' '  ><div class='container' ><main  role=\"main\" itemprop=\"mainContentOfPage\"  class='template-page content  av-content-full alpha units'><div class='post-entry post-entry-type-page post-entry-34143'><div class='entry-content-wrapper clearfix'>\n\n\t\t\t<div id=\"av-k1hoeuzj\" class=\"headline-column flex_column av_one_full flex_column_div first \">\n\t\t\t\t<div class=\"headline-wrap is-outside align-left sub-bottom\">\n\t\t\t\t\t<h1 class=\"headline-content headline-primary\">Premier coup de pioche pour la transformation du Hoeschpark<\/h1>\n\t\t\t\t\t<h3 class=\"headline-content headline-secondary\">D\u00e9but du chantier dans le nord de Dortmund<\/h3>\n\t\t\t\t<\/div>\n\t\t\t<\/div>\n<div class=\"flex_column av_one_third  flex_column_div av-zero-column-padding first bg-default      avia-builder-el-2  el_after_pixel_sc_headline  el_before_av_one_third  \"><section  class='av_textblock_section av-kfgpxslt-04f9fccb669364580f9680de1cfc2458 '   itemscope=\"itemscope\" itemtype=\"https:\/\/schema.org\/BlogPosting\" itemprop=\"blogPost\" ><div class='avia_textblock'  itemprop=\"text\" ><p>Une \u00ab\u00a0oasis verte\u00a0\u00bb du nord de Dortmund est revaloris\u00e9e : Les travaux de r\u00e9novation du Hoeschpark ont commenc\u00e9. L&rsquo;objectif des modernisations est de d\u00e9velopper la fonction sportive et r\u00e9cr\u00e9ative du parc telle qu&rsquo;elle existait jusqu&rsquo;\u00e0 pr\u00e9sent.<\/p>\n<p>Hier, mardi 10 novembre, le premier coup de pioche officiel a \u00e9t\u00e9 donn\u00e9 dans le cadre des travaux de construction. Ludger Wilde, conseiller municipal, Susanne Linnebach, directrice de l&rsquo;office de r\u00e9novation urbaine responsable de la coordination du projet, et Bernd Kruse, directeur de la soci\u00e9t\u00e9 municipale Sport-und Freizeitbetriebe, propri\u00e9taire du Hoeschpark, ont donn\u00e9 le coup d&rsquo;envoi avec Christoph Helbich (associ\u00e9 g\u00e9rant de SHA Scheffler Helbich Architekten GmbH) et Florian Depenbrock<a href=\"http:\/\/www.nsp-la.de\/index.html\" target=\"_blank\" rel=\"noopener nofollow\">(nsp landschaftsarchitekten stadtplaner PartGmbB schonhoff schadzek depenbrock<\/a>).<\/p>\n<p>Les travaux consistent d&rsquo;une part \u00e0 transformer les b\u00e2timents du centre sportif et du centre de tennis. Cela permet aux associations locales d&rsquo;avoir plus d&rsquo;espace et, en m\u00eame temps, certaines parties des locaux sont ouvertes \u00e0 d&rsquo;autres habitants du quartier pour organiser des expositions, des \u00e9v\u00e9nements culturels ou autres. D&rsquo;autre part, certaines parties des espaces libres du parc seront r\u00e9am\u00e9nag\u00e9es et l&rsquo;\u00e9clairage des chemins sera partiellement renouvel\u00e9. \u00ab\u00a0Ce qui est d\u00e9j\u00e0 en place sera accompagn\u00e9 d&rsquo;une meilleure infrastructure\u00a0\u00bb, a d\u00e9clar\u00e9 Christoph Helbich. \u00ab\u00a0Le caract\u00e8re du parc sera pr\u00e9serv\u00e9\u00a0\u00bb.<\/p>\n<p>\u00ab\u00a0Le d\u00e9veloppement du Hoeschpark est, avec la transformation de la Speicherstra\u00dfe et le projet &lsquo;Heimathafen&rsquo;, l&rsquo;un des plus grands et des plus importants projets actuels de r\u00e9novation urbaine. Nous sommes heureux de pouvoir revaloriser le Hoeschpark, car ce parc a une importance capitale pour les habitants du nord de la ville\u00a0\u00bb, a d\u00e9clar\u00e9 Ludger Wilde. Et Bernd Kruse ajoute<\/p>\n<\/div><\/section><\/div><div class=\"flex_column av_one_third  flex_column_div av-zero-column-padding        avia-builder-el-4  el_after_av_one_third  el_before_av_one_third  \"><section  class='av_textblock_section av-kaqj9hph-706c318c8f487264c95b3db12998d912 '   itemscope=\"itemscope\" itemtype=\"https:\/\/schema.org\/BlogPosting\" itemprop=\"blogPost\" ><div class='avia_textblock'  itemprop=\"text\" ><p>\u00ab\u00a0Le parc a d\u00e9j\u00e0 un rayonnement suprar\u00e9gional pour les sportifs gr\u00e2ce aux installations existantes pour le baseball, le football, le football, l&rsquo;athl\u00e9tisme et le tennis. En plus de la mise \u00e0 niveau de la maison des sports et de la maison du tennis, des possibilit\u00e9s de sport en plein air seront cr\u00e9\u00e9es, comme le parcours de sant\u00e9 &lsquo;Loop&rsquo;, un mur d&rsquo;escalade, le Sporthain avec un centre de fitness en plein air et un terrain de basket et de tennis multifonctionnel. Nous rendrons ainsi le parc encore plus attrayant pour les visiteurs\u00a0\u00bb.<\/p>\n<p>Susanne Linnebach ajoute : \u00ab\u00a0Le parc est un lieu de d\u00e9tente pour tous et peut \u00eatre renforc\u00e9 par notre action. Il restera ainsi un lieu de d\u00e9tente, de loisirs et de sport pour les habitants du quartier et offrira des activit\u00e9s et des loisirs attrayants aux visiteurs de toute la ville et au-del\u00e0 de ses fronti\u00e8res\u00a0\u00bb.<\/p>\n<p>Les fonds disponibles pour le projet de d\u00e9veloppement du Hoeschpark s&rsquo;\u00e9l\u00e8vent \u00e0 pr\u00e8s de 5 millions d&rsquo;euros, subventionn\u00e9s \u00e0 90%. Les fonds proviennent du programme de r\u00e9novation urbaine \u00ab\u00a0Ville sociale &#8211; Dortmund Nordstadt\u00a0\u00bb, soutenu par l&rsquo;UE, l&rsquo;\u00c9tat f\u00e9d\u00e9ral et le Land de Rh\u00e9nanie-du-Nord-Westphalie. Le reste des co\u00fbts est pris en charge par la ville de Dortmund. En raison du financement de l&rsquo;UE, la mise en \u0153uvre des mesures de construction est soumise \u00e0 un calendrier strict : \u00ab\u00a0Les travaux de construction doivent \u00eatre mis en \u0153uvre avant la fin de l&rsquo;ann\u00e9e 2021, de sorte que les transformations des b\u00e2timents et des espaces ext\u00e9rieurs commencent en m\u00eame temps\u00a0\u00bb, explique Linnebach.<\/p>\n<h3>Le Hoeschpark, une \u00ab\u00a0oasis de verdure<\/h3>\n<p>Le Hoeschpark, situ\u00e9 entre la Borsigplatz et l&rsquo;ancienne usine sid\u00e9rurgique Westfalenh\u00fctte, a toujours jou\u00e9 un r\u00f4le important en tant qu'\u00a0\u00bboasis verte\u00a0\u00bb, lieu de d\u00e9tente et d&rsquo;activit\u00e9s sportives pour les habitants* de la Nordstadt.<\/p>\n<\/div><\/section><\/div><div class=\"flex_column av_one_third  flex_column_div av-zero-column-padding        avia-builder-el-6  el_after_av_one_third  el_before_av_one_full  \"><p><section  class='av_textblock_section av-khd41is5-d4d0517836ce076fe388d354d1a95bbb '   itemscope=\"itemscope\" itemtype=\"https:\/\/schema.org\/BlogPosting\" itemprop=\"blogPost\" ><div class='avia_textblock'  itemprop=\"text\" ><p>Il est ouvert au public et une multitude d&rsquo;activit\u00e9s de loisirs ainsi que des for\u00eats et des prairies avec de vieux arbres offrent des possibilit\u00e9s d&rsquo;occupation vari\u00e9es pour toutes les classes d&rsquo;\u00e2ge.<\/p>\n<p>En plus de sa fonction de d\u00e9tente dans un cadre verdoyant, le Hoeschpark est \u00e9galement un lieu important pour le sport : il abrite aujourd&rsquo;hui quatre clubs de football et un club de tennis, ainsi qu&rsquo;un club de baseball et de football am\u00e9ricain, ce qui fait que le parc est connu bien au-del\u00e0 des fronti\u00e8res de la ville. Le Hoeschpark est compl\u00e9t\u00e9 par la piscine en plein air de Stockheide, situ\u00e9e \u00e0 l&rsquo;est.<\/p>\n<p><em>Photos : Roland Gorecki<\/em><\/p>\n<\/div><\/section><br \/>\n\n<style type=\"text\/css\" data-created_by=\"avia_inline_auto\" id=\"style-css-av-k3fpn5l3-d9d6046a9b2a064112ddf97d2ad905ed\">\n#top .hr.av-k3fpn5l3-d9d6046a9b2a064112ddf97d2ad905ed{\nmargin-top:20px;\nmargin-bottom:20px;\n}\n.hr.av-k3fpn5l3-d9d6046a9b2a064112ddf97d2ad905ed .hr-inner{\nwidth:100%;\nborder-color:#000000;\n}\n<\/style>\n<div  class='hr av-k3fpn5l3-d9d6046a9b2a064112ddf97d2ad905ed hr-custom  avia-builder-el-8  el_after_av_textblock  el_before_pixel_sc_postcard  hr-center hr-icon-no'><span class='hr-inner inner-border-av-border-thin'><span class=\"hr-inner-style\"><\/span><\/span><\/div><br \/>\n<article id=\"\" class=\"card-entry referenz-entry static-button   text-align-left has-link   heading-link  has-button \">\n\t<div class=\"card-entry__inner\">\n\t\t\n\t\n\t\t<div class=\"card-entry__media media-type-\">\n\t<div class=\"card-entry__media-inner\">\n\n\t\t<div class=\"card_entry__referenz\">\n\t\t\t<div class=\"card_entry__referenz-inner\">\n\t\t\t\t\t\t\t\t\t<div class=\"card-entry__heading\">\n\t<div class=\"card-entry__heading-inner\">\n\n\n\t\t\t\n\t\t\t\n\t\t\t<a class=\"card-entry__link\" href=\"https:\/\/sha.de\/projekte\/stadien-sportstaetten\/sport-und-erholungsanlage-hoeschpark-dortmund\" target=\"_self\">\n\t\t\t\t\t\t\t<h3 class=\"card-entry__headline  \">\n\t\t\t\t\tSport- und Erholungsanlage Hoeschpark Dortmund\n\t\t\t\t<\/h3>\n\t\t\t\n\t\t\t\n\t\t<\/a>\n\t<\/div>\n<\/div>\n\t\t\t\t\t\t\t<\/div>\n\t\t<\/div>\n\n\t\t\t\t\t<div class=\"card-entry__action\">\n\t<div class=\"card-entry__action-inner\">\n\t\t<div class=\"card-entry__button-wrap avia-button-wrap avia-button-right theme-fill\">\n\t\t\t\t\t\t\t<a class=\"card-entry__button avia-button avia-button color-ci-black hover-yellow avia-size-small  avia-position-right\" href=\"https:\/\/sha.de\/projekte\/stadien-sportstaetten\/sport-und-erholungsanlage-hoeschpark-dortmund\" target=\"\">\n\t\t\t\t\t<span class=\"button-icon\"><i class=\"icon-arrow_next\"><\/i><\/span><span class=\"button-text\">lire la suite<\/span>\n\t\t\t\t<\/a>\n\t\t\t\t\t<\/div>\n\t<\/div>\n<\/div>\n\t\t\n\t\t\t\t\t<a href=\"https:\/\/sha.de\/projekte\/stadien-sportstaetten\/sport-und-erholungsanlage-hoeschpark-dortmund\" class=\"slide-image\" title=\"\"><img decoding=\"async\" src=\"https:\/\/sha.de\/wp-content\/uploads\/Plan-Hoeschpark-3-706x564.jpg\" \/><\/a>\n\t\t\t<\/div>\n<\/div>\n\n\t\n\t<\/div>\n<\/article>\n<\/p><\/div><div class=\"flex_column av_one_full  flex_column_div av-zero-column-padding first       avia-builder-el-10  el_after_av_one_third  avia-builder-el-last  column-top-margin\"><div class=\"slickgallery \">\n\t<div class=\"pixel-slide-wrap\">\n\t\t<div class=\"pixel-slide\" style=\"display: block; width: 100%; float: left;\">\n\t\t\t\t\n\t\t\t\t\t\t\t\t\t\t\t\t\t\n\t\t\t\t\t<div class=\"pixel-slide__image-wrap slide-1\">\n\t\t\t\t\t\t\t<div class=\"pixel-slide__image \"><a href=\"https:\/\/sha.de\/wp-content\/uploads\/Erster-Spatenstich-Umbau-Hoeschpark_web_Roland-Gorecki-02-1133x850.jpg\" rel=\"lightbox\"><img decoding=\"async\" src=\"https:\/\/sha.de\/wp-content\/uploads\/Erster-Spatenstich-Umbau-Hoeschpark_web_Roland-Gorecki-02-706x368.jpg\" alt=\"Erster Spatenstich Umbau Hoeschpark Web Roland Gorecki 02\" title=\"Erster Spatenstich Umbau Hoeschpark Web Roland Gorecki 02\"><\/a><\/div>\n\t\t\t\t\t<\/div>\n\t\t\t\t\n\t\t\t\t\t\t\t\t\t\t\t\t\t\n\t\t\t\t\t<div class=\"pixel-slide__image-wrap slide-2\">\n\t\t\t\t\t\t\t<div class=\"pixel-slide__image \"><a href=\"https:\/\/sha.de\/wp-content\/uploads\/Erster-Spatenstich-Umbau-Hoeschpark_web_Roland-Gorecki-01-1275x850.jpg\" rel=\"lightbox\"><img decoding=\"async\" src=\"https:\/\/sha.de\/wp-content\/uploads\/Erster-Spatenstich-Umbau-Hoeschpark_web_Roland-Gorecki-01-706x368.jpg\" alt=\"Erster Spatenstich Umbau Hoeschpark Web Roland Gorecki 01\" title=\"Erster Spatenstich Umbau Hoeschpark Web Roland Gorecki 01\"><\/a><\/div>\n\t\t\t\t\t<\/div>\n\t\t\t\t\n\t\t\t\t\t\t\t\t\t\t\t\t\t\n\t\t\t\t\t<div class=\"pixel-slide__image-wrap slide-3\">\n\t\t\t\t\t\t\t<div class=\"pixel-slide__image \"><a href=\"https:\/\/sha.de\/wp-content\/uploads\/Erster-Spatenstich-Umbau-Hoeschpark_web_Roland-Gorecki-03-1280x720.jpg\" rel=\"lightbox\"><img decoding=\"async\" src=\"https:\/\/sha.de\/wp-content\/uploads\/Erster-Spatenstich-Umbau-Hoeschpark_web_Roland-Gorecki-03-706x368.jpg\" alt=\"Erster Spatenstich Umbau Hoeschpark Web Roland Gorecki 03\" title=\"Erster Spatenstich Umbau Hoeschpark Web Roland Gorecki 03\"><\/a><\/div>\n\t\t\t\t\t<\/div>\n\t\t\t\t\n\t\t\t\t\t\t\t\t\t\t\t\t\t\n\t\t\t\t\t<div class=\"pixel-slide__image-wrap slide-4\">\n\t\t\t\t\t\t\t<div class=\"pixel-slide__image \"><a href=\"https:\/\/sha.de\/wp-content\/uploads\/Plan-Hoeschpark-5-1012x850.jpg\" rel=\"lightbox\"><img decoding=\"async\" src=\"https:\/\/sha.de\/wp-content\/uploads\/Plan-Hoeschpark-5-706x368.jpg\" alt=\"Plan Hoeschpark (5)\" title=\"Plan Hoeschpark (5)\"><\/a><\/div>\n\t\t\t\t\t<\/div>\n\t\t\t\t\n\t\t\t\t\t\t\t\t\t\t\t\t\t\n\t\t\t\t\t<div class=\"pixel-slide__image-wrap slide-5\">\n\t\t\t\t\t\t\t<div class=\"pixel-slide__image \"><a href=\"https:\/\/sha.de\/wp-content\/uploads\/Plan-Hoeschpark-3-932x850.jpg\" rel=\"lightbox\"><img decoding=\"async\" src=\"https:\/\/sha.de\/wp-content\/uploads\/Plan-Hoeschpark-3-706x368.jpg\" alt=\"Plan Hoeschpark (3)\" title=\"Plan Hoeschpark (3)\"><\/a><\/div>\n\t\t\t\t\t<\/div>\n\t\t\t\t\n\t\t\t\t\t\t\t\t\t\t\t\t\t\n\t\t\t\t\t<div class=\"pixel-slide__image-wrap slide-6\">\n\t\t\t\t\t\t\t<div class=\"pixel-slide__image \"><a href=\"https:\/\/sha.de\/wp-content\/uploads\/Plan-Hoeschpark-6-1280x518.jpg\" rel=\"lightbox\"><img decoding=\"async\" src=\"https:\/\/sha.de\/wp-content\/uploads\/Plan-Hoeschpark-6-706x368.jpg\" alt=\"Plan Hoeschpark (6)\" title=\"Plan Hoeschpark (6)\"><\/a><\/div>\n\t\t\t\t\t<\/div>\n\t\t\t\t\n\t\t\t\t\t\t\t\t\t\t\t\t\t\n\t\t\t\t\t<div class=\"pixel-slide__image-wrap slide-7\">\n\t\t\t\t\t\t\t<div class=\"pixel-slide__image \"><a href=\"https:\/\/sha.de\/wp-content\/uploads\/Plan-Hoeschpark-4-1280x518.jpg\" rel=\"lightbox\"><img decoding=\"async\" src=\"https:\/\/sha.de\/wp-content\/uploads\/Plan-Hoeschpark-4-706x368.jpg\" alt=\"Plan Hoeschpark (4)\" title=\"Plan Hoeschpark (4)\"><\/a><\/div>\n\t\t\t\t\t<\/div>\n\t\t\t\t\n\t\t\t\t\t\t\t\t\t\t\t\t\t\n\t\t\t\t\t<div class=\"pixel-slide__image-wrap slide-8\">\n\t\t\t\t\t\t\t<div class=\"pixel-slide__image \"><a href=\"https:\/\/sha.de\/wp-content\/uploads\/Plan-Hoeschpark-2-1280x728.jpg\" rel=\"lightbox\"><img decoding=\"async\" src=\"https:\/\/sha.de\/wp-content\/uploads\/Plan-Hoeschpark-2-706x368.jpg\" alt=\"Plan Hoeschpark (2)\" title=\"Plan Hoeschpark (2)\"><\/a><\/div>\n\t\t\t\t\t<\/div>\n\t\t\t\t\n\t\t\t\t\t\t\t\t\t\t\t\t\t\n\t\t\t\t\t<div class=\"pixel-slide__image-wrap slide-9\">\n\t\t\t\t\t\t\t<div class=\"pixel-slide__image \"><a href=\"https:\/\/sha.de\/wp-content\/uploads\/Plan-Hoeschpark-1-1011x850.jpg\" rel=\"lightbox\"><img decoding=\"async\" src=\"https:\/\/sha.de\/wp-content\/uploads\/Plan-Hoeschpark-1-706x368.jpg\" alt=\"Plan Hoeschpark (1)\" title=\"Plan Hoeschpark (1)\"><\/a><\/div>\n\t\t\t\t\t<\/div>\n\t\t\t\t\t\t<\/div>\n\t<\/div>\n<\/div><\/div>\n","protected":false},"excerpt":{"rendered":"<p>Une \u00ab\u00a0oasis verte\u00a0\u00bb du nord de Dortmund est revaloris\u00e9e : Les travaux de r\u00e9novation du Hoeschpark ont commenc\u00e9. Christoph Helbich \u00e9tait sur place pour le premier coup de pioche.  <\/p>\n","protected":false},"author":2,"featured_media":23915,"comment_status":"closed","ping_status":"closed","sticky":false,"template":"","format":"standard","meta":{"_acf_changed":false,"content-type":"","footnotes":""},"categories":[852,846],"tags":[1062,1254,1284,1285,1341,1015],"class_list":["post-34143","post","type-post","status-publish","format-standard","has-post-thumbnail","hentry","category-installations-sportives","category-dortmund-fr","tag-dortmund-fr","tag-premier-coup-de-pioche","tag-sport-fr","tag-installations-sportives","tag-parc-hoesch","tag-sha-fr"],"acf":[],"yoast_head":"<!-- This site is optimized with the Yoast SEO plugin v27.4 - https:\/\/yoast.com\/product\/yoast-seo-wordpress\/ -->\n<title>Premier coup de pioche du Hoeschpark Dortmund<\/title>\n<meta name=\"description\" content=\"Une &quot;oasis verte&quot; du nord de Dortmund est revaloris\u00e9e : Les travaux de r\u00e9novation du Hoeschpark ont commenc\u00e9.\" \/>\n<meta name=\"robots\" content=\"index, follow, max-snippet:-1, max-image-preview:large, max-video-preview:-1\" \/>\n<link rel=\"canonical\" href=\"https:\/\/sha.de\/fr\/news\/premier-coup-de-pioche-pour-la-transformation-du-hoeschpark\" \/>\n<meta property=\"og:locale\" content=\"fr_FR\" \/>\n<meta property=\"og:type\" content=\"article\" \/>\n<meta property=\"og:title\" content=\"Premier coup de pioche du Hoeschpark Dortmund\" \/>\n<meta property=\"og:description\" content=\"Une &quot;oasis verte&quot; du nord de Dortmund est revaloris\u00e9e : Les travaux de r\u00e9novation du Hoeschpark ont commenc\u00e9.\" \/>\n<meta property=\"og:url\" content=\"https:\/\/sha.de\/fr\/news\/premier-coup-de-pioche-pour-la-transformation-du-hoeschpark\" \/>\n<meta property=\"og:site_name\" content=\"SHA Scheffler Helbich Architekten GmbH\" \/>\n<meta property=\"article:published_time\" content=\"2020-11-11T08:16:22+00:00\" \/>\n<meta property=\"article:modified_time\" content=\"2024-09-23T14:55:12+00:00\" \/>\n<meta property=\"og:image\" content=\"https:\/\/sha.de\/wp-content\/uploads\/Erster-Spatenstich-Umbau-Hoeschpark_web_Roland-Gorecki-03.jpg\" \/>\n\t<meta property=\"og:image:width\" content=\"1680\" \/>\n\t<meta property=\"og:image:height\" content=\"945\" \/>\n\t<meta property=\"og:image:type\" content=\"image\/jpeg\" \/>\n<meta name=\"author\" content=\"Judith Weitzel\" \/>\n<meta name=\"twitter:card\" content=\"summary_large_image\" \/>\n<meta name=\"twitter:label1\" content=\"\u00c9crit par\" \/>\n\t<meta name=\"twitter:data1\" content=\"Judith Weitzel\" \/>\n\t<meta name=\"twitter:label2\" content=\"Dur\u00e9e de lecture estim\u00e9e\" \/>\n\t<meta name=\"twitter:data2\" content=\"8 minutes\" \/>\n<script type=\"application\/ld+json\" class=\"yoast-schema-graph\">{\"@context\":\"https:\\\/\\\/schema.org\",\"@graph\":[{\"@type\":\"Article\",\"@id\":\"https:\\\/\\\/sha.de\\\/fr\\\/news\\\/premier-coup-de-pioche-pour-la-transformation-du-hoeschpark#article\",\"isPartOf\":{\"@id\":\"https:\\\/\\\/sha.de\\\/fr\\\/news\\\/premier-coup-de-pioche-pour-la-transformation-du-hoeschpark\"},\"author\":{\"name\":\"Judith Weitzel\",\"@id\":\"https:\\\/\\\/sha.de\\\/fr#\\\/schema\\\/person\\\/6d5fd32d5aa7872f1f9191b7244552c9\"},\"headline\":\"Premier coup de pioche pour la transformation du Hoeschpark\",\"datePublished\":\"2020-11-11T08:16:22+00:00\",\"dateModified\":\"2024-09-23T14:55:12+00:00\",\"mainEntityOfPage\":{\"@id\":\"https:\\\/\\\/sha.de\\\/fr\\\/news\\\/premier-coup-de-pioche-pour-la-transformation-du-hoeschpark\"},\"wordCount\":1355,\"image\":{\"@id\":\"https:\\\/\\\/sha.de\\\/fr\\\/news\\\/premier-coup-de-pioche-pour-la-transformation-du-hoeschpark#primaryimage\"},\"thumbnailUrl\":\"https:\\\/\\\/sha.de\\\/wp-content\\\/uploads\\\/Erster-Spatenstich-Umbau-Hoeschpark_web_Roland-Gorecki-03.jpg\",\"keywords\":[\"Dortmund\",\"Premier coup de pioche\",\"Sport\",\"Installations sportives\",\"Parc Hoesch\",\"SHA\"],\"articleSection\":[\"Installations sportives\",\"Dortmund\"],\"inLanguage\":\"fr-FR\"},{\"@type\":\"WebPage\",\"@id\":\"https:\\\/\\\/sha.de\\\/fr\\\/news\\\/premier-coup-de-pioche-pour-la-transformation-du-hoeschpark\",\"url\":\"https:\\\/\\\/sha.de\\\/fr\\\/news\\\/premier-coup-de-pioche-pour-la-transformation-du-hoeschpark\",\"name\":\"Premier coup de pioche du Hoeschpark Dortmund\",\"isPartOf\":{\"@id\":\"https:\\\/\\\/sha.de\\\/fr#website\"},\"primaryImageOfPage\":{\"@id\":\"https:\\\/\\\/sha.de\\\/fr\\\/news\\\/premier-coup-de-pioche-pour-la-transformation-du-hoeschpark#primaryimage\"},\"image\":{\"@id\":\"https:\\\/\\\/sha.de\\\/fr\\\/news\\\/premier-coup-de-pioche-pour-la-transformation-du-hoeschpark#primaryimage\"},\"thumbnailUrl\":\"https:\\\/\\\/sha.de\\\/wp-content\\\/uploads\\\/Erster-Spatenstich-Umbau-Hoeschpark_web_Roland-Gorecki-03.jpg\",\"datePublished\":\"2020-11-11T08:16:22+00:00\",\"dateModified\":\"2024-09-23T14:55:12+00:00\",\"author\":{\"@id\":\"https:\\\/\\\/sha.de\\\/fr#\\\/schema\\\/person\\\/6d5fd32d5aa7872f1f9191b7244552c9\"},\"description\":\"Une \\\"oasis verte\\\" du nord de Dortmund est revaloris\u00e9e : Les travaux de r\u00e9novation du Hoeschpark ont commenc\u00e9.\",\"breadcrumb\":{\"@id\":\"https:\\\/\\\/sha.de\\\/fr\\\/news\\\/premier-coup-de-pioche-pour-la-transformation-du-hoeschpark#breadcrumb\"},\"inLanguage\":\"fr-FR\",\"potentialAction\":[{\"@type\":\"ReadAction\",\"target\":[\"https:\\\/\\\/sha.de\\\/fr\\\/news\\\/premier-coup-de-pioche-pour-la-transformation-du-hoeschpark\"]}]},{\"@type\":\"ImageObject\",\"inLanguage\":\"fr-FR\",\"@id\":\"https:\\\/\\\/sha.de\\\/fr\\\/news\\\/premier-coup-de-pioche-pour-la-transformation-du-hoeschpark#primaryimage\",\"url\":\"https:\\\/\\\/sha.de\\\/wp-content\\\/uploads\\\/Erster-Spatenstich-Umbau-Hoeschpark_web_Roland-Gorecki-03.jpg\",\"contentUrl\":\"https:\\\/\\\/sha.de\\\/wp-content\\\/uploads\\\/Erster-Spatenstich-Umbau-Hoeschpark_web_Roland-Gorecki-03.jpg\",\"width\":1680,\"height\":945},{\"@type\":\"BreadcrumbList\",\"@id\":\"https:\\\/\\\/sha.de\\\/fr\\\/news\\\/premier-coup-de-pioche-pour-la-transformation-du-hoeschpark#breadcrumb\",\"itemListElement\":[{\"@type\":\"ListItem\",\"position\":1,\"name\":\"Startseite\",\"item\":\"https:\\\/\\\/sha.de\\\/fr\"},{\"@type\":\"ListItem\",\"position\":2,\"name\":\"Premier coup de pioche pour la transformation du Hoeschpark\"}]},{\"@type\":\"WebSite\",\"@id\":\"https:\\\/\\\/sha.de\\\/fr#website\",\"url\":\"https:\\\/\\\/sha.de\\\/fr\",\"name\":\"SHA Scheffler Helbich Architekten GmbH\",\"description\":\"\",\"potentialAction\":[{\"@type\":\"SearchAction\",\"target\":{\"@type\":\"EntryPoint\",\"urlTemplate\":\"https:\\\/\\\/sha.de\\\/fr?s={search_term_string}\"},\"query-input\":{\"@type\":\"PropertyValueSpecification\",\"valueRequired\":true,\"valueName\":\"search_term_string\"}}],\"inLanguage\":\"fr-FR\"},{\"@type\":\"Person\",\"@id\":\"https:\\\/\\\/sha.de\\\/fr#\\\/schema\\\/person\\\/6d5fd32d5aa7872f1f9191b7244552c9\",\"name\":\"Judith Weitzel\",\"image\":{\"@type\":\"ImageObject\",\"inLanguage\":\"fr-FR\",\"@id\":\"https:\\\/\\\/secure.gravatar.com\\\/avatar\\\/c7dca018fdb593c021709193ddb78dc530485d187ec667fb2a0ae6c4097c9957?s=96&d=mm&r=g\",\"url\":\"https:\\\/\\\/secure.gravatar.com\\\/avatar\\\/c7dca018fdb593c021709193ddb78dc530485d187ec667fb2a0ae6c4097c9957?s=96&d=mm&r=g\",\"contentUrl\":\"https:\\\/\\\/secure.gravatar.com\\\/avatar\\\/c7dca018fdb593c021709193ddb78dc530485d187ec667fb2a0ae6c4097c9957?s=96&d=mm&r=g\",\"caption\":\"Judith Weitzel\"}}]}<\/script>\n<!-- \/ Yoast SEO plugin. -->","yoast_head_json":{"title":"Premier coup de pioche du Hoeschpark Dortmund","description":"Une \"oasis verte\" du nord de Dortmund est revaloris\u00e9e : Les travaux de r\u00e9novation du Hoeschpark ont commenc\u00e9.","robots":{"index":"index","follow":"follow","max-snippet":"max-snippet:-1","max-image-preview":"max-image-preview:large","max-video-preview":"max-video-preview:-1"},"canonical":"https:\/\/sha.de\/fr\/news\/premier-coup-de-pioche-pour-la-transformation-du-hoeschpark","og_locale":"fr_FR","og_type":"article","og_title":"Premier coup de pioche du Hoeschpark Dortmund","og_description":"Une \"oasis verte\" du nord de Dortmund est revaloris\u00e9e : Les travaux de r\u00e9novation du Hoeschpark ont commenc\u00e9.","og_url":"https:\/\/sha.de\/fr\/news\/premier-coup-de-pioche-pour-la-transformation-du-hoeschpark","og_site_name":"SHA Scheffler Helbich Architekten GmbH","article_published_time":"2020-11-11T08:16:22+00:00","article_modified_time":"2024-09-23T14:55:12+00:00","og_image":[{"width":1680,"height":945,"url":"https:\/\/sha.de\/wp-content\/uploads\/Erster-Spatenstich-Umbau-Hoeschpark_web_Roland-Gorecki-03.jpg","type":"image\/jpeg"}],"author":"Judith Weitzel","twitter_card":"summary_large_image","twitter_misc":{"\u00c9crit par":"Judith Weitzel","Dur\u00e9e de lecture estim\u00e9e":"8 minutes"},"schema":{"@context":"https:\/\/schema.org","@graph":[{"@type":"Article","@id":"https:\/\/sha.de\/fr\/news\/premier-coup-de-pioche-pour-la-transformation-du-hoeschpark#article","isPartOf":{"@id":"https:\/\/sha.de\/fr\/news\/premier-coup-de-pioche-pour-la-transformation-du-hoeschpark"},"author":{"name":"Judith Weitzel","@id":"https:\/\/sha.de\/fr#\/schema\/person\/6d5fd32d5aa7872f1f9191b7244552c9"},"headline":"Premier coup de pioche pour la transformation du Hoeschpark","datePublished":"2020-11-11T08:16:22+00:00","dateModified":"2024-09-23T14:55:12+00:00","mainEntityOfPage":{"@id":"https:\/\/sha.de\/fr\/news\/premier-coup-de-pioche-pour-la-transformation-du-hoeschpark"},"wordCount":1355,"image":{"@id":"https:\/\/sha.de\/fr\/news\/premier-coup-de-pioche-pour-la-transformation-du-hoeschpark#primaryimage"},"thumbnailUrl":"https:\/\/sha.de\/wp-content\/uploads\/Erster-Spatenstich-Umbau-Hoeschpark_web_Roland-Gorecki-03.jpg","keywords":["Dortmund","Premier coup de pioche","Sport","Installations sportives","Parc Hoesch","SHA"],"articleSection":["Installations sportives","Dortmund"],"inLanguage":"fr-FR"},{"@type":"WebPage","@id":"https:\/\/sha.de\/fr\/news\/premier-coup-de-pioche-pour-la-transformation-du-hoeschpark","url":"https:\/\/sha.de\/fr\/news\/premier-coup-de-pioche-pour-la-transformation-du-hoeschpark","name":"Premier coup de pioche du Hoeschpark Dortmund","isPartOf":{"@id":"https:\/\/sha.de\/fr#website"},"primaryImageOfPage":{"@id":"https:\/\/sha.de\/fr\/news\/premier-coup-de-pioche-pour-la-transformation-du-hoeschpark#primaryimage"},"image":{"@id":"https:\/\/sha.de\/fr\/news\/premier-coup-de-pioche-pour-la-transformation-du-hoeschpark#primaryimage"},"thumbnailUrl":"https:\/\/sha.de\/wp-content\/uploads\/Erster-Spatenstich-Umbau-Hoeschpark_web_Roland-Gorecki-03.jpg","datePublished":"2020-11-11T08:16:22+00:00","dateModified":"2024-09-23T14:55:12+00:00","author":{"@id":"https:\/\/sha.de\/fr#\/schema\/person\/6d5fd32d5aa7872f1f9191b7244552c9"},"description":"Une \"oasis verte\" du nord de Dortmund est revaloris\u00e9e : Les travaux de r\u00e9novation du Hoeschpark ont commenc\u00e9.","breadcrumb":{"@id":"https:\/\/sha.de\/fr\/news\/premier-coup-de-pioche-pour-la-transformation-du-hoeschpark#breadcrumb"},"inLanguage":"fr-FR","potentialAction":[{"@type":"ReadAction","target":["https:\/\/sha.de\/fr\/news\/premier-coup-de-pioche-pour-la-transformation-du-hoeschpark"]}]},{"@type":"ImageObject","inLanguage":"fr-FR","@id":"https:\/\/sha.de\/fr\/news\/premier-coup-de-pioche-pour-la-transformation-du-hoeschpark#primaryimage","url":"https:\/\/sha.de\/wp-content\/uploads\/Erster-Spatenstich-Umbau-Hoeschpark_web_Roland-Gorecki-03.jpg","contentUrl":"https:\/\/sha.de\/wp-content\/uploads\/Erster-Spatenstich-Umbau-Hoeschpark_web_Roland-Gorecki-03.jpg","width":1680,"height":945},{"@type":"BreadcrumbList","@id":"https:\/\/sha.de\/fr\/news\/premier-coup-de-pioche-pour-la-transformation-du-hoeschpark#breadcrumb","itemListElement":[{"@type":"ListItem","position":1,"name":"Startseite","item":"https:\/\/sha.de\/fr"},{"@type":"ListItem","position":2,"name":"Premier coup de pioche pour la transformation du Hoeschpark"}]},{"@type":"WebSite","@id":"https:\/\/sha.de\/fr#website","url":"https:\/\/sha.de\/fr","name":"SHA Scheffler Helbich Architekten GmbH","description":"","potentialAction":[{"@type":"SearchAction","target":{"@type":"EntryPoint","urlTemplate":"https:\/\/sha.de\/fr?s={search_term_string}"},"query-input":{"@type":"PropertyValueSpecification","valueRequired":true,"valueName":"search_term_string"}}],"inLanguage":"fr-FR"},{"@type":"Person","@id":"https:\/\/sha.de\/fr#\/schema\/person\/6d5fd32d5aa7872f1f9191b7244552c9","name":"Judith Weitzel","image":{"@type":"ImageObject","inLanguage":"fr-FR","@id":"https:\/\/secure.gravatar.com\/avatar\/c7dca018fdb593c021709193ddb78dc530485d187ec667fb2a0ae6c4097c9957?s=96&d=mm&r=g","url":"https:\/\/secure.gravatar.com\/avatar\/c7dca018fdb593c021709193ddb78dc530485d187ec667fb2a0ae6c4097c9957?s=96&d=mm&r=g","contentUrl":"https:\/\/secure.gravatar.com\/avatar\/c7dca018fdb593c021709193ddb78dc530485d187ec667fb2a0ae6c4097c9957?s=96&d=mm&r=g","caption":"Judith Weitzel"}}]}},"_links":{"self":[{"href":"https:\/\/sha.de\/fr\/wp-json\/wp\/v2\/posts\/34143","targetHints":{"allow":["GET"]}}],"collection":[{"href":"https:\/\/sha.de\/fr\/wp-json\/wp\/v2\/posts"}],"about":[{"href":"https:\/\/sha.de\/fr\/wp-json\/wp\/v2\/types\/post"}],"author":[{"embeddable":true,"href":"https:\/\/sha.de\/fr\/wp-json\/wp\/v2\/users\/2"}],"replies":[{"embeddable":true,"href":"https:\/\/sha.de\/fr\/wp-json\/wp\/v2\/comments?post=34143"}],"version-history":[{"count":20,"href":"https:\/\/sha.de\/fr\/wp-json\/wp\/v2\/posts\/34143\/revisions"}],"predecessor-version":[{"id":47973,"href":"https:\/\/sha.de\/fr\/wp-json\/wp\/v2\/posts\/34143\/revisions\/47973"}],"wp:featuredmedia":[{"embeddable":true,"href":"https:\/\/sha.de\/fr\/wp-json\/wp\/v2\/media\/23915"}],"wp:attachment":[{"href":"https:\/\/sha.de\/fr\/wp-json\/wp\/v2\/media?parent=34143"}],"wp:term":[{"taxonomy":"category","embeddable":true,"href":"https:\/\/sha.de\/fr\/wp-json\/wp\/v2\/categories?post=34143"},{"taxonomy":"post_tag","embeddable":true,"href":"https:\/\/sha.de\/fr\/wp-json\/wp\/v2\/tags?post=34143"}],"curies":[{"name":"wp","href":"https:\/\/api.w.org\/{rel}","templated":true}]}}