{"id":34836,"date":"2021-08-02T11:02:47","date_gmt":"2021-08-02T09:02:47","guid":{"rendered":"https:\/\/sha.de\/aktuelles\/lensing-media-port-ce-qui-est-prevu"},"modified":"2024-09-23T16:56:46","modified_gmt":"2024-09-23T14:56:46","slug":"lensing-media-port-ce-qui-est-prevu","status":"publish","type":"post","link":"https:\/\/sha.de\/fr\/news\/lensing-media-port-ce-qui-est-prevu","title":{"rendered":"Lensing Media Port : ce qui est pr\u00e9vu"},"content":{"rendered":"<div id='av_section_1' class='avia-section main_color pt-default pb-default avia-no-border-styling avia-bg-style-scroll  avia-builder-el-0  avia-builder-el-no-sibling   container_wrap fullsize' style=' '  ><div class='container' ><main  role=\"main\" itemprop=\"mainContentOfPage\"  class='template-page content  av-content-full alpha units'><div class='post-entry post-entry-type-page post-entry-34836'><div class='entry-content-wrapper clearfix'>\n\n\t\t\t<div id=\"av-k1hoeuzj\" class=\"headline-column flex_column av_one_full flex_column_div first \">\n\t\t\t\t<div class=\"headline-wrap is-outside align-left sub-bottom\">\n\t\t\t\t\t<h1 class=\"headline-content headline-primary\">Lensing Media Port : ce qui est pr\u00e9vu<\/h1>\n\t\t\t\t\t<h3 class=\"headline-content headline-secondary\">R\u00e9utilisation et sur\u00e9l\u00e9vation d\u2019un ancien grenier<\/h3>\n\t\t\t\t<\/div>\n\t\t\t<\/div>\n<div class=\"flex_column av_one_third  flex_column_div av-zero-column-padding first bg-default      avia-builder-el-2  el_after_pixel_sc_headline  el_before_av_one_third  \"><section  class='av_textblock_section av-k5pfdfmq-bf9f728196d08b938986bebe94172dc4 '   itemscope=\"itemscope\" itemtype=\"https:\/\/schema.org\/BlogPosting\" itemprop=\"blogPost\" ><div class='avia_textblock'  itemprop=\"text\" ><div id=\"js_4uv\" class=\"_5pbx userContent _3576\" data-testid=\"post_message\" data-ft=\"{\">\n<p>Il se passe quelque chose dans le port de Dortmund : l&rsquo;ancien b\u00e2timent de stockage de la Speicherstra\u00dfe 2 deviendra bient\u00f4t le \u00ab\u00a0Lensing Media Port\u00a0\u00bb. La semaine derni\u00e8re, la d\u00e9molition d&rsquo;une ancienne annexe de deux \u00e9tages a commenc\u00e9. La demande de permis de construire pour la transformation proprement dite a \u00e9t\u00e9 d\u00e9pos\u00e9e et le permis de construire de la ville de Dortmund est attendu pour l&rsquo;automne.<\/p>\n<p>Le nouveau concept d&rsquo;utilisation du Lensing Media Port en tant que \u00ab\u00a0quartier de la cr\u00e9ation d&rsquo;entreprise et de la connaissance\u00a0\u00bb pr\u00e9voit des branches ou des institutions li\u00e9es aux services et \u00e0 l&rsquo;\u00e9ducation &#8211; et une ouverture de la zone vers les zones r\u00e9sidentielles voisines et le grand public. Les rampes d&rsquo;acc\u00e8s au nord et au sud, ainsi que la fa\u00e7ade du b\u00e2timent, sont conserv\u00e9es. Ainsi, l&rsquo;histoire de la maison en tant qu&rsquo;entrep\u00f4t de marchandises sera rappel\u00e9e de mani\u00e8re permanente.<\/p>\n<p>Le b\u00e2timent sera sur\u00e9lev\u00e9 d&rsquo;un \u00e9tage et une nouvelle cage d&rsquo;escalier principale sera construite sur le c\u00f4t\u00e9 sud.<\/p>\n<\/div>\n<\/div><\/section><\/div><div class=\"flex_column av_one_third  flex_column_div av-zero-column-padding        avia-builder-el-4  el_after_av_one_third  el_before_av_one_third  \"><section  class='av_textblock_section av-10u9i-9a2ecfd24fedc7bfccfd03553a8e4033 '   itemscope=\"itemscope\" itemtype=\"https:\/\/schema.org\/BlogPosting\" itemprop=\"blogPost\" ><div class='avia_textblock'  itemprop=\"text\" ><p>Une extension vitr\u00e9e sera construite \u00e0 l&rsquo;est, o\u00f9 se trouvera \u00e9galement un grand escalier ext\u00e9rieur qui offrira des places assises dans l&rsquo;espace public et cr\u00e9era une animation. La proximit\u00e9 imm\u00e9diate de l&rsquo;eau invite \u00e0 la fl\u00e2nerie.<\/p>\n<p>Une fois achev\u00e9, cet ancien entrep\u00f4t situ\u00e9 dans le port de Dortmund aura une nouvelle vie gr\u00e2ce \u00e0 une surface utile d&rsquo;environ 7 600 m\u00b2 qui accueillera des bureaux et des salles de r\u00e9union, des agences num\u00e9riques, des restaurants et bien plus encore. La Speicherstra\u00dfe devient ainsi un nouveau quartier num\u00e9rique, cr\u00e9atif et urbain, qui vit de l&rsquo;\u00e9change et de la collaboration.<\/p>\n<p>Le Lensing Media Port sera un \u00e9l\u00e9ment central du quartier r\u00e9am\u00e9nag\u00e9, o\u00f9 beaucoup de choses sont actuellement en train de changer. Il fait partie de ce que l&rsquo;on appelle les Smart Urban Areas et se trouve dans la zone couverte par l&rsquo;<a href=\"https:\/\/dortmund-nordwaerts.de\/\" target=\"_blank\" rel=\"noopener nofollow\">initiative \u00ab\u00a0nordw\u00e4rts\u00a0\u00bb<\/a>, qui vise \u00e0 mettre en avant les atouts des quartiers nord de Dortmund.<\/p>\n<\/div><\/section><\/div><div class=\"flex_column av_one_third  flex_column_div av-zero-column-padding        avia-builder-el-6  el_after_av_one_third  el_before_av_one_full  \"><div  class='av_gmaps_sc_main_wrap av_gmaps_main_wrap '><div id='av_gmap_0' class='avia-google-map-container av_gmaps_show_delayed avia-google-map-sc  av-no-fallback-img ' data-mapid='av_gmap_0'  style='height: 400px;'><a class=\"av_gmaps_browser_disabled av_text_confirm_link av_text_confirm_link_visible\" href=\"https:\/\/www.google.com\/maps\/search\/?api=1&#038;query=2,%20rue%20Speicherstra\u00dfe%20%20Dortmund\" target=\"_blank\">Les cartes ont \u00e9t\u00e9 d\u00e9sactiv\u00e9es par le visiteur sur ce site. Cliquer pour ouvrir la carte dans une nouvelle fen\u00eatre.<\/a><a class=\"av_text_confirm_link brlbs-unblock-google-maps-enfold\" style=\"display:none\"><\/a> <div class=\"brlbs-cmpnt-container brlbs-cmpnt-content-blocker brlbs-cmpnt-with-individual-styles\" data-borlabs-cookie-content-blocker-id=\"google-maps-enfold\" data-borlabs-cookie-content=\"PGRpdiAgY2xhc3M9J2F2X2dtYXBzX3NjX21haW5fd3JhcCBhdl9nbWFwc19tYWluX3dyYXAgJz48ZGl2IGlkPSdhdl9nbWFwXzAnIGNsYXNzPSdhdmlhLWdvb2dsZS1tYXAtY29udGFpbmVyIGF2X2dtYXBzX3Nob3dfZGVsYXllZCBhdmlhLWdvb2dsZS1tYXAtc2MgIGF2LW5vLWZhbGxiYWNrLWltZyAnIGRhdGEtbWFwaWQ9J2F2X2dtYXBfMCcgIHN0eWxlPSdoZWlnaHQ6IDQwMHB4Oyc+PGEgY2xhc3M9ImF2X2dtYXBzX2Jyb3dzZXJfZGlzYWJsZWQgYXZfdGV4dF9jb25maXJtX2xpbmsgYXZfdGV4dF9jb25maXJtX2xpbmtfdmlzaWJsZSIgaHJlZj0iaHR0cHM6Ly93d3cuZ29vZ2xlLmNvbS9tYXBzL3NlYXJjaC8\/YXBpPTEmIzAzODtxdWVyeT0yLCUyMHJ1ZSUyMFNwZWljaGVyc3RyYcOfZSUyMCUyMERvcnRtdW5kIiB0YXJnZXQ9Il9ibGFuayI+TGVzIGNhcnRlcyBvbnQgw6l0w6kgZMOpc2FjdGl2w6llcyBwYXIgbGUgdmlzaXRldXIgc3VyIGNlIHNpdGUuIENsaXF1ZXIgcG91ciBvdXZyaXIgbGEgY2FydGUgZGFucyB1bmUgbm91dmVsbGUgZmVuw6p0cmUuPC9hPjwvZGl2PjwvZGl2Pg==\"><div class=\"brlbs-cmpnt-cb-preset-b brlbs-cmpnt-cb-google-maps-enfold\"> <div class=\"brlbs-cmpnt-cb-thumbnail\" style=\"background-image: url('https:\/\/sha.de\/wp-content\/uploads\/borlabs-cookie\/1\/brlbs-cb-google-maps-main.png')\"><\/div> <div class=\"brlbs-cmpnt-cb-main\"> <div class=\"brlbs-cmpnt-cb-content\"> <p class=\"brlbs-cmpnt-cb-description\">Vous \u00eates actuellement en train de consulter le contenu d'un espace r\u00e9serv\u00e9 de <strong>Google Maps<\/strong>. Pour acc\u00e9der au contenu r\u00e9el, cliquez sur le bouton ci-dessous. Veuillez noter que ce faisant, des donn\u00e9es seront partag\u00e9es avec des providers tiers.<\/p> <a class=\"brlbs-cmpnt-cb-provider-toggle\" href=\"#\" data-borlabs-cookie-show-provider-information role=\"button\">Plus d'informations<\/a> <\/div> <div class=\"brlbs-cmpnt-cb-buttons\"> <a class=\"brlbs-cmpnt-cb-btn\" href=\"#\" data-borlabs-cookie-unblock role=\"button\">D\u00e9bloquer le contenu<\/a> <a class=\"brlbs-cmpnt-cb-btn\" href=\"#\" data-borlabs-cookie-accept-service role=\"button\" style=\"display: inherit\">Accepter le service requis et d\u00e9bloquer les contenus<\/a> <\/div> <\/div> <\/div><\/div><\/div><\/div><\/div><div class=\"flex_column av_one_full  flex_column_div av-zero-column-padding first       avia-builder-el-8  el_after_av_one_third  avia-builder-el-last  column-top-margin\"><div class=\"slickgallery \">\n\t<div class=\"pixel-slide-wrap\">\n\t\t<div class=\"pixel-slide\" style=\"display: block; width: 100%; float: left;\">\n\t\t\t\t\n\t\t\t\t\t\t\t\t\t\t\t\t\t\n\t\t\t\t\t<div class=\"pixel-slide__image-wrap slide-1\">\n\t\t\t\t\t\t\t<div class=\"pixel-slide__image \"><a href=\"https:\/\/sha.de\/wp-content\/uploads\/210611_Persp-Hafenseite-1280x640.jpg\" rel=\"lightbox\"><img decoding=\"async\" src=\"https:\/\/sha.de\/wp-content\/uploads\/210611_Persp-Hafenseite-706x368.jpg\" alt=\"210611 Persp Hafenseite\" title=\"210611 Persp Hafenseite\"><\/a><\/div>\n\t\t\t\t\t<\/div>\n\t\t\t\t\n\t\t\t\t\t\t\t\t\t\t\t\t\t\n\t\t\t\t\t<div class=\"pixel-slide__image-wrap slide-2\">\n\t\t\t\t\t\t\t<div class=\"pixel-slide__image \"><a href=\"https:\/\/sha.de\/wp-content\/uploads\/IMG_0707-web-637x850.jpg\" rel=\"lightbox\"><img decoding=\"async\" src=\"https:\/\/sha.de\/wp-content\/uploads\/IMG_0707-web-706x368.jpg\" alt=\"Abbruch\" title=\"Abbruch\"><\/a><\/div>\n\t\t\t\t\t<\/div>\n\t\t\t\t\n\t\t\t\t\t\t\t\t\t\t\t\t\t\n\t\t\t\t\t<div class=\"pixel-slide__image-wrap slide-3\">\n\t\t\t\t\t\t\t<div class=\"pixel-slide__image \"><a href=\"https:\/\/sha.de\/wp-content\/uploads\/210611_Persp-Speicherstrasse-1280x640.jpg\" rel=\"lightbox\"><img decoding=\"async\" src=\"https:\/\/sha.de\/wp-content\/uploads\/210611_Persp-Speicherstrasse-706x368.jpg\" alt=\"210611 Persp Speicherstra\u00dfe\" title=\"210611 Persp Speicherstra\u00dfe\"><\/a><\/div>\n\t\t\t\t\t<\/div>\n\t\t\t\t\n\t\t\t\t\t\t\t\t\t\t\t\t\t\n\t\t\t\t\t<div class=\"pixel-slide__image-wrap slide-4\">\n\t\t\t\t\t\t\t<div class=\"pixel-slide__image \"><a href=\"https:\/\/sha.de\/wp-content\/uploads\/IMG_0704-web-637x850.jpg\" rel=\"lightbox\"><img decoding=\"async\" src=\"https:\/\/sha.de\/wp-content\/uploads\/IMG_0704-web-706x368.jpg\" alt=\"Abbruch\" title=\"Abbruch\"><\/a><\/div>\n\t\t\t\t\t<\/div>\n\t\t\t\t\n\t\t\t\t\t\t\t\t\t\t\t\t\t\n\t\t\t\t\t<div class=\"pixel-slide__image-wrap slide-5\">\n\t\t\t\t\t\t\t<div class=\"pixel-slide__image \"><a href=\"https:\/\/sha.de\/wp-content\/uploads\/210611_Vogelperspektive-1275x850.jpg\" rel=\"lightbox\"><img decoding=\"async\" src=\"https:\/\/sha.de\/wp-content\/uploads\/210611_Vogelperspektive-706x368.jpg\" alt=\"210611 Vogelperspektive\" title=\"210611 Vogelperspektive\"><\/a><\/div>\n\t\t\t\t\t<\/div>\n\t\t\t\t\t\t<\/div>\n\t<\/div>\n<\/div><\/div>\n","protected":false},"excerpt":{"rendered":"<p>Il se passe quelque chose dans le port de Dortmund : l&rsquo;ancien b\u00e2timent de stockage de la Speicherstra\u00dfe 2 deviendra bient\u00f4t le \u00ab\u00a0Lensing Media Port\u00a0\u00bb. La semaine derni\u00e8re, la d\u00e9molition d&rsquo;une ancienne annexe de deux \u00e9tages a commenc\u00e9.<\/p>\n","protected":false},"author":2,"featured_media":24563,"comment_status":"closed","ping_status":"closed","sticky":false,"template":"","format":"standard","meta":{"_acf_changed":false,"content-type":"","footnotes":""},"categories":[846,857],"tags":[1062,1094,1216,1217],"class_list":["post-34836","post","type-post","status-publish","format-standard","has-post-thumbnail","hentry","category-dortmund-fr","category-gestion","tag-dortmund-fr","tag-batiment-administratif","tag-transformation","tag-stock-fr"],"acf":[],"yoast_head":"<!-- This site is optimized with the Yoast SEO plugin v27.4 - https:\/\/yoast.com\/product\/yoast-seo-wordpress\/ -->\n<title>Lensing Media Port : ce qui est pr\u00e9vu - Scheffler Helbich Architectes<\/title>\n<meta name=\"description\" content=\"Il se passe quelque chose dans le port de Dortmund : l&#039;ancien b\u00e2timent de stockage de la Speicherstra\u00dfe 2 deviendra bient\u00f4t le &quot;Lensing Media Port&quot;.\" \/>\n<meta name=\"robots\" content=\"index, follow, max-snippet:-1, max-image-preview:large, max-video-preview:-1\" \/>\n<link rel=\"canonical\" href=\"https:\/\/sha.de\/fr\/news\/lensing-media-port-ce-qui-est-prevu\" \/>\n<meta property=\"og:locale\" content=\"fr_FR\" \/>\n<meta property=\"og:type\" content=\"article\" \/>\n<meta property=\"og:title\" content=\"Lensing Media Port : ce qui est pr\u00e9vu - Scheffler Helbich Architectes\" \/>\n<meta property=\"og:description\" content=\"Il se passe quelque chose dans le port de Dortmund : l&#039;ancien b\u00e2timent de stockage de la Speicherstra\u00dfe 2 deviendra bient\u00f4t le &quot;Lensing Media Port&quot;.\" \/>\n<meta property=\"og:url\" content=\"https:\/\/sha.de\/fr\/news\/lensing-media-port-ce-qui-est-prevu\" \/>\n<meta property=\"og:site_name\" content=\"SHA Scheffler Helbich Architekten GmbH\" \/>\n<meta property=\"article:published_time\" content=\"2021-08-02T09:02:47+00:00\" \/>\n<meta property=\"article:modified_time\" content=\"2024-09-23T14:56:46+00:00\" \/>\n<meta property=\"og:image\" content=\"https:\/\/sha.de\/wp-content\/uploads\/210611_Persp-Hafenseite.jpg\" \/>\n\t<meta property=\"og:image:width\" content=\"2000\" \/>\n\t<meta property=\"og:image:height\" content=\"1000\" \/>\n\t<meta property=\"og:image:type\" content=\"image\/jpeg\" \/>\n<meta name=\"author\" content=\"Judith Weitzel\" \/>\n<meta name=\"twitter:card\" content=\"summary_large_image\" \/>\n<meta name=\"twitter:label1\" content=\"\u00c9crit par\" \/>\n\t<meta name=\"twitter:data1\" content=\"Judith Weitzel\" \/>\n\t<meta name=\"twitter:label2\" content=\"Dur\u00e9e de lecture estim\u00e9e\" \/>\n\t<meta name=\"twitter:data2\" content=\"6 minutes\" \/>\n<script type=\"application\/ld+json\" class=\"yoast-schema-graph\">{\"@context\":\"https:\\\/\\\/schema.org\",\"@graph\":[{\"@type\":\"Article\",\"@id\":\"https:\\\/\\\/sha.de\\\/fr\\\/news\\\/lensing-media-port-ce-qui-est-prevu#article\",\"isPartOf\":{\"@id\":\"https:\\\/\\\/sha.de\\\/fr\\\/news\\\/lensing-media-port-ce-qui-est-prevu\"},\"author\":{\"name\":\"Judith Weitzel\",\"@id\":\"https:\\\/\\\/sha.de\\\/fr#\\\/schema\\\/person\\\/6d5fd32d5aa7872f1f9191b7244552c9\"},\"headline\":\"Lensing Media Port : ce qui est pr\u00e9vu\",\"datePublished\":\"2021-08-02T09:02:47+00:00\",\"dateModified\":\"2024-09-23T14:56:46+00:00\",\"mainEntityOfPage\":{\"@id\":\"https:\\\/\\\/sha.de\\\/fr\\\/news\\\/lensing-media-port-ce-qui-est-prevu\"},\"wordCount\":1003,\"image\":{\"@id\":\"https:\\\/\\\/sha.de\\\/fr\\\/news\\\/lensing-media-port-ce-qui-est-prevu#primaryimage\"},\"thumbnailUrl\":\"https:\\\/\\\/sha.de\\\/wp-content\\\/uploads\\\/210611_Persp-Hafenseite.jpg\",\"keywords\":[\"Dortmund\",\"B\u00e2timent administratif\",\"Transformation\",\"Stock\"],\"articleSection\":[\"Dortmund\",\"Gestion\"],\"inLanguage\":\"fr-FR\"},{\"@type\":\"WebPage\",\"@id\":\"https:\\\/\\\/sha.de\\\/fr\\\/news\\\/lensing-media-port-ce-qui-est-prevu\",\"url\":\"https:\\\/\\\/sha.de\\\/fr\\\/news\\\/lensing-media-port-ce-qui-est-prevu\",\"name\":\"Lensing Media Port : ce qui est pr\u00e9vu - Scheffler Helbich Architectes\",\"isPartOf\":{\"@id\":\"https:\\\/\\\/sha.de\\\/fr#website\"},\"primaryImageOfPage\":{\"@id\":\"https:\\\/\\\/sha.de\\\/fr\\\/news\\\/lensing-media-port-ce-qui-est-prevu#primaryimage\"},\"image\":{\"@id\":\"https:\\\/\\\/sha.de\\\/fr\\\/news\\\/lensing-media-port-ce-qui-est-prevu#primaryimage\"},\"thumbnailUrl\":\"https:\\\/\\\/sha.de\\\/wp-content\\\/uploads\\\/210611_Persp-Hafenseite.jpg\",\"datePublished\":\"2021-08-02T09:02:47+00:00\",\"dateModified\":\"2024-09-23T14:56:46+00:00\",\"author\":{\"@id\":\"https:\\\/\\\/sha.de\\\/fr#\\\/schema\\\/person\\\/6d5fd32d5aa7872f1f9191b7244552c9\"},\"description\":\"Il se passe quelque chose dans le port de Dortmund : l'ancien b\u00e2timent de stockage de la Speicherstra\u00dfe 2 deviendra bient\u00f4t le \\\"Lensing Media Port\\\".\",\"breadcrumb\":{\"@id\":\"https:\\\/\\\/sha.de\\\/fr\\\/news\\\/lensing-media-port-ce-qui-est-prevu#breadcrumb\"},\"inLanguage\":\"fr-FR\",\"potentialAction\":[{\"@type\":\"ReadAction\",\"target\":[\"https:\\\/\\\/sha.de\\\/fr\\\/news\\\/lensing-media-port-ce-qui-est-prevu\"]}]},{\"@type\":\"ImageObject\",\"inLanguage\":\"fr-FR\",\"@id\":\"https:\\\/\\\/sha.de\\\/fr\\\/news\\\/lensing-media-port-ce-qui-est-prevu#primaryimage\",\"url\":\"https:\\\/\\\/sha.de\\\/wp-content\\\/uploads\\\/210611_Persp-Hafenseite.jpg\",\"contentUrl\":\"https:\\\/\\\/sha.de\\\/wp-content\\\/uploads\\\/210611_Persp-Hafenseite.jpg\",\"width\":2000,\"height\":1000},{\"@type\":\"BreadcrumbList\",\"@id\":\"https:\\\/\\\/sha.de\\\/fr\\\/news\\\/lensing-media-port-ce-qui-est-prevu#breadcrumb\",\"itemListElement\":[{\"@type\":\"ListItem\",\"position\":1,\"name\":\"Startseite\",\"item\":\"https:\\\/\\\/sha.de\\\/fr\"},{\"@type\":\"ListItem\",\"position\":2,\"name\":\"Lensing Media Port : ce qui est pr\u00e9vu\"}]},{\"@type\":\"WebSite\",\"@id\":\"https:\\\/\\\/sha.de\\\/fr#website\",\"url\":\"https:\\\/\\\/sha.de\\\/fr\",\"name\":\"SHA Scheffler Helbich Architekten GmbH\",\"description\":\"\",\"potentialAction\":[{\"@type\":\"SearchAction\",\"target\":{\"@type\":\"EntryPoint\",\"urlTemplate\":\"https:\\\/\\\/sha.de\\\/fr?s={search_term_string}\"},\"query-input\":{\"@type\":\"PropertyValueSpecification\",\"valueRequired\":true,\"valueName\":\"search_term_string\"}}],\"inLanguage\":\"fr-FR\"},{\"@type\":\"Person\",\"@id\":\"https:\\\/\\\/sha.de\\\/fr#\\\/schema\\\/person\\\/6d5fd32d5aa7872f1f9191b7244552c9\",\"name\":\"Judith Weitzel\",\"image\":{\"@type\":\"ImageObject\",\"inLanguage\":\"fr-FR\",\"@id\":\"https:\\\/\\\/secure.gravatar.com\\\/avatar\\\/c7dca018fdb593c021709193ddb78dc530485d187ec667fb2a0ae6c4097c9957?s=96&d=mm&r=g\",\"url\":\"https:\\\/\\\/secure.gravatar.com\\\/avatar\\\/c7dca018fdb593c021709193ddb78dc530485d187ec667fb2a0ae6c4097c9957?s=96&d=mm&r=g\",\"contentUrl\":\"https:\\\/\\\/secure.gravatar.com\\\/avatar\\\/c7dca018fdb593c021709193ddb78dc530485d187ec667fb2a0ae6c4097c9957?s=96&d=mm&r=g\",\"caption\":\"Judith Weitzel\"}}]}<\/script>\n<!-- \/ Yoast SEO plugin. -->","yoast_head_json":{"title":"Lensing Media Port : ce qui est pr\u00e9vu - Scheffler Helbich Architectes","description":"Il se passe quelque chose dans le port de Dortmund : l'ancien b\u00e2timent de stockage de la Speicherstra\u00dfe 2 deviendra bient\u00f4t le \"Lensing Media Port\".","robots":{"index":"index","follow":"follow","max-snippet":"max-snippet:-1","max-image-preview":"max-image-preview:large","max-video-preview":"max-video-preview:-1"},"canonical":"https:\/\/sha.de\/fr\/news\/lensing-media-port-ce-qui-est-prevu","og_locale":"fr_FR","og_type":"article","og_title":"Lensing Media Port : ce qui est pr\u00e9vu - Scheffler Helbich Architectes","og_description":"Il se passe quelque chose dans le port de Dortmund : l'ancien b\u00e2timent de stockage de la Speicherstra\u00dfe 2 deviendra bient\u00f4t le \"Lensing Media Port\".","og_url":"https:\/\/sha.de\/fr\/news\/lensing-media-port-ce-qui-est-prevu","og_site_name":"SHA Scheffler Helbich Architekten GmbH","article_published_time":"2021-08-02T09:02:47+00:00","article_modified_time":"2024-09-23T14:56:46+00:00","og_image":[{"width":2000,"height":1000,"url":"https:\/\/sha.de\/wp-content\/uploads\/210611_Persp-Hafenseite.jpg","type":"image\/jpeg"}],"author":"Judith Weitzel","twitter_card":"summary_large_image","twitter_misc":{"\u00c9crit par":"Judith Weitzel","Dur\u00e9e de lecture estim\u00e9e":"6 minutes"},"schema":{"@context":"https:\/\/schema.org","@graph":[{"@type":"Article","@id":"https:\/\/sha.de\/fr\/news\/lensing-media-port-ce-qui-est-prevu#article","isPartOf":{"@id":"https:\/\/sha.de\/fr\/news\/lensing-media-port-ce-qui-est-prevu"},"author":{"name":"Judith Weitzel","@id":"https:\/\/sha.de\/fr#\/schema\/person\/6d5fd32d5aa7872f1f9191b7244552c9"},"headline":"Lensing Media Port : ce qui est pr\u00e9vu","datePublished":"2021-08-02T09:02:47+00:00","dateModified":"2024-09-23T14:56:46+00:00","mainEntityOfPage":{"@id":"https:\/\/sha.de\/fr\/news\/lensing-media-port-ce-qui-est-prevu"},"wordCount":1003,"image":{"@id":"https:\/\/sha.de\/fr\/news\/lensing-media-port-ce-qui-est-prevu#primaryimage"},"thumbnailUrl":"https:\/\/sha.de\/wp-content\/uploads\/210611_Persp-Hafenseite.jpg","keywords":["Dortmund","B\u00e2timent administratif","Transformation","Stock"],"articleSection":["Dortmund","Gestion"],"inLanguage":"fr-FR"},{"@type":"WebPage","@id":"https:\/\/sha.de\/fr\/news\/lensing-media-port-ce-qui-est-prevu","url":"https:\/\/sha.de\/fr\/news\/lensing-media-port-ce-qui-est-prevu","name":"Lensing Media Port : ce qui est pr\u00e9vu - Scheffler Helbich Architectes","isPartOf":{"@id":"https:\/\/sha.de\/fr#website"},"primaryImageOfPage":{"@id":"https:\/\/sha.de\/fr\/news\/lensing-media-port-ce-qui-est-prevu#primaryimage"},"image":{"@id":"https:\/\/sha.de\/fr\/news\/lensing-media-port-ce-qui-est-prevu#primaryimage"},"thumbnailUrl":"https:\/\/sha.de\/wp-content\/uploads\/210611_Persp-Hafenseite.jpg","datePublished":"2021-08-02T09:02:47+00:00","dateModified":"2024-09-23T14:56:46+00:00","author":{"@id":"https:\/\/sha.de\/fr#\/schema\/person\/6d5fd32d5aa7872f1f9191b7244552c9"},"description":"Il se passe quelque chose dans le port de Dortmund : l'ancien b\u00e2timent de stockage de la Speicherstra\u00dfe 2 deviendra bient\u00f4t le \"Lensing Media Port\".","breadcrumb":{"@id":"https:\/\/sha.de\/fr\/news\/lensing-media-port-ce-qui-est-prevu#breadcrumb"},"inLanguage":"fr-FR","potentialAction":[{"@type":"ReadAction","target":["https:\/\/sha.de\/fr\/news\/lensing-media-port-ce-qui-est-prevu"]}]},{"@type":"ImageObject","inLanguage":"fr-FR","@id":"https:\/\/sha.de\/fr\/news\/lensing-media-port-ce-qui-est-prevu#primaryimage","url":"https:\/\/sha.de\/wp-content\/uploads\/210611_Persp-Hafenseite.jpg","contentUrl":"https:\/\/sha.de\/wp-content\/uploads\/210611_Persp-Hafenseite.jpg","width":2000,"height":1000},{"@type":"BreadcrumbList","@id":"https:\/\/sha.de\/fr\/news\/lensing-media-port-ce-qui-est-prevu#breadcrumb","itemListElement":[{"@type":"ListItem","position":1,"name":"Startseite","item":"https:\/\/sha.de\/fr"},{"@type":"ListItem","position":2,"name":"Lensing Media Port : ce qui est pr\u00e9vu"}]},{"@type":"WebSite","@id":"https:\/\/sha.de\/fr#website","url":"https:\/\/sha.de\/fr","name":"SHA Scheffler Helbich Architekten GmbH","description":"","potentialAction":[{"@type":"SearchAction","target":{"@type":"EntryPoint","urlTemplate":"https:\/\/sha.de\/fr?s={search_term_string}"},"query-input":{"@type":"PropertyValueSpecification","valueRequired":true,"valueName":"search_term_string"}}],"inLanguage":"fr-FR"},{"@type":"Person","@id":"https:\/\/sha.de\/fr#\/schema\/person\/6d5fd32d5aa7872f1f9191b7244552c9","name":"Judith Weitzel","image":{"@type":"ImageObject","inLanguage":"fr-FR","@id":"https:\/\/secure.gravatar.com\/avatar\/c7dca018fdb593c021709193ddb78dc530485d187ec667fb2a0ae6c4097c9957?s=96&d=mm&r=g","url":"https:\/\/secure.gravatar.com\/avatar\/c7dca018fdb593c021709193ddb78dc530485d187ec667fb2a0ae6c4097c9957?s=96&d=mm&r=g","contentUrl":"https:\/\/secure.gravatar.com\/avatar\/c7dca018fdb593c021709193ddb78dc530485d187ec667fb2a0ae6c4097c9957?s=96&d=mm&r=g","caption":"Judith Weitzel"}}]}},"_links":{"self":[{"href":"https:\/\/sha.de\/fr\/wp-json\/wp\/v2\/posts\/34836","targetHints":{"allow":["GET"]}}],"collection":[{"href":"https:\/\/sha.de\/fr\/wp-json\/wp\/v2\/posts"}],"about":[{"href":"https:\/\/sha.de\/fr\/wp-json\/wp\/v2\/types\/post"}],"author":[{"embeddable":true,"href":"https:\/\/sha.de\/fr\/wp-json\/wp\/v2\/users\/2"}],"replies":[{"embeddable":true,"href":"https:\/\/sha.de\/fr\/wp-json\/wp\/v2\/comments?post=34836"}],"version-history":[{"count":8,"href":"https:\/\/sha.de\/fr\/wp-json\/wp\/v2\/posts\/34836\/revisions"}],"predecessor-version":[{"id":48706,"href":"https:\/\/sha.de\/fr\/wp-json\/wp\/v2\/posts\/34836\/revisions\/48706"}],"wp:featuredmedia":[{"embeddable":true,"href":"https:\/\/sha.de\/fr\/wp-json\/wp\/v2\/media\/24563"}],"wp:attachment":[{"href":"https:\/\/sha.de\/fr\/wp-json\/wp\/v2\/media?parent=34836"}],"wp:term":[{"taxonomy":"category","embeddable":true,"href":"https:\/\/sha.de\/fr\/wp-json\/wp\/v2\/categories?post=34836"},{"taxonomy":"post_tag","embeddable":true,"href":"https:\/\/sha.de\/fr\/wp-json\/wp\/v2\/tags?post=34836"}],"curies":[{"name":"wp","href":"https:\/\/api.w.org\/{rel}","templated":true}]}}