{"id":35322,"date":"2021-12-21T13:31:08","date_gmt":"2021-12-21T12:31:08","guid":{"rendered":"https:\/\/sha.de\/aktuelles\/changement-dannee-changez-de-travail-recherche-de-renforts-pour-dortmund"},"modified":"2024-09-23T16:57:26","modified_gmt":"2024-09-23T14:57:26","slug":"changement-dannee-changez-de-travail-recherche-de-renforts-pour-dortmund","status":"publish","type":"post","link":"https:\/\/sha.de\/fr\/news\/changement-dannee-changez-de-travail-recherche-de-renforts-pour-dortmund","title":{"rendered":"Changement d&rsquo;ann\u00e9e ? Changez de travail ! Recherche de renforts pour Dortmund !"},"content":{"rendered":"<div id='av_section_1' class='avia-section main_color pt-default pb-default avia-no-border-styling avia-bg-style-scroll  avia-builder-el-0  el_before_pixel_sc_slickgallery  avia-builder-el-first   container_wrap fullsize' style=' '  ><div class='container' ><main  role=\"main\" itemprop=\"mainContentOfPage\"  class='template-page content  av-content-full alpha units'><div class='post-entry post-entry-type-page post-entry-35322'><div class='entry-content-wrapper clearfix'>\n\n\t\t\t<div id=\"av-k1hoeuzj\" class=\"headline-column flex_column av_one_full flex_column_div first \">\n\t\t\t\t<div class=\"headline-wrap is-outside align-left sub-bottom\">\n\t\t\t\t\t<h1 class=\"headline-content headline-primary\">Changement d\u2019ann\u00e9e ? Changez de travail !  <\/h1>\n\t\t\t\t\t<h3 class=\"headline-content headline-secondary\">Recherche de renforts pour Dortmund<\/h3>\n\t\t\t\t<\/div>\n\t\t\t<\/div>\n<div class=\"flex_column av_one_third  flex_column_div av-zero-column-padding first       avia-builder-el-2  el_after_pixel_sc_headline  el_before_av_one_third  \"><section  class='av_textblock_section av-10u9i-c89949c824faaf32120cf5229290afb1 '   itemscope=\"itemscope\" itemtype=\"https:\/\/schema.org\/BlogPosting\" itemprop=\"blogPost\" ><div class='avia_textblock'  itemprop=\"text\" ><p>Le changement d&rsquo;ann\u00e9e est le meilleur moment pour initier des changements. Que diriez-vous d&rsquo;un nouveau d\u00e9fi professionnel ? SHA Scheffler Helbich Architekten GmbH recherche des renforts pour son site principal de Dortmund !<\/p>\n<ul>\n<li><strong>Architecte<\/strong> (h\/f), phases de prestations 5-8<\/li>\n<li><a href=\"https:\/\/sha.de\/aktuelles\/karriere\/stellenangebote\/architekt-oder-bauing-m-w-d-als-bauleiter-lph-6-8\" target=\"_blank\" rel=\"noopener\">Architecte ou Baunig. en tant que <strong>chef de chantier<\/strong> (h\/f), phases de prestations 6-8<\/a><\/li>\n<\/ul>\n<p>Au c\u0153ur de la Ruhr, une \u00e9quipe formidable, une architecture exigeante et des projets de construction vari\u00e9s vous attendent.<\/p>\n<p>Nous attendons avec impatience votre candidature \u00e0 <a href=\"javascript:secureDecryptAndNavigate('9uIduKAIT0DnlnQvBEW9ALMP4sceYc+81gp2vv7HjI+0UN5LBeBnkFzODt89Vu\/xMIPD60zJcJbYchdfPkwGHO8=', '7fb6b0a631c756e2798c0419dd401ac6392a180022e45865affe1bd81a905598')\">job@sha.de.<\/a><\/p>\n<\/div><\/section><\/div><div class=\"flex_column av_one_third  flex_column_div av-zero-column-padding  bg-default      avia-builder-el-4  el_after_av_one_third  el_before_av_one_third  \"><div class=\"call-to-action    has-button ci-black hover-white bg-grey  align-left \"><div class=\"call-to-action__inner\"><div class=\"call-to-action__text\"><span class=\"call-to-action__primary\">Architecte (h\/f) LPH 5-8  <br \/>recherch\u00e9<\/span><span class=\"call-to-action__secondary\">Envie de participer ?  <br \/>Rejoignez SHA !<\/span><\/div><div class=\"call-to-action__button\"><div class=\"avia-button-wrap theme-fill avia-button-left\"><a href=\"https:\/\/sha.de\/karriere\/stellenangebote\/architekt-lph-1-5-m-w-d\" class=\"avia-button color-ci-black hover-white avia-icon_select-no avia-size-medium\"><span>Vers l\u2019offre d\u2019emploi<\/span><\/a><\/div><\/div><\/div><\/div><\/div><div class=\"flex_column av_one_third  flex_column_div av-zero-column-padding  bg-default   img-left   avia-builder-el-6  el_after_av_one_third  avia-builder-el-last  \"><div class=\"call-to-action    has-button ci-black hover-white bg-grey  align-left \"><div class=\"call-to-action__inner\"><div class=\"call-to-action__text\"><span class=\"call-to-action__primary\">Chef de chantier (h\/f) LPH 6-8  <br \/>recherch\u00e9<\/span><span class=\"call-to-action__secondary\">Envie de participer ?  <br \/>Rejoignez SHA !<\/span><\/div><div class=\"call-to-action__button\"><div class=\"avia-button-wrap theme-fill avia-button-left\"><a href=\"https:\/\/sha.de\/?post_type=jobs&p=9354\" class=\"avia-button color-ci-black hover-white avia-icon_select-no avia-size-medium\"><span>Vers l\u2019offre d\u2019emploi<\/span><\/a><\/div><\/div><\/div><\/div><\/div><\/div><\/div><\/main><!-- close content main element --><\/div><\/div><div id='after_section_1' class='main_color av_default_container_wrap container_wrap fullsize' style=' '  ><div class='container' ><div class='template-page content  av-content-full alpha units'><div class='post-entry post-entry-type-page post-entry-35322'><div class='entry-content-wrapper clearfix'><div class=\"slickgallery \">\n\t<div class=\"pixel-slide-wrap\">\n\t\t<div class=\"pixel-slide\" style=\"display: block; width: 100%; float: left;\">\n\t\t\t\t\n\t\t\t\t\t\t\t\t\t\t\t\t\t\n\t\t\t\t\t<div class=\"pixel-slide__image-wrap slide-1\">\n\t\t\t\t\t\t\t<div class=\"pixel-slide__image \"><a href=\"https:\/\/sha.de\/wp-content\/uploads\/062-Moods-SHA-Dortmund-Juli-2021-web-1277x850.jpg\" rel=\"lightbox\"><img decoding=\"async\" src=\"https:\/\/sha.de\/wp-content\/uploads\/062-Moods-SHA-Dortmund-Juli-2021-web-706x368.jpg\" alt=\"Architekturb\u00fcro Scheffler Helbich Architekten Planung\" title=\"Architekturb\u00fcro Scheffler Helbich Architekten Planung\"><\/a><\/div>\n\t\t\t\t\t<\/div>\n\t\t\t\t\n\t\t\t\t\t\t\t\t\t\t\t\t\t\n\t\t\t\t\t<div class=\"pixel-slide__image-wrap slide-2\">\n\t\t\t\t\t\t\t<div class=\"pixel-slide__image \"><a href=\"https:\/\/sha.de\/wp-content\/uploads\/037-Moods-SHA-Dortmund-Juni-2020-1273x850.jpg\" rel=\"lightbox\"><img decoding=\"async\" src=\"https:\/\/sha.de\/wp-content\/uploads\/037-Moods-SHA-Dortmund-Juni-2020-706x368.jpg\" alt=\"Modell Architektur\" title=\"Modell Architektur\"><\/a><\/div>\n\t\t\t\t\t<\/div>\n\t\t\t\t\n\t\t\t\t\t\t\t\t\t\t\t\t\t\n\t\t\t\t\t<div class=\"pixel-slide__image-wrap slide-3\">\n\t\t\t\t\t\t\t<div class=\"pixel-slide__image \"><a href=\"https:\/\/sha.de\/wp-content\/uploads\/Scheffler-Helbich-Architekten-Dortmund-Berlin-3-1273x850.jpg\" rel=\"lightbox\"><img decoding=\"async\" src=\"https:\/\/sha.de\/wp-content\/uploads\/Scheffler-Helbich-Architekten-Dortmund-Berlin-3-706x368.jpg\" alt=\"Scheffler Helbich Architekten Dortmund Berlin (3)\" title=\"Scheffler Helbich Architekten Dortmund Berlin (3)\"><\/a><\/div>\n\t\t\t\t\t<\/div>\n\t\t\t\t\n\t\t\t\t\t\t\t\t\t\t\t\t\t\n\t\t\t\t\t<div class=\"pixel-slide__image-wrap slide-4\">\n\t\t\t\t\t\t\t<div class=\"pixel-slide__image \"><a href=\"https:\/\/sha.de\/wp-content\/uploads\/Scheffler-Helbich-Architekten-Dortmund-Berlin-10-1273x850.jpg\" rel=\"lightbox\"><img decoding=\"async\" src=\"https:\/\/sha.de\/wp-content\/uploads\/Scheffler-Helbich-Architekten-Dortmund-Berlin-10-706x368.jpg\" alt=\"Scheffler Helbich Architekten Dortmund Berlin (10)\" title=\"Scheffler Helbich Architekten Dortmund Berlin (10)\"><\/a><\/div>\n\t\t\t\t\t<\/div>\n\t\t\t\t\n\t\t\t\t\t\t\t\t\t\t\t\t\t\n\t\t\t\t\t<div class=\"pixel-slide__image-wrap slide-5\">\n\t\t\t\t\t\t\t<div class=\"pixel-slide__image \"><a href=\"https:\/\/sha.de\/wp-content\/uploads\/CE655-1067-1271x850.jpg\" rel=\"lightbox\"><img decoding=\"async\" src=\"https:\/\/sha.de\/wp-content\/uploads\/CE655-1067-706x368.jpg\" alt=\"PhoenixWerk Dortmund SHA Scheffler Helbich Architekten\" title=\"PhoenixWerk Dortmund SHA Scheffler Helbich Architekten\"><\/a><\/div>\n\t\t\t\t\t<\/div>\n\t\t\t\t\t\t<\/div>\n\t<\/div>\n<\/div>\n<\/p>\n","protected":false},"excerpt":{"rendered":"<p>Vous cherchez un d\u00e9fi professionnel ? Alors vous \u00eates \u00e0 la bonne adresse. SHA Scheffler Helbich Architekten GmbH recherche des architectes et\/ou ing\u00e9nieurs civils pour son bureau d&rsquo;\u00e9tudes \u00e0 Dortmund.<\/p>\n","protected":false},"author":2,"featured_media":25091,"comment_status":"closed","ping_status":"closed","sticky":false,"template":"","format":"standard","meta":{"_acf_changed":false,"content-type":"","footnotes":""},"categories":[851,854],"tags":[930,1218,1331,1332,78,90],"class_list":["post-35322","post","type-post","status-publish","format-standard","has-post-thumbnail","hentry","category-sha-en-tant-quemployeur","category-notre-equipe","tag-employeur","tag-employes","tag-carriere","tag-offre-demploi","tag-dortmund","tag-sha"],"acf":[],"yoast_head":"<!-- This site is optimized with the Yoast SEO plugin v27.4 - https:\/\/yoast.com\/product\/yoast-seo-wordpress\/ -->\n<title>Recherche d&#039;architectes* - SHA Scheffler Helbich Architekten<\/title>\n<meta name=\"description\" content=\"Vous cherchez un d\u00e9fi professionnel ? SHA Scheffler Helbich Architekten GmbH cherche \u00e0 renforcer son bureau d&#039;\u00e9tudes \u00e0 Dortmund !\" \/>\n<meta name=\"robots\" content=\"index, follow, max-snippet:-1, max-image-preview:large, max-video-preview:-1\" \/>\n<link rel=\"canonical\" href=\"https:\/\/sha.de\/fr\/news\/changement-dannee-changez-de-travail-recherche-de-renforts-pour-dortmund\" \/>\n<meta property=\"og:locale\" content=\"fr_FR\" \/>\n<meta property=\"og:type\" content=\"article\" \/>\n<meta property=\"og:title\" content=\"Recherche d&#039;architectes* - SHA Scheffler Helbich Architekten\" \/>\n<meta property=\"og:description\" content=\"Vous cherchez un d\u00e9fi professionnel ? SHA Scheffler Helbich Architekten GmbH cherche \u00e0 renforcer son bureau d&#039;\u00e9tudes \u00e0 Dortmund !\" \/>\n<meta property=\"og:url\" content=\"https:\/\/sha.de\/fr\/news\/changement-dannee-changez-de-travail-recherche-de-renforts-pour-dortmund\" \/>\n<meta property=\"og:site_name\" content=\"SHA Scheffler Helbich Architekten GmbH\" \/>\n<meta property=\"article:published_time\" content=\"2021-12-21T12:31:08+00:00\" \/>\n<meta property=\"article:modified_time\" content=\"2024-09-23T14:57:26+00:00\" \/>\n<meta property=\"og:image\" content=\"https:\/\/sha.de\/wp-content\/uploads\/014-SHA-Dortmund-Sommerfest-August-2021-web.jpg\" \/>\n\t<meta property=\"og:image:width\" content=\"1800\" \/>\n\t<meta property=\"og:image:height\" content=\"1198\" \/>\n\t<meta property=\"og:image:type\" content=\"image\/jpeg\" \/>\n<meta name=\"author\" content=\"Judith Weitzel\" \/>\n<meta name=\"twitter:card\" content=\"summary_large_image\" \/>\n<meta name=\"twitter:label1\" content=\"\u00c9crit par\" \/>\n\t<meta name=\"twitter:data1\" content=\"Judith Weitzel\" \/>\n\t<meta name=\"twitter:label2\" content=\"Dur\u00e9e de lecture estim\u00e9e\" \/>\n\t<meta name=\"twitter:data2\" content=\"4 minutes\" \/>\n<script type=\"application\/ld+json\" class=\"yoast-schema-graph\">{\"@context\":\"https:\\\/\\\/schema.org\",\"@graph\":[{\"@type\":\"Article\",\"@id\":\"https:\\\/\\\/sha.de\\\/fr\\\/news\\\/changement-dannee-changez-de-travail-recherche-de-renforts-pour-dortmund#article\",\"isPartOf\":{\"@id\":\"https:\\\/\\\/sha.de\\\/fr\\\/news\\\/changement-dannee-changez-de-travail-recherche-de-renforts-pour-dortmund\"},\"author\":{\"name\":\"Judith Weitzel\",\"@id\":\"https:\\\/\\\/sha.de\\\/fr#\\\/schema\\\/person\\\/6d5fd32d5aa7872f1f9191b7244552c9\"},\"headline\":\"Changement d&rsquo;ann\u00e9e ? Changez de travail ! Recherche de renforts pour Dortmund !\",\"datePublished\":\"2021-12-21T12:31:08+00:00\",\"dateModified\":\"2024-09-23T14:57:26+00:00\",\"mainEntityOfPage\":{\"@id\":\"https:\\\/\\\/sha.de\\\/fr\\\/news\\\/changement-dannee-changez-de-travail-recherche-de-renforts-pour-dortmund\"},\"wordCount\":706,\"image\":{\"@id\":\"https:\\\/\\\/sha.de\\\/fr\\\/news\\\/changement-dannee-changez-de-travail-recherche-de-renforts-pour-dortmund#primaryimage\"},\"thumbnailUrl\":\"https:\\\/\\\/sha.de\\\/wp-content\\\/uploads\\\/014-SHA-Dortmund-Sommerfest-August-2021-web.jpg\",\"keywords\":[\"Employeur\",\"Employ\u00e9s\",\"Carri\u00e8re\",\"Offre d'emploi\",\"Dortmund\",\"SHA\"],\"articleSection\":[\"SHA en tant qu&#039;employeur\",\"Notre \u00e9quipe\"],\"inLanguage\":\"fr-FR\"},{\"@type\":\"WebPage\",\"@id\":\"https:\\\/\\\/sha.de\\\/fr\\\/news\\\/changement-dannee-changez-de-travail-recherche-de-renforts-pour-dortmund\",\"url\":\"https:\\\/\\\/sha.de\\\/fr\\\/news\\\/changement-dannee-changez-de-travail-recherche-de-renforts-pour-dortmund\",\"name\":\"Recherche d'architectes* - SHA Scheffler Helbich Architekten\",\"isPartOf\":{\"@id\":\"https:\\\/\\\/sha.de\\\/fr#website\"},\"primaryImageOfPage\":{\"@id\":\"https:\\\/\\\/sha.de\\\/fr\\\/news\\\/changement-dannee-changez-de-travail-recherche-de-renforts-pour-dortmund#primaryimage\"},\"image\":{\"@id\":\"https:\\\/\\\/sha.de\\\/fr\\\/news\\\/changement-dannee-changez-de-travail-recherche-de-renforts-pour-dortmund#primaryimage\"},\"thumbnailUrl\":\"https:\\\/\\\/sha.de\\\/wp-content\\\/uploads\\\/014-SHA-Dortmund-Sommerfest-August-2021-web.jpg\",\"datePublished\":\"2021-12-21T12:31:08+00:00\",\"dateModified\":\"2024-09-23T14:57:26+00:00\",\"author\":{\"@id\":\"https:\\\/\\\/sha.de\\\/fr#\\\/schema\\\/person\\\/6d5fd32d5aa7872f1f9191b7244552c9\"},\"description\":\"Vous cherchez un d\u00e9fi professionnel ? SHA Scheffler Helbich Architekten GmbH cherche \u00e0 renforcer son bureau d'\u00e9tudes \u00e0 Dortmund !\",\"breadcrumb\":{\"@id\":\"https:\\\/\\\/sha.de\\\/fr\\\/news\\\/changement-dannee-changez-de-travail-recherche-de-renforts-pour-dortmund#breadcrumb\"},\"inLanguage\":\"fr-FR\",\"potentialAction\":[{\"@type\":\"ReadAction\",\"target\":[\"https:\\\/\\\/sha.de\\\/fr\\\/news\\\/changement-dannee-changez-de-travail-recherche-de-renforts-pour-dortmund\"]}]},{\"@type\":\"ImageObject\",\"inLanguage\":\"fr-FR\",\"@id\":\"https:\\\/\\\/sha.de\\\/fr\\\/news\\\/changement-dannee-changez-de-travail-recherche-de-renforts-pour-dortmund#primaryimage\",\"url\":\"https:\\\/\\\/sha.de\\\/wp-content\\\/uploads\\\/014-SHA-Dortmund-Sommerfest-August-2021-web.jpg\",\"contentUrl\":\"https:\\\/\\\/sha.de\\\/wp-content\\\/uploads\\\/014-SHA-Dortmund-Sommerfest-August-2021-web.jpg\",\"width\":1800,\"height\":1198,\"caption\":\"SHA Scheffler Helbich Architekten B\u00fcro PhoenixWERK\"},{\"@type\":\"BreadcrumbList\",\"@id\":\"https:\\\/\\\/sha.de\\\/fr\\\/news\\\/changement-dannee-changez-de-travail-recherche-de-renforts-pour-dortmund#breadcrumb\",\"itemListElement\":[{\"@type\":\"ListItem\",\"position\":1,\"name\":\"Startseite\",\"item\":\"https:\\\/\\\/sha.de\\\/fr\"},{\"@type\":\"ListItem\",\"position\":2,\"name\":\"Changement d&rsquo;ann\u00e9e ? Changez de travail ! Recherche de renforts pour Dortmund !\"}]},{\"@type\":\"WebSite\",\"@id\":\"https:\\\/\\\/sha.de\\\/fr#website\",\"url\":\"https:\\\/\\\/sha.de\\\/fr\",\"name\":\"SHA Scheffler Helbich Architekten GmbH\",\"description\":\"\",\"potentialAction\":[{\"@type\":\"SearchAction\",\"target\":{\"@type\":\"EntryPoint\",\"urlTemplate\":\"https:\\\/\\\/sha.de\\\/fr?s={search_term_string}\"},\"query-input\":{\"@type\":\"PropertyValueSpecification\",\"valueRequired\":true,\"valueName\":\"search_term_string\"}}],\"inLanguage\":\"fr-FR\"},{\"@type\":\"Person\",\"@id\":\"https:\\\/\\\/sha.de\\\/fr#\\\/schema\\\/person\\\/6d5fd32d5aa7872f1f9191b7244552c9\",\"name\":\"Judith Weitzel\",\"image\":{\"@type\":\"ImageObject\",\"inLanguage\":\"fr-FR\",\"@id\":\"https:\\\/\\\/secure.gravatar.com\\\/avatar\\\/c7dca018fdb593c021709193ddb78dc530485d187ec667fb2a0ae6c4097c9957?s=96&d=mm&r=g\",\"url\":\"https:\\\/\\\/secure.gravatar.com\\\/avatar\\\/c7dca018fdb593c021709193ddb78dc530485d187ec667fb2a0ae6c4097c9957?s=96&d=mm&r=g\",\"contentUrl\":\"https:\\\/\\\/secure.gravatar.com\\\/avatar\\\/c7dca018fdb593c021709193ddb78dc530485d187ec667fb2a0ae6c4097c9957?s=96&d=mm&r=g\",\"caption\":\"Judith Weitzel\"}}]}<\/script>\n<!-- \/ Yoast SEO plugin. -->","yoast_head_json":{"title":"Recherche d'architectes* - SHA Scheffler Helbich Architekten","description":"Vous cherchez un d\u00e9fi professionnel ? SHA Scheffler Helbich Architekten GmbH cherche \u00e0 renforcer son bureau d'\u00e9tudes \u00e0 Dortmund !","robots":{"index":"index","follow":"follow","max-snippet":"max-snippet:-1","max-image-preview":"max-image-preview:large","max-video-preview":"max-video-preview:-1"},"canonical":"https:\/\/sha.de\/fr\/news\/changement-dannee-changez-de-travail-recherche-de-renforts-pour-dortmund","og_locale":"fr_FR","og_type":"article","og_title":"Recherche d'architectes* - SHA Scheffler Helbich Architekten","og_description":"Vous cherchez un d\u00e9fi professionnel ? SHA Scheffler Helbich Architekten GmbH cherche \u00e0 renforcer son bureau d'\u00e9tudes \u00e0 Dortmund !","og_url":"https:\/\/sha.de\/fr\/news\/changement-dannee-changez-de-travail-recherche-de-renforts-pour-dortmund","og_site_name":"SHA Scheffler Helbich Architekten GmbH","article_published_time":"2021-12-21T12:31:08+00:00","article_modified_time":"2024-09-23T14:57:26+00:00","og_image":[{"width":1800,"height":1198,"url":"https:\/\/sha.de\/wp-content\/uploads\/014-SHA-Dortmund-Sommerfest-August-2021-web.jpg","type":"image\/jpeg"}],"author":"Judith Weitzel","twitter_card":"summary_large_image","twitter_misc":{"\u00c9crit par":"Judith Weitzel","Dur\u00e9e de lecture estim\u00e9e":"4 minutes"},"schema":{"@context":"https:\/\/schema.org","@graph":[{"@type":"Article","@id":"https:\/\/sha.de\/fr\/news\/changement-dannee-changez-de-travail-recherche-de-renforts-pour-dortmund#article","isPartOf":{"@id":"https:\/\/sha.de\/fr\/news\/changement-dannee-changez-de-travail-recherche-de-renforts-pour-dortmund"},"author":{"name":"Judith Weitzel","@id":"https:\/\/sha.de\/fr#\/schema\/person\/6d5fd32d5aa7872f1f9191b7244552c9"},"headline":"Changement d&rsquo;ann\u00e9e ? Changez de travail ! Recherche de renforts pour Dortmund !","datePublished":"2021-12-21T12:31:08+00:00","dateModified":"2024-09-23T14:57:26+00:00","mainEntityOfPage":{"@id":"https:\/\/sha.de\/fr\/news\/changement-dannee-changez-de-travail-recherche-de-renforts-pour-dortmund"},"wordCount":706,"image":{"@id":"https:\/\/sha.de\/fr\/news\/changement-dannee-changez-de-travail-recherche-de-renforts-pour-dortmund#primaryimage"},"thumbnailUrl":"https:\/\/sha.de\/wp-content\/uploads\/014-SHA-Dortmund-Sommerfest-August-2021-web.jpg","keywords":["Employeur","Employ\u00e9s","Carri\u00e8re","Offre d'emploi","Dortmund","SHA"],"articleSection":["SHA en tant qu&#039;employeur","Notre \u00e9quipe"],"inLanguage":"fr-FR"},{"@type":"WebPage","@id":"https:\/\/sha.de\/fr\/news\/changement-dannee-changez-de-travail-recherche-de-renforts-pour-dortmund","url":"https:\/\/sha.de\/fr\/news\/changement-dannee-changez-de-travail-recherche-de-renforts-pour-dortmund","name":"Recherche d'architectes* - SHA Scheffler Helbich Architekten","isPartOf":{"@id":"https:\/\/sha.de\/fr#website"},"primaryImageOfPage":{"@id":"https:\/\/sha.de\/fr\/news\/changement-dannee-changez-de-travail-recherche-de-renforts-pour-dortmund#primaryimage"},"image":{"@id":"https:\/\/sha.de\/fr\/news\/changement-dannee-changez-de-travail-recherche-de-renforts-pour-dortmund#primaryimage"},"thumbnailUrl":"https:\/\/sha.de\/wp-content\/uploads\/014-SHA-Dortmund-Sommerfest-August-2021-web.jpg","datePublished":"2021-12-21T12:31:08+00:00","dateModified":"2024-09-23T14:57:26+00:00","author":{"@id":"https:\/\/sha.de\/fr#\/schema\/person\/6d5fd32d5aa7872f1f9191b7244552c9"},"description":"Vous cherchez un d\u00e9fi professionnel ? SHA Scheffler Helbich Architekten GmbH cherche \u00e0 renforcer son bureau d'\u00e9tudes \u00e0 Dortmund !","breadcrumb":{"@id":"https:\/\/sha.de\/fr\/news\/changement-dannee-changez-de-travail-recherche-de-renforts-pour-dortmund#breadcrumb"},"inLanguage":"fr-FR","potentialAction":[{"@type":"ReadAction","target":["https:\/\/sha.de\/fr\/news\/changement-dannee-changez-de-travail-recherche-de-renforts-pour-dortmund"]}]},{"@type":"ImageObject","inLanguage":"fr-FR","@id":"https:\/\/sha.de\/fr\/news\/changement-dannee-changez-de-travail-recherche-de-renforts-pour-dortmund#primaryimage","url":"https:\/\/sha.de\/wp-content\/uploads\/014-SHA-Dortmund-Sommerfest-August-2021-web.jpg","contentUrl":"https:\/\/sha.de\/wp-content\/uploads\/014-SHA-Dortmund-Sommerfest-August-2021-web.jpg","width":1800,"height":1198,"caption":"SHA Scheffler Helbich Architekten B\u00fcro PhoenixWERK"},{"@type":"BreadcrumbList","@id":"https:\/\/sha.de\/fr\/news\/changement-dannee-changez-de-travail-recherche-de-renforts-pour-dortmund#breadcrumb","itemListElement":[{"@type":"ListItem","position":1,"name":"Startseite","item":"https:\/\/sha.de\/fr"},{"@type":"ListItem","position":2,"name":"Changement d&rsquo;ann\u00e9e ? Changez de travail ! Recherche de renforts pour Dortmund !"}]},{"@type":"WebSite","@id":"https:\/\/sha.de\/fr#website","url":"https:\/\/sha.de\/fr","name":"SHA Scheffler Helbich Architekten GmbH","description":"","potentialAction":[{"@type":"SearchAction","target":{"@type":"EntryPoint","urlTemplate":"https:\/\/sha.de\/fr?s={search_term_string}"},"query-input":{"@type":"PropertyValueSpecification","valueRequired":true,"valueName":"search_term_string"}}],"inLanguage":"fr-FR"},{"@type":"Person","@id":"https:\/\/sha.de\/fr#\/schema\/person\/6d5fd32d5aa7872f1f9191b7244552c9","name":"Judith Weitzel","image":{"@type":"ImageObject","inLanguage":"fr-FR","@id":"https:\/\/secure.gravatar.com\/avatar\/c7dca018fdb593c021709193ddb78dc530485d187ec667fb2a0ae6c4097c9957?s=96&d=mm&r=g","url":"https:\/\/secure.gravatar.com\/avatar\/c7dca018fdb593c021709193ddb78dc530485d187ec667fb2a0ae6c4097c9957?s=96&d=mm&r=g","contentUrl":"https:\/\/secure.gravatar.com\/avatar\/c7dca018fdb593c021709193ddb78dc530485d187ec667fb2a0ae6c4097c9957?s=96&d=mm&r=g","caption":"Judith Weitzel"}}]}},"_links":{"self":[{"href":"https:\/\/sha.de\/fr\/wp-json\/wp\/v2\/posts\/35322","targetHints":{"allow":["GET"]}}],"collection":[{"href":"https:\/\/sha.de\/fr\/wp-json\/wp\/v2\/posts"}],"about":[{"href":"https:\/\/sha.de\/fr\/wp-json\/wp\/v2\/types\/post"}],"author":[{"embeddable":true,"href":"https:\/\/sha.de\/fr\/wp-json\/wp\/v2\/users\/2"}],"replies":[{"embeddable":true,"href":"https:\/\/sha.de\/fr\/wp-json\/wp\/v2\/comments?post=35322"}],"version-history":[{"count":8,"href":"https:\/\/sha.de\/fr\/wp-json\/wp\/v2\/posts\/35322\/revisions"}],"predecessor-version":[{"id":49027,"href":"https:\/\/sha.de\/fr\/wp-json\/wp\/v2\/posts\/35322\/revisions\/49027"}],"wp:featuredmedia":[{"embeddable":true,"href":"https:\/\/sha.de\/fr\/wp-json\/wp\/v2\/media\/25091"}],"wp:attachment":[{"href":"https:\/\/sha.de\/fr\/wp-json\/wp\/v2\/media?parent=35322"}],"wp:term":[{"taxonomy":"category","embeddable":true,"href":"https:\/\/sha.de\/fr\/wp-json\/wp\/v2\/categories?post=35322"},{"taxonomy":"post_tag","embeddable":true,"href":"https:\/\/sha.de\/fr\/wp-json\/wp\/v2\/tags?post=35322"}],"curies":[{"name":"wp","href":"https:\/\/api.w.org\/{rel}","templated":true}]}}