{"id":35655,"date":"2019-07-24T14:52:10","date_gmt":"2019-07-24T12:52:10","guid":{"rendered":"https:\/\/sha.de\/aktuelles\/anniversaire-sabine-wittrien-fete-son-dixieme-anniversaire"},"modified":"2024-09-23T16:58:39","modified_gmt":"2024-09-23T14:58:39","slug":"anniversaire-sabine-wittrien-fete-son-dixieme-anniversaire","status":"publish","type":"post","link":"https:\/\/sha.de\/fr\/news\/anniversaire-sabine-wittrien-fete-son-dixieme-anniversaire","title":{"rendered":"Anniversaire : Sabine Wittrien f\u00eate son dixi\u00e8me anniversaire"},"content":{"rendered":"<div id='av_section_1' class='avia-section main_color pt-default pb-default avia-no-border-styling avia-bg-style-scroll  avia-builder-el-0  avia-builder-el-no-sibling   container_wrap fullsize' style=' '  ><div class='container' ><main  role=\"main\" itemprop=\"mainContentOfPage\"  class='template-page content  av-content-full alpha units'><div class='post-entry post-entry-type-page post-entry-35655'><div class='entry-content-wrapper clearfix'>\n\n\t\t\t<div id=\"av-k1hoeuzj\" class=\"headline-column flex_column av_one_full flex_column_div first \">\n\t\t\t\t<div class=\"headline-wrap is-outside align-left sub-bottom\">\n\t\t\t\t\t<h1 class=\"headline-content headline-primary\">Dix ans d\u2019anciennet\u00e9 dans l\u2019entreprise<\/h1>\n\t\t\t\t\t<h3 class=\"headline-content headline-secondary\">F\u00e9licitations !<\/h3>\n\t\t\t\t<\/div>\n\t\t\t<\/div>\n<div class=\"flex_column av_one_third  flex_column_div av-zero-column-padding first       avia-builder-el-2  el_after_pixel_sc_headline  el_before_av_one_third  \"><section  class='av_textblock_section av-10u9i-2145f984be230f5ffabcafbaea6790df '   itemscope=\"itemscope\" itemtype=\"https:\/\/schema.org\/BlogPosting\" itemprop=\"blogPost\" ><div class='avia_textblock'  itemprop=\"text\" ><div id=\"js_8\" class=\"_5pbx userContent _3576\" data-testid=\"post_message\" data-ft=\"{\">\n<p>Dix ans &#8211; c&rsquo;est le nombre d&rsquo;ann\u00e9es que notre Sabine Wittrien a pass\u00e9 dans l'\u00a0\u00bb\u00e9quipe SHA\u00a0\u00bb ! J&rsquo;ai commenc\u00e9 \u00e0 l&rsquo;\u00e9poque en tant que rempla\u00e7ante pour les vacances, et je suis rest\u00e9e\u00a0\u00bb, se souvient-elle. Depuis 2009, elle est responsable du secr\u00e9tariat et de la r\u00e9ception en collaboration avec Martina Langenberg.<\/p>\n<\/div>\n<\/div><\/section><\/div><div class=\"flex_column av_one_third  flex_column_div av-zero-column-padding  bg-default   img-left   avia-builder-el-4  el_after_av_one_third  el_before_av_one_third  \"><section  class='av_textblock_section av-k6m70m7g-e7ac26ec1b29549380d50c2fcb8f0ef8 '   itemscope=\"itemscope\" itemtype=\"https:\/\/schema.org\/BlogPosting\" itemprop=\"blogPost\" ><div class='avia_textblock'  itemprop=\"text\" ><p>se fera un plaisir de vous mettre en contact avec le bon interlocuteur pour votre projet de construction.<\/p>\n<p>Nous vous souhaitons un bon anniversaire ! Merci d&rsquo;\u00eatre toujours \u00e0 l&rsquo;\u00e9coute de nos petites et grandes affaires !<\/p>\n<\/div><\/section><\/div><div class=\"flex_column av_one_third  flex_column_div av-zero-column-padding  bg-default   img-left   avia-builder-el-6  el_after_av_one_third  el_before_pixel_sc_slickgallery  \"><section  class='av_textblock_section av-k30ao5o3-54301ff3ed4b4a4bf1a49614e4c20b80 '   itemscope=\"itemscope\" itemtype=\"https:\/\/schema.org\/BlogPosting\" itemprop=\"blogPost\" ><div class='avia_textblock'  itemprop=\"text\" ><div class=\"fakten\">\n<p><strong>Liens compl\u00e9mentaires<\/strong><\/p>\n<ul>\n<li><a href=\"https:\/\/sha.de\/fr\/notre-bureau\/notre-equipe\">Notre \u00e9quipe<\/a><\/li>\n<\/ul>\n<\/div>\n<\/div><\/section><\/div><div class=\"slickgallery no-nav\">\n\t<div class=\"pixel-slide-wrap\">\n\t\t<div class=\"pixel-slide\" style=\"display: block; width: 100%; float: left;\">\n\t\t\t\t\n\t\t\t\t\t\t\t\t\t\t\t\t\t\n\t\t\t\t\t<div class=\"pixel-slide__image-wrap slide-1\">\n\t\t\t\t\t\t\t<div class=\"pixel-slide__image \"><a href=\"https:\/\/sha.de\/wp-content\/uploads\/1907_Firmenjubil\u00e4um-Wittrien-1133x850.jpg\" rel=\"lightbox\"><img decoding=\"async\" src=\"https:\/\/sha.de\/wp-content\/uploads\/1907_Firmenjubil\u00e4um-Wittrien-706x368.jpg\" alt=\"1907 Firmenjubil\u00e4um Wittrien\" title=\"1907 Firmenjubil\u00e4um Wittrien\"><\/a><\/div>\n\t\t\t\t\t<\/div>\n\t\t\t\t\n\t\t\t\t\t\t\t\t\t\t\t\t\t\n\t\t\t\t\t<div class=\"pixel-slide__image-wrap slide-2\">\n\t\t\t\t\t\t\t<div class=\"pixel-slide__image \"><a href=\"https:\/\/sha.de\/wp-content\/uploads\/1907_Firmenjubil\u00e4um-Wittrien-3-1275x850.jpg\" rel=\"lightbox\"><img decoding=\"async\" src=\"https:\/\/sha.de\/wp-content\/uploads\/1907_Firmenjubil\u00e4um-Wittrien-3-706x368.jpg\" alt=\"1907 Firmenjubil\u00e4um Wittrien 3\" title=\"1907 Firmenjubil\u00e4um Wittrien 3\"><\/a><\/div>\n\t\t\t\t\t<\/div>\n\t\t\t\t\n\t\t\t\t\t\t\t\t\t\t\t\t\t\n\t\t\t\t\t<div class=\"pixel-slide__image-wrap slide-3\">\n\t\t\t\t\t\t\t<div class=\"pixel-slide__image \"><a href=\"https:\/\/sha.de\/wp-content\/uploads\/1907_Firmenjubil\u00e4um-Wittrien-2-1280x850.jpg\" rel=\"lightbox\"><img decoding=\"async\" src=\"https:\/\/sha.de\/wp-content\/uploads\/1907_Firmenjubil\u00e4um-Wittrien-2-706x368.jpg\" alt=\"1907 Firmenjubil\u00e4um Wittrien 2\" title=\"1907 Firmenjubil\u00e4um Wittrien 2\"><\/a><\/div>\n\t\t\t\t\t<\/div>\n\t\t\t\t\t\t<\/div>\n\t<\/div>\n<\/div>\n\n\n","protected":false},"excerpt":{"rendered":"<p>Dix ans &#8211; c&rsquo;est le nombre d&rsquo;ann\u00e9es que notre Sabine Wittrien a pass\u00e9 dans l'\u00a0\u00bb\u00e9quipe SHA\u00a0\u00bb ! Si ce n&rsquo;est pas une raison pour faire la f\u00eate&#8230; Depuis 2009, elle est maintenant responsable du secr\u00e9tariat et de l&rsquo;accueil en collaboration avec Martina Langenberg.  <\/p>\n","protected":false},"author":2,"featured_media":19169,"comment_status":"closed","ping_status":"closed","sticky":false,"template":"","format":"standard","meta":{"_acf_changed":false,"content-type":"","footnotes":""},"categories":[851,854],"tags":[930,1015,1218,1482,1483],"class_list":["post-35655","post","type-post","status-publish","format-standard","has-post-thumbnail","hentry","category-sha-en-tant-quemployeur","category-notre-equipe","tag-employeur","tag-sha-fr","tag-employes","tag-felicitations","tag-anniversaire"],"acf":[],"yoast_head":"<!-- This site is optimized with the Yoast SEO plugin v27.4 - https:\/\/yoast.com\/product\/yoast-seo-wordpress\/ -->\n<title>Anniversaire : Sabine Wittrien f\u00eate son dixi\u00e8me anniversaire - SHA Scheffler Helbich Architekten GmbH<\/title>\n<meta name=\"robots\" content=\"index, follow, max-snippet:-1, max-image-preview:large, max-video-preview:-1\" \/>\n<link rel=\"canonical\" href=\"https:\/\/sha.de\/fr\/news\/anniversaire-sabine-wittrien-fete-son-dixieme-anniversaire\" \/>\n<meta property=\"og:locale\" content=\"fr_FR\" \/>\n<meta property=\"og:type\" content=\"article\" \/>\n<meta property=\"og:title\" content=\"Anniversaire : Sabine Wittrien f\u00eate son dixi\u00e8me anniversaire - SHA Scheffler Helbich Architekten GmbH\" \/>\n<meta property=\"og:description\" content=\"Dix ans - c&#039;est le nombre d&#039;ann\u00e9es que notre Sabine Wittrien a pass\u00e9 dans l&#039;&quot;\u00e9quipe SHA&quot; ! Si ce n&#039;est pas une raison pour faire la f\u00eate... Depuis 2009, elle est maintenant responsable du secr\u00e9tariat et de l&#039;accueil en collaboration avec Martina Langenberg.\" \/>\n<meta property=\"og:url\" content=\"https:\/\/sha.de\/fr\/news\/anniversaire-sabine-wittrien-fete-son-dixieme-anniversaire\" \/>\n<meta property=\"og:site_name\" content=\"SHA Scheffler Helbich Architekten GmbH\" \/>\n<meta property=\"article:published_time\" content=\"2019-07-24T12:52:10+00:00\" \/>\n<meta property=\"article:modified_time\" content=\"2024-09-23T14:58:39+00:00\" \/>\n<meta property=\"og:image\" content=\"https:\/\/sha.de\/wp-content\/uploads\/1907_Firmenjubil\u00e4um-Wittrien-3.jpg\" \/>\n\t<meta property=\"og:image:width\" content=\"1772\" \/>\n\t<meta property=\"og:image:height\" content=\"1181\" \/>\n\t<meta property=\"og:image:type\" content=\"image\/jpeg\" \/>\n<meta name=\"author\" content=\"Judith Weitzel\" \/>\n<meta name=\"twitter:card\" content=\"summary_large_image\" \/>\n<meta name=\"twitter:label1\" content=\"\u00c9crit par\" \/>\n\t<meta name=\"twitter:data1\" content=\"Judith Weitzel\" \/>\n\t<meta name=\"twitter:label2\" content=\"Dur\u00e9e de lecture estim\u00e9e\" \/>\n\t<meta name=\"twitter:data2\" content=\"4 minutes\" \/>\n<script type=\"application\/ld+json\" class=\"yoast-schema-graph\">{\"@context\":\"https:\\\/\\\/schema.org\",\"@graph\":[{\"@type\":\"Article\",\"@id\":\"https:\\\/\\\/sha.de\\\/fr\\\/news\\\/anniversaire-sabine-wittrien-fete-son-dixieme-anniversaire#article\",\"isPartOf\":{\"@id\":\"https:\\\/\\\/sha.de\\\/fr\\\/news\\\/anniversaire-sabine-wittrien-fete-son-dixieme-anniversaire\"},\"author\":{\"name\":\"Judith Weitzel\",\"@id\":\"https:\\\/\\\/sha.de\\\/fr#\\\/schema\\\/person\\\/6d5fd32d5aa7872f1f9191b7244552c9\"},\"headline\":\"Anniversaire : Sabine Wittrien f\u00eate son dixi\u00e8me anniversaire\",\"datePublished\":\"2019-07-24T12:52:10+00:00\",\"dateModified\":\"2024-09-23T14:58:39+00:00\",\"mainEntityOfPage\":{\"@id\":\"https:\\\/\\\/sha.de\\\/fr\\\/news\\\/anniversaire-sabine-wittrien-fete-son-dixieme-anniversaire\"},\"wordCount\":579,\"image\":{\"@id\":\"https:\\\/\\\/sha.de\\\/fr\\\/news\\\/anniversaire-sabine-wittrien-fete-son-dixieme-anniversaire#primaryimage\"},\"thumbnailUrl\":\"https:\\\/\\\/sha.de\\\/wp-content\\\/uploads\\\/1907_Firmenjubil\u00e4um-Wittrien-3.jpg\",\"keywords\":[\"Employeur\",\"SHA\",\"Employ\u00e9s\",\"F\u00e9licitations\",\"Anniversaire\"],\"articleSection\":[\"SHA en tant qu&#039;employeur\",\"Notre \u00e9quipe\"],\"inLanguage\":\"fr-FR\"},{\"@type\":\"WebPage\",\"@id\":\"https:\\\/\\\/sha.de\\\/fr\\\/news\\\/anniversaire-sabine-wittrien-fete-son-dixieme-anniversaire\",\"url\":\"https:\\\/\\\/sha.de\\\/fr\\\/news\\\/anniversaire-sabine-wittrien-fete-son-dixieme-anniversaire\",\"name\":\"Anniversaire : Sabine Wittrien f\u00eate son dixi\u00e8me anniversaire - SHA Scheffler Helbich Architekten GmbH\",\"isPartOf\":{\"@id\":\"https:\\\/\\\/sha.de\\\/fr#website\"},\"primaryImageOfPage\":{\"@id\":\"https:\\\/\\\/sha.de\\\/fr\\\/news\\\/anniversaire-sabine-wittrien-fete-son-dixieme-anniversaire#primaryimage\"},\"image\":{\"@id\":\"https:\\\/\\\/sha.de\\\/fr\\\/news\\\/anniversaire-sabine-wittrien-fete-son-dixieme-anniversaire#primaryimage\"},\"thumbnailUrl\":\"https:\\\/\\\/sha.de\\\/wp-content\\\/uploads\\\/1907_Firmenjubil\u00e4um-Wittrien-3.jpg\",\"datePublished\":\"2019-07-24T12:52:10+00:00\",\"dateModified\":\"2024-09-23T14:58:39+00:00\",\"author\":{\"@id\":\"https:\\\/\\\/sha.de\\\/fr#\\\/schema\\\/person\\\/6d5fd32d5aa7872f1f9191b7244552c9\"},\"breadcrumb\":{\"@id\":\"https:\\\/\\\/sha.de\\\/fr\\\/news\\\/anniversaire-sabine-wittrien-fete-son-dixieme-anniversaire#breadcrumb\"},\"inLanguage\":\"fr-FR\",\"potentialAction\":[{\"@type\":\"ReadAction\",\"target\":[\"https:\\\/\\\/sha.de\\\/fr\\\/news\\\/anniversaire-sabine-wittrien-fete-son-dixieme-anniversaire\"]}]},{\"@type\":\"ImageObject\",\"inLanguage\":\"fr-FR\",\"@id\":\"https:\\\/\\\/sha.de\\\/fr\\\/news\\\/anniversaire-sabine-wittrien-fete-son-dixieme-anniversaire#primaryimage\",\"url\":\"https:\\\/\\\/sha.de\\\/wp-content\\\/uploads\\\/1907_Firmenjubil\u00e4um-Wittrien-3.jpg\",\"contentUrl\":\"https:\\\/\\\/sha.de\\\/wp-content\\\/uploads\\\/1907_Firmenjubil\u00e4um-Wittrien-3.jpg\",\"width\":1772,\"height\":1181},{\"@type\":\"BreadcrumbList\",\"@id\":\"https:\\\/\\\/sha.de\\\/fr\\\/news\\\/anniversaire-sabine-wittrien-fete-son-dixieme-anniversaire#breadcrumb\",\"itemListElement\":[{\"@type\":\"ListItem\",\"position\":1,\"name\":\"Startseite\",\"item\":\"https:\\\/\\\/sha.de\\\/fr\"},{\"@type\":\"ListItem\",\"position\":2,\"name\":\"Anniversaire : Sabine Wittrien f\u00eate son dixi\u00e8me anniversaire\"}]},{\"@type\":\"WebSite\",\"@id\":\"https:\\\/\\\/sha.de\\\/fr#website\",\"url\":\"https:\\\/\\\/sha.de\\\/fr\",\"name\":\"SHA Scheffler Helbich Architekten GmbH\",\"description\":\"\",\"potentialAction\":[{\"@type\":\"SearchAction\",\"target\":{\"@type\":\"EntryPoint\",\"urlTemplate\":\"https:\\\/\\\/sha.de\\\/fr?s={search_term_string}\"},\"query-input\":{\"@type\":\"PropertyValueSpecification\",\"valueRequired\":true,\"valueName\":\"search_term_string\"}}],\"inLanguage\":\"fr-FR\"},{\"@type\":\"Person\",\"@id\":\"https:\\\/\\\/sha.de\\\/fr#\\\/schema\\\/person\\\/6d5fd32d5aa7872f1f9191b7244552c9\",\"name\":\"Judith Weitzel\",\"image\":{\"@type\":\"ImageObject\",\"inLanguage\":\"fr-FR\",\"@id\":\"https:\\\/\\\/secure.gravatar.com\\\/avatar\\\/c7dca018fdb593c021709193ddb78dc530485d187ec667fb2a0ae6c4097c9957?s=96&d=mm&r=g\",\"url\":\"https:\\\/\\\/secure.gravatar.com\\\/avatar\\\/c7dca018fdb593c021709193ddb78dc530485d187ec667fb2a0ae6c4097c9957?s=96&d=mm&r=g\",\"contentUrl\":\"https:\\\/\\\/secure.gravatar.com\\\/avatar\\\/c7dca018fdb593c021709193ddb78dc530485d187ec667fb2a0ae6c4097c9957?s=96&d=mm&r=g\",\"caption\":\"Judith Weitzel\"}}]}<\/script>\n<!-- \/ Yoast SEO plugin. -->","yoast_head_json":{"title":"Anniversaire : Sabine Wittrien f\u00eate son dixi\u00e8me anniversaire - SHA Scheffler Helbich Architekten GmbH","robots":{"index":"index","follow":"follow","max-snippet":"max-snippet:-1","max-image-preview":"max-image-preview:large","max-video-preview":"max-video-preview:-1"},"canonical":"https:\/\/sha.de\/fr\/news\/anniversaire-sabine-wittrien-fete-son-dixieme-anniversaire","og_locale":"fr_FR","og_type":"article","og_title":"Anniversaire : Sabine Wittrien f\u00eate son dixi\u00e8me anniversaire - SHA Scheffler Helbich Architekten GmbH","og_description":"Dix ans - c'est le nombre d'ann\u00e9es que notre Sabine Wittrien a pass\u00e9 dans l'\"\u00e9quipe SHA\" ! Si ce n'est pas une raison pour faire la f\u00eate... Depuis 2009, elle est maintenant responsable du secr\u00e9tariat et de l'accueil en collaboration avec Martina Langenberg.","og_url":"https:\/\/sha.de\/fr\/news\/anniversaire-sabine-wittrien-fete-son-dixieme-anniversaire","og_site_name":"SHA Scheffler Helbich Architekten GmbH","article_published_time":"2019-07-24T12:52:10+00:00","article_modified_time":"2024-09-23T14:58:39+00:00","og_image":[{"width":1772,"height":1181,"url":"https:\/\/sha.de\/wp-content\/uploads\/1907_Firmenjubil\u00e4um-Wittrien-3.jpg","type":"image\/jpeg"}],"author":"Judith Weitzel","twitter_card":"summary_large_image","twitter_misc":{"\u00c9crit par":"Judith Weitzel","Dur\u00e9e de lecture estim\u00e9e":"4 minutes"},"schema":{"@context":"https:\/\/schema.org","@graph":[{"@type":"Article","@id":"https:\/\/sha.de\/fr\/news\/anniversaire-sabine-wittrien-fete-son-dixieme-anniversaire#article","isPartOf":{"@id":"https:\/\/sha.de\/fr\/news\/anniversaire-sabine-wittrien-fete-son-dixieme-anniversaire"},"author":{"name":"Judith Weitzel","@id":"https:\/\/sha.de\/fr#\/schema\/person\/6d5fd32d5aa7872f1f9191b7244552c9"},"headline":"Anniversaire : Sabine Wittrien f\u00eate son dixi\u00e8me anniversaire","datePublished":"2019-07-24T12:52:10+00:00","dateModified":"2024-09-23T14:58:39+00:00","mainEntityOfPage":{"@id":"https:\/\/sha.de\/fr\/news\/anniversaire-sabine-wittrien-fete-son-dixieme-anniversaire"},"wordCount":579,"image":{"@id":"https:\/\/sha.de\/fr\/news\/anniversaire-sabine-wittrien-fete-son-dixieme-anniversaire#primaryimage"},"thumbnailUrl":"https:\/\/sha.de\/wp-content\/uploads\/1907_Firmenjubil\u00e4um-Wittrien-3.jpg","keywords":["Employeur","SHA","Employ\u00e9s","F\u00e9licitations","Anniversaire"],"articleSection":["SHA en tant qu&#039;employeur","Notre \u00e9quipe"],"inLanguage":"fr-FR"},{"@type":"WebPage","@id":"https:\/\/sha.de\/fr\/news\/anniversaire-sabine-wittrien-fete-son-dixieme-anniversaire","url":"https:\/\/sha.de\/fr\/news\/anniversaire-sabine-wittrien-fete-son-dixieme-anniversaire","name":"Anniversaire : Sabine Wittrien f\u00eate son dixi\u00e8me anniversaire - SHA Scheffler Helbich Architekten GmbH","isPartOf":{"@id":"https:\/\/sha.de\/fr#website"},"primaryImageOfPage":{"@id":"https:\/\/sha.de\/fr\/news\/anniversaire-sabine-wittrien-fete-son-dixieme-anniversaire#primaryimage"},"image":{"@id":"https:\/\/sha.de\/fr\/news\/anniversaire-sabine-wittrien-fete-son-dixieme-anniversaire#primaryimage"},"thumbnailUrl":"https:\/\/sha.de\/wp-content\/uploads\/1907_Firmenjubil\u00e4um-Wittrien-3.jpg","datePublished":"2019-07-24T12:52:10+00:00","dateModified":"2024-09-23T14:58:39+00:00","author":{"@id":"https:\/\/sha.de\/fr#\/schema\/person\/6d5fd32d5aa7872f1f9191b7244552c9"},"breadcrumb":{"@id":"https:\/\/sha.de\/fr\/news\/anniversaire-sabine-wittrien-fete-son-dixieme-anniversaire#breadcrumb"},"inLanguage":"fr-FR","potentialAction":[{"@type":"ReadAction","target":["https:\/\/sha.de\/fr\/news\/anniversaire-sabine-wittrien-fete-son-dixieme-anniversaire"]}]},{"@type":"ImageObject","inLanguage":"fr-FR","@id":"https:\/\/sha.de\/fr\/news\/anniversaire-sabine-wittrien-fete-son-dixieme-anniversaire#primaryimage","url":"https:\/\/sha.de\/wp-content\/uploads\/1907_Firmenjubil\u00e4um-Wittrien-3.jpg","contentUrl":"https:\/\/sha.de\/wp-content\/uploads\/1907_Firmenjubil\u00e4um-Wittrien-3.jpg","width":1772,"height":1181},{"@type":"BreadcrumbList","@id":"https:\/\/sha.de\/fr\/news\/anniversaire-sabine-wittrien-fete-son-dixieme-anniversaire#breadcrumb","itemListElement":[{"@type":"ListItem","position":1,"name":"Startseite","item":"https:\/\/sha.de\/fr"},{"@type":"ListItem","position":2,"name":"Anniversaire : Sabine Wittrien f\u00eate son dixi\u00e8me anniversaire"}]},{"@type":"WebSite","@id":"https:\/\/sha.de\/fr#website","url":"https:\/\/sha.de\/fr","name":"SHA Scheffler Helbich Architekten GmbH","description":"","potentialAction":[{"@type":"SearchAction","target":{"@type":"EntryPoint","urlTemplate":"https:\/\/sha.de\/fr?s={search_term_string}"},"query-input":{"@type":"PropertyValueSpecification","valueRequired":true,"valueName":"search_term_string"}}],"inLanguage":"fr-FR"},{"@type":"Person","@id":"https:\/\/sha.de\/fr#\/schema\/person\/6d5fd32d5aa7872f1f9191b7244552c9","name":"Judith Weitzel","image":{"@type":"ImageObject","inLanguage":"fr-FR","@id":"https:\/\/secure.gravatar.com\/avatar\/c7dca018fdb593c021709193ddb78dc530485d187ec667fb2a0ae6c4097c9957?s=96&d=mm&r=g","url":"https:\/\/secure.gravatar.com\/avatar\/c7dca018fdb593c021709193ddb78dc530485d187ec667fb2a0ae6c4097c9957?s=96&d=mm&r=g","contentUrl":"https:\/\/secure.gravatar.com\/avatar\/c7dca018fdb593c021709193ddb78dc530485d187ec667fb2a0ae6c4097c9957?s=96&d=mm&r=g","caption":"Judith Weitzel"}}]}},"_links":{"self":[{"href":"https:\/\/sha.de\/fr\/wp-json\/wp\/v2\/posts\/35655","targetHints":{"allow":["GET"]}}],"collection":[{"href":"https:\/\/sha.de\/fr\/wp-json\/wp\/v2\/posts"}],"about":[{"href":"https:\/\/sha.de\/fr\/wp-json\/wp\/v2\/types\/post"}],"author":[{"embeddable":true,"href":"https:\/\/sha.de\/fr\/wp-json\/wp\/v2\/users\/2"}],"replies":[{"embeddable":true,"href":"https:\/\/sha.de\/fr\/wp-json\/wp\/v2\/comments?post=35655"}],"version-history":[{"count":9,"href":"https:\/\/sha.de\/fr\/wp-json\/wp\/v2\/posts\/35655\/revisions"}],"predecessor-version":[{"id":49646,"href":"https:\/\/sha.de\/fr\/wp-json\/wp\/v2\/posts\/35655\/revisions\/49646"}],"wp:featuredmedia":[{"embeddable":true,"href":"https:\/\/sha.de\/fr\/wp-json\/wp\/v2\/media\/19169"}],"wp:attachment":[{"href":"https:\/\/sha.de\/fr\/wp-json\/wp\/v2\/media?parent=35655"}],"wp:term":[{"taxonomy":"category","embeddable":true,"href":"https:\/\/sha.de\/fr\/wp-json\/wp\/v2\/categories?post=35655"},{"taxonomy":"post_tag","embeddable":true,"href":"https:\/\/sha.de\/fr\/wp-json\/wp\/v2\/tags?post=35655"}],"curies":[{"name":"wp","href":"https:\/\/api.w.org\/{rel}","templated":true}]}}