{"id":36015,"date":"2020-02-06T13:18:00","date_gmt":"2020-02-06T12:18:00","guid":{"rendered":"https:\/\/sha.de\/aktuelles\/premier-coup-de-pioche-pour-le-zweiradcenter-urban"},"modified":"2024-09-23T16:59:22","modified_gmt":"2024-09-23T14:59:22","slug":"premier-coup-de-pioche-pour-le-zweiradcenter-urban","status":"publish","type":"post","link":"https:\/\/sha.de\/fr\/news\/premier-coup-de-pioche-pour-le-zweiradcenter-urban","title":{"rendered":"Premier coup de pioche pour le Zweiradcenter Urban"},"content":{"rendered":"<div id='av_section_1' class='avia-section main_color pt-default pb-default avia-no-border-styling avia-bg-style-scroll  avia-builder-el-0  avia-builder-el-no-sibling   container_wrap fullsize' style=' '  ><div class='container' ><main  role=\"main\" itemprop=\"mainContentOfPage\"  class='template-page content  av-content-full alpha units'><div class='post-entry post-entry-type-page post-entry-36015'><div class='entry-content-wrapper clearfix'>\n\n\t\t\t<div id=\"av-k1hoeuzj\" class=\"headline-column flex_column av_one_full flex_column_div first \">\n\t\t\t\t<div class=\"headline-wrap is-outside align-left sub-bottom\">\n\t\t\t\t\t<h1 class=\"headline-content headline-primary\">Backnang : premier coup de pioche pour le Zweiradcenter Urban<\/h1>\n\t\t\t\t\t<h3 class=\"headline-content headline-secondary\">Un nouveau b\u00e2timent pour l\u2019entreprise familiale<\/h3>\n\t\t\t\t<\/div>\n\t\t\t<\/div>\n<div class=\"flex_column av_one_third  flex_column_div av-zero-column-padding first bg-default      avia-builder-el-2  el_after_pixel_sc_headline  el_before_av_one_third  \"><section  class='av_textblock_section av-k5pfdfmq-9bdd61c64fd08882635a98822068b7f9 '   itemscope=\"itemscope\" itemtype=\"https:\/\/schema.org\/BlogPosting\" itemprop=\"blogPost\" ><div class='avia_textblock'  itemprop=\"text\" ><div id=\"js_4uv\" class=\"_5pbx userContent _3576\" data-testid=\"post_message\" data-ft=\"{\">\n<p>Le premier coup de pioche a \u00e9t\u00e9 donn\u00e9 ! Un nouveau b\u00e2timent est en cours de construction \u00e0 Backnang pour le Zweiradcenter Urban. Le fond\u00e9 de pouvoir de SHA, Volker Kaminsky, et le chef de chantier, Mathias Haak, \u00e9taient sur place pour f\u00e9liciter le d\u00e9but des travaux et prendre d&rsquo;autres dispositions concernant le d\u00e9roulement du projet.<\/p>\n<p>Non loin du site actuel, un nouveau centre est en cours de construction, avec une surface de vente de pr\u00e8s de 1.200 m\u00b2 \u00e0 lui seul. \u00c0 cela s&rsquo;ajoutent des entrep\u00f4ts sur trois niveaux, des espaces de service et d&rsquo;atelier et des locaux sociaux pour les employ\u00e9s.<\/p>\n<p>D\u00e8s le d\u00e9but de l&rsquo;ann\u00e9e prochaine, les clients habituels et nouveaux pourront se rendre \u00e0 la nouvelle adresse pour d\u00e9couvrir l&rsquo;immense choix du magasin sp\u00e9cialis\u00e9.<\/p>\n<\/div>\n<\/div><\/section><\/div><div class=\"flex_column av_one_third  flex_column_div av-zero-column-padding        avia-builder-el-4  el_after_av_one_third  el_before_av_one_third  \"><section  class='av_textblock_section av-10u9i-2145f984be230f5ffabcafbaea6790df '   itemscope=\"itemscope\" itemtype=\"https:\/\/schema.org\/BlogPosting\" itemprop=\"blogPost\" ><div class='avia_textblock'  itemprop=\"text\" ><p>L&rsquo;impatience de d\u00e9couvrir le nouveau b\u00e2timent est palpable chez tous. Le premier coup de pelle symbolique donn\u00e9 par Stefanie Urban-H\u00e4bich et Jochen Urban, les directeurs du magasin de v\u00e9los, l&rsquo;a clairement d\u00e9montr\u00e9. \u00ab\u00a0Les exigences en mati\u00e8re de commerce de v\u00e9los ont \u00e9norm\u00e9ment \u00e9volu\u00e9 ces derni\u00e8res ann\u00e9es, ne serait-ce qu&rsquo;en raison du boom des v\u00e9los \u00e9lectriques, et l&rsquo;espace n\u00e9cessaire a augment\u00e9\u00a0\u00bb, explique Volker Kaminsky. \u00ab\u00a0L&rsquo;exp\u00e9rience d&rsquo;achat et la notion de service sont \u00e9galement de plus en plus mises en avant\u00a0\u00bb.<\/p>\n<p>Pour r\u00e9pondre \u00e0 tout cela, l&rsquo;\u00e9quipe de planification de SHA a fait un travail consid\u00e9rable. Un arceau XL au-dessus de l&rsquo;entr\u00e9e principale accueillante cr\u00e9era un aspect coh\u00e9rent le long de la route. De plus, le nouveau site dispose de surfaces d&rsquo;extension vers le sud.<\/p>\n<\/div><\/section><\/div><div class=\"flex_column av_one_third  flex_column_div av-zero-column-padding  bg-default      avia-builder-el-6  el_after_av_one_third  el_before_av_one_full  \"><section  class='av_textblock_section av-k30ao5o3-5d6e10e6baaa11d3210e8720dcc0950a '   itemscope=\"itemscope\" itemtype=\"https:\/\/schema.org\/BlogPosting\" itemprop=\"blogPost\" ><div class='avia_textblock'  itemprop=\"text\" ><div class=\"fakten\">\n<p>C&rsquo;est bon \u00e0 savoir : Tout <a href=\"https:\/\/sha.de\/fr\/notre-bureau\/sha-hier-et-aujourdhui\">comme SHA,<\/a> Zweiradcenter Urban <a href=\"https:\/\/sha.de\/fr\/notre-bureau\/sha-hier-et-aujourdhui\">est une entreprise familiale riche en traditions<\/a>. Le magasin actuel a \u00e9galement \u00e9t\u00e9 con\u00e7u par SHA il y a plus de 20 ans, sous la direction de Volker Kaminsky, \u00e0 l&rsquo;\u00e9poque avec la g\u00e9n\u00e9ration pr\u00e9c\u00e9dente, Urban. \u00ab\u00a0C&rsquo;est une formidable reconnaissance de notre travail lorsque les ma\u00eetres d&rsquo;ouvrage nous sollicitent \u00e0 nouveau\u00a0\u00bb, d\u00e9clare fi\u00e8rement le fond\u00e9 de pouvoir. Sur place, le chef de chantier Mathias Haak garde d\u00e9sormais un \u0153il sur les co\u00fbts et les d\u00e9lais et veille \u00e0 ce que le planning soit en ad\u00e9quation avec la r\u00e9alit\u00e9 du chantier. Nous attendons d\u00e9j\u00e0 avec impatience l&rsquo;ouverture !<\/p>\n<p><strong>Liens compl\u00e9mentaires<\/strong><\/p>\n<ul>\n<li>Notre <a href=\"https:\/\/sha.de\/fr\/bureau-darchitecture-commerce-de-velos\"><span style=\"text-decoration: underline;\">Services pour le commerce de v\u00e9los<\/span><\/a><\/li>\n<li><a href=\"http:\/\/www.zweirad-center-urban.de\/\" target=\"_blank\" rel=\"noopener nofollow\"><span style=\"text-decoration: underline;\">Site web de Zweiradcenter Urban<\/span><\/a><\/li>\n<\/ul>\n<\/div>\n<\/div><\/section><\/div><div class=\"flex_column av_one_full  flex_column_div av-zero-column-padding first       avia-builder-el-8  el_after_av_one_third  avia-builder-el-last  column-top-margin\"><div class=\"slickgallery \">\n\t<div class=\"pixel-slide-wrap\">\n\t\t<div class=\"pixel-slide\" style=\"display: block; width: 100%; float: left;\">\n\t\t\t\t\n\t\t\t\t\t\t\t\t\t\t\t\t\t\n\t\t\t\t\t<div class=\"pixel-slide__image-wrap slide-1\">\n\t\t\t\t\t\t\t<div class=\"pixel-slide__image \"><a href=\"https:\/\/sha.de\/wp-content\/uploads\/IMG_5321-1133x850.jpg\" rel=\"lightbox\"><img decoding=\"async\" src=\"https:\/\/sha.de\/wp-content\/uploads\/IMG_5321-706x368.jpg\" alt=\"IMG 5321\" title=\"IMG 5321\"><\/a><\/div>\n\t\t\t\t\t<\/div>\n\t\t\t\t\n\t\t\t\t\t\t\t\t\t\t\t\t\t\n\t\t\t\t\t<div class=\"pixel-slide__image-wrap slide-2\">\n\t\t\t\t\t\t\t<div class=\"pixel-slide__image \"><a href=\"https:\/\/sha.de\/wp-content\/uploads\/200205-Fotos-Familie-Urban-Zweiradcenter-10.jpg\" rel=\"lightbox\"><img decoding=\"async\" src=\"https:\/\/sha.de\/wp-content\/uploads\/200205-Fotos-Familie-Urban-Zweiradcenter-10-706x368.jpg\" alt=\"200205 Fotos Familie Urban Zweiradcenter (10)\" title=\"200205 Fotos Familie Urban Zweiradcenter (10)\"><\/a><\/div>\n\t\t\t\t\t<\/div>\n\t\t\t\t\n\t\t\t\t\t\t\t\t\t\t\t\t\t\n\t\t\t\t\t<div class=\"pixel-slide__image-wrap slide-3\">\n\t\t\t\t\t\t\t<div class=\"pixel-slide__image \"><a href=\"https:\/\/sha.de\/wp-content\/uploads\/200205-Fotos-Familie-Urban-Zweiradcenter-1.jpg\" rel=\"lightbox\"><img decoding=\"async\" src=\"https:\/\/sha.de\/wp-content\/uploads\/200205-Fotos-Familie-Urban-Zweiradcenter-1-706x368.jpg\" alt=\"200205 Fotos Familie Urban Zweiradcenter (1)\" title=\"200205 Fotos Familie Urban Zweiradcenter (1)\"><\/a><\/div>\n\t\t\t\t\t<\/div>\n\t\t\t\t\n\t\t\t\t\t\t\t\t\t\t\t\t\t\n\t\t\t\t\t<div class=\"pixel-slide__image-wrap slide-4\">\n\t\t\t\t\t\t\t<div class=\"pixel-slide__image \"><a href=\"https:\/\/sha.de\/wp-content\/uploads\/200205-Fotos-Familie-Urban-Zweiradcenter-3.jpg\" rel=\"lightbox\"><img decoding=\"async\" src=\"https:\/\/sha.de\/wp-content\/uploads\/200205-Fotos-Familie-Urban-Zweiradcenter-3-706x368.jpg\" alt=\"200205 Fotos Familie Urban Zweiradcenter (3)\" title=\"200205 Fotos Familie Urban Zweiradcenter (3)\"><\/a><\/div>\n\t\t\t\t\t<\/div>\n\t\t\t\t\n\t\t\t\t\t\t\t\t\t\t\t\t\t\n\t\t\t\t\t<div class=\"pixel-slide__image-wrap slide-5\">\n\t\t\t\t\t\t\t<div class=\"pixel-slide__image \"><a href=\"https:\/\/sha.de\/wp-content\/uploads\/200205-Fotos-Familie-Urban-Zweiradcenter-4-567x850.jpg\" rel=\"lightbox\"><img decoding=\"async\" src=\"https:\/\/sha.de\/wp-content\/uploads\/200205-Fotos-Familie-Urban-Zweiradcenter-4-706x368.jpg\" alt=\"200205 Fotos Familie Urban Zweiradcenter (4)\" title=\"200205 Fotos Familie Urban Zweiradcenter (4)\"><\/a><\/div>\n\t\t\t\t\t<\/div>\n\t\t\t\t\n\t\t\t\t\t\t\t\t\t\t\t\t\t\n\t\t\t\t\t<div class=\"pixel-slide__image-wrap slide-6\">\n\t\t\t\t\t\t\t<div class=\"pixel-slide__image \"><a href=\"https:\/\/sha.de\/wp-content\/uploads\/200205-Fotos-Familie-Urban-Zweiradcenter-2.jpg\" rel=\"lightbox\"><img decoding=\"async\" src=\"https:\/\/sha.de\/wp-content\/uploads\/200205-Fotos-Familie-Urban-Zweiradcenter-2-706x368.jpg\" alt=\"200205 Fotos Familie Urban Zweiradcenter (2)\" title=\"200205 Fotos Familie Urban Zweiradcenter (2)\"><\/a><\/div>\n\t\t\t\t\t<\/div>\n\t\t\t\t\n\t\t\t\t\t\t\t\t\t\t\t\t\t\n\t\t\t\t\t<div class=\"pixel-slide__image-wrap slide-7\">\n\t\t\t\t\t\t\t<div class=\"pixel-slide__image \"><a href=\"https:\/\/sha.de\/wp-content\/uploads\/200205-Fotos-Familie-Urban-Zweiradcenter-6.jpg\" rel=\"lightbox\"><img decoding=\"async\" src=\"https:\/\/sha.de\/wp-content\/uploads\/200205-Fotos-Familie-Urban-Zweiradcenter-6-706x368.jpg\" alt=\"200205 Fotos Familie Urban Zweiradcenter (6)\" title=\"200205 Fotos Familie Urban Zweiradcenter (6)\"><\/a><\/div>\n\t\t\t\t\t<\/div>\n\t\t\t\t\n\t\t\t\t\t\t\t\t\t\t\t\t\t\n\t\t\t\t\t<div class=\"pixel-slide__image-wrap slide-8\">\n\t\t\t\t\t\t\t<div class=\"pixel-slide__image \"><a href=\"https:\/\/sha.de\/wp-content\/uploads\/200205-Fotos-Familie-Urban-Zweiradcenter-9.jpg\" rel=\"lightbox\"><img decoding=\"async\" src=\"https:\/\/sha.de\/wp-content\/uploads\/200205-Fotos-Familie-Urban-Zweiradcenter-9-706x368.jpg\" alt=\"200205 Fotos Familie Urban Zweiradcenter (9)\" title=\"200205 Fotos Familie Urban Zweiradcenter (9)\"><\/a><\/div>\n\t\t\t\t\t<\/div>\n\t\t\t\t\t\t<\/div>\n\t<\/div>\n<\/div><\/div>\n","protected":false},"excerpt":{"rendered":"<p>Un nouveau b\u00e2timent pour le centre de deux-roues Urban est en cours de construction \u00e0 Backnang, dans le Bade-Wurtemberg. Le premier coup de pioche est donn\u00e9 ! SHA \u00e9tait sur place.<\/p>\n","protected":false},"author":2,"featured_media":21581,"comment_status":"closed","ping_status":"closed","sticky":false,"template":"","format":"standard","meta":{"_acf_changed":false,"content-type":"","footnotes":""},"categories":[847],"tags":[941,1089,1133,1254,1556],"class_list":["post-36015","post","type-post","status-publish","format-standard","has-post-thumbnail","hentry","category-commerce-de-velos","tag-backnang-fr","tag-centre-de-deux-roues","tag-commerce-de-velos","tag-premier-coup-de-pioche","tag-commerce-specialise"],"acf":[],"yoast_head":"<!-- This site is optimized with the Yoast SEO plugin v27.4 - https:\/\/yoast.com\/product\/yoast-seo-wordpress\/ -->\n<title>Premier coup de pioche pour le Zweiradcenter Urban - SHA Scheffler Helbich Architekten GmbH<\/title>\n<meta name=\"robots\" content=\"index, follow, max-snippet:-1, max-image-preview:large, max-video-preview:-1\" \/>\n<link rel=\"canonical\" href=\"https:\/\/sha.de\/fr\/news\/premier-coup-de-pioche-pour-le-zweiradcenter-urban\" \/>\n<meta property=\"og:locale\" content=\"fr_FR\" \/>\n<meta property=\"og:type\" content=\"article\" \/>\n<meta property=\"og:title\" content=\"Premier coup de pioche pour le Zweiradcenter Urban - SHA Scheffler Helbich Architekten GmbH\" \/>\n<meta property=\"og:description\" content=\"Un nouveau b\u00e2timent pour le centre de deux-roues Urban est en cours de construction \u00e0 Backnang, dans le Bade-Wurtemberg. Le premier coup de pioche est donn\u00e9 ! SHA \u00e9tait sur place.\" \/>\n<meta property=\"og:url\" content=\"https:\/\/sha.de\/fr\/news\/premier-coup-de-pioche-pour-le-zweiradcenter-urban\" \/>\n<meta property=\"og:site_name\" content=\"SHA Scheffler Helbich Architekten GmbH\" \/>\n<meta property=\"article:published_time\" content=\"2020-02-06T12:18:00+00:00\" \/>\n<meta property=\"article:modified_time\" content=\"2024-09-23T14:59:22+00:00\" \/>\n<meta property=\"og:image\" content=\"https:\/\/sha.de\/wp-content\/uploads\/200205-Fotos-Familie-Urban-Zweiradcenter-3.jpg\" \/>\n\t<meta property=\"og:image:width\" content=\"1000\" \/>\n\t<meta property=\"og:image:height\" content=\"667\" \/>\n\t<meta property=\"og:image:type\" content=\"image\/jpeg\" \/>\n<meta name=\"author\" content=\"Judith Weitzel\" \/>\n<meta name=\"twitter:card\" content=\"summary_large_image\" \/>\n<meta name=\"twitter:label1\" content=\"\u00c9crit par\" \/>\n\t<meta name=\"twitter:data1\" content=\"Judith Weitzel\" \/>\n\t<meta name=\"twitter:label2\" content=\"Dur\u00e9e de lecture estim\u00e9e\" \/>\n\t<meta name=\"twitter:data2\" content=\"6 minutes\" \/>\n<script type=\"application\/ld+json\" class=\"yoast-schema-graph\">{\"@context\":\"https:\\\/\\\/schema.org\",\"@graph\":[{\"@type\":\"Article\",\"@id\":\"https:\\\/\\\/sha.de\\\/fr\\\/news\\\/premier-coup-de-pioche-pour-le-zweiradcenter-urban#article\",\"isPartOf\":{\"@id\":\"https:\\\/\\\/sha.de\\\/fr\\\/news\\\/premier-coup-de-pioche-pour-le-zweiradcenter-urban\"},\"author\":{\"name\":\"Judith Weitzel\",\"@id\":\"https:\\\/\\\/sha.de\\\/fr#\\\/schema\\\/person\\\/6d5fd32d5aa7872f1f9191b7244552c9\"},\"headline\":\"Premier coup de pioche pour le Zweiradcenter Urban\",\"datePublished\":\"2020-02-06T12:18:00+00:00\",\"dateModified\":\"2024-09-23T14:59:22+00:00\",\"mainEntityOfPage\":{\"@id\":\"https:\\\/\\\/sha.de\\\/fr\\\/news\\\/premier-coup-de-pioche-pour-le-zweiradcenter-urban\"},\"wordCount\":1046,\"image\":{\"@id\":\"https:\\\/\\\/sha.de\\\/fr\\\/news\\\/premier-coup-de-pioche-pour-le-zweiradcenter-urban#primaryimage\"},\"thumbnailUrl\":\"https:\\\/\\\/sha.de\\\/wp-content\\\/uploads\\\/200205-Fotos-Familie-Urban-Zweiradcenter-3.jpg\",\"keywords\":[\"Backnang\",\"Centre de deux roues\",\"Commerce de v\u00e9los\",\"Premier coup de pioche\",\"Commerce sp\u00e9cialis\u00e9\"],\"articleSection\":[\"Commerce de v\u00e9los\"],\"inLanguage\":\"fr-FR\"},{\"@type\":\"WebPage\",\"@id\":\"https:\\\/\\\/sha.de\\\/fr\\\/news\\\/premier-coup-de-pioche-pour-le-zweiradcenter-urban\",\"url\":\"https:\\\/\\\/sha.de\\\/fr\\\/news\\\/premier-coup-de-pioche-pour-le-zweiradcenter-urban\",\"name\":\"Premier coup de pioche pour le Zweiradcenter Urban - SHA Scheffler Helbich Architekten GmbH\",\"isPartOf\":{\"@id\":\"https:\\\/\\\/sha.de\\\/fr#website\"},\"primaryImageOfPage\":{\"@id\":\"https:\\\/\\\/sha.de\\\/fr\\\/news\\\/premier-coup-de-pioche-pour-le-zweiradcenter-urban#primaryimage\"},\"image\":{\"@id\":\"https:\\\/\\\/sha.de\\\/fr\\\/news\\\/premier-coup-de-pioche-pour-le-zweiradcenter-urban#primaryimage\"},\"thumbnailUrl\":\"https:\\\/\\\/sha.de\\\/wp-content\\\/uploads\\\/200205-Fotos-Familie-Urban-Zweiradcenter-3.jpg\",\"datePublished\":\"2020-02-06T12:18:00+00:00\",\"dateModified\":\"2024-09-23T14:59:22+00:00\",\"author\":{\"@id\":\"https:\\\/\\\/sha.de\\\/fr#\\\/schema\\\/person\\\/6d5fd32d5aa7872f1f9191b7244552c9\"},\"breadcrumb\":{\"@id\":\"https:\\\/\\\/sha.de\\\/fr\\\/news\\\/premier-coup-de-pioche-pour-le-zweiradcenter-urban#breadcrumb\"},\"inLanguage\":\"fr-FR\",\"potentialAction\":[{\"@type\":\"ReadAction\",\"target\":[\"https:\\\/\\\/sha.de\\\/fr\\\/news\\\/premier-coup-de-pioche-pour-le-zweiradcenter-urban\"]}]},{\"@type\":\"ImageObject\",\"inLanguage\":\"fr-FR\",\"@id\":\"https:\\\/\\\/sha.de\\\/fr\\\/news\\\/premier-coup-de-pioche-pour-le-zweiradcenter-urban#primaryimage\",\"url\":\"https:\\\/\\\/sha.de\\\/wp-content\\\/uploads\\\/200205-Fotos-Familie-Urban-Zweiradcenter-3.jpg\",\"contentUrl\":\"https:\\\/\\\/sha.de\\\/wp-content\\\/uploads\\\/200205-Fotos-Familie-Urban-Zweiradcenter-3.jpg\",\"width\":1000,\"height\":667},{\"@type\":\"BreadcrumbList\",\"@id\":\"https:\\\/\\\/sha.de\\\/fr\\\/news\\\/premier-coup-de-pioche-pour-le-zweiradcenter-urban#breadcrumb\",\"itemListElement\":[{\"@type\":\"ListItem\",\"position\":1,\"name\":\"Startseite\",\"item\":\"https:\\\/\\\/sha.de\\\/fr\"},{\"@type\":\"ListItem\",\"position\":2,\"name\":\"Premier coup de pioche pour le Zweiradcenter Urban\"}]},{\"@type\":\"WebSite\",\"@id\":\"https:\\\/\\\/sha.de\\\/fr#website\",\"url\":\"https:\\\/\\\/sha.de\\\/fr\",\"name\":\"SHA Scheffler Helbich Architekten GmbH\",\"description\":\"\",\"potentialAction\":[{\"@type\":\"SearchAction\",\"target\":{\"@type\":\"EntryPoint\",\"urlTemplate\":\"https:\\\/\\\/sha.de\\\/fr?s={search_term_string}\"},\"query-input\":{\"@type\":\"PropertyValueSpecification\",\"valueRequired\":true,\"valueName\":\"search_term_string\"}}],\"inLanguage\":\"fr-FR\"},{\"@type\":\"Person\",\"@id\":\"https:\\\/\\\/sha.de\\\/fr#\\\/schema\\\/person\\\/6d5fd32d5aa7872f1f9191b7244552c9\",\"name\":\"Judith Weitzel\",\"image\":{\"@type\":\"ImageObject\",\"inLanguage\":\"fr-FR\",\"@id\":\"https:\\\/\\\/secure.gravatar.com\\\/avatar\\\/c7dca018fdb593c021709193ddb78dc530485d187ec667fb2a0ae6c4097c9957?s=96&d=mm&r=g\",\"url\":\"https:\\\/\\\/secure.gravatar.com\\\/avatar\\\/c7dca018fdb593c021709193ddb78dc530485d187ec667fb2a0ae6c4097c9957?s=96&d=mm&r=g\",\"contentUrl\":\"https:\\\/\\\/secure.gravatar.com\\\/avatar\\\/c7dca018fdb593c021709193ddb78dc530485d187ec667fb2a0ae6c4097c9957?s=96&d=mm&r=g\",\"caption\":\"Judith Weitzel\"}}]}<\/script>\n<!-- \/ Yoast SEO plugin. -->","yoast_head_json":{"title":"Premier coup de pioche pour le Zweiradcenter Urban - SHA Scheffler Helbich Architekten GmbH","robots":{"index":"index","follow":"follow","max-snippet":"max-snippet:-1","max-image-preview":"max-image-preview:large","max-video-preview":"max-video-preview:-1"},"canonical":"https:\/\/sha.de\/fr\/news\/premier-coup-de-pioche-pour-le-zweiradcenter-urban","og_locale":"fr_FR","og_type":"article","og_title":"Premier coup de pioche pour le Zweiradcenter Urban - SHA Scheffler Helbich Architekten GmbH","og_description":"Un nouveau b\u00e2timent pour le centre de deux-roues Urban est en cours de construction \u00e0 Backnang, dans le Bade-Wurtemberg. Le premier coup de pioche est donn\u00e9 ! SHA \u00e9tait sur place.","og_url":"https:\/\/sha.de\/fr\/news\/premier-coup-de-pioche-pour-le-zweiradcenter-urban","og_site_name":"SHA Scheffler Helbich Architekten GmbH","article_published_time":"2020-02-06T12:18:00+00:00","article_modified_time":"2024-09-23T14:59:22+00:00","og_image":[{"width":1000,"height":667,"url":"https:\/\/sha.de\/wp-content\/uploads\/200205-Fotos-Familie-Urban-Zweiradcenter-3.jpg","type":"image\/jpeg"}],"author":"Judith Weitzel","twitter_card":"summary_large_image","twitter_misc":{"\u00c9crit par":"Judith Weitzel","Dur\u00e9e de lecture estim\u00e9e":"6 minutes"},"schema":{"@context":"https:\/\/schema.org","@graph":[{"@type":"Article","@id":"https:\/\/sha.de\/fr\/news\/premier-coup-de-pioche-pour-le-zweiradcenter-urban#article","isPartOf":{"@id":"https:\/\/sha.de\/fr\/news\/premier-coup-de-pioche-pour-le-zweiradcenter-urban"},"author":{"name":"Judith Weitzel","@id":"https:\/\/sha.de\/fr#\/schema\/person\/6d5fd32d5aa7872f1f9191b7244552c9"},"headline":"Premier coup de pioche pour le Zweiradcenter Urban","datePublished":"2020-02-06T12:18:00+00:00","dateModified":"2024-09-23T14:59:22+00:00","mainEntityOfPage":{"@id":"https:\/\/sha.de\/fr\/news\/premier-coup-de-pioche-pour-le-zweiradcenter-urban"},"wordCount":1046,"image":{"@id":"https:\/\/sha.de\/fr\/news\/premier-coup-de-pioche-pour-le-zweiradcenter-urban#primaryimage"},"thumbnailUrl":"https:\/\/sha.de\/wp-content\/uploads\/200205-Fotos-Familie-Urban-Zweiradcenter-3.jpg","keywords":["Backnang","Centre de deux roues","Commerce de v\u00e9los","Premier coup de pioche","Commerce sp\u00e9cialis\u00e9"],"articleSection":["Commerce de v\u00e9los"],"inLanguage":"fr-FR"},{"@type":"WebPage","@id":"https:\/\/sha.de\/fr\/news\/premier-coup-de-pioche-pour-le-zweiradcenter-urban","url":"https:\/\/sha.de\/fr\/news\/premier-coup-de-pioche-pour-le-zweiradcenter-urban","name":"Premier coup de pioche pour le Zweiradcenter Urban - SHA Scheffler Helbich Architekten GmbH","isPartOf":{"@id":"https:\/\/sha.de\/fr#website"},"primaryImageOfPage":{"@id":"https:\/\/sha.de\/fr\/news\/premier-coup-de-pioche-pour-le-zweiradcenter-urban#primaryimage"},"image":{"@id":"https:\/\/sha.de\/fr\/news\/premier-coup-de-pioche-pour-le-zweiradcenter-urban#primaryimage"},"thumbnailUrl":"https:\/\/sha.de\/wp-content\/uploads\/200205-Fotos-Familie-Urban-Zweiradcenter-3.jpg","datePublished":"2020-02-06T12:18:00+00:00","dateModified":"2024-09-23T14:59:22+00:00","author":{"@id":"https:\/\/sha.de\/fr#\/schema\/person\/6d5fd32d5aa7872f1f9191b7244552c9"},"breadcrumb":{"@id":"https:\/\/sha.de\/fr\/news\/premier-coup-de-pioche-pour-le-zweiradcenter-urban#breadcrumb"},"inLanguage":"fr-FR","potentialAction":[{"@type":"ReadAction","target":["https:\/\/sha.de\/fr\/news\/premier-coup-de-pioche-pour-le-zweiradcenter-urban"]}]},{"@type":"ImageObject","inLanguage":"fr-FR","@id":"https:\/\/sha.de\/fr\/news\/premier-coup-de-pioche-pour-le-zweiradcenter-urban#primaryimage","url":"https:\/\/sha.de\/wp-content\/uploads\/200205-Fotos-Familie-Urban-Zweiradcenter-3.jpg","contentUrl":"https:\/\/sha.de\/wp-content\/uploads\/200205-Fotos-Familie-Urban-Zweiradcenter-3.jpg","width":1000,"height":667},{"@type":"BreadcrumbList","@id":"https:\/\/sha.de\/fr\/news\/premier-coup-de-pioche-pour-le-zweiradcenter-urban#breadcrumb","itemListElement":[{"@type":"ListItem","position":1,"name":"Startseite","item":"https:\/\/sha.de\/fr"},{"@type":"ListItem","position":2,"name":"Premier coup de pioche pour le Zweiradcenter Urban"}]},{"@type":"WebSite","@id":"https:\/\/sha.de\/fr#website","url":"https:\/\/sha.de\/fr","name":"SHA Scheffler Helbich Architekten GmbH","description":"","potentialAction":[{"@type":"SearchAction","target":{"@type":"EntryPoint","urlTemplate":"https:\/\/sha.de\/fr?s={search_term_string}"},"query-input":{"@type":"PropertyValueSpecification","valueRequired":true,"valueName":"search_term_string"}}],"inLanguage":"fr-FR"},{"@type":"Person","@id":"https:\/\/sha.de\/fr#\/schema\/person\/6d5fd32d5aa7872f1f9191b7244552c9","name":"Judith Weitzel","image":{"@type":"ImageObject","inLanguage":"fr-FR","@id":"https:\/\/secure.gravatar.com\/avatar\/c7dca018fdb593c021709193ddb78dc530485d187ec667fb2a0ae6c4097c9957?s=96&d=mm&r=g","url":"https:\/\/secure.gravatar.com\/avatar\/c7dca018fdb593c021709193ddb78dc530485d187ec667fb2a0ae6c4097c9957?s=96&d=mm&r=g","contentUrl":"https:\/\/secure.gravatar.com\/avatar\/c7dca018fdb593c021709193ddb78dc530485d187ec667fb2a0ae6c4097c9957?s=96&d=mm&r=g","caption":"Judith Weitzel"}}]}},"_links":{"self":[{"href":"https:\/\/sha.de\/fr\/wp-json\/wp\/v2\/posts\/36015","targetHints":{"allow":["GET"]}}],"collection":[{"href":"https:\/\/sha.de\/fr\/wp-json\/wp\/v2\/posts"}],"about":[{"href":"https:\/\/sha.de\/fr\/wp-json\/wp\/v2\/types\/post"}],"author":[{"embeddable":true,"href":"https:\/\/sha.de\/fr\/wp-json\/wp\/v2\/users\/2"}],"replies":[{"embeddable":true,"href":"https:\/\/sha.de\/fr\/wp-json\/wp\/v2\/comments?post=36015"}],"version-history":[{"count":18,"href":"https:\/\/sha.de\/fr\/wp-json\/wp\/v2\/posts\/36015\/revisions"}],"predecessor-version":[{"id":50026,"href":"https:\/\/sha.de\/fr\/wp-json\/wp\/v2\/posts\/36015\/revisions\/50026"}],"wp:featuredmedia":[{"embeddable":true,"href":"https:\/\/sha.de\/fr\/wp-json\/wp\/v2\/media\/21581"}],"wp:attachment":[{"href":"https:\/\/sha.de\/fr\/wp-json\/wp\/v2\/media?parent=36015"}],"wp:term":[{"taxonomy":"category","embeddable":true,"href":"https:\/\/sha.de\/fr\/wp-json\/wp\/v2\/categories?post=36015"},{"taxonomy":"post_tag","embeddable":true,"href":"https:\/\/sha.de\/fr\/wp-json\/wp\/v2\/tags?post=36015"}],"curies":[{"name":"wp","href":"https:\/\/api.w.org\/{rel}","templated":true}]}}