{"id":36096,"date":"2020-02-14T11:18:00","date_gmt":"2020-02-14T10:18:00","guid":{"rendered":"https:\/\/sha.de\/aktuelles\/ancienne-caisse-depargne-aujourdhui-creche"},"modified":"2024-09-23T16:59:28","modified_gmt":"2024-09-23T14:59:28","slug":"ancienne-caisse-depargne-aujourdhui-creche","status":"publish","type":"post","link":"https:\/\/sha.de\/fr\/news\/ancienne-caisse-depargne-aujourdhui-creche","title":{"rendered":"Ancienne caisse d&rsquo;\u00e9pargne, aujourd&rsquo;hui cr\u00e8che"},"content":{"rendered":"<div id='av_section_1' class='avia-section main_color pt-default pb-default avia-no-border-styling avia-bg-style-scroll  avia-builder-el-0  avia-builder-el-no-sibling   container_wrap fullsize' style=' '  ><div class='container' ><main  role=\"main\" itemprop=\"mainContentOfPage\"  class='template-page content  av-content-full alpha units'><div class='post-entry post-entry-type-page post-entry-36096'><div class='entry-content-wrapper clearfix'>\n\n\t\t\t<div id=\"av-k1hoeuzj\" class=\"headline-column flex_column av_one_full flex_column_div first \">\n\t\t\t\t<div class=\"headline-wrap is-outside align-left sub-bottom\">\n\t\t\t\t\t<h1 class=\"headline-content headline-primary\">De la caisse d\u2019\u00e9pargne \u00e0 la cr\u00e8che<\/h1>\n\t\t\t\t\t<h3 class=\"headline-content headline-secondary\">Transformation dans le quartier nord de Dortmund<\/h3>\n\t\t\t\t<\/div>\n\t\t\t<\/div>\n<div class=\"flex_column av_one_third  flex_column_div av-zero-column-padding first bg-default      avia-builder-el-2  el_after_pixel_sc_headline  el_before_av_one_third  \"><section  class='av_textblock_section av-k5pfdfmq-9bdd61c64fd08882635a98822068b7f9 '   itemscope=\"itemscope\" itemtype=\"https:\/\/schema.org\/BlogPosting\" itemprop=\"blogPost\" ><div class='avia_textblock'  itemprop=\"text\" ><p>Une nouvelle vie s&rsquo;est install\u00e9e dans l&rsquo;ancienne maison de la caisse d&rsquo;\u00e9pargne dans le quartier nord de Dortmund : une cr\u00e8che a commenc\u00e9 \u00e0 fonctionner avec succ\u00e8s d\u00e9but novembre 2019. Notre bureau d&rsquo;architectes a planifi\u00e9 et assum\u00e9 la responsabilit\u00e9 de la transformation des locaux. Le r\u00e9sultat des travaux de r\u00e9novation est impressionnant : Les anciens locaux de la caisse d&rsquo;\u00e9pargne et de la poste ont \u00e9t\u00e9 enti\u00e8rement r\u00e9am\u00e9nag\u00e9s sur l&rsquo;ensemble du rez-de-chauss\u00e9e.<\/p>\n<p>D\u00e9sormais, plus de 50 enfants r\u00e9partis en trois groupes peuvent s&rsquo;amuser sur pr\u00e8s de 650 m\u00b2. L\u00e0 o\u00f9 il y avait un hall de guichet, ils occupent d\u00e9sormais jour apr\u00e8s jour des salles de jeux, de repos et de repas. La salle de jeux et la salle polyvalente en constituent le centre. Il est entour\u00e9 d&rsquo;un tableau de craie magn\u00e9tique de haute qualit\u00e9, tr\u00e8s appr\u00e9ci\u00e9 des enfants et du personnel de la cr\u00e8che. Depuis le grand couloir de jeu, elle est r\u00e9guli\u00e8rement d\u00e9cor\u00e9e de nouveaux motifs color\u00e9s et sert \u00e9galement de tableau d&rsquo;affichage. L&rsquo;int\u00e9rieur de la cr\u00e8che a \u00e9t\u00e9 con\u00e7u par la soci\u00e9t\u00e9 <a href=\"https:\/\/nimptsch-online.eu\/\" target=\"_blank\" rel=\"noopener nofollow\">nimptsch ausstattung und design GmbH<\/a>.<\/p>\n<\/div><\/section><\/div><div class=\"flex_column av_one_third  flex_column_div av-zero-column-padding        avia-builder-el-4  el_after_av_one_third  el_before_av_one_third  \"><section  class='av_textblock_section av-10u9i-2145f984be230f5ffabcafbaea6790df '   itemscope=\"itemscope\" itemtype=\"https:\/\/schema.org\/BlogPosting\" itemprop=\"blogPost\" ><div class='avia_textblock'  itemprop=\"text\" ><p>La cr\u00e8che comprend \u00e9galement un sous-sol de 250 m\u00b2 avec une cuisine et des vestiaires pour les \u00e9ducateurs, ainsi qu&rsquo;un espace ext\u00e9rieur prot\u00e9g\u00e9 dans la cour int\u00e9rieure. Il y a beaucoup de place pour les jouets et les \u00e9quipements.<\/p>\n<p>La cr\u00e8che est g\u00e9r\u00e9e par l&rsquo;association Stadtteil-Schule Dortmund e.V. L&rsquo;\u00e9tablissement est situ\u00e9 au c\u0153ur du quartier dens\u00e9ment peupl\u00e9 et bien desservi de la M\u00fcnsterstra\u00dfe, dans le nord de Dortmund. Le m\u00e9tro s&rsquo;arr\u00eate juste en face. La demande de places dans les structures d&rsquo;accueil est donc \u00e9lev\u00e9e.<\/p>\n<p>Le b\u00e2timent lui-m\u00eame date de 1966. Depuis lors, il a servi de succursale \u00e0 la Caisse d&rsquo;\u00e9pargne et \u00e0 la Poste. En 2008, la soci\u00e9t\u00e9 immobili\u00e8re Julius Ewald Schmitt a achet\u00e9 la maison. Les plans de transformation ont pris forme en 2017, apr\u00e8s que la Caisse d&rsquo;\u00e9pargne a d\u00e9finitivement d\u00e9cid\u00e9 d&rsquo;abandonner les locaux.<\/p>\n<\/div><\/section><\/div><div class=\"flex_column av_one_third  flex_column_div av-zero-column-padding  bg-default      avia-builder-el-6  el_after_av_one_third  el_before_av_one_full  \"><section  class='av_textblock_section av-k30ao5o3-54301ff3ed4b4a4bf1a49614e4c20b80 '   itemscope=\"itemscope\" itemtype=\"https:\/\/schema.org\/BlogPosting\" itemprop=\"blogPost\" ><div class='avia_textblock'  itemprop=\"text\" ><div class=\"fakten\">\n<p>Cet \u00e9t\u00e9, la fa\u00e7ade sera r\u00e9nov\u00e9e afin de lui donner un aspect plus contemporain.<\/p>\n<p>Et : le b\u00e2timent situ\u00e9 juste \u00e0 c\u00f4t\u00e9, actuellement inoccup\u00e9, doit \u00e9galement \u00eatre rendu utilisable pour la Kita Lortzingstra\u00dfe. Deux groupes d&rsquo;enfants suppl\u00e9mentaires pourront alors \u00eatre accueillis. L\u00e0 encore, SHA est charg\u00e9 de la planification. Dans la foul\u00e9e, l&rsquo;extension de l&rsquo;espace ext\u00e9rieur est \u00e9galement \u00e0 l&rsquo;ordre du jour.<\/p>\n<p><em>Images : <a href=\"https:\/\/www.christian-eblenkamp.de\/\" target=\"_blank\" rel=\"noopener nofollow\">Photodesign Christian Eblenkamp<\/a> <\/em><\/p>\n<p><strong>Liens compl\u00e9mentaires<\/strong><\/p>\n<ul>\n<li><a href=\"https:\/\/www.stadtteil-schule.de\/\" target=\"_blank\" rel=\"noopener nofollow\">\u00c9cole de quartier de Dortmund e.V.<\/a><\/li>\n<\/ul>\n<\/div>\n<\/div><\/section><\/div><div class=\"flex_column av_one_full  flex_column_div av-zero-column-padding first       avia-builder-el-8  el_after_av_one_third  avia-builder-el-last  column-top-margin\"><div class=\"slickgallery \">\n\t<div class=\"pixel-slide-wrap\">\n\t\t<div class=\"pixel-slide\" style=\"display: block; width: 100%; float: left;\">\n\t\t\t\t\n\t\t\t\t\t\t\t\t\t\t\t\t\t\n\t\t\t\t\t<div class=\"pixel-slide__image-wrap slide-1\">\n\t\t\t\t\t\t\t<div class=\"pixel-slide__image \"><a href=\"https:\/\/sha.de\/wp-content\/uploads\/2001-Kita-Lortzingstra\u00dfe-CE-17-1-1270x850.jpg\" rel=\"lightbox\"><img decoding=\"async\" src=\"https:\/\/sha.de\/wp-content\/uploads\/2001-Kita-Lortzingstra\u00dfe-CE-17-1-706x368.jpg\" alt=\"Kita Lortzingstra\u00dfe Dortmund SHA Scheffler Helbich Architekten\" title=\"Kita Lortzingstra\u00dfe Dortmund SHA Scheffler Helbich Architekten\"><\/a><\/div>\n\t\t\t\t\t<\/div>\n\t\t\t\t\n\t\t\t\t\t\t\t\t\t\t\t\t\t\n\t\t\t\t\t<div class=\"pixel-slide__image-wrap slide-2\">\n\t\t\t\t\t\t\t<div class=\"pixel-slide__image \"><a href=\"https:\/\/sha.de\/wp-content\/uploads\/2001-Kita-Lortzingstra\u00dfe-CE-14-1-1275x850.jpg\" rel=\"lightbox\"><img decoding=\"async\" src=\"https:\/\/sha.de\/wp-content\/uploads\/2001-Kita-Lortzingstra\u00dfe-CE-14-1-706x368.jpg\" alt=\"Kita Lortzingstra\u00dfe Dortmund SHA Scheffler Helbich Architekten\" title=\"Kita Lortzingstra\u00dfe Dortmund SHA Scheffler Helbich Architekten\"><\/a><\/div>\n\t\t\t\t\t<\/div>\n\t\t\t\t\n\t\t\t\t\t\t\t\t\t\t\t\t\t\n\t\t\t\t\t<div class=\"pixel-slide__image-wrap slide-3\">\n\t\t\t\t\t\t\t<div class=\"pixel-slide__image \"><a href=\"https:\/\/sha.de\/wp-content\/uploads\/2001-Kita-Lortzingstra\u00dfe-CE-19-1-1275x850.jpg\" rel=\"lightbox\"><img decoding=\"async\" src=\"https:\/\/sha.de\/wp-content\/uploads\/2001-Kita-Lortzingstra\u00dfe-CE-19-1-706x368.jpg\" alt=\"Kita Lortzingstra\u00dfe Dortmund SHA Scheffler Helbich Architekten\" title=\"Kita Lortzingstra\u00dfe Dortmund SHA Scheffler Helbich Architekten\"><\/a><\/div>\n\t\t\t\t\t<\/div>\n\t\t\t\t\n\t\t\t\t\t\t\t\t\t\t\t\t\t\n\t\t\t\t\t<div class=\"pixel-slide__image-wrap slide-4\">\n\t\t\t\t\t\t\t<div class=\"pixel-slide__image \"><a href=\"https:\/\/sha.de\/wp-content\/uploads\/2001-Kita-Lortzingstra\u00dfe-CE-2-1-1263x850.jpg\" rel=\"lightbox\"><img decoding=\"async\" src=\"https:\/\/sha.de\/wp-content\/uploads\/2001-Kita-Lortzingstra\u00dfe-CE-2-1-706x368.jpg\" alt=\"Kita Lortzingstra\u00dfe Dortmund SHA Scheffler Helbich Architekten\" title=\"Kita Lortzingstra\u00dfe Dortmund SHA Scheffler Helbich Architekten\"><\/a><\/div>\n\t\t\t\t\t<\/div>\n\t\t\t\t\n\t\t\t\t\t\t\t\t\t\t\t\t\t\n\t\t\t\t\t<div class=\"pixel-slide__image-wrap slide-5\">\n\t\t\t\t\t\t\t<div class=\"pixel-slide__image \"><a href=\"https:\/\/sha.de\/wp-content\/uploads\/2001-Kita-Lortzingstra\u00dfe-CE-1-1-1275x850.jpg\" rel=\"lightbox\"><img decoding=\"async\" src=\"https:\/\/sha.de\/wp-content\/uploads\/2001-Kita-Lortzingstra\u00dfe-CE-1-1-706x368.jpg\" alt=\"Kita Lortzingstra\u00dfe Dortmund SHA Scheffler Helbich Architekten\" title=\"Kita Lortzingstra\u00dfe Dortmund SHA Scheffler Helbich Architekten\"><\/a><\/div>\n\t\t\t\t\t<\/div>\n\t\t\t\t\n\t\t\t\t\t\t\t\t\t\t\t\t\t\n\t\t\t\t\t<div class=\"pixel-slide__image-wrap slide-6\">\n\t\t\t\t\t\t\t<div class=\"pixel-slide__image \"><a href=\"https:\/\/sha.de\/wp-content\/uploads\/2001-Kita-Lortzingstra\u00dfe-CE-4-1-1275x850.jpg\" rel=\"lightbox\"><img decoding=\"async\" src=\"https:\/\/sha.de\/wp-content\/uploads\/2001-Kita-Lortzingstra\u00dfe-CE-4-1-706x368.jpg\" alt=\"Kita Lortzingstra\u00dfe Dortmund SHA Scheffler Helbich Architekten\" title=\"Kita Lortzingstra\u00dfe Dortmund SHA Scheffler Helbich Architekten\"><\/a><\/div>\n\t\t\t\t\t<\/div>\n\t\t\t\t\n\t\t\t\t\t\t\t\t\t\t\t\t\t\n\t\t\t\t\t<div class=\"pixel-slide__image-wrap slide-7\">\n\t\t\t\t\t\t\t<div class=\"pixel-slide__image \"><a href=\"https:\/\/sha.de\/wp-content\/uploads\/2001-Kita-Lortzingstra\u00dfe-CE-15-1-1275x850.jpg\" rel=\"lightbox\"><img decoding=\"async\" src=\"https:\/\/sha.de\/wp-content\/uploads\/2001-Kita-Lortzingstra\u00dfe-CE-15-1-706x368.jpg\" alt=\"Kita Lortzingstra\u00dfe Dortmund SHA Scheffler Helbich Architekten\" title=\"Kita Lortzingstra\u00dfe Dortmund SHA Scheffler Helbich Architekten\"><\/a><\/div>\n\t\t\t\t\t<\/div>\n\t\t\t\t\n\t\t\t\t\t\t\t\t\t\t\t\t\t\n\t\t\t\t\t<div class=\"pixel-slide__image-wrap slide-8\">\n\t\t\t\t\t\t\t<div class=\"pixel-slide__image \"><a href=\"https:\/\/sha.de\/wp-content\/uploads\/2001-Kita-Lortzingstra\u00dfe-CE-7-1-1275x850.jpg\" rel=\"lightbox\"><img decoding=\"async\" src=\"https:\/\/sha.de\/wp-content\/uploads\/2001-Kita-Lortzingstra\u00dfe-CE-7-1-706x368.jpg\" alt=\"Kita Lortzingstra\u00dfe Dortmund SHA Scheffler Helbich Architekten\" title=\"Kita Lortzingstra\u00dfe Dortmund SHA Scheffler Helbich Architekten\"><\/a><\/div>\n\t\t\t\t\t<\/div>\n\t\t\t\t\n\t\t\t\t\t\t\t\t\t\t\t\t\t\n\t\t\t\t\t<div class=\"pixel-slide__image-wrap slide-9\">\n\t\t\t\t\t\t\t<div class=\"pixel-slide__image \"><a href=\"https:\/\/sha.de\/wp-content\/uploads\/2001-Kita-Lortzingstra\u00dfe-CE-16-1-1275x850.jpg\" rel=\"lightbox\"><img decoding=\"async\" src=\"https:\/\/sha.de\/wp-content\/uploads\/2001-Kita-Lortzingstra\u00dfe-CE-16-1-706x368.jpg\" alt=\"Kita Lortzingstra\u00dfe Dortmund SHA Scheffler Helbich Architekten\" title=\"Kita Lortzingstra\u00dfe Dortmund SHA Scheffler Helbich Architekten\"><\/a><\/div>\n\t\t\t\t\t<\/div>\n\t\t\t\t\n\t\t\t\t\t\t\t\t\t\t\t\t\t\n\t\t\t\t\t<div class=\"pixel-slide__image-wrap slide-10\">\n\t\t\t\t\t\t\t<div class=\"pixel-slide__image \"><a href=\"https:\/\/sha.de\/wp-content\/uploads\/2001-Kita-Lortzingstra\u00dfe-CE-6-1-1255x850.jpg\" rel=\"lightbox\"><img decoding=\"async\" src=\"https:\/\/sha.de\/wp-content\/uploads\/2001-Kita-Lortzingstra\u00dfe-CE-6-1-706x368.jpg\" alt=\"Kita Lortzingstra\u00dfe Dortmund SHA Scheffler Helbich Architekten\" title=\"Kita Lortzingstra\u00dfe Dortmund SHA Scheffler Helbich Architekten\"><\/a><\/div>\n\t\t\t\t\t<\/div>\n\t\t\t\t\n\t\t\t\t\t\t\t\t\t\t\t\t\t\n\t\t\t\t\t<div class=\"pixel-slide__image-wrap slide-11\">\n\t\t\t\t\t\t\t<div class=\"pixel-slide__image \"><a href=\"https:\/\/sha.de\/wp-content\/uploads\/2001-Kita-Lortzingstra\u00dfe-CE-12-1-1275x850.jpg\" rel=\"lightbox\"><img decoding=\"async\" src=\"https:\/\/sha.de\/wp-content\/uploads\/2001-Kita-Lortzingstra\u00dfe-CE-12-1-706x368.jpg\" alt=\"Kita Lortzingstra\u00dfe Dortmund SHA Scheffler Helbich Architekten\" title=\"Kita Lortzingstra\u00dfe Dortmund SHA Scheffler Helbich Architekten\"><\/a><\/div>\n\t\t\t\t\t<\/div>\n\t\t\t\t\t\t<\/div>\n\t<\/div>\n<\/div><\/div>\n","protected":false},"excerpt":{"rendered":"<p>SHA a planifi\u00e9 la transformation de l&rsquo;ancien b\u00e2timent de la caisse d&rsquo;\u00e9pargne en cr\u00e8che dans le quartier nord de Dortmund. Le r\u00e9sultat apr\u00e8s la r\u00e9novation centrale est impressionnant.  <\/p>\n","protected":false},"author":2,"featured_media":21659,"comment_status":"closed","ping_status":"closed","sticky":false,"template":"","format":"standard","meta":{"_acf_changed":false,"content-type":"","footnotes":""},"categories":[526,846],"tags":[1062,1136,1216,1570,1571],"class_list":["post-36096","post","type-post","status-publish","format-standard","has-post-thumbnail","hentry","category-non-classifiee","category-dortmund-fr","tag-dortmund-fr","tag-education-fr","tag-transformation","tag-creche","tag-renovation"],"acf":[],"yoast_head":"<!-- This site is optimized with the Yoast SEO plugin v27.4 - https:\/\/yoast.com\/product\/yoast-seo-wordpress\/ -->\n<title>Ancienne caisse d&#039;\u00e9pargne, aujourd&#039;hui cr\u00e8che - SHA Scheffler Helbich Architekten GmbH<\/title>\n<meta name=\"robots\" content=\"index, follow, max-snippet:-1, max-image-preview:large, max-video-preview:-1\" \/>\n<link rel=\"canonical\" href=\"https:\/\/sha.de\/fr\/news\/ancienne-caisse-depargne-aujourdhui-creche\" \/>\n<meta property=\"og:locale\" content=\"fr_FR\" \/>\n<meta property=\"og:type\" content=\"article\" \/>\n<meta property=\"og:title\" content=\"Ancienne caisse d&#039;\u00e9pargne, aujourd&#039;hui cr\u00e8che - SHA Scheffler Helbich Architekten GmbH\" \/>\n<meta property=\"og:description\" content=\"SHA a planifi\u00e9 la transformation de l&#039;ancien b\u00e2timent de la caisse d&#039;\u00e9pargne en cr\u00e8che dans le quartier nord de Dortmund. Le r\u00e9sultat apr\u00e8s la r\u00e9novation centrale est impressionnant.\" \/>\n<meta property=\"og:url\" content=\"https:\/\/sha.de\/fr\/news\/ancienne-caisse-depargne-aujourdhui-creche\" \/>\n<meta property=\"og:site_name\" content=\"SHA Scheffler Helbich Architekten GmbH\" \/>\n<meta property=\"article:published_time\" content=\"2020-02-14T10:18:00+00:00\" \/>\n<meta property=\"article:modified_time\" content=\"2024-09-23T14:59:28+00:00\" \/>\n<meta property=\"og:image\" content=\"https:\/\/sha.de\/wp-content\/uploads\/2001-Kita-Lortzingstra\u00dfe-CE-3-1.jpg\" \/>\n\t<meta property=\"og:image:width\" content=\"1672\" \/>\n\t<meta property=\"og:image:height\" content=\"1129\" \/>\n\t<meta property=\"og:image:type\" content=\"image\/jpeg\" \/>\n<meta name=\"author\" content=\"Judith Weitzel\" \/>\n<meta name=\"twitter:card\" content=\"summary_large_image\" \/>\n<meta name=\"twitter:label1\" content=\"\u00c9crit par\" \/>\n\t<meta name=\"twitter:data1\" content=\"Judith Weitzel\" \/>\n\t<meta name=\"twitter:label2\" content=\"Dur\u00e9e de lecture estim\u00e9e\" \/>\n\t<meta name=\"twitter:data2\" content=\"6 minutes\" \/>\n<script type=\"application\/ld+json\" class=\"yoast-schema-graph\">{\"@context\":\"https:\\\/\\\/schema.org\",\"@graph\":[{\"@type\":\"Article\",\"@id\":\"https:\\\/\\\/sha.de\\\/fr\\\/news\\\/ancienne-caisse-depargne-aujourdhui-creche#article\",\"isPartOf\":{\"@id\":\"https:\\\/\\\/sha.de\\\/fr\\\/news\\\/ancienne-caisse-depargne-aujourdhui-creche\"},\"author\":{\"name\":\"Judith Weitzel\",\"@id\":\"https:\\\/\\\/sha.de\\\/fr#\\\/schema\\\/person\\\/6d5fd32d5aa7872f1f9191b7244552c9\"},\"headline\":\"Ancienne caisse d&rsquo;\u00e9pargne, aujourd&rsquo;hui cr\u00e8che\",\"datePublished\":\"2020-02-14T10:18:00+00:00\",\"dateModified\":\"2024-09-23T14:59:28+00:00\",\"mainEntityOfPage\":{\"@id\":\"https:\\\/\\\/sha.de\\\/fr\\\/news\\\/ancienne-caisse-depargne-aujourdhui-creche\"},\"wordCount\":1021,\"image\":{\"@id\":\"https:\\\/\\\/sha.de\\\/fr\\\/news\\\/ancienne-caisse-depargne-aujourdhui-creche#primaryimage\"},\"thumbnailUrl\":\"https:\\\/\\\/sha.de\\\/wp-content\\\/uploads\\\/2001-Kita-Lortzingstra\u00dfe-CE-3-1.jpg\",\"keywords\":[\"Dortmund\",\"\u00c9ducation\",\"Transformation\",\"Cr\u00e8che\",\"R\u00e9novation\"],\"articleSection\":[\"Non classifi\u00e9(e)\",\"Dortmund\"],\"inLanguage\":\"fr-FR\"},{\"@type\":\"WebPage\",\"@id\":\"https:\\\/\\\/sha.de\\\/fr\\\/news\\\/ancienne-caisse-depargne-aujourdhui-creche\",\"url\":\"https:\\\/\\\/sha.de\\\/fr\\\/news\\\/ancienne-caisse-depargne-aujourdhui-creche\",\"name\":\"Ancienne caisse d'\u00e9pargne, aujourd'hui cr\u00e8che - SHA Scheffler Helbich Architekten GmbH\",\"isPartOf\":{\"@id\":\"https:\\\/\\\/sha.de\\\/fr#website\"},\"primaryImageOfPage\":{\"@id\":\"https:\\\/\\\/sha.de\\\/fr\\\/news\\\/ancienne-caisse-depargne-aujourdhui-creche#primaryimage\"},\"image\":{\"@id\":\"https:\\\/\\\/sha.de\\\/fr\\\/news\\\/ancienne-caisse-depargne-aujourdhui-creche#primaryimage\"},\"thumbnailUrl\":\"https:\\\/\\\/sha.de\\\/wp-content\\\/uploads\\\/2001-Kita-Lortzingstra\u00dfe-CE-3-1.jpg\",\"datePublished\":\"2020-02-14T10:18:00+00:00\",\"dateModified\":\"2024-09-23T14:59:28+00:00\",\"author\":{\"@id\":\"https:\\\/\\\/sha.de\\\/fr#\\\/schema\\\/person\\\/6d5fd32d5aa7872f1f9191b7244552c9\"},\"breadcrumb\":{\"@id\":\"https:\\\/\\\/sha.de\\\/fr\\\/news\\\/ancienne-caisse-depargne-aujourdhui-creche#breadcrumb\"},\"inLanguage\":\"fr-FR\",\"potentialAction\":[{\"@type\":\"ReadAction\",\"target\":[\"https:\\\/\\\/sha.de\\\/fr\\\/news\\\/ancienne-caisse-depargne-aujourdhui-creche\"]}]},{\"@type\":\"ImageObject\",\"inLanguage\":\"fr-FR\",\"@id\":\"https:\\\/\\\/sha.de\\\/fr\\\/news\\\/ancienne-caisse-depargne-aujourdhui-creche#primaryimage\",\"url\":\"https:\\\/\\\/sha.de\\\/wp-content\\\/uploads\\\/2001-Kita-Lortzingstra\u00dfe-CE-3-1.jpg\",\"contentUrl\":\"https:\\\/\\\/sha.de\\\/wp-content\\\/uploads\\\/2001-Kita-Lortzingstra\u00dfe-CE-3-1.jpg\",\"width\":1672,\"height\":1129},{\"@type\":\"BreadcrumbList\",\"@id\":\"https:\\\/\\\/sha.de\\\/fr\\\/news\\\/ancienne-caisse-depargne-aujourdhui-creche#breadcrumb\",\"itemListElement\":[{\"@type\":\"ListItem\",\"position\":1,\"name\":\"Startseite\",\"item\":\"https:\\\/\\\/sha.de\\\/fr\"},{\"@type\":\"ListItem\",\"position\":2,\"name\":\"Ancienne caisse d&#8217;\u00e9pargne, aujourd&#8217;hui cr\u00e8che\"}]},{\"@type\":\"WebSite\",\"@id\":\"https:\\\/\\\/sha.de\\\/fr#website\",\"url\":\"https:\\\/\\\/sha.de\\\/fr\",\"name\":\"SHA Scheffler Helbich Architekten GmbH\",\"description\":\"\",\"potentialAction\":[{\"@type\":\"SearchAction\",\"target\":{\"@type\":\"EntryPoint\",\"urlTemplate\":\"https:\\\/\\\/sha.de\\\/fr?s={search_term_string}\"},\"query-input\":{\"@type\":\"PropertyValueSpecification\",\"valueRequired\":true,\"valueName\":\"search_term_string\"}}],\"inLanguage\":\"fr-FR\"},{\"@type\":\"Person\",\"@id\":\"https:\\\/\\\/sha.de\\\/fr#\\\/schema\\\/person\\\/6d5fd32d5aa7872f1f9191b7244552c9\",\"name\":\"Judith Weitzel\",\"image\":{\"@type\":\"ImageObject\",\"inLanguage\":\"fr-FR\",\"@id\":\"https:\\\/\\\/secure.gravatar.com\\\/avatar\\\/c7dca018fdb593c021709193ddb78dc530485d187ec667fb2a0ae6c4097c9957?s=96&d=mm&r=g\",\"url\":\"https:\\\/\\\/secure.gravatar.com\\\/avatar\\\/c7dca018fdb593c021709193ddb78dc530485d187ec667fb2a0ae6c4097c9957?s=96&d=mm&r=g\",\"contentUrl\":\"https:\\\/\\\/secure.gravatar.com\\\/avatar\\\/c7dca018fdb593c021709193ddb78dc530485d187ec667fb2a0ae6c4097c9957?s=96&d=mm&r=g\",\"caption\":\"Judith Weitzel\"}}]}<\/script>\n<!-- \/ Yoast SEO plugin. -->","yoast_head_json":{"title":"Ancienne caisse d'\u00e9pargne, aujourd'hui cr\u00e8che - SHA Scheffler Helbich Architekten GmbH","robots":{"index":"index","follow":"follow","max-snippet":"max-snippet:-1","max-image-preview":"max-image-preview:large","max-video-preview":"max-video-preview:-1"},"canonical":"https:\/\/sha.de\/fr\/news\/ancienne-caisse-depargne-aujourdhui-creche","og_locale":"fr_FR","og_type":"article","og_title":"Ancienne caisse d'\u00e9pargne, aujourd'hui cr\u00e8che - SHA Scheffler Helbich Architekten GmbH","og_description":"SHA a planifi\u00e9 la transformation de l'ancien b\u00e2timent de la caisse d'\u00e9pargne en cr\u00e8che dans le quartier nord de Dortmund. Le r\u00e9sultat apr\u00e8s la r\u00e9novation centrale est impressionnant.","og_url":"https:\/\/sha.de\/fr\/news\/ancienne-caisse-depargne-aujourdhui-creche","og_site_name":"SHA Scheffler Helbich Architekten GmbH","article_published_time":"2020-02-14T10:18:00+00:00","article_modified_time":"2024-09-23T14:59:28+00:00","og_image":[{"width":1672,"height":1129,"url":"https:\/\/sha.de\/wp-content\/uploads\/2001-Kita-Lortzingstra\u00dfe-CE-3-1.jpg","type":"image\/jpeg"}],"author":"Judith Weitzel","twitter_card":"summary_large_image","twitter_misc":{"\u00c9crit par":"Judith Weitzel","Dur\u00e9e de lecture estim\u00e9e":"6 minutes"},"schema":{"@context":"https:\/\/schema.org","@graph":[{"@type":"Article","@id":"https:\/\/sha.de\/fr\/news\/ancienne-caisse-depargne-aujourdhui-creche#article","isPartOf":{"@id":"https:\/\/sha.de\/fr\/news\/ancienne-caisse-depargne-aujourdhui-creche"},"author":{"name":"Judith Weitzel","@id":"https:\/\/sha.de\/fr#\/schema\/person\/6d5fd32d5aa7872f1f9191b7244552c9"},"headline":"Ancienne caisse d&rsquo;\u00e9pargne, aujourd&rsquo;hui cr\u00e8che","datePublished":"2020-02-14T10:18:00+00:00","dateModified":"2024-09-23T14:59:28+00:00","mainEntityOfPage":{"@id":"https:\/\/sha.de\/fr\/news\/ancienne-caisse-depargne-aujourdhui-creche"},"wordCount":1021,"image":{"@id":"https:\/\/sha.de\/fr\/news\/ancienne-caisse-depargne-aujourdhui-creche#primaryimage"},"thumbnailUrl":"https:\/\/sha.de\/wp-content\/uploads\/2001-Kita-Lortzingstra\u00dfe-CE-3-1.jpg","keywords":["Dortmund","\u00c9ducation","Transformation","Cr\u00e8che","R\u00e9novation"],"articleSection":["Non classifi\u00e9(e)","Dortmund"],"inLanguage":"fr-FR"},{"@type":"WebPage","@id":"https:\/\/sha.de\/fr\/news\/ancienne-caisse-depargne-aujourdhui-creche","url":"https:\/\/sha.de\/fr\/news\/ancienne-caisse-depargne-aujourdhui-creche","name":"Ancienne caisse d'\u00e9pargne, aujourd'hui cr\u00e8che - SHA Scheffler Helbich Architekten GmbH","isPartOf":{"@id":"https:\/\/sha.de\/fr#website"},"primaryImageOfPage":{"@id":"https:\/\/sha.de\/fr\/news\/ancienne-caisse-depargne-aujourdhui-creche#primaryimage"},"image":{"@id":"https:\/\/sha.de\/fr\/news\/ancienne-caisse-depargne-aujourdhui-creche#primaryimage"},"thumbnailUrl":"https:\/\/sha.de\/wp-content\/uploads\/2001-Kita-Lortzingstra\u00dfe-CE-3-1.jpg","datePublished":"2020-02-14T10:18:00+00:00","dateModified":"2024-09-23T14:59:28+00:00","author":{"@id":"https:\/\/sha.de\/fr#\/schema\/person\/6d5fd32d5aa7872f1f9191b7244552c9"},"breadcrumb":{"@id":"https:\/\/sha.de\/fr\/news\/ancienne-caisse-depargne-aujourdhui-creche#breadcrumb"},"inLanguage":"fr-FR","potentialAction":[{"@type":"ReadAction","target":["https:\/\/sha.de\/fr\/news\/ancienne-caisse-depargne-aujourdhui-creche"]}]},{"@type":"ImageObject","inLanguage":"fr-FR","@id":"https:\/\/sha.de\/fr\/news\/ancienne-caisse-depargne-aujourdhui-creche#primaryimage","url":"https:\/\/sha.de\/wp-content\/uploads\/2001-Kita-Lortzingstra\u00dfe-CE-3-1.jpg","contentUrl":"https:\/\/sha.de\/wp-content\/uploads\/2001-Kita-Lortzingstra\u00dfe-CE-3-1.jpg","width":1672,"height":1129},{"@type":"BreadcrumbList","@id":"https:\/\/sha.de\/fr\/news\/ancienne-caisse-depargne-aujourdhui-creche#breadcrumb","itemListElement":[{"@type":"ListItem","position":1,"name":"Startseite","item":"https:\/\/sha.de\/fr"},{"@type":"ListItem","position":2,"name":"Ancienne caisse d&#8217;\u00e9pargne, aujourd&#8217;hui cr\u00e8che"}]},{"@type":"WebSite","@id":"https:\/\/sha.de\/fr#website","url":"https:\/\/sha.de\/fr","name":"SHA Scheffler Helbich Architekten GmbH","description":"","potentialAction":[{"@type":"SearchAction","target":{"@type":"EntryPoint","urlTemplate":"https:\/\/sha.de\/fr?s={search_term_string}"},"query-input":{"@type":"PropertyValueSpecification","valueRequired":true,"valueName":"search_term_string"}}],"inLanguage":"fr-FR"},{"@type":"Person","@id":"https:\/\/sha.de\/fr#\/schema\/person\/6d5fd32d5aa7872f1f9191b7244552c9","name":"Judith Weitzel","image":{"@type":"ImageObject","inLanguage":"fr-FR","@id":"https:\/\/secure.gravatar.com\/avatar\/c7dca018fdb593c021709193ddb78dc530485d187ec667fb2a0ae6c4097c9957?s=96&d=mm&r=g","url":"https:\/\/secure.gravatar.com\/avatar\/c7dca018fdb593c021709193ddb78dc530485d187ec667fb2a0ae6c4097c9957?s=96&d=mm&r=g","contentUrl":"https:\/\/secure.gravatar.com\/avatar\/c7dca018fdb593c021709193ddb78dc530485d187ec667fb2a0ae6c4097c9957?s=96&d=mm&r=g","caption":"Judith Weitzel"}}]}},"_links":{"self":[{"href":"https:\/\/sha.de\/fr\/wp-json\/wp\/v2\/posts\/36096","targetHints":{"allow":["GET"]}}],"collection":[{"href":"https:\/\/sha.de\/fr\/wp-json\/wp\/v2\/posts"}],"about":[{"href":"https:\/\/sha.de\/fr\/wp-json\/wp\/v2\/types\/post"}],"author":[{"embeddable":true,"href":"https:\/\/sha.de\/fr\/wp-json\/wp\/v2\/users\/2"}],"replies":[{"embeddable":true,"href":"https:\/\/sha.de\/fr\/wp-json\/wp\/v2\/comments?post=36096"}],"version-history":[{"count":13,"href":"https:\/\/sha.de\/fr\/wp-json\/wp\/v2\/posts\/36096\/revisions"}],"predecessor-version":[{"id":50092,"href":"https:\/\/sha.de\/fr\/wp-json\/wp\/v2\/posts\/36096\/revisions\/50092"}],"wp:featuredmedia":[{"embeddable":true,"href":"https:\/\/sha.de\/fr\/wp-json\/wp\/v2\/media\/21659"}],"wp:attachment":[{"href":"https:\/\/sha.de\/fr\/wp-json\/wp\/v2\/media?parent=36096"}],"wp:term":[{"taxonomy":"category","embeddable":true,"href":"https:\/\/sha.de\/fr\/wp-json\/wp\/v2\/categories?post=36096"},{"taxonomy":"post_tag","embeddable":true,"href":"https:\/\/sha.de\/fr\/wp-json\/wp\/v2\/tags?post=36096"}],"curies":[{"name":"wp","href":"https:\/\/api.w.org\/{rel}","templated":true}]}}