{"id":33507,"date":"2024-02-16T12:07:27","date_gmt":"2024-02-16T11:07:27","guid":{"rendered":"https:\/\/sha.de\/aktuelles\/ceremonia-wmurowania-kamienia-wegielnego-w-recklinghausen-rozpoczecie-budowy-nowego-centrum-operacyjnego-thyssengas"},"modified":"2024-08-28T14:24:23","modified_gmt":"2024-08-28T12:24:23","slug":"ceremonia-wmurowania-kamienia-wegielnego-w-recklinghausen-rozpoczecie-budowy-nowego-centrum-operacyjnego-thyssengas","status":"publish","type":"post","link":"https:\/\/sha.de\/pl\/news\/ceremonia-wmurowania-kamienia-wegielnego-w-recklinghausen-rozpoczecie-budowy-nowego-centrum-operacyjnego-thyssengas","title":{"rendered":"Ceremonia wmurowania kamienia w\u0119gielnego w Recklinghausen &#8211; rozpocz\u0119cie budowy nowego centrum operacyjnego Thyssengas"},"content":{"rendered":"<div id='av_section_1' class='avia-section main_color pt-default pb-default avia-no-border-styling avia-bg-style-scroll  avia-builder-el-0  el_before_av_one_third  avia-builder-el-first   container_wrap fullsize' style=' '  ><div class='container' ><main  role=\"main\" itemprop=\"mainContentOfPage\"  class='template-page content  av-content-full alpha units'><div class='post-entry post-entry-type-page post-entry-33507'><div class='entry-content-wrapper clearfix'>\n\n\t\t\t<div id=\"av-q8e0eh\" class=\"headline-column flex_column av_one_full flex_column_div first \">\n\t\t\t\t<div class=\"headline-wrap is-outside align-left sub-bottom\">\n\t\t\t\t\t<h1 class=\"headline-content headline-primary\">Ceremonia wmurowania kamienia w\u0119gielnego w Recklinghausen - rozpocz\u0119cie budowy nowego centrum operacyjnego Thyssengas<\/h1>\n\t\t\t\t\t\n\t\t\t\t<\/div>\n\t\t\t<\/div>\n<\/div><\/div><\/main><!-- close content main element --><\/div><\/div><div id='after_section_1' class='main_color av_default_container_wrap container_wrap fullsize' style=' '  ><div class='container' ><div class='template-page content  av-content-full alpha units'><div class='post-entry post-entry-type-page post-entry-33507'><div class='entry-content-wrapper clearfix'>\n<div class=\"flex_column av_one_third  flex_column_div av-zero-column-padding first bg-default   img-left   avia-builder-el-2  el_after_av_section  el_before_av_one_third  avia-builder-el-first  \"><section  class='av_textblock_section av-2kofb3o-0d40375c0b2c0c749b7c86372c9adefc '   itemscope=\"itemscope\" itemtype=\"https:\/\/schema.org\/BlogPosting\" itemprop=\"blogPost\" ><div class='avia_textblock'  itemprop=\"text\" ><p>Podczas wczorajszej ceremonii wmurowania kamienia w\u0119gielnego pod nowe centrum operacyjne Thyssengas GmbH w Recklinghausen nie zabrak\u0142o powod\u00f3w do \u015bwi\u0119towania. Wraz z klientem oraz przedstawicielami prasy i polityki oficjalnie og\u0142osili\u015bmy rozpocz\u0119cie prac budowlanych nad nowym centrum operacyjnym.<\/p>\n<p>Oko\u0142o 1500 kilometr\u00f3w sieci ruroci\u0105g\u00f3w Thyssengas jest obecnie kontrolowanych, monitorowanych i konserwowanych z zak\u0142adu w Recklinghausen. W przysz\u0142o\u015bci centrum operacyjne b\u0119dzie r\u00f3wnie\u017c odpowiedzialne za tworzon\u0105 w regionie sie\u0107 wodorow\u0105 Thyssengas. Nowy budynek stwarza ku temu odpowiednie warunki.<\/p>\n<p>Nowe centrum operacyjne powstaje na dzia\u0142ce o powierzchni oko\u0142o 7 500 m\u00b2 przy Sibylla-Merian-Stra\u00dfe w Recklinghausen. Z tej lokalizacji oko\u0142o 50 pracownik\u00f3w b\u0119dzie odpowiedzialnych za obs\u0142ug\u0119 i konserwacj\u0119 sieci ruroci\u0105g\u00f3w Thyssengas, a tym samym za bezpieczne dostawy gazu do regionu. Jeden z g\u0142\u00f3wnych element\u00f3w uk\u0142adanki planowanej sieci wodorowej r\u00f3wnie\u017c znajduje si\u0119 w ich obszarze odpowiedzialno\u015bci: pierwszy transgraniczny ruroci\u0105g wodorowy z Kalle w Nadrenii P\u00f3\u0142nocnej-Westfalii do Vlieghuis w Holandii.<\/p>\n<\/div><\/section><\/div><div class=\"flex_column av_one_third  flex_column_div av-zero-column-padding  bg-default   img-left   avia-builder-el-4  el_after_av_one_third  el_before_av_one_third  \"><section  class='av_textblock_section av-lsofnv85-91c56f73f68841c8867be18ce0725d44 '   itemscope=\"itemscope\" itemtype=\"https:\/\/schema.org\/BlogPosting\" itemprop=\"blogPost\" ><div class='avia_textblock'  itemprop=\"text\" ><p>W swoim przem\u00f3wieniu powitalnym dr G\u00f6\u00dfmann, dyrektor generalny Thyssengas, podkre\u015bli\u0142 r\u00f3wnie\u017c szczeg\u00f3lne relacje mi\u0119dzy Thyssengas a Zag\u0142\u0119biem Ruhry: &#8222;Thyssengas jest na drodze do nowego rozdzia\u0142u w ponad stuletniej historii firmy. Wod\u00f3r i inne zielone gazy b\u0119d\u0105 charakteryzowa\u0107 przysz\u0142o\u015b\u0107. Nasza misja jest jasna: kszta\u0142tujemy transformacj\u0119 energetyczn\u0105, a dzi\u0119ki naszym sieciom umo\u017cliwimy dostawy energii bez paliw kopalnych dla lokalizacji przemys\u0142owej Nadrenii P\u00f3\u0142nocnej-Westfalii i nie tylko. Jako dziecko Zag\u0142\u0119bia Ruhry, bezpieczne dostawy gazu do regionu by\u0142y, s\u0105 i pozostan\u0105 cz\u0119\u015bci\u0105 naszej to\u017csamo\u015bci &#8211; dlatego budujemy nowe i wi\u0119ksze centrum operacyjne w Recklinghausen&#8221;.<\/p>\n<p>&#8222;Ciesz\u0119 si\u0119, \u017ce odnosz\u0105ca sukcesy firma, taka jak Thyssengas, podejmuje widoczne i proaktywne publiczne zobowi\u0105zanie wobec Recklinghausen jako lokalizacji biznesowej&#8221; &#8211; m\u00f3wi burmistrz Christoph Tesche. &#8222;Rozbudowa sieci ruroci\u0105g\u00f3w i tworzenie nowych miejsc pracy stwarzaj\u0105 idealne warunki do rozwoju i sukcesu. Nowa lokalizacja otworzy Pa\u0144stwu dost\u0119p do nowych technologii w dziedzinie dostaw energii.&#8221;<\/p>\n<\/div><\/section><\/div><div class=\"flex_column av_one_third  flex_column_div av-zero-column-padding  bg-default   img-left   avia-builder-el-6  el_after_av_one_third  el_before_av_one_full  \"><section  class='av_textblock_section av-lsofiyxf-bc17223b382d31633db334718dc0be22 '   itemscope=\"itemscope\" itemtype=\"https:\/\/schema.org\/BlogPosting\" itemprop=\"blogPost\" ><div class='avia_textblock'  itemprop=\"text\" ><p>Nowe centrum operacyjne ma zosta\u0107 oddane do u\u017cytku w pierwszej po\u0142owie przysz\u0142ego roku. Opr\u00f3cz nowoczesnych miejsc pracy i bogatego wyposa\u017cenia technicznego do organizacji operacji sieciowych, temat zr\u00f3wnowa\u017conego rozwoju znajduje si\u0119 wysoko na li\u015bcie priorytet\u00f3w. Plany obejmuj\u0105 magazyn lodu do ogrzewania i ch\u0142odzenia, system fotowoltaiczny do generowania energii elektrycznej oraz rozleg\u0142\u0105 ziele\u0144 na dachu, elewacji i powierzchniach zewn\u0119trznych. Na g\u00f3rnym pi\u0119trze zastosowano lekk\u0105 i oszcz\u0119dzaj\u0105c\u0105 zasoby konstrukcj\u0119 drewnian\u0105, kt\u00f3ra jest r\u00f3wnie\u017c widoczna z zewn\u0105trz dzi\u0119ki drewnianej elewacji wentylowanej od ty\u0142u. Centrum operacyjne osi\u0105gn\u0119\u0142o z\u0142oty standard certyfikacji DGNB dla zr\u00f3wnowa\u017conego budownictwa.<br \/>\nNowe centrum operacyjne nale\u017c\u0105ce do Thyssengas, kt\u00f3re zast\u0105pi obecnie wynajmowan\u0105 powierzchni\u0119 przy Blitzkuhlenstra\u00dfe, jest zatem r\u00f3wnie\u017c trwa\u0142ym zobowi\u0105zaniem firmy wobec zak\u0142adu w Recklinghausen.<\/p>\n<p>\u0179r\u00f3d\u0142o: Thyssengas GmbH<\/p>\n<\/div><\/section><\/div><div class=\"flex_column av_one_full  flex_column_div av-zero-column-padding first bg-default   img-left   avia-builder-el-8  el_after_av_one_third  avia-builder-el-last  column-top-margin\"><p><br \/>\n<div class=\"slickgallery no-nav\">\n\t<div class=\"pixel-slide-wrap\">\n\t\t<div class=\"pixel-slide\" style=\"display: block; width: 100%; float: left;\">\n\t\t\t\t\n\t\t\t\t\t\t\t\t\t\t\t\t\t\n\t\t\t\t\t<div class=\"pixel-slide__image-wrap slide-1\">\n\t\t\t\t\t\t\t<div class=\"pixel-slide__image \"><a href=\"https:\/\/sha.de\/wp-content\/uploads\/IMG_5601-638x850.jpg\" rel=\"lightbox\"><img decoding=\"async\" src=\"https:\/\/sha.de\/wp-content\/uploads\/IMG_5601-706x368.jpg\" alt=\"Spatenstich der Thyssengas Betriebsstelle in Recklinghausen | SHA Scheffler Helbich Architekten\" title=\"Spatenstich der Thyssengas Betriebsstelle in Recklinghausen | SHA Scheffler Helbich Architekten\"><\/a><\/div>\n\t\t\t\t\t<\/div>\n\t\t\t\t\n\t\t\t\t\t\t\t\t\t\t\t\t\t\n\t\t\t\t\t<div class=\"pixel-slide__image-wrap slide-2\">\n\t\t\t\t\t\t\t<div class=\"pixel-slide__image \"><a href=\"https:\/\/sha.de\/wp-content\/uploads\/20240214_115433-1-850x850.jpg\" rel=\"lightbox\"><img decoding=\"async\" src=\"https:\/\/sha.de\/wp-content\/uploads\/20240214_115433-1-706x368.jpg\" alt=\"\" title=\"\"><\/a><\/div>\n\t\t\t\t\t<\/div>\n\t\t\t\t\n\t\t\t\t\t\t\t\t\t\t\t\t\t\n\t\t\t\t\t<div class=\"pixel-slide__image-wrap slide-3\">\n\t\t\t\t\t\t\t<div class=\"pixel-slide__image \"><a href=\"https:\/\/sha.de\/wp-content\/uploads\/IMG_5636-1133x850.jpg\" rel=\"lightbox\"><img decoding=\"async\" src=\"https:\/\/sha.de\/wp-content\/uploads\/IMG_5636-706x368.jpg\" alt=\"Spatenstich der Thyssengas Betriebsstelle in Recklinghausen | SHA Scheffler Helbich Architekten\" title=\"Spatenstich der Thyssengas Betriebsstelle in Recklinghausen | SHA Scheffler Helbich Architekten\"><\/a><\/div>\n\t\t\t\t\t<\/div>\n\t\t\t\t\t\t<\/div>\n\t<\/div>\n<\/div>\n<\/p><\/div><\/p>\n","protected":false},"excerpt":{"rendered":"<p>Wraz z klientem oraz przedstawicielami prasy i polityki oficjalnie og\u0142osili\u015bmy rozpocz\u0119cie prac budowlanych nad nowym centrum operacyjnym.<\/p>\n","protected":false},"author":4,"featured_media":28386,"comment_status":"closed","ping_status":"closed","sticky":false,"template":"","format":"standard","meta":{"_acf_changed":false,"content-type":"","footnotes":""},"categories":[862,866,873],"tags":[953,1084,1110,1215,1253],"class_list":["post-33507","post","type-post","status-publish","format-standard","has-post-thumbnail","hentry","category-dortmund-pl","category-zrownowazony-rozwoj","category-administracja","tag-konkurs-architektoniczny","tag-nowy-budynek","tag-budynek-administracyjny","tag-zrownowazony-rozwoj","tag-ceremonia-wmurowania-kamienia-wegielnego"],"acf":[],"yoast_head":"<!-- This site is optimized with the Yoast SEO plugin v27.4 - https:\/\/yoast.com\/product\/yoast-seo-wordpress\/ -->\n<title>Ceremonia wmurowania kamienia w\u0119gielnego w Recklinghausen - rozpocz\u0119cie budowy nowego centrum operacyjnego Thyssengas<\/title>\n<meta name=\"description\" content=\"Wraz z klientem oraz przedstawicielami prasy i polityki oficjalnie og\u0142osili\u015bmy rozpocz\u0119cie prac budowlanych nad nowym centrum operacyjnym.\" \/>\n<meta name=\"robots\" content=\"index, follow, max-snippet:-1, max-image-preview:large, max-video-preview:-1\" \/>\n<link rel=\"canonical\" href=\"https:\/\/sha.de\/pl\/news\/ceremonia-wmurowania-kamienia-wegielnego-w-recklinghausen-rozpoczecie-budowy-nowego-centrum-operacyjnego-thyssengas\" \/>\n<meta property=\"og:locale\" content=\"pl_PL\" \/>\n<meta property=\"og:type\" content=\"article\" \/>\n<meta property=\"og:title\" content=\"Ceremonia wmurowania kamienia w\u0119gielnego w Recklinghausen - rozpocz\u0119cie budowy nowego centrum operacyjnego Thyssengas\" \/>\n<meta property=\"og:description\" content=\"Wraz z klientem oraz przedstawicielami prasy i polityki oficjalnie og\u0142osili\u015bmy rozpocz\u0119cie prac budowlanych nad nowym centrum operacyjnym.\" \/>\n<meta property=\"og:url\" content=\"https:\/\/sha.de\/pl\/news\/ceremonia-wmurowania-kamienia-wegielnego-w-recklinghausen-rozpoczecie-budowy-nowego-centrum-operacyjnego-thyssengas\" \/>\n<meta property=\"og:site_name\" content=\"SHA Scheffler Helbich Architekten GmbH\" \/>\n<meta property=\"article:published_time\" content=\"2024-02-16T11:07:27+00:00\" \/>\n<meta property=\"article:modified_time\" content=\"2024-08-28T12:24:23+00:00\" \/>\n<meta property=\"og:image\" content=\"https:\/\/sha.de\/wp-content\/uploads\/IMG_5601-773x1030.jpg\" \/>\n\t<meta property=\"og:image:width\" content=\"773\" \/>\n\t<meta property=\"og:image:height\" content=\"1030\" \/>\n\t<meta property=\"og:image:type\" content=\"image\/jpeg\" \/>\n<meta name=\"author\" content=\"Max Frittgen\" \/>\n<meta name=\"twitter:card\" content=\"summary_large_image\" \/>\n<meta name=\"twitter:label1\" content=\"Napisane przez\" \/>\n\t<meta name=\"twitter:data1\" content=\"Max Frittgen\" \/>\n\t<meta name=\"twitter:label2\" content=\"Szacowany czas czytania\" \/>\n\t<meta name=\"twitter:data2\" content=\"8 minut\" \/>\n<script type=\"application\/ld+json\" class=\"yoast-schema-graph\">{\"@context\":\"https:\\\/\\\/schema.org\",\"@graph\":[{\"@type\":\"Article\",\"@id\":\"https:\\\/\\\/sha.de\\\/pl\\\/news\\\/ceremonia-wmurowania-kamienia-wegielnego-w-recklinghausen-rozpoczecie-budowy-nowego-centrum-operacyjnego-thyssengas#article\",\"isPartOf\":{\"@id\":\"https:\\\/\\\/sha.de\\\/pl\\\/news\\\/ceremonia-wmurowania-kamienia-wegielnego-w-recklinghausen-rozpoczecie-budowy-nowego-centrum-operacyjnego-thyssengas\"},\"author\":{\"name\":\"Max Frittgen\",\"@id\":\"https:\\\/\\\/sha.de\\\/pl#\\\/schema\\\/person\\\/e5274be999acaa73cf6ce0a26902e296\"},\"headline\":\"Ceremonia wmurowania kamienia w\u0119gielnego w Recklinghausen &#8211; rozpocz\u0119cie budowy nowego centrum operacyjnego Thyssengas\",\"datePublished\":\"2024-02-16T11:07:27+00:00\",\"dateModified\":\"2024-08-28T12:24:23+00:00\",\"mainEntityOfPage\":{\"@id\":\"https:\\\/\\\/sha.de\\\/pl\\\/news\\\/ceremonia-wmurowania-kamienia-wegielnego-w-recklinghausen-rozpoczecie-budowy-nowego-centrum-operacyjnego-thyssengas\"},\"wordCount\":1301,\"image\":{\"@id\":\"https:\\\/\\\/sha.de\\\/pl\\\/news\\\/ceremonia-wmurowania-kamienia-wegielnego-w-recklinghausen-rozpoczecie-budowy-nowego-centrum-operacyjnego-thyssengas#primaryimage\"},\"thumbnailUrl\":\"https:\\\/\\\/sha.de\\\/wp-content\\\/uploads\\\/IMG_5601-scaled.jpg\",\"keywords\":[\"Konkurs architektoniczny\",\"Nowy budynek\",\"Budynek administracyjny\",\"Zr\u00f3wnowa\u017cony rozw\u00f3j\",\"Ceremonia wmurowania kamienia w\u0119gielnego\"],\"articleSection\":[\"Dortmund\",\"Zr\u00f3wnowa\u017cony rozw\u00f3j\",\"Administracja\"],\"inLanguage\":\"pl-PL\"},{\"@type\":\"WebPage\",\"@id\":\"https:\\\/\\\/sha.de\\\/pl\\\/news\\\/ceremonia-wmurowania-kamienia-wegielnego-w-recklinghausen-rozpoczecie-budowy-nowego-centrum-operacyjnego-thyssengas\",\"url\":\"https:\\\/\\\/sha.de\\\/pl\\\/news\\\/ceremonia-wmurowania-kamienia-wegielnego-w-recklinghausen-rozpoczecie-budowy-nowego-centrum-operacyjnego-thyssengas\",\"name\":\"Ceremonia wmurowania kamienia w\u0119gielnego w Recklinghausen - rozpocz\u0119cie budowy nowego centrum operacyjnego Thyssengas\",\"isPartOf\":{\"@id\":\"https:\\\/\\\/sha.de\\\/pl#website\"},\"primaryImageOfPage\":{\"@id\":\"https:\\\/\\\/sha.de\\\/pl\\\/news\\\/ceremonia-wmurowania-kamienia-wegielnego-w-recklinghausen-rozpoczecie-budowy-nowego-centrum-operacyjnego-thyssengas#primaryimage\"},\"image\":{\"@id\":\"https:\\\/\\\/sha.de\\\/pl\\\/news\\\/ceremonia-wmurowania-kamienia-wegielnego-w-recklinghausen-rozpoczecie-budowy-nowego-centrum-operacyjnego-thyssengas#primaryimage\"},\"thumbnailUrl\":\"https:\\\/\\\/sha.de\\\/wp-content\\\/uploads\\\/IMG_5601-scaled.jpg\",\"datePublished\":\"2024-02-16T11:07:27+00:00\",\"dateModified\":\"2024-08-28T12:24:23+00:00\",\"author\":{\"@id\":\"https:\\\/\\\/sha.de\\\/pl#\\\/schema\\\/person\\\/e5274be999acaa73cf6ce0a26902e296\"},\"description\":\"Wraz z klientem oraz przedstawicielami prasy i polityki oficjalnie og\u0142osili\u015bmy rozpocz\u0119cie prac budowlanych nad nowym centrum operacyjnym.\",\"breadcrumb\":{\"@id\":\"https:\\\/\\\/sha.de\\\/pl\\\/news\\\/ceremonia-wmurowania-kamienia-wegielnego-w-recklinghausen-rozpoczecie-budowy-nowego-centrum-operacyjnego-thyssengas#breadcrumb\"},\"inLanguage\":\"pl-PL\",\"potentialAction\":[{\"@type\":\"ReadAction\",\"target\":[\"https:\\\/\\\/sha.de\\\/pl\\\/news\\\/ceremonia-wmurowania-kamienia-wegielnego-w-recklinghausen-rozpoczecie-budowy-nowego-centrum-operacyjnego-thyssengas\"]}]},{\"@type\":\"ImageObject\",\"inLanguage\":\"pl-PL\",\"@id\":\"https:\\\/\\\/sha.de\\\/pl\\\/news\\\/ceremonia-wmurowania-kamienia-wegielnego-w-recklinghausen-rozpoczecie-budowy-nowego-centrum-operacyjnego-thyssengas#primaryimage\",\"url\":\"https:\\\/\\\/sha.de\\\/wp-content\\\/uploads\\\/IMG_5601-scaled.jpg\",\"contentUrl\":\"https:\\\/\\\/sha.de\\\/wp-content\\\/uploads\\\/IMG_5601-scaled.jpg\",\"width\":1920,\"height\":2560,\"caption\":\"Spatenstich der Thyssengas Betriebsstelle in Recklinghausen | SHA Scheffler Helbich Architekten\"},{\"@type\":\"BreadcrumbList\",\"@id\":\"https:\\\/\\\/sha.de\\\/pl\\\/news\\\/ceremonia-wmurowania-kamienia-wegielnego-w-recklinghausen-rozpoczecie-budowy-nowego-centrum-operacyjnego-thyssengas#breadcrumb\",\"itemListElement\":[{\"@type\":\"ListItem\",\"position\":1,\"name\":\"Startseite\",\"item\":\"https:\\\/\\\/sha.de\\\/pl\"},{\"@type\":\"ListItem\",\"position\":2,\"name\":\"Ceremonia wmurowania kamienia w\u0119gielnego w Recklinghausen &#8211; rozpocz\u0119cie budowy nowego centrum operacyjnego Thyssengas\"}]},{\"@type\":\"WebSite\",\"@id\":\"https:\\\/\\\/sha.de\\\/pl#website\",\"url\":\"https:\\\/\\\/sha.de\\\/pl\",\"name\":\"SHA Scheffler Helbich Architekten GmbH\",\"description\":\"\",\"potentialAction\":[{\"@type\":\"SearchAction\",\"target\":{\"@type\":\"EntryPoint\",\"urlTemplate\":\"https:\\\/\\\/sha.de\\\/pl?s={search_term_string}\"},\"query-input\":{\"@type\":\"PropertyValueSpecification\",\"valueRequired\":true,\"valueName\":\"search_term_string\"}}],\"inLanguage\":\"pl-PL\"},{\"@type\":\"Person\",\"@id\":\"https:\\\/\\\/sha.de\\\/pl#\\\/schema\\\/person\\\/e5274be999acaa73cf6ce0a26902e296\",\"name\":\"Max Frittgen\",\"image\":{\"@type\":\"ImageObject\",\"inLanguage\":\"pl-PL\",\"@id\":\"https:\\\/\\\/secure.gravatar.com\\\/avatar\\\/2412b8cfc9e1dc689e55df7d19e72589baa82cf33ed35837abe3925140890a8a?s=96&d=mm&r=g\",\"url\":\"https:\\\/\\\/secure.gravatar.com\\\/avatar\\\/2412b8cfc9e1dc689e55df7d19e72589baa82cf33ed35837abe3925140890a8a?s=96&d=mm&r=g\",\"contentUrl\":\"https:\\\/\\\/secure.gravatar.com\\\/avatar\\\/2412b8cfc9e1dc689e55df7d19e72589baa82cf33ed35837abe3925140890a8a?s=96&d=mm&r=g\",\"caption\":\"Max Frittgen\"},\"sameAs\":[\"http:\\\/\\\/www.sha.de\"]}]}<\/script>\n<!-- \/ Yoast SEO plugin. -->","yoast_head_json":{"title":"Ceremonia wmurowania kamienia w\u0119gielnego w Recklinghausen - rozpocz\u0119cie budowy nowego centrum operacyjnego Thyssengas","description":"Wraz z klientem oraz przedstawicielami prasy i polityki oficjalnie og\u0142osili\u015bmy rozpocz\u0119cie prac budowlanych nad nowym centrum operacyjnym.","robots":{"index":"index","follow":"follow","max-snippet":"max-snippet:-1","max-image-preview":"max-image-preview:large","max-video-preview":"max-video-preview:-1"},"canonical":"https:\/\/sha.de\/pl\/news\/ceremonia-wmurowania-kamienia-wegielnego-w-recklinghausen-rozpoczecie-budowy-nowego-centrum-operacyjnego-thyssengas","og_locale":"pl_PL","og_type":"article","og_title":"Ceremonia wmurowania kamienia w\u0119gielnego w Recklinghausen - rozpocz\u0119cie budowy nowego centrum operacyjnego Thyssengas","og_description":"Wraz z klientem oraz przedstawicielami prasy i polityki oficjalnie og\u0142osili\u015bmy rozpocz\u0119cie prac budowlanych nad nowym centrum operacyjnym.","og_url":"https:\/\/sha.de\/pl\/news\/ceremonia-wmurowania-kamienia-wegielnego-w-recklinghausen-rozpoczecie-budowy-nowego-centrum-operacyjnego-thyssengas","og_site_name":"SHA Scheffler Helbich Architekten GmbH","article_published_time":"2024-02-16T11:07:27+00:00","article_modified_time":"2024-08-28T12:24:23+00:00","og_image":[{"width":773,"height":1030,"url":"https:\/\/sha.de\/wp-content\/uploads\/IMG_5601-773x1030.jpg","type":"image\/jpeg"}],"author":"Max Frittgen","twitter_card":"summary_large_image","twitter_misc":{"Napisane przez":"Max Frittgen","Szacowany czas czytania":"8 minut"},"schema":{"@context":"https:\/\/schema.org","@graph":[{"@type":"Article","@id":"https:\/\/sha.de\/pl\/news\/ceremonia-wmurowania-kamienia-wegielnego-w-recklinghausen-rozpoczecie-budowy-nowego-centrum-operacyjnego-thyssengas#article","isPartOf":{"@id":"https:\/\/sha.de\/pl\/news\/ceremonia-wmurowania-kamienia-wegielnego-w-recklinghausen-rozpoczecie-budowy-nowego-centrum-operacyjnego-thyssengas"},"author":{"name":"Max Frittgen","@id":"https:\/\/sha.de\/pl#\/schema\/person\/e5274be999acaa73cf6ce0a26902e296"},"headline":"Ceremonia wmurowania kamienia w\u0119gielnego w Recklinghausen &#8211; rozpocz\u0119cie budowy nowego centrum operacyjnego Thyssengas","datePublished":"2024-02-16T11:07:27+00:00","dateModified":"2024-08-28T12:24:23+00:00","mainEntityOfPage":{"@id":"https:\/\/sha.de\/pl\/news\/ceremonia-wmurowania-kamienia-wegielnego-w-recklinghausen-rozpoczecie-budowy-nowego-centrum-operacyjnego-thyssengas"},"wordCount":1301,"image":{"@id":"https:\/\/sha.de\/pl\/news\/ceremonia-wmurowania-kamienia-wegielnego-w-recklinghausen-rozpoczecie-budowy-nowego-centrum-operacyjnego-thyssengas#primaryimage"},"thumbnailUrl":"https:\/\/sha.de\/wp-content\/uploads\/IMG_5601-scaled.jpg","keywords":["Konkurs architektoniczny","Nowy budynek","Budynek administracyjny","Zr\u00f3wnowa\u017cony rozw\u00f3j","Ceremonia wmurowania kamienia w\u0119gielnego"],"articleSection":["Dortmund","Zr\u00f3wnowa\u017cony rozw\u00f3j","Administracja"],"inLanguage":"pl-PL"},{"@type":"WebPage","@id":"https:\/\/sha.de\/pl\/news\/ceremonia-wmurowania-kamienia-wegielnego-w-recklinghausen-rozpoczecie-budowy-nowego-centrum-operacyjnego-thyssengas","url":"https:\/\/sha.de\/pl\/news\/ceremonia-wmurowania-kamienia-wegielnego-w-recklinghausen-rozpoczecie-budowy-nowego-centrum-operacyjnego-thyssengas","name":"Ceremonia wmurowania kamienia w\u0119gielnego w Recklinghausen - rozpocz\u0119cie budowy nowego centrum operacyjnego Thyssengas","isPartOf":{"@id":"https:\/\/sha.de\/pl#website"},"primaryImageOfPage":{"@id":"https:\/\/sha.de\/pl\/news\/ceremonia-wmurowania-kamienia-wegielnego-w-recklinghausen-rozpoczecie-budowy-nowego-centrum-operacyjnego-thyssengas#primaryimage"},"image":{"@id":"https:\/\/sha.de\/pl\/news\/ceremonia-wmurowania-kamienia-wegielnego-w-recklinghausen-rozpoczecie-budowy-nowego-centrum-operacyjnego-thyssengas#primaryimage"},"thumbnailUrl":"https:\/\/sha.de\/wp-content\/uploads\/IMG_5601-scaled.jpg","datePublished":"2024-02-16T11:07:27+00:00","dateModified":"2024-08-28T12:24:23+00:00","author":{"@id":"https:\/\/sha.de\/pl#\/schema\/person\/e5274be999acaa73cf6ce0a26902e296"},"description":"Wraz z klientem oraz przedstawicielami prasy i polityki oficjalnie og\u0142osili\u015bmy rozpocz\u0119cie prac budowlanych nad nowym centrum operacyjnym.","breadcrumb":{"@id":"https:\/\/sha.de\/pl\/news\/ceremonia-wmurowania-kamienia-wegielnego-w-recklinghausen-rozpoczecie-budowy-nowego-centrum-operacyjnego-thyssengas#breadcrumb"},"inLanguage":"pl-PL","potentialAction":[{"@type":"ReadAction","target":["https:\/\/sha.de\/pl\/news\/ceremonia-wmurowania-kamienia-wegielnego-w-recklinghausen-rozpoczecie-budowy-nowego-centrum-operacyjnego-thyssengas"]}]},{"@type":"ImageObject","inLanguage":"pl-PL","@id":"https:\/\/sha.de\/pl\/news\/ceremonia-wmurowania-kamienia-wegielnego-w-recklinghausen-rozpoczecie-budowy-nowego-centrum-operacyjnego-thyssengas#primaryimage","url":"https:\/\/sha.de\/wp-content\/uploads\/IMG_5601-scaled.jpg","contentUrl":"https:\/\/sha.de\/wp-content\/uploads\/IMG_5601-scaled.jpg","width":1920,"height":2560,"caption":"Spatenstich der Thyssengas Betriebsstelle in Recklinghausen | SHA Scheffler Helbich Architekten"},{"@type":"BreadcrumbList","@id":"https:\/\/sha.de\/pl\/news\/ceremonia-wmurowania-kamienia-wegielnego-w-recklinghausen-rozpoczecie-budowy-nowego-centrum-operacyjnego-thyssengas#breadcrumb","itemListElement":[{"@type":"ListItem","position":1,"name":"Startseite","item":"https:\/\/sha.de\/pl"},{"@type":"ListItem","position":2,"name":"Ceremonia wmurowania kamienia w\u0119gielnego w Recklinghausen &#8211; rozpocz\u0119cie budowy nowego centrum operacyjnego Thyssengas"}]},{"@type":"WebSite","@id":"https:\/\/sha.de\/pl#website","url":"https:\/\/sha.de\/pl","name":"SHA Scheffler Helbich Architekten GmbH","description":"","potentialAction":[{"@type":"SearchAction","target":{"@type":"EntryPoint","urlTemplate":"https:\/\/sha.de\/pl?s={search_term_string}"},"query-input":{"@type":"PropertyValueSpecification","valueRequired":true,"valueName":"search_term_string"}}],"inLanguage":"pl-PL"},{"@type":"Person","@id":"https:\/\/sha.de\/pl#\/schema\/person\/e5274be999acaa73cf6ce0a26902e296","name":"Max Frittgen","image":{"@type":"ImageObject","inLanguage":"pl-PL","@id":"https:\/\/secure.gravatar.com\/avatar\/2412b8cfc9e1dc689e55df7d19e72589baa82cf33ed35837abe3925140890a8a?s=96&d=mm&r=g","url":"https:\/\/secure.gravatar.com\/avatar\/2412b8cfc9e1dc689e55df7d19e72589baa82cf33ed35837abe3925140890a8a?s=96&d=mm&r=g","contentUrl":"https:\/\/secure.gravatar.com\/avatar\/2412b8cfc9e1dc689e55df7d19e72589baa82cf33ed35837abe3925140890a8a?s=96&d=mm&r=g","caption":"Max Frittgen"},"sameAs":["http:\/\/www.sha.de"]}]}},"_links":{"self":[{"href":"https:\/\/sha.de\/pl\/wp-json\/wp\/v2\/posts\/33507","targetHints":{"allow":["GET"]}}],"collection":[{"href":"https:\/\/sha.de\/pl\/wp-json\/wp\/v2\/posts"}],"about":[{"href":"https:\/\/sha.de\/pl\/wp-json\/wp\/v2\/types\/post"}],"author":[{"embeddable":true,"href":"https:\/\/sha.de\/pl\/wp-json\/wp\/v2\/users\/4"}],"replies":[{"embeddable":true,"href":"https:\/\/sha.de\/pl\/wp-json\/wp\/v2\/comments?post=33507"}],"version-history":[{"count":8,"href":"https:\/\/sha.de\/pl\/wp-json\/wp\/v2\/posts\/33507\/revisions"}],"predecessor-version":[{"id":33559,"href":"https:\/\/sha.de\/pl\/wp-json\/wp\/v2\/posts\/33507\/revisions\/33559"}],"wp:featuredmedia":[{"embeddable":true,"href":"https:\/\/sha.de\/pl\/wp-json\/wp\/v2\/media\/28386"}],"wp:attachment":[{"href":"https:\/\/sha.de\/pl\/wp-json\/wp\/v2\/media?parent=33507"}],"wp:term":[{"taxonomy":"category","embeddable":true,"href":"https:\/\/sha.de\/pl\/wp-json\/wp\/v2\/categories?post=33507"},{"taxonomy":"post_tag","embeddable":true,"href":"https:\/\/sha.de\/pl\/wp-json\/wp\/v2\/tags?post=33507"}],"curies":[{"name":"wp","href":"https:\/\/api.w.org\/{rel}","templated":true}]}}