{"id":33657,"date":"2024-04-11T08:03:41","date_gmt":"2024-04-11T06:03:41","guid":{"rendered":"https:\/\/sha.de\/aktuelles\/ogolne-planowanie-logistyczne-z-jednego-zrodla-sha-i-interlog-management"},"modified":"2024-09-23T16:54:14","modified_gmt":"2024-09-23T14:54:14","slug":"ogolne-planowanie-logistyczne-z-jednego-zrodla-sha-i-interlog-management","status":"publish","type":"post","link":"https:\/\/sha.de\/pl\/news\/ogolne-planowanie-logistyczne-z-jednego-zrodla-sha-i-interlog-management","title":{"rendered":"Og\u00f3lne planowanie logistyczne z jednego \u017ar\u00f3d\u0142a: SHA i InterLog Management"},"content":{"rendered":"<div id='av_section_1' class='avia-section main_color pt-default pb-default avia-no-border-styling avia-bg-style-scroll  avia-builder-el-0  avia-builder-el-no-sibling   container_wrap fullsize' style=' '  ><div class='container' ><main  role=\"main\" itemprop=\"mainContentOfPage\"  class='template-page content  av-content-full alpha units'><div class='post-entry post-entry-type-page post-entry-33657'><div class='entry-content-wrapper clearfix'>\n\n\t\t\t<div id=\"av-q8e0eh\" class=\"headline-column flex_column av_one_full flex_column_div first \">\n\t\t\t\t<div class=\"headline-wrap is-outside align-left sub-bottom\">\n\t\t\t\t\t<h1 class=\"headline-content headline-primary\">Po\u0142\u0105czona wiedza specjalistyczna dzi\u0119ki strategicznemu partnerstwu<\/h1>\n\t\t\t\t\t<h3 class=\"headline-content headline-secondary\">SHA i InterLog Management oferuj\u0105 teraz wsp\u00f3lnie og\u00f3lne planowanie logistyczne<\/h3>\n\t\t\t\t<\/div>\n\t\t\t<\/div>\n<div class=\"flex_column av_one_third  flex_column_div av-zero-column-padding first bg-default   img-left   avia-builder-el-2  el_after_pixel_sc_headline  el_before_av_one_third  \"><section  class='av_textblock_section av-lu73v2ny-d054020a22d700eba28877f37390553c '   itemscope=\"itemscope\" itemtype=\"https:\/\/schema.org\/BlogPosting\" itemprop=\"blogPost\" ><div class='avia_textblock'  itemprop=\"text\" ><h2>Silne partnerstwo dla logistyki i architektury przemys\u0142owej<\/h2>\n<p>Od teraz nasze biuro oferuje Pa\u0144stwu og\u00f3lne planowanie projekt\u00f3w logistycznych i przemys\u0142owych we wsp\u00f3\u0142pracy z Interlog Management. Wiod\u0105ca firma doradcza w dziedzinie logistyki, \u0142a\u0144cucha dostaw i logistyki IT wspiera firmy w optymalizacji proces\u00f3w logistycznych i system\u00f3w logistycznych. Pod tym wzgl\u0119dem Interlog Management jest silnym partnerem do wsp\u00f3\u0142pracy przy realizacji projekt\u00f3w budowlanych w sektorze logistycznym i przemys\u0142owym.<\/p>\n<p>&#8222;Integralne planowanie logistyki i realizacji strukturalnej z jednego \u017ar\u00f3d\u0142a od samego pocz\u0105tku projektu gwarantuje klientowi optymaln\u0105 interakcj\u0119 jako\u015bci, czasu i koszt\u00f3w. Ca\u0142o\u015bciowe spojrzenie na wydajno\u015b\u0107, funkcjonalno\u015b\u0107 i zr\u00f3wnowa\u017cony rozw\u00f3j prowadzi do zindywidualizowanego rozwi\u0105zania, kt\u00f3re zapewnia d\u0142ugoterminow\u0105 konkurencyjno\u015b\u0107 naszych klient\u00f3w, szczeg\u00f3lnie w przypadku z\u0142o\u017conych wyzwa\u0144&#8221; &#8211; m\u00f3wi Christoph Helbich, pe\u0142en wiary w udan\u0105 wsp\u00f3\u0142prac\u0119 z Interlog Management.<\/p>\n<\/div><\/section><\/div><div class=\"flex_column av_one_third  flex_column_div av-zero-column-padding  bg-default   img-left   avia-builder-el-4  el_after_av_one_third  el_before_av_one_third  \"><section  class='av_textblock_section av-lumktjau-9565529f2a86ac29ea9668b360ef7593 '   itemscope=\"itemscope\" itemtype=\"https:\/\/schema.org\/BlogPosting\" itemprop=\"blogPost\" ><div class='avia_textblock'  itemprop=\"text\" ><h2>Mi\u0119dzynarodowa wiedza specjalistyczna w lokalnym biurze PhoenixWERK<\/h2>\n<p>Opr\u00f3cz oddzia\u0142\u00f3w w Austrii i Szwajcarii, InterLog Management jest r\u00f3wnie\u017c reprezentowany na PhoenixWERK od pocz\u0105tku roku. Wraz z otwarciem trzeciej cz\u0119\u015bci budynku w styczniu, firma przenios\u0142a si\u0119 do wsp\u00f3lnej lokalizacji biurowej w Dortmund H\u00f6rde, dzi\u0119ki czemu wsp\u00f3\u0142praca i koordynacja tre\u015bci projektu mo\u017ce odbywa\u0107 si\u0119 w nieskomplikowany spos\u00f3b.<\/p>\n<\/div><\/section><\/div><div class=\"flex_column av_one_third  flex_column_div av-zero-column-padding  bg-default   img-left   avia-builder-el-6  el_after_av_one_third  avia-builder-el-last  \"><p><div  class='avia-image-container  av-styling- av-hover-grow av-hide-overflow   avia-builder-el-7  el_before_av_button  avia-builder-el-first  avia-align-center'  itemprop=\"image\" itemscope=\"itemscope\" itemtype=\"https:\/\/schema.org\/ImageObject\"  ><div class='avia-image-container-inner'><div class='avia-image-overlay-wrap'><a href='https:\/\/sha.de\/pl\/projekty\/biuro-i-administracja\/innowacyjna-przestrzen-do-pracy-w-phoenix-west-w-dortmund-horde' class='avia_image'   target=\"_blank\" ><img class='avia_image ' src='https:\/\/sha.de\/wp-content\/uploads\/CE655-1118-706x368.jpg' alt='' title='PhoenixWerk in Dortmund H\u00f6rde | SHA Scheffler Helbich Architekten'  itemprop=\"thumbnailUrl\"  \/><\/a><\/div><\/div><\/div><br \/>\n<div class='avia-button-wrap theme-fill avia-button-center  avia-builder-el-8  el_after_av_image  avia-builder-el-last  inline'><a href='https:\/\/sha.de\/pl\/projekty\/biuro-i-administracja\/innowacyjna-przestrzen-do-pracy-w-phoenix-west-w-dortmund-horde'  class='avia-button  color-ci-black hover-yellow  avia-icon_select-yes-left-icon avia-size-x-large avia-position-center'  target=\"_blank\"   ><span class='avia_button_icon avia_button_icon_left ' aria-hidden='true' data-av_icon='\ue832' data-av_iconfont='entypo-fontello'><\/span><span class='avia_iconbox_title' >PhoenixWERK - innowacyjna przestrze\u0144 do pracy w historycznym otoczeniu<\/span><\/a><\/div><\/p><\/div>\n","protected":false},"excerpt":{"rendered":"<p>Z wielk\u0105 przyjemno\u015bci\u0105 chcieliby\u015bmy przedstawi\u0107 Pa\u0144stwu firm\u0119 InterLog Management jako naszego partnera do wsp\u00f3\u0142pracy.<\/p>\n","protected":false},"author":4,"featured_media":28620,"comment_status":"closed","ping_status":"closed","sticky":false,"template":"","format":"standard","meta":{"_acf_changed":false,"content-type":"","footnotes":""},"categories":[862,864],"tags":[1035,1058,1182,1183,1261],"class_list":["post-33657","post","type-post","status-publish","format-standard","has-post-thumbnail","hentry","category-dortmund-pl","category-przemysl-i-handel","tag-planowanie","tag-dortmund-pl","tag-logistyka","tag-przemysl","tag-nasze-uslugi"],"acf":[],"yoast_head":"<!-- This site is optimized with the Yoast SEO plugin v27.4 - https:\/\/yoast.com\/product\/yoast-seo-wordpress\/ -->\n<title>SHA &amp; InterLog Management: Og\u00f3lne planowanie logistyczne z jednego \u017ar\u00f3d\u0142a<\/title>\n<meta name=\"description\" content=\"Cieszymy si\u0119, \u017ce mo\u017cemy przedstawi\u0107 Pa\u0144stwu InterLog Management jako naszego partnera do wsp\u00f3\u0142pracy i mamy nadziej\u0119 na udan\u0105 wsp\u00f3\u0142prac\u0119: Prosz\u0119 dowiedzie\u0107 si\u0119 wi\u0119cej!\" \/>\n<meta name=\"robots\" content=\"index, follow, max-snippet:-1, max-image-preview:large, max-video-preview:-1\" \/>\n<link rel=\"canonical\" href=\"https:\/\/sha.de\/pl\/news\/ogolne-planowanie-logistyczne-z-jednego-zrodla-sha-i-interlog-management\" \/>\n<meta property=\"og:locale\" content=\"pl_PL\" \/>\n<meta property=\"og:type\" content=\"article\" \/>\n<meta property=\"og:title\" content=\"SHA &amp; InterLog Management: Og\u00f3lne planowanie logistyczne z jednego \u017ar\u00f3d\u0142a\" \/>\n<meta property=\"og:description\" content=\"Cieszymy si\u0119, \u017ce mo\u017cemy przedstawi\u0107 Pa\u0144stwu InterLog Management jako naszego partnera do wsp\u00f3\u0142pracy i mamy nadziej\u0119 na udan\u0105 wsp\u00f3\u0142prac\u0119: Prosz\u0119 dowiedzie\u0107 si\u0119 wi\u0119cej!\" \/>\n<meta property=\"og:url\" content=\"https:\/\/sha.de\/pl\/news\/ogolne-planowanie-logistyczne-z-jednego-zrodla-sha-i-interlog-management\" \/>\n<meta property=\"og:site_name\" content=\"SHA Scheffler Helbich Architekten GmbH\" \/>\n<meta property=\"article:published_time\" content=\"2024-04-11T06:03:41+00:00\" \/>\n<meta property=\"article:modified_time\" content=\"2024-09-23T14:54:14+00:00\" \/>\n<meta property=\"og:image\" content=\"https:\/\/sha.de\/wp-content\/uploads\/Foto-Kooperation-ILM-SHA-002.jpg\" \/>\n\t<meta property=\"og:image:width\" content=\"1451\" \/>\n\t<meta property=\"og:image:height\" content=\"808\" \/>\n\t<meta property=\"og:image:type\" content=\"image\/jpeg\" \/>\n<meta name=\"author\" content=\"Max Frittgen\" \/>\n<meta name=\"twitter:card\" content=\"summary_large_image\" \/>\n<meta name=\"twitter:label1\" content=\"Napisane przez\" \/>\n\t<meta name=\"twitter:data1\" content=\"Max Frittgen\" \/>\n\t<meta name=\"twitter:label2\" content=\"Szacowany czas czytania\" \/>\n\t<meta name=\"twitter:data2\" content=\"6 minut\" \/>\n<script type=\"application\/ld+json\" class=\"yoast-schema-graph\">{\"@context\":\"https:\\\/\\\/schema.org\",\"@graph\":[{\"@type\":\"Article\",\"@id\":\"https:\\\/\\\/sha.de\\\/pl\\\/news\\\/ogolne-planowanie-logistyczne-z-jednego-zrodla-sha-i-interlog-management#article\",\"isPartOf\":{\"@id\":\"https:\\\/\\\/sha.de\\\/pl\\\/news\\\/ogolne-planowanie-logistyczne-z-jednego-zrodla-sha-i-interlog-management\"},\"author\":{\"name\":\"Max Frittgen\",\"@id\":\"https:\\\/\\\/sha.de\\\/pl#\\\/schema\\\/person\\\/e5274be999acaa73cf6ce0a26902e296\"},\"headline\":\"Og\u00f3lne planowanie logistyczne z jednego \u017ar\u00f3d\u0142a: SHA i InterLog Management\",\"datePublished\":\"2024-04-11T06:03:41+00:00\",\"dateModified\":\"2024-09-23T14:54:14+00:00\",\"mainEntityOfPage\":{\"@id\":\"https:\\\/\\\/sha.de\\\/pl\\\/news\\\/ogolne-planowanie-logistyczne-z-jednego-zrodla-sha-i-interlog-management\"},\"wordCount\":968,\"image\":{\"@id\":\"https:\\\/\\\/sha.de\\\/pl\\\/news\\\/ogolne-planowanie-logistyczne-z-jednego-zrodla-sha-i-interlog-management#primaryimage\"},\"thumbnailUrl\":\"https:\\\/\\\/sha.de\\\/wp-content\\\/uploads\\\/Foto-Kooperation-ILM-SHA-002.jpg\",\"keywords\":[\"Planowanie\",\"Dortmund\",\"Logistyka\",\"Przemys\u0142\",\"Nasze us\u0142ugi\"],\"articleSection\":[\"Dortmund\",\"Przemys\u0142 i handel\"],\"inLanguage\":\"pl-PL\"},{\"@type\":\"WebPage\",\"@id\":\"https:\\\/\\\/sha.de\\\/pl\\\/news\\\/ogolne-planowanie-logistyczne-z-jednego-zrodla-sha-i-interlog-management\",\"url\":\"https:\\\/\\\/sha.de\\\/pl\\\/news\\\/ogolne-planowanie-logistyczne-z-jednego-zrodla-sha-i-interlog-management\",\"name\":\"SHA & InterLog Management: Og\u00f3lne planowanie logistyczne z jednego \u017ar\u00f3d\u0142a\",\"isPartOf\":{\"@id\":\"https:\\\/\\\/sha.de\\\/pl#website\"},\"primaryImageOfPage\":{\"@id\":\"https:\\\/\\\/sha.de\\\/pl\\\/news\\\/ogolne-planowanie-logistyczne-z-jednego-zrodla-sha-i-interlog-management#primaryimage\"},\"image\":{\"@id\":\"https:\\\/\\\/sha.de\\\/pl\\\/news\\\/ogolne-planowanie-logistyczne-z-jednego-zrodla-sha-i-interlog-management#primaryimage\"},\"thumbnailUrl\":\"https:\\\/\\\/sha.de\\\/wp-content\\\/uploads\\\/Foto-Kooperation-ILM-SHA-002.jpg\",\"datePublished\":\"2024-04-11T06:03:41+00:00\",\"dateModified\":\"2024-09-23T14:54:14+00:00\",\"author\":{\"@id\":\"https:\\\/\\\/sha.de\\\/pl#\\\/schema\\\/person\\\/e5274be999acaa73cf6ce0a26902e296\"},\"description\":\"Cieszymy si\u0119, \u017ce mo\u017cemy przedstawi\u0107 Pa\u0144stwu InterLog Management jako naszego partnera do wsp\u00f3\u0142pracy i mamy nadziej\u0119 na udan\u0105 wsp\u00f3\u0142prac\u0119: Prosz\u0119 dowiedzie\u0107 si\u0119 wi\u0119cej!\",\"breadcrumb\":{\"@id\":\"https:\\\/\\\/sha.de\\\/pl\\\/news\\\/ogolne-planowanie-logistyczne-z-jednego-zrodla-sha-i-interlog-management#breadcrumb\"},\"inLanguage\":\"pl-PL\",\"potentialAction\":[{\"@type\":\"ReadAction\",\"target\":[\"https:\\\/\\\/sha.de\\\/pl\\\/news\\\/ogolne-planowanie-logistyczne-z-jednego-zrodla-sha-i-interlog-management\"]}]},{\"@type\":\"ImageObject\",\"inLanguage\":\"pl-PL\",\"@id\":\"https:\\\/\\\/sha.de\\\/pl\\\/news\\\/ogolne-planowanie-logistyczne-z-jednego-zrodla-sha-i-interlog-management#primaryimage\",\"url\":\"https:\\\/\\\/sha.de\\\/wp-content\\\/uploads\\\/Foto-Kooperation-ILM-SHA-002.jpg\",\"contentUrl\":\"https:\\\/\\\/sha.de\\\/wp-content\\\/uploads\\\/Foto-Kooperation-ILM-SHA-002.jpg\",\"width\":1451,\"height\":808,\"caption\":\"Kooperation mit InterLog Management | SHA Scheffler Helbich Architekten\"},{\"@type\":\"BreadcrumbList\",\"@id\":\"https:\\\/\\\/sha.de\\\/pl\\\/news\\\/ogolne-planowanie-logistyczne-z-jednego-zrodla-sha-i-interlog-management#breadcrumb\",\"itemListElement\":[{\"@type\":\"ListItem\",\"position\":1,\"name\":\"Startseite\",\"item\":\"https:\\\/\\\/sha.de\\\/pl\"},{\"@type\":\"ListItem\",\"position\":2,\"name\":\"Og\u00f3lne planowanie logistyczne z jednego \u017ar\u00f3d\u0142a: SHA i InterLog Management\"}]},{\"@type\":\"WebSite\",\"@id\":\"https:\\\/\\\/sha.de\\\/pl#website\",\"url\":\"https:\\\/\\\/sha.de\\\/pl\",\"name\":\"SHA Scheffler Helbich Architekten GmbH\",\"description\":\"\",\"potentialAction\":[{\"@type\":\"SearchAction\",\"target\":{\"@type\":\"EntryPoint\",\"urlTemplate\":\"https:\\\/\\\/sha.de\\\/pl?s={search_term_string}\"},\"query-input\":{\"@type\":\"PropertyValueSpecification\",\"valueRequired\":true,\"valueName\":\"search_term_string\"}}],\"inLanguage\":\"pl-PL\"},{\"@type\":\"Person\",\"@id\":\"https:\\\/\\\/sha.de\\\/pl#\\\/schema\\\/person\\\/e5274be999acaa73cf6ce0a26902e296\",\"name\":\"Max Frittgen\",\"image\":{\"@type\":\"ImageObject\",\"inLanguage\":\"pl-PL\",\"@id\":\"https:\\\/\\\/secure.gravatar.com\\\/avatar\\\/2412b8cfc9e1dc689e55df7d19e72589baa82cf33ed35837abe3925140890a8a?s=96&d=mm&r=g\",\"url\":\"https:\\\/\\\/secure.gravatar.com\\\/avatar\\\/2412b8cfc9e1dc689e55df7d19e72589baa82cf33ed35837abe3925140890a8a?s=96&d=mm&r=g\",\"contentUrl\":\"https:\\\/\\\/secure.gravatar.com\\\/avatar\\\/2412b8cfc9e1dc689e55df7d19e72589baa82cf33ed35837abe3925140890a8a?s=96&d=mm&r=g\",\"caption\":\"Max Frittgen\"},\"sameAs\":[\"http:\\\/\\\/www.sha.de\"]}]}<\/script>\n<!-- \/ Yoast SEO plugin. -->","yoast_head_json":{"title":"SHA & InterLog Management: Og\u00f3lne planowanie logistyczne z jednego \u017ar\u00f3d\u0142a","description":"Cieszymy si\u0119, \u017ce mo\u017cemy przedstawi\u0107 Pa\u0144stwu InterLog Management jako naszego partnera do wsp\u00f3\u0142pracy i mamy nadziej\u0119 na udan\u0105 wsp\u00f3\u0142prac\u0119: Prosz\u0119 dowiedzie\u0107 si\u0119 wi\u0119cej!","robots":{"index":"index","follow":"follow","max-snippet":"max-snippet:-1","max-image-preview":"max-image-preview:large","max-video-preview":"max-video-preview:-1"},"canonical":"https:\/\/sha.de\/pl\/news\/ogolne-planowanie-logistyczne-z-jednego-zrodla-sha-i-interlog-management","og_locale":"pl_PL","og_type":"article","og_title":"SHA & InterLog Management: Og\u00f3lne planowanie logistyczne z jednego \u017ar\u00f3d\u0142a","og_description":"Cieszymy si\u0119, \u017ce mo\u017cemy przedstawi\u0107 Pa\u0144stwu InterLog Management jako naszego partnera do wsp\u00f3\u0142pracy i mamy nadziej\u0119 na udan\u0105 wsp\u00f3\u0142prac\u0119: Prosz\u0119 dowiedzie\u0107 si\u0119 wi\u0119cej!","og_url":"https:\/\/sha.de\/pl\/news\/ogolne-planowanie-logistyczne-z-jednego-zrodla-sha-i-interlog-management","og_site_name":"SHA Scheffler Helbich Architekten GmbH","article_published_time":"2024-04-11T06:03:41+00:00","article_modified_time":"2024-09-23T14:54:14+00:00","og_image":[{"width":1451,"height":808,"url":"https:\/\/sha.de\/wp-content\/uploads\/Foto-Kooperation-ILM-SHA-002.jpg","type":"image\/jpeg"}],"author":"Max Frittgen","twitter_card":"summary_large_image","twitter_misc":{"Napisane przez":"Max Frittgen","Szacowany czas czytania":"6 minut"},"schema":{"@context":"https:\/\/schema.org","@graph":[{"@type":"Article","@id":"https:\/\/sha.de\/pl\/news\/ogolne-planowanie-logistyczne-z-jednego-zrodla-sha-i-interlog-management#article","isPartOf":{"@id":"https:\/\/sha.de\/pl\/news\/ogolne-planowanie-logistyczne-z-jednego-zrodla-sha-i-interlog-management"},"author":{"name":"Max Frittgen","@id":"https:\/\/sha.de\/pl#\/schema\/person\/e5274be999acaa73cf6ce0a26902e296"},"headline":"Og\u00f3lne planowanie logistyczne z jednego \u017ar\u00f3d\u0142a: SHA i InterLog Management","datePublished":"2024-04-11T06:03:41+00:00","dateModified":"2024-09-23T14:54:14+00:00","mainEntityOfPage":{"@id":"https:\/\/sha.de\/pl\/news\/ogolne-planowanie-logistyczne-z-jednego-zrodla-sha-i-interlog-management"},"wordCount":968,"image":{"@id":"https:\/\/sha.de\/pl\/news\/ogolne-planowanie-logistyczne-z-jednego-zrodla-sha-i-interlog-management#primaryimage"},"thumbnailUrl":"https:\/\/sha.de\/wp-content\/uploads\/Foto-Kooperation-ILM-SHA-002.jpg","keywords":["Planowanie","Dortmund","Logistyka","Przemys\u0142","Nasze us\u0142ugi"],"articleSection":["Dortmund","Przemys\u0142 i handel"],"inLanguage":"pl-PL"},{"@type":"WebPage","@id":"https:\/\/sha.de\/pl\/news\/ogolne-planowanie-logistyczne-z-jednego-zrodla-sha-i-interlog-management","url":"https:\/\/sha.de\/pl\/news\/ogolne-planowanie-logistyczne-z-jednego-zrodla-sha-i-interlog-management","name":"SHA & InterLog Management: Og\u00f3lne planowanie logistyczne z jednego \u017ar\u00f3d\u0142a","isPartOf":{"@id":"https:\/\/sha.de\/pl#website"},"primaryImageOfPage":{"@id":"https:\/\/sha.de\/pl\/news\/ogolne-planowanie-logistyczne-z-jednego-zrodla-sha-i-interlog-management#primaryimage"},"image":{"@id":"https:\/\/sha.de\/pl\/news\/ogolne-planowanie-logistyczne-z-jednego-zrodla-sha-i-interlog-management#primaryimage"},"thumbnailUrl":"https:\/\/sha.de\/wp-content\/uploads\/Foto-Kooperation-ILM-SHA-002.jpg","datePublished":"2024-04-11T06:03:41+00:00","dateModified":"2024-09-23T14:54:14+00:00","author":{"@id":"https:\/\/sha.de\/pl#\/schema\/person\/e5274be999acaa73cf6ce0a26902e296"},"description":"Cieszymy si\u0119, \u017ce mo\u017cemy przedstawi\u0107 Pa\u0144stwu InterLog Management jako naszego partnera do wsp\u00f3\u0142pracy i mamy nadziej\u0119 na udan\u0105 wsp\u00f3\u0142prac\u0119: Prosz\u0119 dowiedzie\u0107 si\u0119 wi\u0119cej!","breadcrumb":{"@id":"https:\/\/sha.de\/pl\/news\/ogolne-planowanie-logistyczne-z-jednego-zrodla-sha-i-interlog-management#breadcrumb"},"inLanguage":"pl-PL","potentialAction":[{"@type":"ReadAction","target":["https:\/\/sha.de\/pl\/news\/ogolne-planowanie-logistyczne-z-jednego-zrodla-sha-i-interlog-management"]}]},{"@type":"ImageObject","inLanguage":"pl-PL","@id":"https:\/\/sha.de\/pl\/news\/ogolne-planowanie-logistyczne-z-jednego-zrodla-sha-i-interlog-management#primaryimage","url":"https:\/\/sha.de\/wp-content\/uploads\/Foto-Kooperation-ILM-SHA-002.jpg","contentUrl":"https:\/\/sha.de\/wp-content\/uploads\/Foto-Kooperation-ILM-SHA-002.jpg","width":1451,"height":808,"caption":"Kooperation mit InterLog Management | SHA Scheffler Helbich Architekten"},{"@type":"BreadcrumbList","@id":"https:\/\/sha.de\/pl\/news\/ogolne-planowanie-logistyczne-z-jednego-zrodla-sha-i-interlog-management#breadcrumb","itemListElement":[{"@type":"ListItem","position":1,"name":"Startseite","item":"https:\/\/sha.de\/pl"},{"@type":"ListItem","position":2,"name":"Og\u00f3lne planowanie logistyczne z jednego \u017ar\u00f3d\u0142a: SHA i InterLog Management"}]},{"@type":"WebSite","@id":"https:\/\/sha.de\/pl#website","url":"https:\/\/sha.de\/pl","name":"SHA Scheffler Helbich Architekten GmbH","description":"","potentialAction":[{"@type":"SearchAction","target":{"@type":"EntryPoint","urlTemplate":"https:\/\/sha.de\/pl?s={search_term_string}"},"query-input":{"@type":"PropertyValueSpecification","valueRequired":true,"valueName":"search_term_string"}}],"inLanguage":"pl-PL"},{"@type":"Person","@id":"https:\/\/sha.de\/pl#\/schema\/person\/e5274be999acaa73cf6ce0a26902e296","name":"Max Frittgen","image":{"@type":"ImageObject","inLanguage":"pl-PL","@id":"https:\/\/secure.gravatar.com\/avatar\/2412b8cfc9e1dc689e55df7d19e72589baa82cf33ed35837abe3925140890a8a?s=96&d=mm&r=g","url":"https:\/\/secure.gravatar.com\/avatar\/2412b8cfc9e1dc689e55df7d19e72589baa82cf33ed35837abe3925140890a8a?s=96&d=mm&r=g","contentUrl":"https:\/\/secure.gravatar.com\/avatar\/2412b8cfc9e1dc689e55df7d19e72589baa82cf33ed35837abe3925140890a8a?s=96&d=mm&r=g","caption":"Max Frittgen"},"sameAs":["http:\/\/www.sha.de"]}]}},"_links":{"self":[{"href":"https:\/\/sha.de\/pl\/wp-json\/wp\/v2\/posts\/33657","targetHints":{"allow":["GET"]}}],"collection":[{"href":"https:\/\/sha.de\/pl\/wp-json\/wp\/v2\/posts"}],"about":[{"href":"https:\/\/sha.de\/pl\/wp-json\/wp\/v2\/types\/post"}],"author":[{"embeddable":true,"href":"https:\/\/sha.de\/pl\/wp-json\/wp\/v2\/users\/4"}],"replies":[{"embeddable":true,"href":"https:\/\/sha.de\/pl\/wp-json\/wp\/v2\/comments?post=33657"}],"version-history":[{"count":3,"href":"https:\/\/sha.de\/pl\/wp-json\/wp\/v2\/posts\/33657\/revisions"}],"predecessor-version":[{"id":47510,"href":"https:\/\/sha.de\/pl\/wp-json\/wp\/v2\/posts\/33657\/revisions\/47510"}],"wp:featuredmedia":[{"embeddable":true,"href":"https:\/\/sha.de\/pl\/wp-json\/wp\/v2\/media\/28620"}],"wp:attachment":[{"href":"https:\/\/sha.de\/pl\/wp-json\/wp\/v2\/media?parent=33657"}],"wp:term":[{"taxonomy":"category","embeddable":true,"href":"https:\/\/sha.de\/pl\/wp-json\/wp\/v2\/categories?post=33657"},{"taxonomy":"post_tag","embeddable":true,"href":"https:\/\/sha.de\/pl\/wp-json\/wp\/v2\/tags?post=33657"}],"curies":[{"name":"wp","href":"https:\/\/api.w.org\/{rel}","templated":true}]}}