{"id":33754,"date":"2024-05-28T16:41:51","date_gmt":"2024-05-28T14:41:51","guid":{"rendered":"https:\/\/sha.de\/aktuelles\/nowe-centrum-szkolenia-mlodziezy-dla-vfl-bochum"},"modified":"2024-09-23T16:54:27","modified_gmt":"2024-09-23T14:54:27","slug":"nowe-centrum-szkolenia-mlodziezy-dla-vfl-bochum","status":"publish","type":"post","link":"https:\/\/sha.de\/pl\/news\/nowe-centrum-szkolenia-mlodziezy-dla-vfl-bochum","title":{"rendered":"Nowe centrum szkolenia m\u0142odzie\u017cy dla VfL Bochum"},"content":{"rendered":"<div id='av_section_1' class='avia-section main_color pt-default pb-default avia-no-border-styling avia-bg-style-scroll  avia-builder-el-0  avia-builder-el-no-sibling   container_wrap fullsize' style=' '  ><div class='container' ><main  role=\"main\" itemprop=\"mainContentOfPage\"  class='template-page content  av-content-full alpha units'><div class='post-entry post-entry-type-page post-entry-33754'><div class='entry-content-wrapper clearfix'>\n\n\t\t\t<div id=\"av-q8e0eh\" class=\"headline-column flex_column av_one_full flex_column_div first \">\n\t\t\t\t<div class=\"headline-wrap is-outside align-left sub-bottom\">\n\t\t\t\t\t<h1 class=\"headline-content headline-primary\">Profesjonalne warunki treningowe dla profesjonalnej m\u0142odzie\u017cowej pi\u0142ki no\u017cnej<\/h1>\n\t\t\t\t\t<h3 class=\"headline-content headline-secondary\">SHA opracowuje opcje wdro\u017cenia nowego centrum rozwoju m\u0142odzie\u017cy dla klubu pi\u0142karskiego Bundesligi VfL Bochum<\/h3>\n\t\t\t\t<\/div>\n\t\t\t<\/div>\n<div class=\"flex_column av_one_full  flex_column_div av-zero-column-padding first bg-default   img-left   avia-builder-el-2  el_after_pixel_sc_headline  el_before_av_one_third  \"><div  class='avia-image-container  av-styling-    avia-builder-el-3  avia-builder-el-no-sibling  avia-align-center'  itemprop=\"image\" itemscope=\"itemscope\" itemtype=\"https:\/\/schema.org\/ImageObject\"  ><div class='avia-image-container-inner'><div class='avia-image-overlay-wrap'><img class='avia_image' src='https:\/\/sha.de\/wp-content\/uploads\/240419_VfL_Bochum_Talentwerk_03-scaled.jpg' alt='' title='VfL Bochum Talentwerk Visualisierung | SHA Scheffler Helbich Architekten' height=\"1440\" width=\"2560\"  itemprop=\"thumbnailUrl\"  \/><\/div><\/div><\/div><\/div><div class=\"flex_column av_one_third  flex_column_div av-zero-column-padding first bg-default   img-left   avia-builder-el-4  el_after_av_one_full  el_before_av_one_third  column-top-margin\"><section  class='av_textblock_section av-lwj3gqby-ff46cec6744d5f23829e84444b6992f4 '   itemscope=\"itemscope\" itemtype=\"https:\/\/schema.org\/BlogPosting\" itemprop=\"blogPost\" ><div class='avia_textblock'  itemprop=\"text\" ><p>Gratulacje dla VfL Bochum za utrzymanie si\u0119 w pierwszej lidze! Po wspania\u0142ym powrocie wczorajszej nocy, VfL Bochum zapewni\u0142o sobie miejsce w play-offach przeciwko Fortunie D\u00fcsseldorf i tym samym b\u0119dzie kontynuowa\u0107 gr\u0119 w Bundeslidze w przysz\u0142ym sezonie. Cieszymy si\u0119, \u017ce Bochum utrzyma\u0142o si\u0119 w lidze i z dum\u0105 wspieramy VfL w przysz\u0142ych projektach budowlanych, aby osi\u0105gn\u0105\u0107 dalsze sukcesy sportowe.<\/p>\n<h2>Nowe centrum wyst\u0119p\u00f3w m\u0142odzie\u017cowych<\/h2>\n<p>Przy Hiltroper Stra\u00dfe ma powsta\u0107 nowe centrum treningowe dla dru\u017cyn ch\u0142opc\u00f3w i dziewcz\u0105t VfL Bochum, obejmuj\u0105ce r\u00f3\u017cne boiska z naturalnej trawy, trybuny i inne \u015brodki budowlane. Aby przyspieszy\u0107 planowanie, nasz zesp\u00f3\u0142 pracuje obecnie nad r\u00f3\u017cnymi opcjami wdro\u017cenia, aby uzupe\u0142ni\u0107 istniej\u0105ce obiekty treningowe na po\u0142udnie od Hiltroper Stra\u00dfe.<\/p>\n<\/div><\/section><\/div><div class=\"flex_column av_one_third  flex_column_div av-zero-column-padding  bg-default   img-left   avia-builder-el-6  el_after_av_one_third  el_before_av_one_third  column-top-margin\"><section  class='av_textblock_section av-lw987txk-2de98ed74f24666b7826ab0580eabb3e '   itemscope=\"itemscope\" itemtype=\"https:\/\/schema.org\/BlogPosting\" itemprop=\"blogPost\" ><div class='avia_textblock'  itemprop=\"text\" ><h2>Planowane r\u00f3\u017cnorodne dzia\u0142ania wdro\u017ceniowe<\/h2>\n<p>Istniej\u0105ce centrum talent\u00f3w VfL zostanie rozbudowane, dzi\u0119ki czemu m\u0142odzi zawodnicy i inni pracownicy klubu b\u0119d\u0105 mieli dost\u0119p do sal treningowych i nocleg\u00f3w, a tak\u017ce kabin i teren\u00f3w rekreacyjnych. Istniej\u0105ce miejsca parkingowe zostan\u0105 r\u00f3wnie\u017c powi\u0119kszone zgodnie z wi\u0119kszymi wymaganiami dotycz\u0105cymi miejsc parkingowych. Boiska z naturalnej trawy na p\u00f3\u0142noc od Hiltroper Stra\u00dfe uzupe\u0142niaj\u0105 istniej\u0105ce boiska pi\u0142karskie na po\u0142udniu. Maszyny i sprz\u0119t wymagany do piel\u0119gnacji murawy mo\u017cna umie\u015bci\u0107 w nowym budynku do piel\u0119gnacji zieleni, kt\u00f3ry zostanie wzniesiony w bezpo\u015brednim s\u0105siedztwie boisk sportowych. Nowe i istniej\u0105ce boiska pi\u0142karskie zostan\u0105 uzupe\u0142nione w sumie trzema zadaszonymi trybunami, dzi\u0119ki czemu widzowie b\u0119d\u0105 mogli uczestniczy\u0107 w sesjach treningowych i zawodach chronionych przed warunkami atmosferycznymi.<\/p>\n<\/div><\/section><\/div><div class=\"flex_column av_one_third  flex_column_div av-zero-column-padding  bg-default   img-left   avia-builder-el-8  el_after_av_one_third  el_before_av_hr  column-top-margin\"><section  class='av_textblock_section av-lwj7nioy-b3e13266b089e71f0e87d9993c4d6713 '   itemscope=\"itemscope\" itemtype=\"https:\/\/schema.org\/BlogPosting\" itemprop=\"blogPost\" ><div class='avia_textblock'  itemprop=\"text\" ><h2>Centrum wydajno\u015bci dla m\u0142odych ch\u0142opc\u00f3w i dziewcz\u0105t<\/h2>\n<p>Nowy o\u015brodek treningowy dla m\u0142odzie\u017cy, kt\u00f3ry powstanie przy Hiltroper Stra\u00dfe, zapewni m\u0142odym zawodnikom najlepsze warunki do rozwijania umiej\u0119tno\u015bci pi\u0142karskich na profesjonalnym poziomie.<\/p>\n<\/div><\/section><\/div><div  class='hr av-ri69yp-ec568a8857f338ebce9ae90541c7c59e hr-default  avia-builder-el-10  el_after_av_one_third  el_before_pixel_sc_slickgallery '><span class='hr-inner '><span class=\"hr-inner-style\"><\/span><\/span><\/div>\n<div class=\"slickgallery no-nav\">\n\t<div class=\"pixel-slide-wrap\">\n\t\t<div class=\"pixel-slide\" style=\"display: block; width: 100%; float: left;\">\n\t\t\t\t\n\t\t\t\t\t\t\t\t\t\t\t\t\t\n\t\t\t\t\t<div class=\"pixel-slide__image-wrap slide-1\">\n\t\t\t\t\t\t\t<div class=\"pixel-slide__image \"><a href=\"https:\/\/sha.de\/wp-content\/uploads\/240419_VfL_Bochum_Talentwerk_03-1280x720.jpg\" rel=\"lightbox\"><img decoding=\"async\" src=\"https:\/\/sha.de\/wp-content\/uploads\/240419_VfL_Bochum_Talentwerk_03-706x368.jpg\" alt=\"VfL Bochum Talentwerk Visualisierung | SHA Scheffler Helbich Architekten\" title=\"VfL Bochum Talentwerk Visualisierung | SHA Scheffler Helbich Architekten\"><\/a><\/div>\n\t\t\t\t\t<\/div>\n\t\t\t\t\n\t\t\t\t\t\t\t\t\t\t\t\t\t\n\t\t\t\t\t<div class=\"pixel-slide__image-wrap slide-2\">\n\t\t\t\t\t\t\t<div class=\"pixel-slide__image \"><a href=\"https:\/\/sha.de\/wp-content\/uploads\/3_VAR1-850x850.png\" rel=\"lightbox\"><img decoding=\"async\" src=\"https:\/\/sha.de\/wp-content\/uploads\/3_VAR1-706x368.png\" alt=\"VfL Bochum Nachwuchsleistungszentrum Variante 1 | SHA Scheffler Helbich Architekten\" title=\"VfL Bochum Nachwuchsleistungszentrum Variante 1 | SHA Scheffler Helbich Architekten\"><\/a><\/div>\n\t\t\t\t\t<\/div>\n\t\t\t\t\n\t\t\t\t\t\t\t\t\t\t\t\t\t\n\t\t\t\t\t<div class=\"pixel-slide__image-wrap slide-3\">\n\t\t\t\t\t\t\t<div class=\"pixel-slide__image \"><a href=\"https:\/\/sha.de\/wp-content\/uploads\/4_VAR2-850x850.png\" rel=\"lightbox\"><img decoding=\"async\" src=\"https:\/\/sha.de\/wp-content\/uploads\/4_VAR2-706x368.png\" alt=\"VfL Bochum Nachwuchsleistungszentrum Variante 2 | SHA Scheffler Helbich Architekten\" title=\"VfL Bochum Nachwuchsleistungszentrum Variante 2 | SHA Scheffler Helbich Architekten\"><\/a><\/div>\n\t\t\t\t\t<\/div>\n\t\t\t\t\t\t<\/div>\n\t<\/div>\n<\/div>\n\n\n","protected":false},"excerpt":{"rendered":"<p>Przy Hiltroper Stra\u00dfe ma powsta\u0107 nowe centrum treningowe dla m\u0142odzie\u017cy VfL Bochum, obejmuj\u0105ce r\u00f3\u017cne boiska z naturalnej trawy, trybuny i inne \u015brodki budowlane.<\/p>\n","protected":false},"author":4,"featured_media":28812,"comment_status":"closed","ping_status":"closed","sticky":false,"template":"","format":"standard","meta":{"_acf_changed":false,"content-type":"","footnotes":""},"categories":[868],"tags":[1084,1276,1277,1280,1281],"class_list":["post-33754","post","type-post","status-publish","format-standard","has-post-thumbnail","hentry","category-obiekty-sportowe","tag-nowy-budynek","tag-sport-pl","tag-obiekty-sportowe","tag-centrum-szkoleniowe","tag-pilka-nozna"],"acf":[],"yoast_head":"<!-- This site is optimized with the Yoast SEO plugin v27.4 - https:\/\/yoast.com\/product\/yoast-seo-wordpress\/ -->\n<title>Centrum szkolenia m\u0142odzie\u017cy VfL Bochum | SHA Scheffler Helbich Architekten<\/title>\n<meta name=\"description\" content=\"Przy Hiltroper Stra\u00dfe ma powsta\u0107 nowe centrum treningowe dla m\u0142odzie\u017cy VfL Bochum, obejmuj\u0105ce r\u00f3\u017cne boiska z naturalnej trawy, trybuny i inne \u015brodki budowlane.\" \/>\n<meta name=\"robots\" content=\"index, follow, max-snippet:-1, max-image-preview:large, max-video-preview:-1\" \/>\n<link rel=\"canonical\" href=\"https:\/\/sha.de\/pl\/news\/nowe-centrum-szkolenia-mlodziezy-dla-vfl-bochum\" \/>\n<meta property=\"og:locale\" content=\"pl_PL\" \/>\n<meta property=\"og:type\" content=\"article\" \/>\n<meta property=\"og:title\" content=\"Centrum szkolenia m\u0142odzie\u017cy VfL Bochum | SHA Scheffler Helbich Architekten\" \/>\n<meta property=\"og:description\" content=\"Przy Hiltroper Stra\u00dfe ma powsta\u0107 nowe centrum treningowe dla m\u0142odzie\u017cy VfL Bochum, obejmuj\u0105ce r\u00f3\u017cne boiska z naturalnej trawy, trybuny i inne \u015brodki budowlane.\" \/>\n<meta property=\"og:url\" content=\"https:\/\/sha.de\/pl\/news\/nowe-centrum-szkolenia-mlodziezy-dla-vfl-bochum\" \/>\n<meta property=\"og:site_name\" content=\"SHA Scheffler Helbich Architekten GmbH\" \/>\n<meta property=\"article:published_time\" content=\"2024-05-28T14:41:51+00:00\" \/>\n<meta property=\"article:modified_time\" content=\"2024-09-23T14:54:27+00:00\" \/>\n<meta property=\"og:image\" content=\"https:\/\/sha.de\/wp-content\/uploads\/240419_VfL_Bochum_Talentwerk_03-1030x579.jpg\" \/>\n\t<meta property=\"og:image:width\" content=\"1030\" \/>\n\t<meta property=\"og:image:height\" content=\"579\" \/>\n\t<meta property=\"og:image:type\" content=\"image\/jpeg\" \/>\n<meta name=\"author\" content=\"Max Frittgen\" \/>\n<meta name=\"twitter:card\" content=\"summary_large_image\" \/>\n<meta name=\"twitter:label1\" content=\"Napisane przez\" \/>\n\t<meta name=\"twitter:data1\" content=\"Max Frittgen\" \/>\n\t<meta name=\"twitter:label2\" content=\"Szacowany czas czytania\" \/>\n\t<meta name=\"twitter:data2\" content=\"8 minut\" \/>\n<script type=\"application\/ld+json\" class=\"yoast-schema-graph\">{\"@context\":\"https:\\\/\\\/schema.org\",\"@graph\":[{\"@type\":\"Article\",\"@id\":\"https:\\\/\\\/sha.de\\\/pl\\\/news\\\/nowe-centrum-szkolenia-mlodziezy-dla-vfl-bochum#article\",\"isPartOf\":{\"@id\":\"https:\\\/\\\/sha.de\\\/pl\\\/news\\\/nowe-centrum-szkolenia-mlodziezy-dla-vfl-bochum\"},\"author\":{\"name\":\"Max Frittgen\",\"@id\":\"https:\\\/\\\/sha.de\\\/pl#\\\/schema\\\/person\\\/e5274be999acaa73cf6ce0a26902e296\"},\"headline\":\"Nowe centrum szkolenia m\u0142odzie\u017cy dla VfL Bochum\",\"datePublished\":\"2024-05-28T14:41:51+00:00\",\"dateModified\":\"2024-09-23T14:54:27+00:00\",\"mainEntityOfPage\":{\"@id\":\"https:\\\/\\\/sha.de\\\/pl\\\/news\\\/nowe-centrum-szkolenia-mlodziezy-dla-vfl-bochum\"},\"wordCount\":1222,\"image\":{\"@id\":\"https:\\\/\\\/sha.de\\\/pl\\\/news\\\/nowe-centrum-szkolenia-mlodziezy-dla-vfl-bochum#primaryimage\"},\"thumbnailUrl\":\"https:\\\/\\\/sha.de\\\/wp-content\\\/uploads\\\/240419_VfL_Bochum_Talentwerk_03-scaled.jpg\",\"keywords\":[\"Nowy budynek\",\"Sport\",\"Obiekty sportowe\",\"Centrum szkoleniowe\",\"Pi\u0142ka no\u017cna\"],\"articleSection\":[\"Obiekty sportowe\"],\"inLanguage\":\"pl-PL\"},{\"@type\":\"WebPage\",\"@id\":\"https:\\\/\\\/sha.de\\\/pl\\\/news\\\/nowe-centrum-szkolenia-mlodziezy-dla-vfl-bochum\",\"url\":\"https:\\\/\\\/sha.de\\\/pl\\\/news\\\/nowe-centrum-szkolenia-mlodziezy-dla-vfl-bochum\",\"name\":\"Centrum szkolenia m\u0142odzie\u017cy VfL Bochum | SHA Scheffler Helbich Architekten\",\"isPartOf\":{\"@id\":\"https:\\\/\\\/sha.de\\\/pl#website\"},\"primaryImageOfPage\":{\"@id\":\"https:\\\/\\\/sha.de\\\/pl\\\/news\\\/nowe-centrum-szkolenia-mlodziezy-dla-vfl-bochum#primaryimage\"},\"image\":{\"@id\":\"https:\\\/\\\/sha.de\\\/pl\\\/news\\\/nowe-centrum-szkolenia-mlodziezy-dla-vfl-bochum#primaryimage\"},\"thumbnailUrl\":\"https:\\\/\\\/sha.de\\\/wp-content\\\/uploads\\\/240419_VfL_Bochum_Talentwerk_03-scaled.jpg\",\"datePublished\":\"2024-05-28T14:41:51+00:00\",\"dateModified\":\"2024-09-23T14:54:27+00:00\",\"author\":{\"@id\":\"https:\\\/\\\/sha.de\\\/pl#\\\/schema\\\/person\\\/e5274be999acaa73cf6ce0a26902e296\"},\"description\":\"Przy Hiltroper Stra\u00dfe ma powsta\u0107 nowe centrum treningowe dla m\u0142odzie\u017cy VfL Bochum, obejmuj\u0105ce r\u00f3\u017cne boiska z naturalnej trawy, trybuny i inne \u015brodki budowlane.\",\"breadcrumb\":{\"@id\":\"https:\\\/\\\/sha.de\\\/pl\\\/news\\\/nowe-centrum-szkolenia-mlodziezy-dla-vfl-bochum#breadcrumb\"},\"inLanguage\":\"pl-PL\",\"potentialAction\":[{\"@type\":\"ReadAction\",\"target\":[\"https:\\\/\\\/sha.de\\\/pl\\\/news\\\/nowe-centrum-szkolenia-mlodziezy-dla-vfl-bochum\"]}]},{\"@type\":\"ImageObject\",\"inLanguage\":\"pl-PL\",\"@id\":\"https:\\\/\\\/sha.de\\\/pl\\\/news\\\/nowe-centrum-szkolenia-mlodziezy-dla-vfl-bochum#primaryimage\",\"url\":\"https:\\\/\\\/sha.de\\\/wp-content\\\/uploads\\\/240419_VfL_Bochum_Talentwerk_03-scaled.jpg\",\"contentUrl\":\"https:\\\/\\\/sha.de\\\/wp-content\\\/uploads\\\/240419_VfL_Bochum_Talentwerk_03-scaled.jpg\",\"width\":2560,\"height\":1440},{\"@type\":\"BreadcrumbList\",\"@id\":\"https:\\\/\\\/sha.de\\\/pl\\\/news\\\/nowe-centrum-szkolenia-mlodziezy-dla-vfl-bochum#breadcrumb\",\"itemListElement\":[{\"@type\":\"ListItem\",\"position\":1,\"name\":\"Startseite\",\"item\":\"https:\\\/\\\/sha.de\\\/pl\"},{\"@type\":\"ListItem\",\"position\":2,\"name\":\"Nowe centrum szkolenia m\u0142odzie\u017cy dla VfL Bochum\"}]},{\"@type\":\"WebSite\",\"@id\":\"https:\\\/\\\/sha.de\\\/pl#website\",\"url\":\"https:\\\/\\\/sha.de\\\/pl\",\"name\":\"SHA Scheffler Helbich Architekten GmbH\",\"description\":\"\",\"potentialAction\":[{\"@type\":\"SearchAction\",\"target\":{\"@type\":\"EntryPoint\",\"urlTemplate\":\"https:\\\/\\\/sha.de\\\/pl?s={search_term_string}\"},\"query-input\":{\"@type\":\"PropertyValueSpecification\",\"valueRequired\":true,\"valueName\":\"search_term_string\"}}],\"inLanguage\":\"pl-PL\"},{\"@type\":\"Person\",\"@id\":\"https:\\\/\\\/sha.de\\\/pl#\\\/schema\\\/person\\\/e5274be999acaa73cf6ce0a26902e296\",\"name\":\"Max Frittgen\",\"image\":{\"@type\":\"ImageObject\",\"inLanguage\":\"pl-PL\",\"@id\":\"https:\\\/\\\/secure.gravatar.com\\\/avatar\\\/2412b8cfc9e1dc689e55df7d19e72589baa82cf33ed35837abe3925140890a8a?s=96&d=mm&r=g\",\"url\":\"https:\\\/\\\/secure.gravatar.com\\\/avatar\\\/2412b8cfc9e1dc689e55df7d19e72589baa82cf33ed35837abe3925140890a8a?s=96&d=mm&r=g\",\"contentUrl\":\"https:\\\/\\\/secure.gravatar.com\\\/avatar\\\/2412b8cfc9e1dc689e55df7d19e72589baa82cf33ed35837abe3925140890a8a?s=96&d=mm&r=g\",\"caption\":\"Max Frittgen\"},\"sameAs\":[\"http:\\\/\\\/www.sha.de\"]}]}<\/script>\n<!-- \/ Yoast SEO plugin. -->","yoast_head_json":{"title":"Centrum szkolenia m\u0142odzie\u017cy VfL Bochum | SHA Scheffler Helbich Architekten","description":"Przy Hiltroper Stra\u00dfe ma powsta\u0107 nowe centrum treningowe dla m\u0142odzie\u017cy VfL Bochum, obejmuj\u0105ce r\u00f3\u017cne boiska z naturalnej trawy, trybuny i inne \u015brodki budowlane.","robots":{"index":"index","follow":"follow","max-snippet":"max-snippet:-1","max-image-preview":"max-image-preview:large","max-video-preview":"max-video-preview:-1"},"canonical":"https:\/\/sha.de\/pl\/news\/nowe-centrum-szkolenia-mlodziezy-dla-vfl-bochum","og_locale":"pl_PL","og_type":"article","og_title":"Centrum szkolenia m\u0142odzie\u017cy VfL Bochum | SHA Scheffler Helbich Architekten","og_description":"Przy Hiltroper Stra\u00dfe ma powsta\u0107 nowe centrum treningowe dla m\u0142odzie\u017cy VfL Bochum, obejmuj\u0105ce r\u00f3\u017cne boiska z naturalnej trawy, trybuny i inne \u015brodki budowlane.","og_url":"https:\/\/sha.de\/pl\/news\/nowe-centrum-szkolenia-mlodziezy-dla-vfl-bochum","og_site_name":"SHA Scheffler Helbich Architekten GmbH","article_published_time":"2024-05-28T14:41:51+00:00","article_modified_time":"2024-09-23T14:54:27+00:00","og_image":[{"width":1030,"height":579,"url":"https:\/\/sha.de\/wp-content\/uploads\/240419_VfL_Bochum_Talentwerk_03-1030x579.jpg","type":"image\/jpeg"}],"author":"Max Frittgen","twitter_card":"summary_large_image","twitter_misc":{"Napisane przez":"Max Frittgen","Szacowany czas czytania":"8 minut"},"schema":{"@context":"https:\/\/schema.org","@graph":[{"@type":"Article","@id":"https:\/\/sha.de\/pl\/news\/nowe-centrum-szkolenia-mlodziezy-dla-vfl-bochum#article","isPartOf":{"@id":"https:\/\/sha.de\/pl\/news\/nowe-centrum-szkolenia-mlodziezy-dla-vfl-bochum"},"author":{"name":"Max Frittgen","@id":"https:\/\/sha.de\/pl#\/schema\/person\/e5274be999acaa73cf6ce0a26902e296"},"headline":"Nowe centrum szkolenia m\u0142odzie\u017cy dla VfL Bochum","datePublished":"2024-05-28T14:41:51+00:00","dateModified":"2024-09-23T14:54:27+00:00","mainEntityOfPage":{"@id":"https:\/\/sha.de\/pl\/news\/nowe-centrum-szkolenia-mlodziezy-dla-vfl-bochum"},"wordCount":1222,"image":{"@id":"https:\/\/sha.de\/pl\/news\/nowe-centrum-szkolenia-mlodziezy-dla-vfl-bochum#primaryimage"},"thumbnailUrl":"https:\/\/sha.de\/wp-content\/uploads\/240419_VfL_Bochum_Talentwerk_03-scaled.jpg","keywords":["Nowy budynek","Sport","Obiekty sportowe","Centrum szkoleniowe","Pi\u0142ka no\u017cna"],"articleSection":["Obiekty sportowe"],"inLanguage":"pl-PL"},{"@type":"WebPage","@id":"https:\/\/sha.de\/pl\/news\/nowe-centrum-szkolenia-mlodziezy-dla-vfl-bochum","url":"https:\/\/sha.de\/pl\/news\/nowe-centrum-szkolenia-mlodziezy-dla-vfl-bochum","name":"Centrum szkolenia m\u0142odzie\u017cy VfL Bochum | SHA Scheffler Helbich Architekten","isPartOf":{"@id":"https:\/\/sha.de\/pl#website"},"primaryImageOfPage":{"@id":"https:\/\/sha.de\/pl\/news\/nowe-centrum-szkolenia-mlodziezy-dla-vfl-bochum#primaryimage"},"image":{"@id":"https:\/\/sha.de\/pl\/news\/nowe-centrum-szkolenia-mlodziezy-dla-vfl-bochum#primaryimage"},"thumbnailUrl":"https:\/\/sha.de\/wp-content\/uploads\/240419_VfL_Bochum_Talentwerk_03-scaled.jpg","datePublished":"2024-05-28T14:41:51+00:00","dateModified":"2024-09-23T14:54:27+00:00","author":{"@id":"https:\/\/sha.de\/pl#\/schema\/person\/e5274be999acaa73cf6ce0a26902e296"},"description":"Przy Hiltroper Stra\u00dfe ma powsta\u0107 nowe centrum treningowe dla m\u0142odzie\u017cy VfL Bochum, obejmuj\u0105ce r\u00f3\u017cne boiska z naturalnej trawy, trybuny i inne \u015brodki budowlane.","breadcrumb":{"@id":"https:\/\/sha.de\/pl\/news\/nowe-centrum-szkolenia-mlodziezy-dla-vfl-bochum#breadcrumb"},"inLanguage":"pl-PL","potentialAction":[{"@type":"ReadAction","target":["https:\/\/sha.de\/pl\/news\/nowe-centrum-szkolenia-mlodziezy-dla-vfl-bochum"]}]},{"@type":"ImageObject","inLanguage":"pl-PL","@id":"https:\/\/sha.de\/pl\/news\/nowe-centrum-szkolenia-mlodziezy-dla-vfl-bochum#primaryimage","url":"https:\/\/sha.de\/wp-content\/uploads\/240419_VfL_Bochum_Talentwerk_03-scaled.jpg","contentUrl":"https:\/\/sha.de\/wp-content\/uploads\/240419_VfL_Bochum_Talentwerk_03-scaled.jpg","width":2560,"height":1440},{"@type":"BreadcrumbList","@id":"https:\/\/sha.de\/pl\/news\/nowe-centrum-szkolenia-mlodziezy-dla-vfl-bochum#breadcrumb","itemListElement":[{"@type":"ListItem","position":1,"name":"Startseite","item":"https:\/\/sha.de\/pl"},{"@type":"ListItem","position":2,"name":"Nowe centrum szkolenia m\u0142odzie\u017cy dla VfL Bochum"}]},{"@type":"WebSite","@id":"https:\/\/sha.de\/pl#website","url":"https:\/\/sha.de\/pl","name":"SHA Scheffler Helbich Architekten GmbH","description":"","potentialAction":[{"@type":"SearchAction","target":{"@type":"EntryPoint","urlTemplate":"https:\/\/sha.de\/pl?s={search_term_string}"},"query-input":{"@type":"PropertyValueSpecification","valueRequired":true,"valueName":"search_term_string"}}],"inLanguage":"pl-PL"},{"@type":"Person","@id":"https:\/\/sha.de\/pl#\/schema\/person\/e5274be999acaa73cf6ce0a26902e296","name":"Max Frittgen","image":{"@type":"ImageObject","inLanguage":"pl-PL","@id":"https:\/\/secure.gravatar.com\/avatar\/2412b8cfc9e1dc689e55df7d19e72589baa82cf33ed35837abe3925140890a8a?s=96&d=mm&r=g","url":"https:\/\/secure.gravatar.com\/avatar\/2412b8cfc9e1dc689e55df7d19e72589baa82cf33ed35837abe3925140890a8a?s=96&d=mm&r=g","contentUrl":"https:\/\/secure.gravatar.com\/avatar\/2412b8cfc9e1dc689e55df7d19e72589baa82cf33ed35837abe3925140890a8a?s=96&d=mm&r=g","caption":"Max Frittgen"},"sameAs":["http:\/\/www.sha.de"]}]}},"_links":{"self":[{"href":"https:\/\/sha.de\/pl\/wp-json\/wp\/v2\/posts\/33754","targetHints":{"allow":["GET"]}}],"collection":[{"href":"https:\/\/sha.de\/pl\/wp-json\/wp\/v2\/posts"}],"about":[{"href":"https:\/\/sha.de\/pl\/wp-json\/wp\/v2\/types\/post"}],"author":[{"embeddable":true,"href":"https:\/\/sha.de\/pl\/wp-json\/wp\/v2\/users\/4"}],"replies":[{"embeddable":true,"href":"https:\/\/sha.de\/pl\/wp-json\/wp\/v2\/comments?post=33754"}],"version-history":[{"count":12,"href":"https:\/\/sha.de\/pl\/wp-json\/wp\/v2\/posts\/33754\/revisions"}],"predecessor-version":[{"id":47618,"href":"https:\/\/sha.de\/pl\/wp-json\/wp\/v2\/posts\/33754\/revisions\/47618"}],"wp:featuredmedia":[{"embeddable":true,"href":"https:\/\/sha.de\/pl\/wp-json\/wp\/v2\/media\/28812"}],"wp:attachment":[{"href":"https:\/\/sha.de\/pl\/wp-json\/wp\/v2\/media?parent=33754"}],"wp:term":[{"taxonomy":"category","embeddable":true,"href":"https:\/\/sha.de\/pl\/wp-json\/wp\/v2\/categories?post=33754"},{"taxonomy":"post_tag","embeddable":true,"href":"https:\/\/sha.de\/pl\/wp-json\/wp\/v2\/tags?post=33754"}],"curies":[{"name":"wp","href":"https:\/\/api.w.org\/{rel}","templated":true}]}}