{"id":35499,"date":"2022-02-11T09:56:57","date_gmt":"2022-02-11T08:56:57","guid":{"rendered":"https:\/\/sha.de\/aktuelles\/lensing-media-port-konwersja-na-speicherstrasse"},"modified":"2024-09-23T16:57:45","modified_gmt":"2024-09-23T14:57:45","slug":"lensing-media-port-konwersja-na-speicherstrasse","status":"publish","type":"post","link":"https:\/\/sha.de\/pl\/news\/lensing-media-port-konwersja-na-speicherstrasse","title":{"rendered":"Lensing Media Port: konwersja na Speicherstrasse"},"content":{"rendered":"<div id='av_section_1' class='avia-section main_color pt-default pb-default avia-no-border-styling avia-bg-style-scroll  avia-builder-el-0  avia-builder-el-no-sibling   container_wrap fullsize' style=' '  ><div class='container' ><main  role=\"main\" itemprop=\"mainContentOfPage\"  class='template-page content  av-content-full alpha units'><div class='post-entry post-entry-type-page post-entry-35499'><div class='entry-content-wrapper clearfix'>\n\n\t\t\t<div id=\"av-k1hoeuzj\" class=\"headline-column flex_column av_one_full flex_column_div first \">\n\t\t\t\t<div class=\"headline-wrap is-outside align-left sub-bottom\">\n\t\t\t\t\t<h1 class=\"headline-content headline-primary\">Lensing Media Port: konwersja na Speicherstrasse<\/h1>\n\t\t\t\t\t<h3 class=\"headline-content headline-secondary\">Port w Dortmundzie<\/h3>\n\t\t\t\t<\/div>\n\t\t\t<\/div>\n<div class=\"flex_column av_one_half  flex_column_div av-zero-column-padding first       avia-builder-el-2  el_after_pixel_sc_headline  el_before_av_one_half  \"><style type=\"text\/css\" data-created_by=\"avia_inline_auto\" id=\"style-css-av-k1w2iezi-bb7254827fef35e09bff856926a4f37b\">\n.avia-video.av-k1w2iezi-bb7254827fef35e09bff856926a4f37b{\nbackground-image:url(https:\/\/sha.de\/wp-content\/uploads\/210611_Persp-Speicherstrasse-706x368.jpg);\n}\n<\/style>\n<div  class='avia-video av-k1w2iezi-bb7254827fef35e09bff856926a4f37b avia-video-16-9 av-preview-image avia-video-load-always av-lazyload-immediate av-lazyload-video-embed'  itemprop=\"video\" itemtype=\"https:\/\/schema.org\/VideoObject\"  data-original_url='https:\/\/youtu.be\/0o1JRNCBpL8'><script type='text\/html' class='av-video-tmpl'> <div class=\"brlbs-cmpnt-container brlbs-cmpnt-content-blocker brlbs-cmpnt-with-individual-styles\" data-borlabs-cookie-content-blocker-id=\"youtube-content-blocker\" data-borlabs-cookie-content=\"PGRpdiBjbGFzcz0nYXZpYS1pZnJhbWUtd3JhcCc+PGlmcmFtZSB0aXRsZT0iTGVuc2luZyBNZWRpYSBQb3J0OiBVbWJhdSBhbiBkZXIgU3BlaWNoZXJzdHJhw59lIiB3aWR0aD0iMTUwMCIgaGVpZ2h0PSI4NDQiIHNyYz0iaHR0cHM6Ly93d3cueW91dHViZS1ub2Nvb2tpZS5jb20vZW1iZWQvMG8xSlJOQ0JwTDg\/ZmVhdHVyZT1vZW1iZWQiIGZyYW1lYm9yZGVyPSIwIiBhbGxvdz0iYWNjZWxlcm9tZXRlcjsgYXV0b3BsYXk7IGNsaXBib2FyZC13cml0ZTsgZW5jcnlwdGVkLW1lZGlhOyBneXJvc2NvcGU7IHBpY3R1cmUtaW4tcGljdHVyZTsgd2ViLXNoYXJlIiByZWZlcnJlcnBvbGljeT0ic3RyaWN0LW9yaWdpbi13aGVuLWNyb3NzLW9yaWdpbiIgYWxsb3dmdWxsc2NyZWVuPjwvaWZyYW1lPjwvZGl2Pg==\"><div class=\"brlbs-cmpnt-cb-preset-c brlbs-cmpnt-cb-youtube\"> <div class=\"brlbs-cmpnt-cb-thumbnail\" style=\"background-image: url('https:\/\/sha.de\/wp-content\/uploads\/210611_Persp-Speicherstrasse-706x368.jpg')\"><\/div> <div class=\"brlbs-cmpnt-cb-main\"> <div class=\"brlbs-cmpnt-cb-play-button\"><\/div> <div class=\"brlbs-cmpnt-cb-content\"> <p class=\"brlbs-cmpnt-cb-description\">Aktualnie wy\u015bwietlana jest tre\u015b\u0107 zast\u0119pcza z <strong>YouTube<\/strong>. Aby uzyska\u0107 dost\u0119p do rzeczywistej tre\u015bci, kliknij poni\u017cszy przycisk. Pami\u0119taj, \u017ce spowoduje to udost\u0119pnienie danych zewn\u0119trznym operatorom.<\/p> <a class=\"brlbs-cmpnt-cb-provider-toggle\" href=\"#\" data-borlabs-cookie-show-provider-information role=\"button\">Wi\u0119cej informacji<\/a> <\/div> <div class=\"brlbs-cmpnt-cb-buttons\"> <a class=\"brlbs-cmpnt-cb-btn\" href=\"#\" data-borlabs-cookie-unblock role=\"button\">Odblokuj tre\u015b\u0107<\/a> <a class=\"brlbs-cmpnt-cb-btn\" href=\"#\" data-borlabs-cookie-accept-service role=\"button\" style=\"display: inherit\">Zaakceptuj wymagan\u0105 us\u0142ug\u0119 i odblokuj tre\u015bci<\/a> <\/div> <\/div> <\/div><\/div><\/script><div class='av-click-to-play-overlay'><div class=\"avia_playpause_icon\"><\/div><\/div><\/div><\/div><div class=\"flex_column av_one_half  flex_column_div av-zero-column-padding        avia-builder-el-4  el_after_av_one_half  avia-builder-el-last  \"><p><section  class='av_textblock_section av-10u9i-c89949c824faaf32120cf5229290afb1 '   itemscope=\"itemscope\" itemtype=\"https:\/\/schema.org\/BlogPosting\" itemprop=\"blogPost\" ><div class='avia_textblock'  itemprop=\"text\" ><p><span dir=\"ltr\" role=\"presentation\">W porcie w Dortmundzie dawny budynek magazynowy <\/span><span dir=\"ltr\" role=\"presentation\">budynek magazynowy przy Speicherstra\u00dfe 2 staje si\u0119<\/span><span dir=\"ltr\" role=\"presentation\">  &#8222;Lensing Media Port&#8221;. Obecnie trwa przebudowa budynku, na kt\u00f3r\u0105 wydano pozwolenie na budow\u0119. Nowa koncepcja wykorzystania<\/span> <span dir=\"ltr\" role=\"presentation\"> przewiduje bran\u017ce i obiekty zwi\u0105zane z mediami cyfrowymi i<\/span><span dir=\"ltr\" role=\"presentation\"> oraz sektor\u00f3w i obiekt\u00f3w zwi\u0105zanych z mediami &#8211; oraz otwarcie obszaru<\/span><span dir=\"ltr\" role=\"presentation\"> na s\u0105siednie obszary mieszkalne i <\/span><span dir=\"ltr\" role=\"presentation\">s\u0105siednich obszar\u00f3w mieszkalnych i og\u00f3\u0142u spo\u0142ecze\u0144stwa.<\/span><br role=\"presentation\"><span class=\"markedContent\"><br role=\"presentation\"><\/span><span dir=\"ltr\" role=\"presentation\">Po zako\u0144czeniu <a href=\"https:\/\/sha.de\/pl\/projekty\/biuro-i-administracja\"><span style=\"text-decoration: underline;\">biura i sale konferencyjne<\/span><\/a><\/span><span dir=\"ltr\" role=\"presentation\">agencje cyfrowe, catering i wiele wi\u0119cej<\/span><span dir=\"ltr\" role=\"presentation\"> stary budynek magazynowy<\/span><span dir=\"ltr\" role=\"presentation\">  wype\u0142ni\u0107 port nowym \u017cyciem. The<\/span> <span dir=\"ltr\" role=\"presentation\"> Ca\u0142a okolica &#8211; z Lensing Media Port jako centraln\u0105 kotwic\u0105<\/span><span dir=\"ltr\" role=\"presentation\"> stanie si\u0119 cyfrow\u0105, kreatywn\u0105 i miejsk\u0105 dzielnic\u0105 start-up\u00f3w i wiedzy.<\/span><span dir=\"ltr\" role=\"presentation\"> i miejsk\u0105 dzielnic\u0105 start-up\u00f3w i wiedzy, kt\u00f3ra rozwija si\u0119 dzi\u0119ki wymianie i wsp\u00f3\u0142pracy.<\/span><span dir=\"ltr\" role=\"presentation\"> rozwija si\u0119 dzi\u0119ki wymianie i wsp\u00f3\u0142pracy.<\/span><\/p>\n<p><a href=\"https:\/\/www.ruhrnachrichten.de\/\" target=\"_blank\" rel=\"noopener nofollow\"><em>Wideo: Ruhr News<\/em><\/a><\/p>\n<\/div><\/section><br \/>\n\n<style type=\"text\/css\" data-created_by=\"avia_inline_auto\" id=\"style-css-av-k3fpn5l3-d9d6046a9b2a064112ddf97d2ad905ed\">\n#top .hr.av-k3fpn5l3-d9d6046a9b2a064112ddf97d2ad905ed{\nmargin-top:20px;\nmargin-bottom:20px;\n}\n.hr.av-k3fpn5l3-d9d6046a9b2a064112ddf97d2ad905ed .hr-inner{\nwidth:100%;\nborder-color:#000000;\n}\n<\/style>\n<div  class='hr av-k3fpn5l3-d9d6046a9b2a064112ddf97d2ad905ed hr-custom  avia-builder-el-6  el_after_av_textblock  el_before_av_textblock  hr-center hr-icon-no'><span class='hr-inner inner-border-av-border-thin'><span class=\"hr-inner-style\"><\/span><\/span><\/div><br \/>\n<section  class='av_textblock_section av-kzi6hofm-843d3a3cfd217ca0cc9b889a985758db '   itemscope=\"itemscope\" itemtype=\"https:\/\/schema.org\/BlogPosting\" itemprop=\"blogPost\" ><div class='avia_textblock'  itemprop=\"text\" ><p>Je\u015bli s\u0105 Pa\u0144stwo zainteresowani <span style=\"text-decoration: underline;\"><a href=\"https:\/\/sha.de\/pl\/uslugi\/planowanie-i-koordynacja\">naszymi us\u0142ugami<\/a><\/span> <span class=\"tBJ dyH iFc MF7 pBj DrD IZT swG\">prosz\u0119 um\u00f3wi\u0107 si\u0119 bezpo\u015brednio <span style=\"text-decoration: underline;\"><a href=\"https:\/\/sha.de\/pl\/kontakt-2021\">spotkanie<\/a><\/span>. Czekamy na Pa\u0144stwa telefon lub e-mail.<\/span><\/p>\n<\/div><\/section><\/p><\/div>\n","protected":false},"excerpt":{"rendered":"<p>W porcie w Dortmundzie, dawny budynek magazynowy przy Speicherstra\u00dfe 2 staje si\u0119 &#8222;Lensing Media Port&#8221;. Budynek jest obecnie przebudowywany. Prosz\u0119 spojrze\u0107 na aktualny stan \u015brodk\u00f3w.<\/p>\n","protected":false},"author":2,"featured_media":24570,"comment_status":"closed","ping_status":"closed","sticky":false,"template":"","format":"standard","meta":{"_acf_changed":false,"content-type":"","footnotes":""},"categories":[862,873],"tags":[1031,1033,1034,1035,1058,1110,1467],"class_list":["post-35499","post","type-post","status-publish","format-standard","has-post-thumbnail","hentry","category-dortmund-pl","category-administracja","tag-wideo","tag-budynek-biurowy","tag-biuro","tag-planowanie","tag-dortmund-pl","tag-budynek-administracyjny","tag-gastronomia-pl"],"acf":[],"yoast_head":"<!-- This site is optimized with the Yoast SEO plugin v27.4 - https:\/\/yoast.com\/product\/yoast-seo-wordpress\/ -->\n<title>Rekonstrukcja Speicherstra\u00dfe SHA Scheffler Helbich Architekten GmbH<\/title>\n<meta name=\"description\" content=\"W porcie w Dortmundzie, dawny budynek magazynowy przy Speicherstrasse 2 staje si\u0119 &quot;Lensing Media Port&quot;. Budynek jest obecnie przebudowywany.\" \/>\n<meta name=\"robots\" content=\"index, follow, max-snippet:-1, max-image-preview:large, max-video-preview:-1\" \/>\n<link rel=\"canonical\" href=\"https:\/\/sha.de\/pl\/news\/lensing-media-port-konwersja-na-speicherstrasse\" \/>\n<meta property=\"og:locale\" content=\"pl_PL\" \/>\n<meta property=\"og:type\" content=\"article\" \/>\n<meta property=\"og:title\" content=\"Rekonstrukcja Speicherstra\u00dfe SHA Scheffler Helbich Architekten GmbH\" \/>\n<meta property=\"og:description\" content=\"W porcie w Dortmundzie, dawny budynek magazynowy przy Speicherstrasse 2 staje si\u0119 &quot;Lensing Media Port&quot;. Budynek jest obecnie przebudowywany.\" \/>\n<meta property=\"og:url\" content=\"https:\/\/sha.de\/pl\/news\/lensing-media-port-konwersja-na-speicherstrasse\" \/>\n<meta property=\"og:site_name\" content=\"SHA Scheffler Helbich Architekten GmbH\" \/>\n<meta property=\"article:published_time\" content=\"2022-02-11T08:56:57+00:00\" \/>\n<meta property=\"article:modified_time\" content=\"2024-09-23T14:57:45+00:00\" \/>\n<meta property=\"og:image\" content=\"https:\/\/sha.de\/wp-content\/uploads\/210611_Persp-Speicherstrasse.jpg\" \/>\n\t<meta property=\"og:image:width\" content=\"2000\" \/>\n\t<meta property=\"og:image:height\" content=\"1000\" \/>\n\t<meta property=\"og:image:type\" content=\"image\/jpeg\" \/>\n<meta name=\"author\" content=\"Judith Weitzel\" \/>\n<meta name=\"twitter:card\" content=\"summary_large_image\" \/>\n<meta name=\"twitter:label1\" content=\"Napisane przez\" \/>\n\t<meta name=\"twitter:data1\" content=\"Judith Weitzel\" \/>\n\t<meta name=\"twitter:label2\" content=\"Szacowany czas czytania\" \/>\n\t<meta name=\"twitter:data2\" content=\"5 minut\" \/>\n<script type=\"application\/ld+json\" class=\"yoast-schema-graph\">{\"@context\":\"https:\\\/\\\/schema.org\",\"@graph\":[{\"@type\":\"Article\",\"@id\":\"https:\\\/\\\/sha.de\\\/pl\\\/news\\\/lensing-media-port-konwersja-na-speicherstrasse#article\",\"isPartOf\":{\"@id\":\"https:\\\/\\\/sha.de\\\/pl\\\/news\\\/lensing-media-port-konwersja-na-speicherstrasse\"},\"author\":{\"name\":\"Judith Weitzel\",\"@id\":\"https:\\\/\\\/sha.de\\\/pl#\\\/schema\\\/person\\\/6d5fd32d5aa7872f1f9191b7244552c9\"},\"headline\":\"Lensing Media Port: konwersja na Speicherstrasse\",\"datePublished\":\"2022-02-11T08:56:57+00:00\",\"dateModified\":\"2024-09-23T14:57:45+00:00\",\"mainEntityOfPage\":{\"@id\":\"https:\\\/\\\/sha.de\\\/pl\\\/news\\\/lensing-media-port-konwersja-na-speicherstrasse\"},\"wordCount\":742,\"image\":{\"@id\":\"https:\\\/\\\/sha.de\\\/pl\\\/news\\\/lensing-media-port-konwersja-na-speicherstrasse#primaryimage\"},\"thumbnailUrl\":\"https:\\\/\\\/sha.de\\\/wp-content\\\/uploads\\\/210611_Persp-Speicherstrasse.jpg\",\"keywords\":[\"Wideo\",\"Budynek biurowy\",\"Biuro\",\"Planowanie\",\"Dortmund\",\"Budynek administracyjny\",\"Gastronomia\"],\"articleSection\":[\"Dortmund\",\"Administracja\"],\"inLanguage\":\"pl-PL\"},{\"@type\":\"WebPage\",\"@id\":\"https:\\\/\\\/sha.de\\\/pl\\\/news\\\/lensing-media-port-konwersja-na-speicherstrasse\",\"url\":\"https:\\\/\\\/sha.de\\\/pl\\\/news\\\/lensing-media-port-konwersja-na-speicherstrasse\",\"name\":\"Rekonstrukcja Speicherstra\u00dfe SHA Scheffler Helbich Architekten GmbH\",\"isPartOf\":{\"@id\":\"https:\\\/\\\/sha.de\\\/pl#website\"},\"primaryImageOfPage\":{\"@id\":\"https:\\\/\\\/sha.de\\\/pl\\\/news\\\/lensing-media-port-konwersja-na-speicherstrasse#primaryimage\"},\"image\":{\"@id\":\"https:\\\/\\\/sha.de\\\/pl\\\/news\\\/lensing-media-port-konwersja-na-speicherstrasse#primaryimage\"},\"thumbnailUrl\":\"https:\\\/\\\/sha.de\\\/wp-content\\\/uploads\\\/210611_Persp-Speicherstrasse.jpg\",\"datePublished\":\"2022-02-11T08:56:57+00:00\",\"dateModified\":\"2024-09-23T14:57:45+00:00\",\"author\":{\"@id\":\"https:\\\/\\\/sha.de\\\/pl#\\\/schema\\\/person\\\/6d5fd32d5aa7872f1f9191b7244552c9\"},\"description\":\"W porcie w Dortmundzie, dawny budynek magazynowy przy Speicherstrasse 2 staje si\u0119 \\\"Lensing Media Port\\\". Budynek jest obecnie przebudowywany.\",\"breadcrumb\":{\"@id\":\"https:\\\/\\\/sha.de\\\/pl\\\/news\\\/lensing-media-port-konwersja-na-speicherstrasse#breadcrumb\"},\"inLanguage\":\"pl-PL\",\"potentialAction\":[{\"@type\":\"ReadAction\",\"target\":[\"https:\\\/\\\/sha.de\\\/pl\\\/news\\\/lensing-media-port-konwersja-na-speicherstrasse\"]}]},{\"@type\":\"ImageObject\",\"inLanguage\":\"pl-PL\",\"@id\":\"https:\\\/\\\/sha.de\\\/pl\\\/news\\\/lensing-media-port-konwersja-na-speicherstrasse#primaryimage\",\"url\":\"https:\\\/\\\/sha.de\\\/wp-content\\\/uploads\\\/210611_Persp-Speicherstrasse.jpg\",\"contentUrl\":\"https:\\\/\\\/sha.de\\\/wp-content\\\/uploads\\\/210611_Persp-Speicherstrasse.jpg\",\"width\":2000,\"height\":1000},{\"@type\":\"BreadcrumbList\",\"@id\":\"https:\\\/\\\/sha.de\\\/pl\\\/news\\\/lensing-media-port-konwersja-na-speicherstrasse#breadcrumb\",\"itemListElement\":[{\"@type\":\"ListItem\",\"position\":1,\"name\":\"Startseite\",\"item\":\"https:\\\/\\\/sha.de\\\/pl\"},{\"@type\":\"ListItem\",\"position\":2,\"name\":\"Lensing Media Port: konwersja na Speicherstrasse\"}]},{\"@type\":\"WebSite\",\"@id\":\"https:\\\/\\\/sha.de\\\/pl#website\",\"url\":\"https:\\\/\\\/sha.de\\\/pl\",\"name\":\"SHA Scheffler Helbich Architekten GmbH\",\"description\":\"\",\"potentialAction\":[{\"@type\":\"SearchAction\",\"target\":{\"@type\":\"EntryPoint\",\"urlTemplate\":\"https:\\\/\\\/sha.de\\\/pl?s={search_term_string}\"},\"query-input\":{\"@type\":\"PropertyValueSpecification\",\"valueRequired\":true,\"valueName\":\"search_term_string\"}}],\"inLanguage\":\"pl-PL\"},{\"@type\":\"Person\",\"@id\":\"https:\\\/\\\/sha.de\\\/pl#\\\/schema\\\/person\\\/6d5fd32d5aa7872f1f9191b7244552c9\",\"name\":\"Judith Weitzel\",\"image\":{\"@type\":\"ImageObject\",\"inLanguage\":\"pl-PL\",\"@id\":\"https:\\\/\\\/secure.gravatar.com\\\/avatar\\\/c7dca018fdb593c021709193ddb78dc530485d187ec667fb2a0ae6c4097c9957?s=96&d=mm&r=g\",\"url\":\"https:\\\/\\\/secure.gravatar.com\\\/avatar\\\/c7dca018fdb593c021709193ddb78dc530485d187ec667fb2a0ae6c4097c9957?s=96&d=mm&r=g\",\"contentUrl\":\"https:\\\/\\\/secure.gravatar.com\\\/avatar\\\/c7dca018fdb593c021709193ddb78dc530485d187ec667fb2a0ae6c4097c9957?s=96&d=mm&r=g\",\"caption\":\"Judith Weitzel\"}}]}<\/script>\n<!-- \/ Yoast SEO plugin. -->","yoast_head_json":{"title":"Rekonstrukcja Speicherstra\u00dfe SHA Scheffler Helbich Architekten GmbH","description":"W porcie w Dortmundzie, dawny budynek magazynowy przy Speicherstrasse 2 staje si\u0119 \"Lensing Media Port\". Budynek jest obecnie przebudowywany.","robots":{"index":"index","follow":"follow","max-snippet":"max-snippet:-1","max-image-preview":"max-image-preview:large","max-video-preview":"max-video-preview:-1"},"canonical":"https:\/\/sha.de\/pl\/news\/lensing-media-port-konwersja-na-speicherstrasse","og_locale":"pl_PL","og_type":"article","og_title":"Rekonstrukcja Speicherstra\u00dfe SHA Scheffler Helbich Architekten GmbH","og_description":"W porcie w Dortmundzie, dawny budynek magazynowy przy Speicherstrasse 2 staje si\u0119 \"Lensing Media Port\". Budynek jest obecnie przebudowywany.","og_url":"https:\/\/sha.de\/pl\/news\/lensing-media-port-konwersja-na-speicherstrasse","og_site_name":"SHA Scheffler Helbich Architekten GmbH","article_published_time":"2022-02-11T08:56:57+00:00","article_modified_time":"2024-09-23T14:57:45+00:00","og_image":[{"width":2000,"height":1000,"url":"https:\/\/sha.de\/wp-content\/uploads\/210611_Persp-Speicherstrasse.jpg","type":"image\/jpeg"}],"author":"Judith Weitzel","twitter_card":"summary_large_image","twitter_misc":{"Napisane przez":"Judith Weitzel","Szacowany czas czytania":"5 minut"},"schema":{"@context":"https:\/\/schema.org","@graph":[{"@type":"Article","@id":"https:\/\/sha.de\/pl\/news\/lensing-media-port-konwersja-na-speicherstrasse#article","isPartOf":{"@id":"https:\/\/sha.de\/pl\/news\/lensing-media-port-konwersja-na-speicherstrasse"},"author":{"name":"Judith Weitzel","@id":"https:\/\/sha.de\/pl#\/schema\/person\/6d5fd32d5aa7872f1f9191b7244552c9"},"headline":"Lensing Media Port: konwersja na Speicherstrasse","datePublished":"2022-02-11T08:56:57+00:00","dateModified":"2024-09-23T14:57:45+00:00","mainEntityOfPage":{"@id":"https:\/\/sha.de\/pl\/news\/lensing-media-port-konwersja-na-speicherstrasse"},"wordCount":742,"image":{"@id":"https:\/\/sha.de\/pl\/news\/lensing-media-port-konwersja-na-speicherstrasse#primaryimage"},"thumbnailUrl":"https:\/\/sha.de\/wp-content\/uploads\/210611_Persp-Speicherstrasse.jpg","keywords":["Wideo","Budynek biurowy","Biuro","Planowanie","Dortmund","Budynek administracyjny","Gastronomia"],"articleSection":["Dortmund","Administracja"],"inLanguage":"pl-PL"},{"@type":"WebPage","@id":"https:\/\/sha.de\/pl\/news\/lensing-media-port-konwersja-na-speicherstrasse","url":"https:\/\/sha.de\/pl\/news\/lensing-media-port-konwersja-na-speicherstrasse","name":"Rekonstrukcja Speicherstra\u00dfe SHA Scheffler Helbich Architekten GmbH","isPartOf":{"@id":"https:\/\/sha.de\/pl#website"},"primaryImageOfPage":{"@id":"https:\/\/sha.de\/pl\/news\/lensing-media-port-konwersja-na-speicherstrasse#primaryimage"},"image":{"@id":"https:\/\/sha.de\/pl\/news\/lensing-media-port-konwersja-na-speicherstrasse#primaryimage"},"thumbnailUrl":"https:\/\/sha.de\/wp-content\/uploads\/210611_Persp-Speicherstrasse.jpg","datePublished":"2022-02-11T08:56:57+00:00","dateModified":"2024-09-23T14:57:45+00:00","author":{"@id":"https:\/\/sha.de\/pl#\/schema\/person\/6d5fd32d5aa7872f1f9191b7244552c9"},"description":"W porcie w Dortmundzie, dawny budynek magazynowy przy Speicherstrasse 2 staje si\u0119 \"Lensing Media Port\". Budynek jest obecnie przebudowywany.","breadcrumb":{"@id":"https:\/\/sha.de\/pl\/news\/lensing-media-port-konwersja-na-speicherstrasse#breadcrumb"},"inLanguage":"pl-PL","potentialAction":[{"@type":"ReadAction","target":["https:\/\/sha.de\/pl\/news\/lensing-media-port-konwersja-na-speicherstrasse"]}]},{"@type":"ImageObject","inLanguage":"pl-PL","@id":"https:\/\/sha.de\/pl\/news\/lensing-media-port-konwersja-na-speicherstrasse#primaryimage","url":"https:\/\/sha.de\/wp-content\/uploads\/210611_Persp-Speicherstrasse.jpg","contentUrl":"https:\/\/sha.de\/wp-content\/uploads\/210611_Persp-Speicherstrasse.jpg","width":2000,"height":1000},{"@type":"BreadcrumbList","@id":"https:\/\/sha.de\/pl\/news\/lensing-media-port-konwersja-na-speicherstrasse#breadcrumb","itemListElement":[{"@type":"ListItem","position":1,"name":"Startseite","item":"https:\/\/sha.de\/pl"},{"@type":"ListItem","position":2,"name":"Lensing Media Port: konwersja na Speicherstrasse"}]},{"@type":"WebSite","@id":"https:\/\/sha.de\/pl#website","url":"https:\/\/sha.de\/pl","name":"SHA Scheffler Helbich Architekten GmbH","description":"","potentialAction":[{"@type":"SearchAction","target":{"@type":"EntryPoint","urlTemplate":"https:\/\/sha.de\/pl?s={search_term_string}"},"query-input":{"@type":"PropertyValueSpecification","valueRequired":true,"valueName":"search_term_string"}}],"inLanguage":"pl-PL"},{"@type":"Person","@id":"https:\/\/sha.de\/pl#\/schema\/person\/6d5fd32d5aa7872f1f9191b7244552c9","name":"Judith Weitzel","image":{"@type":"ImageObject","inLanguage":"pl-PL","@id":"https:\/\/secure.gravatar.com\/avatar\/c7dca018fdb593c021709193ddb78dc530485d187ec667fb2a0ae6c4097c9957?s=96&d=mm&r=g","url":"https:\/\/secure.gravatar.com\/avatar\/c7dca018fdb593c021709193ddb78dc530485d187ec667fb2a0ae6c4097c9957?s=96&d=mm&r=g","contentUrl":"https:\/\/secure.gravatar.com\/avatar\/c7dca018fdb593c021709193ddb78dc530485d187ec667fb2a0ae6c4097c9957?s=96&d=mm&r=g","caption":"Judith Weitzel"}}]}},"_links":{"self":[{"href":"https:\/\/sha.de\/pl\/wp-json\/wp\/v2\/posts\/35499","targetHints":{"allow":["GET"]}}],"collection":[{"href":"https:\/\/sha.de\/pl\/wp-json\/wp\/v2\/posts"}],"about":[{"href":"https:\/\/sha.de\/pl\/wp-json\/wp\/v2\/types\/post"}],"author":[{"embeddable":true,"href":"https:\/\/sha.de\/pl\/wp-json\/wp\/v2\/users\/2"}],"replies":[{"embeddable":true,"href":"https:\/\/sha.de\/pl\/wp-json\/wp\/v2\/comments?post=35499"}],"version-history":[{"count":2,"href":"https:\/\/sha.de\/pl\/wp-json\/wp\/v2\/posts\/35499\/revisions"}],"predecessor-version":[{"id":49162,"href":"https:\/\/sha.de\/pl\/wp-json\/wp\/v2\/posts\/35499\/revisions\/49162"}],"wp:featuredmedia":[{"embeddable":true,"href":"https:\/\/sha.de\/pl\/wp-json\/wp\/v2\/media\/24570"}],"wp:attachment":[{"href":"https:\/\/sha.de\/pl\/wp-json\/wp\/v2\/media?parent=35499"}],"wp:term":[{"taxonomy":"category","embeddable":true,"href":"https:\/\/sha.de\/pl\/wp-json\/wp\/v2\/categories?post=35499"},{"taxonomy":"post_tag","embeddable":true,"href":"https:\/\/sha.de\/pl\/wp-json\/wp\/v2\/tags?post=35499"}],"curies":[{"name":"wp","href":"https:\/\/api.w.org\/{rel}","templated":true}]}}