{"id":36343,"date":"2020-04-09T14:02:19","date_gmt":"2020-04-09T12:02:19","guid":{"rendered":"https:\/\/sha.de\/aktuelles\/sha-jest-zaangazowana-w-procesy-logistyczne-od-dziesiecioleci"},"modified":"2024-09-23T16:59:53","modified_gmt":"2024-09-23T14:59:53","slug":"sha-jest-zaangazowana-w-procesy-logistyczne-od-dziesiecioleci","status":"publish","type":"post","link":"https:\/\/sha.de\/pl\/news\/sha-jest-zaangazowana-w-procesy-logistyczne-od-dziesiecioleci","title":{"rendered":"&#8222;SHA jest zaanga\u017cowana w procesy logistyczne od dziesi\u0119cioleci&#8221;"},"content":{"rendered":"<div id='av_section_1' class='avia-section main_color pt-default pb-default avia-no-border-styling avia-bg-style-scroll  avia-builder-el-0  el_before_pixel_sc_slickgallery  avia-builder-el-first   container_wrap fullsize' style=' '  ><div class='container' ><main  role=\"main\" itemprop=\"mainContentOfPage\"  class='template-page content  av-content-full alpha units'><div class='post-entry post-entry-type-page post-entry-36343'><div class='entry-content-wrapper clearfix'>\n\n\t\t\t<div id=\"av-k1hoeuzj\" class=\"headline-column flex_column av_one_full flex_column_div first \">\n\t\t\t\t<div class=\"headline-wrap is-outside align-left sub-bottom\">\n\t\t\t\t\t<h1 class=\"headline-content headline-primary\">&quot;SHA jest zaanga\u017cowana w procesy logistyczne od dziesi\u0119cioleci&quot;<\/h1>\n\t\t\t\t\t<h3 class=\"headline-content headline-secondary\">Wywiad z Christophem Helbichem  <\/h3>\n\t\t\t\t<\/div>\n\t\t\t<\/div>\n<div class=\"flex_column av_one_third  flex_column_div av-zero-column-padding first       avia-builder-el-2  el_after_pixel_sc_headline  el_before_av_one_third  \"><section  class='av_textblock_section av-10u9i-2145f984be230f5ffabcafbaea6790df '   itemscope=\"itemscope\" itemtype=\"https:\/\/schema.org\/BlogPosting\" itemprop=\"blogPost\" ><div class='avia_textblock'  itemprop=\"text\" ><p>Christoph Helbich, Partner Zarz\u0105dzaj\u0105cy, opowiada o us\u0142ugach firmy SHA Scheffler Helbich Architekten GmbH w dziedzinie logistyki. Nasze biuro architektoniczne posiada wieloletnie do\u015bwiadczenie w bran\u017cy.<\/p>\n<p><strong><em>W czasach Corony \u017cycie publiczne staje w miejscu. Poza supermarketami, drogeriami i aptekami prawie \u017cadne sklepy nie s\u0105 jeszcze otwarte. Poniewa\u017c dostawa list\u00f3w i paczek jest gwarantowana, ro\u015bnie liczba zam\u00f3wie\u0144 online. Jaka jest pierwsza rzecz, kt\u00f3ra przychodzi Panu na my\u015bl?<\/em><br \/>\n<\/strong><\/p>\n<p>Christoph Helbich: &#8222;Jako biuro planowania, SHA jest zaanga\u017cowane w procesy logistyczne od dziesi\u0119cioleci. Obecna ekstremalna sytuacja naturalnie sprawia, \u017ce szybki rozw\u00f3j handlu detalicznego online jest szczeg\u00f3lnie widoczny. Zasadniczo jednak od wielu lat obserwujemy, jak przep\u0142yw towar\u00f3w zwielokrotni\u0142 si\u0119 dzi\u0119ki sile rynkowej du\u017cych graczy, takich jak Zalando czy Amazon. Jednocze\u015bnie czas dostawy i produkcji staje si\u0119 coraz kr\u00f3tszy&#8221;.<\/p>\n<p><em><strong>Klient zamawia dzisiaj i chce mie\u0107 sw\u00f3j produkt w r\u0119kach nast\u0119pnego dnia, je\u015bli to mo\u017cliwe.<\/strong><\/em><\/p>\n<p>&#8222;Dok\u0142adnie, w normalnych czasach sta\u0142o si\u0119 to standardem &#8211; je\u015bli nie norm\u0105. <span class=\"st\"><em>dostawa tego samego dnia<\/em><\/span> jest wymagana. Dotyczy to w szczeg\u00f3lno\u015bci konsument\u00f3w ko\u0144cowych, ale tak\u017ce klient\u00f3w B2B&#8221;.<\/p>\n<\/div><\/section><\/div><div class=\"flex_column av_one_third  flex_column_div av-zero-column-padding        avia-builder-el-4  el_after_av_one_third  el_before_av_one_third  \"><section  class='av_textblock_section av-10u9i-3-5b5e07351f2699881614bf8e68531ecf '   itemscope=\"itemscope\" itemtype=\"https:\/\/schema.org\/BlogPosting\" itemprop=\"blogPost\" ><div class='avia_textblock'  itemprop=\"text\" ><p><em><strong>Przejd\u017amy do architektury: co to oznacza dla us\u0142ug planistycznych SHA?<\/strong><\/em><\/p>\n<p>&#8222;Planujemy na przyk\u0142ad magazyny, a nast\u0119pnie projektujemy ca\u0142\u0105 logistyk\u0119 budynku wsp\u00f3lnie z naszymi klientami. Opr\u00f3cz inteligentnej logistyki tras, wymaga to jasno zorganizowanego systemu dostaw, magazynowania, kompletacji i wysy\u0142ki&#8221;.<\/p>\n<p><em><strong>Prosz\u0119 zabra\u0107 nas w podr\u00f3\u017c przez histori\u0119 firmy&#8230;<\/strong><\/em><\/p>\n<p>&#8222;Zasadniczo biuro SHA ma swoje korzenie w logistyce, poniewa\u017c wywodzimy si\u0119 z <span style=\"text-decoration: underline;\"><a href=\"https:\/\/sha.de\/pl\/biuro-architektoniczne-sklep-budowlany-i-handel-materialami-budowlanymi\">handlu materia\u0142ami budowlanymi<\/a><\/span> handlu. Wspieramy firmy hagebau i Eurobaustoff od ponad czterdziestu lat. Zaplanowali\u015bmy i zrealizowali\u015bmy ju\u017c du\u017ce magazyny centralne dla hagebau w Herten i dla Eurobaustoff w Sittensen, w tym r\u00f3\u017cne rozbudowy na przestrzeni lat. Dlatego nasi klienci wci\u0105\u017c do nas wracaj\u0105 &#8211; to mi\u0142e potwierdzenie naszej pracy! Inny przyk\u0142ad: zbudowali\u015bmy centrum dystrybucyjne dla UPS w Herne&#8221;.<\/p>\n<p><em><strong>Czy ma Pan obecnie na my\u015bli konkretny projekt?<\/strong><\/em><\/p>\n<p>&#8222;Tak, obecnie realizujemy nowy magazyn centralny dla Jordan w Kassel.<\/p>\n<\/div><\/section><\/div><div class=\"flex_column av_one_third  flex_column_div av-zero-column-padding        avia-builder-el-6  el_after_av_one_third  avia-builder-el-last  \"><section  class='av_textblock_section av-10u9i-1-2de47ef8c934b7101c92f72cae42f28d '   itemscope=\"itemscope\" itemtype=\"https:\/\/schema.org\/BlogPosting\" itemprop=\"blogPost\" ><div class='avia_textblock'  itemprop=\"text\" ><p>Jordan oferuje swoim profesjonalnym klientom z sektora B2B 2 miliony metr\u00f3w kwadratowych pod\u0142\u00f3g. Ka\u017cde zam\u00f3wienie otrzymane do godziny 16:00 jest dostarczane nast\u0119pnego dnia roboczego z centrum dystrybucyjnego w Kassel do jednego z ponad 60 oddzia\u0142\u00f3w w ca\u0142ym regionie parasolowym.<\/p>\n<p>SHA odpowiedzia\u0142a na potrzeby klienta i zaprojektowa\u0142a magazyn centralny w taki spos\u00f3b, \u017ce mo\u017cna by\u0142o na przyk\u0142ad zrezygnowa\u0107 z rozbudowanego systemu tryskaczy. \u0141\u0105cznie m\u00f3wimy o ponad 20 000 m\u00b2 powierzchni magazynowej i logistycznej&#8221;.<\/p>\n<p><em><strong>Niezale\u017cnie od wyj\u0105tkowej sytuacji zwi\u0105zanej z koronawirusem, jak Pana zdaniem bran\u017ca b\u0119dzie si\u0119 nadal rozwija\u0107?<\/strong><\/em><\/p>\n<p>&#8222;Oczywi\u015bcie coraz mniejsze zdecentralizowane magazyny s\u0105 zawsze potrzebne. Szczeg\u00f3lnym wyzwaniem pozostaje kwestia tego, w jaki spos\u00f3b mo\u017cna zarz\u0105dza\u0107 tak zwan\u0105 <em>ostatni\u0105 mil\u0105<\/em> &#8211; tj. transportem do drzwi wej\u015bciowych klienta &#8211; za pomoc\u0105 inteligentnego planowania tras&#8221;.<\/p>\n<p><em><strong>Dzi\u0119kuj\u0119 bardzo za wywiad!<\/strong><\/em><\/p>\n<\/div><\/section><\/div><\/div><\/div><\/main><!-- close content main element --><\/div><\/div><div id='after_section_1' class='main_color av_default_container_wrap container_wrap fullsize' style=' '  ><div class='container' ><div class='template-page content  av-content-full alpha units'><div class='post-entry post-entry-type-page post-entry-36343'><div class='entry-content-wrapper clearfix'><div class=\"slickgallery no-nav\">\n\t<div class=\"pixel-slide-wrap\">\n\t\t<div class=\"pixel-slide\" style=\"display: block; width: 100%; float: left;\">\n\t\t\t\t\n\t\t\t\t\t\t\t\t\t\t\t\t\t\n\t\t\t\t\t<div class=\"pixel-slide__image-wrap slide-1\">\n\t\t\t\t\t\t\t<div class=\"pixel-slide__image \"><a href=\"https:\/\/sha.de\/wp-content\/uploads\/Christoph_Helbich_Farbe-5-Kopie.jpg\" rel=\"lightbox\"><img decoding=\"async\" src=\"https:\/\/sha.de\/wp-content\/uploads\/Christoph_Helbich_Farbe-5-Kopie-706x368.jpg\" alt=\"Christoph Helbich Farbe 5 Kopie\" title=\"Christoph Helbich Farbe 5 Kopie\"><\/a><\/div>\n\t\t\t\t\t<\/div>\n\t\t\t\t\n\t\t\t\t\t\t\t\t\t\t\t\t\t\n\t\t\t\t\t<div class=\"pixel-slide__image-wrap slide-2\">\n\t\t\t\t\t\t\t<div class=\"pixel-slide__image \"><a href=\"https:\/\/sha.de\/wp-content\/uploads\/Leistungen_R\u00fcckschau.jpg\" rel=\"lightbox\"><img decoding=\"async\" src=\"https:\/\/sha.de\/wp-content\/uploads\/Leistungen_R\u00fcckschau-706x368.jpg\" alt=\"Leistungen R\u00fcckschau\" title=\"Leistungen R\u00fcckschau\"><\/a><\/div>\n\t\t\t\t\t<\/div>\n\t\t\t\t\n\t\t\t\t\t\t\t\t\t\t\t\t\t\n\t\t\t\t\t<div class=\"pixel-slide__image-wrap slide-3\">\n\t\t\t\t\t\t\t<div class=\"pixel-slide__image \"><a href=\"https:\/\/sha.de\/wp-content\/uploads\/buero2-F\u00fcllfoto.jpg\" rel=\"lightbox\"><img decoding=\"async\" src=\"https:\/\/sha.de\/wp-content\/uploads\/buero2-F\u00fcllfoto-706x368.jpg\" alt=\"Buero2 F\u00fcllfoto\" title=\"Buero2 F\u00fcllfoto\"><\/a><\/div>\n\t\t\t\t\t<\/div>\n\t\t\t\t\t\t<\/div>\n\t<\/div>\n<\/div>\n<\/p>\n","protected":false},"excerpt":{"rendered":"<p>Christoph Helbich, Partner Zarz\u0105dzaj\u0105cy, opowiada w wywiadzie o us\u0142ugach firmy SHA Scheffler Helbich Architekten GmbH w dziedzinie logistyki.  <\/p>\n","protected":false},"author":2,"featured_media":19056,"comment_status":"closed","ping_status":"closed","sticky":false,"template":"","format":"standard","meta":{"_acf_changed":false,"content-type":"","footnotes":""},"categories":[529,871],"tags":[1013,1032,1058,1108],"class_list":["post-36343","post","type-post","status-publish","format-standard","has-post-thumbnail","hentry","category-bez-kategorii","category-nasze-uslugi","tag-sha-pl","tag-wywiad","tag-dortmund-pl","tag-christoph-helbich-pl"],"acf":[],"yoast_head":"<!-- This site is optimized with the Yoast SEO plugin v27.4 - https:\/\/yoast.com\/product\/yoast-seo-wordpress\/ -->\n<title>&quot;SHA jest zaanga\u017cowana w procesy logistyczne od dziesi\u0119cioleci&quot; - SHA Scheffler Helbich Architekten GmbH<\/title>\n<meta name=\"description\" content=\"Christoph Helbich, Partner Zarz\u0105dzaj\u0105cy, opowiada w wywiadzie o us\u0142ugach firmy SHA Scheffler Helbich Architekten w dziedzinie logistyki.\" \/>\n<meta name=\"robots\" content=\"index, follow, max-snippet:-1, max-image-preview:large, max-video-preview:-1\" \/>\n<link rel=\"canonical\" href=\"https:\/\/sha.de\/pl\/news\/sha-jest-zaangazowana-w-procesy-logistyczne-od-dziesiecioleci\" \/>\n<meta property=\"og:locale\" content=\"pl_PL\" \/>\n<meta property=\"og:type\" content=\"article\" \/>\n<meta property=\"og:title\" content=\"&quot;SHA jest zaanga\u017cowana w procesy logistyczne od dziesi\u0119cioleci&quot; - SHA Scheffler Helbich Architekten GmbH\" \/>\n<meta property=\"og:description\" content=\"Christoph Helbich, Partner Zarz\u0105dzaj\u0105cy, opowiada w wywiadzie o us\u0142ugach firmy SHA Scheffler Helbich Architekten w dziedzinie logistyki.\" \/>\n<meta property=\"og:url\" content=\"https:\/\/sha.de\/pl\/news\/sha-jest-zaangazowana-w-procesy-logistyczne-od-dziesiecioleci\" \/>\n<meta property=\"og:site_name\" content=\"SHA Scheffler Helbich Architekten GmbH\" \/>\n<meta property=\"article:published_time\" content=\"2020-04-09T12:02:19+00:00\" \/>\n<meta property=\"article:modified_time\" content=\"2024-09-23T14:59:53+00:00\" \/>\n<meta property=\"og:image\" content=\"https:\/\/sha.de\/wp-content\/uploads\/Christoph_Helbich_Farbe-5-Kopie.jpg\" \/>\n\t<meta property=\"og:image:width\" content=\"1024\" \/>\n\t<meta property=\"og:image:height\" content=\"683\" \/>\n\t<meta property=\"og:image:type\" content=\"image\/jpeg\" \/>\n<meta name=\"author\" content=\"Judith Weitzel\" \/>\n<meta name=\"twitter:card\" content=\"summary_large_image\" \/>\n<meta name=\"twitter:label1\" content=\"Napisane przez\" \/>\n\t<meta name=\"twitter:data1\" content=\"Judith Weitzel\" \/>\n\t<meta name=\"twitter:label2\" content=\"Szacowany czas czytania\" \/>\n\t<meta name=\"twitter:data2\" content=\"6 minut\" \/>\n<script type=\"application\/ld+json\" class=\"yoast-schema-graph\">{\"@context\":\"https:\\\/\\\/schema.org\",\"@graph\":[{\"@type\":\"Article\",\"@id\":\"https:\\\/\\\/sha.de\\\/pl\\\/news\\\/sha-jest-zaangazowana-w-procesy-logistyczne-od-dziesiecioleci#article\",\"isPartOf\":{\"@id\":\"https:\\\/\\\/sha.de\\\/pl\\\/news\\\/sha-jest-zaangazowana-w-procesy-logistyczne-od-dziesiecioleci\"},\"author\":{\"name\":\"Judith Weitzel\",\"@id\":\"https:\\\/\\\/sha.de\\\/pl#\\\/schema\\\/person\\\/6d5fd32d5aa7872f1f9191b7244552c9\"},\"headline\":\"&#8222;SHA jest zaanga\u017cowana w procesy logistyczne od dziesi\u0119cioleci&#8221;\",\"datePublished\":\"2020-04-09T12:02:19+00:00\",\"dateModified\":\"2024-09-23T14:59:53+00:00\",\"mainEntityOfPage\":{\"@id\":\"https:\\\/\\\/sha.de\\\/pl\\\/news\\\/sha-jest-zaangazowana-w-procesy-logistyczne-od-dziesiecioleci\"},\"wordCount\":1040,\"image\":{\"@id\":\"https:\\\/\\\/sha.de\\\/pl\\\/news\\\/sha-jest-zaangazowana-w-procesy-logistyczne-od-dziesiecioleci#primaryimage\"},\"thumbnailUrl\":\"https:\\\/\\\/sha.de\\\/wp-content\\\/uploads\\\/Christoph_Helbich_Farbe-5-Kopie.jpg\",\"keywords\":[\"SHA\",\"Wywiad\",\"Dortmund\",\"Christoph Helbich\"],\"articleSection\":{\"1\":\"Nasze us\u0142ugi\"},\"inLanguage\":\"pl-PL\"},{\"@type\":\"WebPage\",\"@id\":\"https:\\\/\\\/sha.de\\\/pl\\\/news\\\/sha-jest-zaangazowana-w-procesy-logistyczne-od-dziesiecioleci\",\"url\":\"https:\\\/\\\/sha.de\\\/pl\\\/news\\\/sha-jest-zaangazowana-w-procesy-logistyczne-od-dziesiecioleci\",\"name\":\"\\\"SHA jest zaanga\u017cowana w procesy logistyczne od dziesi\u0119cioleci\\\" - SHA Scheffler Helbich Architekten GmbH\",\"isPartOf\":{\"@id\":\"https:\\\/\\\/sha.de\\\/pl#website\"},\"primaryImageOfPage\":{\"@id\":\"https:\\\/\\\/sha.de\\\/pl\\\/news\\\/sha-jest-zaangazowana-w-procesy-logistyczne-od-dziesiecioleci#primaryimage\"},\"image\":{\"@id\":\"https:\\\/\\\/sha.de\\\/pl\\\/news\\\/sha-jest-zaangazowana-w-procesy-logistyczne-od-dziesiecioleci#primaryimage\"},\"thumbnailUrl\":\"https:\\\/\\\/sha.de\\\/wp-content\\\/uploads\\\/Christoph_Helbich_Farbe-5-Kopie.jpg\",\"datePublished\":\"2020-04-09T12:02:19+00:00\",\"dateModified\":\"2024-09-23T14:59:53+00:00\",\"author\":{\"@id\":\"https:\\\/\\\/sha.de\\\/pl#\\\/schema\\\/person\\\/6d5fd32d5aa7872f1f9191b7244552c9\"},\"description\":\"Christoph Helbich, Partner Zarz\u0105dzaj\u0105cy, opowiada w wywiadzie o us\u0142ugach firmy SHA Scheffler Helbich Architekten w dziedzinie logistyki.\",\"breadcrumb\":{\"@id\":\"https:\\\/\\\/sha.de\\\/pl\\\/news\\\/sha-jest-zaangazowana-w-procesy-logistyczne-od-dziesiecioleci#breadcrumb\"},\"inLanguage\":\"pl-PL\",\"potentialAction\":[{\"@type\":\"ReadAction\",\"target\":[\"https:\\\/\\\/sha.de\\\/pl\\\/news\\\/sha-jest-zaangazowana-w-procesy-logistyczne-od-dziesiecioleci\"]}]},{\"@type\":\"ImageObject\",\"inLanguage\":\"pl-PL\",\"@id\":\"https:\\\/\\\/sha.de\\\/pl\\\/news\\\/sha-jest-zaangazowana-w-procesy-logistyczne-od-dziesiecioleci#primaryimage\",\"url\":\"https:\\\/\\\/sha.de\\\/wp-content\\\/uploads\\\/Christoph_Helbich_Farbe-5-Kopie.jpg\",\"contentUrl\":\"https:\\\/\\\/sha.de\\\/wp-content\\\/uploads\\\/Christoph_Helbich_Farbe-5-Kopie.jpg\",\"width\":1024,\"height\":683},{\"@type\":\"BreadcrumbList\",\"@id\":\"https:\\\/\\\/sha.de\\\/pl\\\/news\\\/sha-jest-zaangazowana-w-procesy-logistyczne-od-dziesiecioleci#breadcrumb\",\"itemListElement\":[{\"@type\":\"ListItem\",\"position\":1,\"name\":\"Startseite\",\"item\":\"https:\\\/\\\/sha.de\\\/pl\"},{\"@type\":\"ListItem\",\"position\":2,\"name\":\"&#8222;SHA jest zaanga\u017cowana w procesy logistyczne od dziesi\u0119cioleci&#8221;\"}]},{\"@type\":\"WebSite\",\"@id\":\"https:\\\/\\\/sha.de\\\/pl#website\",\"url\":\"https:\\\/\\\/sha.de\\\/pl\",\"name\":\"SHA Scheffler Helbich Architekten GmbH\",\"description\":\"\",\"potentialAction\":[{\"@type\":\"SearchAction\",\"target\":{\"@type\":\"EntryPoint\",\"urlTemplate\":\"https:\\\/\\\/sha.de\\\/pl?s={search_term_string}\"},\"query-input\":{\"@type\":\"PropertyValueSpecification\",\"valueRequired\":true,\"valueName\":\"search_term_string\"}}],\"inLanguage\":\"pl-PL\"},{\"@type\":\"Person\",\"@id\":\"https:\\\/\\\/sha.de\\\/pl#\\\/schema\\\/person\\\/6d5fd32d5aa7872f1f9191b7244552c9\",\"name\":\"Judith Weitzel\",\"image\":{\"@type\":\"ImageObject\",\"inLanguage\":\"pl-PL\",\"@id\":\"https:\\\/\\\/secure.gravatar.com\\\/avatar\\\/c7dca018fdb593c021709193ddb78dc530485d187ec667fb2a0ae6c4097c9957?s=96&d=mm&r=g\",\"url\":\"https:\\\/\\\/secure.gravatar.com\\\/avatar\\\/c7dca018fdb593c021709193ddb78dc530485d187ec667fb2a0ae6c4097c9957?s=96&d=mm&r=g\",\"contentUrl\":\"https:\\\/\\\/secure.gravatar.com\\\/avatar\\\/c7dca018fdb593c021709193ddb78dc530485d187ec667fb2a0ae6c4097c9957?s=96&d=mm&r=g\",\"caption\":\"Judith Weitzel\"}}]}<\/script>\n<!-- \/ Yoast SEO plugin. -->","yoast_head_json":{"title":"\"SHA jest zaanga\u017cowana w procesy logistyczne od dziesi\u0119cioleci\" - SHA Scheffler Helbich Architekten GmbH","description":"Christoph Helbich, Partner Zarz\u0105dzaj\u0105cy, opowiada w wywiadzie o us\u0142ugach firmy SHA Scheffler Helbich Architekten w dziedzinie logistyki.","robots":{"index":"index","follow":"follow","max-snippet":"max-snippet:-1","max-image-preview":"max-image-preview:large","max-video-preview":"max-video-preview:-1"},"canonical":"https:\/\/sha.de\/pl\/news\/sha-jest-zaangazowana-w-procesy-logistyczne-od-dziesiecioleci","og_locale":"pl_PL","og_type":"article","og_title":"\"SHA jest zaanga\u017cowana w procesy logistyczne od dziesi\u0119cioleci\" - SHA Scheffler Helbich Architekten GmbH","og_description":"Christoph Helbich, Partner Zarz\u0105dzaj\u0105cy, opowiada w wywiadzie o us\u0142ugach firmy SHA Scheffler Helbich Architekten w dziedzinie logistyki.","og_url":"https:\/\/sha.de\/pl\/news\/sha-jest-zaangazowana-w-procesy-logistyczne-od-dziesiecioleci","og_site_name":"SHA Scheffler Helbich Architekten GmbH","article_published_time":"2020-04-09T12:02:19+00:00","article_modified_time":"2024-09-23T14:59:53+00:00","og_image":[{"width":1024,"height":683,"url":"https:\/\/sha.de\/wp-content\/uploads\/Christoph_Helbich_Farbe-5-Kopie.jpg","type":"image\/jpeg"}],"author":"Judith Weitzel","twitter_card":"summary_large_image","twitter_misc":{"Napisane przez":"Judith Weitzel","Szacowany czas czytania":"6 minut"},"schema":{"@context":"https:\/\/schema.org","@graph":[{"@type":"Article","@id":"https:\/\/sha.de\/pl\/news\/sha-jest-zaangazowana-w-procesy-logistyczne-od-dziesiecioleci#article","isPartOf":{"@id":"https:\/\/sha.de\/pl\/news\/sha-jest-zaangazowana-w-procesy-logistyczne-od-dziesiecioleci"},"author":{"name":"Judith Weitzel","@id":"https:\/\/sha.de\/pl#\/schema\/person\/6d5fd32d5aa7872f1f9191b7244552c9"},"headline":"&#8222;SHA jest zaanga\u017cowana w procesy logistyczne od dziesi\u0119cioleci&#8221;","datePublished":"2020-04-09T12:02:19+00:00","dateModified":"2024-09-23T14:59:53+00:00","mainEntityOfPage":{"@id":"https:\/\/sha.de\/pl\/news\/sha-jest-zaangazowana-w-procesy-logistyczne-od-dziesiecioleci"},"wordCount":1040,"image":{"@id":"https:\/\/sha.de\/pl\/news\/sha-jest-zaangazowana-w-procesy-logistyczne-od-dziesiecioleci#primaryimage"},"thumbnailUrl":"https:\/\/sha.de\/wp-content\/uploads\/Christoph_Helbich_Farbe-5-Kopie.jpg","keywords":["SHA","Wywiad","Dortmund","Christoph Helbich"],"articleSection":{"1":"Nasze us\u0142ugi"},"inLanguage":"pl-PL"},{"@type":"WebPage","@id":"https:\/\/sha.de\/pl\/news\/sha-jest-zaangazowana-w-procesy-logistyczne-od-dziesiecioleci","url":"https:\/\/sha.de\/pl\/news\/sha-jest-zaangazowana-w-procesy-logistyczne-od-dziesiecioleci","name":"\"SHA jest zaanga\u017cowana w procesy logistyczne od dziesi\u0119cioleci\" - SHA Scheffler Helbich Architekten GmbH","isPartOf":{"@id":"https:\/\/sha.de\/pl#website"},"primaryImageOfPage":{"@id":"https:\/\/sha.de\/pl\/news\/sha-jest-zaangazowana-w-procesy-logistyczne-od-dziesiecioleci#primaryimage"},"image":{"@id":"https:\/\/sha.de\/pl\/news\/sha-jest-zaangazowana-w-procesy-logistyczne-od-dziesiecioleci#primaryimage"},"thumbnailUrl":"https:\/\/sha.de\/wp-content\/uploads\/Christoph_Helbich_Farbe-5-Kopie.jpg","datePublished":"2020-04-09T12:02:19+00:00","dateModified":"2024-09-23T14:59:53+00:00","author":{"@id":"https:\/\/sha.de\/pl#\/schema\/person\/6d5fd32d5aa7872f1f9191b7244552c9"},"description":"Christoph Helbich, Partner Zarz\u0105dzaj\u0105cy, opowiada w wywiadzie o us\u0142ugach firmy SHA Scheffler Helbich Architekten w dziedzinie logistyki.","breadcrumb":{"@id":"https:\/\/sha.de\/pl\/news\/sha-jest-zaangazowana-w-procesy-logistyczne-od-dziesiecioleci#breadcrumb"},"inLanguage":"pl-PL","potentialAction":[{"@type":"ReadAction","target":["https:\/\/sha.de\/pl\/news\/sha-jest-zaangazowana-w-procesy-logistyczne-od-dziesiecioleci"]}]},{"@type":"ImageObject","inLanguage":"pl-PL","@id":"https:\/\/sha.de\/pl\/news\/sha-jest-zaangazowana-w-procesy-logistyczne-od-dziesiecioleci#primaryimage","url":"https:\/\/sha.de\/wp-content\/uploads\/Christoph_Helbich_Farbe-5-Kopie.jpg","contentUrl":"https:\/\/sha.de\/wp-content\/uploads\/Christoph_Helbich_Farbe-5-Kopie.jpg","width":1024,"height":683},{"@type":"BreadcrumbList","@id":"https:\/\/sha.de\/pl\/news\/sha-jest-zaangazowana-w-procesy-logistyczne-od-dziesiecioleci#breadcrumb","itemListElement":[{"@type":"ListItem","position":1,"name":"Startseite","item":"https:\/\/sha.de\/pl"},{"@type":"ListItem","position":2,"name":"&#8222;SHA jest zaanga\u017cowana w procesy logistyczne od dziesi\u0119cioleci&#8221;"}]},{"@type":"WebSite","@id":"https:\/\/sha.de\/pl#website","url":"https:\/\/sha.de\/pl","name":"SHA Scheffler Helbich Architekten GmbH","description":"","potentialAction":[{"@type":"SearchAction","target":{"@type":"EntryPoint","urlTemplate":"https:\/\/sha.de\/pl?s={search_term_string}"},"query-input":{"@type":"PropertyValueSpecification","valueRequired":true,"valueName":"search_term_string"}}],"inLanguage":"pl-PL"},{"@type":"Person","@id":"https:\/\/sha.de\/pl#\/schema\/person\/6d5fd32d5aa7872f1f9191b7244552c9","name":"Judith Weitzel","image":{"@type":"ImageObject","inLanguage":"pl-PL","@id":"https:\/\/secure.gravatar.com\/avatar\/c7dca018fdb593c021709193ddb78dc530485d187ec667fb2a0ae6c4097c9957?s=96&d=mm&r=g","url":"https:\/\/secure.gravatar.com\/avatar\/c7dca018fdb593c021709193ddb78dc530485d187ec667fb2a0ae6c4097c9957?s=96&d=mm&r=g","contentUrl":"https:\/\/secure.gravatar.com\/avatar\/c7dca018fdb593c021709193ddb78dc530485d187ec667fb2a0ae6c4097c9957?s=96&d=mm&r=g","caption":"Judith Weitzel"}}]}},"_links":{"self":[{"href":"https:\/\/sha.de\/pl\/wp-json\/wp\/v2\/posts\/36343","targetHints":{"allow":["GET"]}}],"collection":[{"href":"https:\/\/sha.de\/pl\/wp-json\/wp\/v2\/posts"}],"about":[{"href":"https:\/\/sha.de\/pl\/wp-json\/wp\/v2\/types\/post"}],"author":[{"embeddable":true,"href":"https:\/\/sha.de\/pl\/wp-json\/wp\/v2\/users\/2"}],"replies":[{"embeddable":true,"href":"https:\/\/sha.de\/pl\/wp-json\/wp\/v2\/comments?post=36343"}],"version-history":[{"count":8,"href":"https:\/\/sha.de\/pl\/wp-json\/wp\/v2\/posts\/36343\/revisions"}],"predecessor-version":[{"id":50302,"href":"https:\/\/sha.de\/pl\/wp-json\/wp\/v2\/posts\/36343\/revisions\/50302"}],"wp:featuredmedia":[{"embeddable":true,"href":"https:\/\/sha.de\/pl\/wp-json\/wp\/v2\/media\/19056"}],"wp:attachment":[{"href":"https:\/\/sha.de\/pl\/wp-json\/wp\/v2\/media?parent=36343"}],"wp:term":[{"taxonomy":"category","embeddable":true,"href":"https:\/\/sha.de\/pl\/wp-json\/wp\/v2\/categories?post=36343"},{"taxonomy":"post_tag","embeddable":true,"href":"https:\/\/sha.de\/pl\/wp-json\/wp\/v2\/tags?post=36343"}],"curies":[{"name":"wp","href":"https:\/\/api.w.org\/{rel}","templated":true}]}}