{"id":32474,"date":"2022-04-01T09:06:54","date_gmt":"2022-04-01T07:06:54","guid":{"rendered":"https:\/\/sha.de\/aktuelles\/expansao-da-gestao"},"modified":"2024-09-23T16:52:03","modified_gmt":"2024-09-23T14:52:03","slug":"expansao-da-gestao","status":"publish","type":"post","link":"https:\/\/sha.de\/pt-pt\/news\/expansao-da-gestao","title":{"rendered":"Expans\u00e3o da gest\u00e3o"},"content":{"rendered":"<div id='av_section_1' class='avia-section main_color pt-default pb-default avia-no-border-styling avia-bg-style-scroll  avia-builder-el-0  avia-builder-el-no-sibling   container_wrap fullsize' style=' '  ><div class='container' ><main  role=\"main\" itemprop=\"mainContentOfPage\"  class='template-page content  av-content-full alpha units'><div class='post-entry post-entry-type-page post-entry-32474'><div class='entry-content-wrapper clearfix'>\n\n\t\t\t<div id=\"av-k1hoeuzj\" class=\"headline-column flex_column av_one_full flex_column_div first \">\n\t\t\t\t<div class=\"headline-wrap is-outside align-left sub-bottom\">\n\t\t\t\t\t<h1 class=\"headline-content headline-primary\">Expans\u00e3o da gest\u00e3o<\/h1>\n\t\t\t\t\t<h3 class=\"headline-content headline-secondary\">Jens Beele e Christoph Helbich formam a nova dupla de dire\u00e7\u00e3o da SHA Scheffler Helbich Architekten GmbH<\/h3>\n\t\t\t\t<\/div>\n\t\t\t<\/div>\n<div class=\"flex_column av_one_third  flex_column_div av-zero-column-padding first bg-default      avia-builder-el-2  el_after_pixel_sc_headline  el_before_av_one_third  \"><section  class='av_textblock_section av-k5pfdfmq-75eeeeace81604f9741c5e0bb23a16ef '   itemscope=\"itemscope\" itemtype=\"https:\/\/schema.org\/BlogPosting\" itemprop=\"blogPost\" ><div class='avia_textblock'  itemprop=\"text\" ><p>O gabinete de arquitetura SHA Scheffler Helbich Architekten GmbH amplia a sua equipa de gest\u00e3o de topo: Jens Beele, engenheiro civil, signat\u00e1rio autorizado de longa data e chefe de equipa de gest\u00e3o de constru\u00e7\u00e3o, junta-se \u00e0 equipa de gest\u00e3o SHA com efeito imediato. Juntamente com o s\u00f3cio-gerente Dipl.-Ing. Architekt BDA Christoph Helbich, forma a nova dupla de dire\u00e7\u00e3o do gabinete de planeamento de Dortmund. A distribui\u00e7\u00e3o da responsabilidade de gest\u00e3o por ombros mais alargados tem como objetivo refor\u00e7ar a base de conhecimentos na empresa e, ao mesmo tempo, criar espa\u00e7o para um crescimento saud\u00e1vel e para a inova\u00e7\u00e3o.<\/p>\n<p>&#8220;Estou muito ansioso pelo novo cargo&#8221;, afirma Jens Beele, que trabalha para a SHA desde 2009 e conhece o escrit\u00f3rio por dentro. O homem de a\u00e7\u00e3o com uma vis\u00e3o global traz para a equipa de gest\u00e3o os seus muitos anos de experi\u00eancia profissional na <a href=\"https:\/\/sha.de\/pt-pt\/servicos\/realizacao\">gest\u00e3o da constru\u00e7\u00e3o<\/a> e, por conseguinte, tamb\u00e9m solu\u00e7\u00f5es operacionais fortes. Devido \u00e0 sua <a href=\"https:\/\/sha.de\/pt-pt\/news\/a-nossa-gestao-da-construcao-presenca-no-local\">proximidade com os clientes<\/a>, \u00e9 capaz de avaliar particularmente bem as necessidades dos clientes e, assim, fazer sugest\u00f5es significativas para o trabalho quotidiano da SHA &#8211; e, consequentemente, para o seu modelo de neg\u00f3cio.<\/p>\n<\/div><\/section><\/div><div class=\"flex_column av_one_third  flex_column_div av-zero-column-padding        avia-builder-el-4  el_after_av_one_third  el_before_av_one_third  \"><section  class='av_textblock_section av-kyipooet-0abfd3d1c0538e0eba08a3772fff2c6e '   itemscope=\"itemscope\" itemtype=\"https:\/\/schema.org\/BlogPosting\" itemprop=\"blogPost\" ><div class='avia_textblock'  itemprop=\"text\" ><p>Christoph Helbich dar\u00e1 ao gabinete de arquitetura uma orienta\u00e7\u00e3o estrat\u00e9gica ainda mais forte do que anteriormente e continuar\u00e1 a desempenhar o papel de chefe do departamento de planeamento.<\/p>\n<p>&#8220;Especialmente \u00e0 luz do agrad\u00e1vel crescimento da SHA nos \u00faltimos anos, \u00e9 ainda mais importante que distribuamos a responsabilidade de forma mais equilibrada. Isto permite-nos prestar um apoio interno direcionado e individualizado aos nossos principais pilares de planeamento e gest\u00e3o da constru\u00e7\u00e3o. Ao mesmo tempo, estamos a criar recursos para novos projectos e para o desenvolvimento da nossa empresa nos pr\u00f3ximos anos&#8221;, afirma Christoph Helbich.<\/p>\n<p>No futuro, ele e o seu novo colega ir\u00e3o gerir conjuntamente a atividade da SHA Scheffler Helbich Architekten GmbH &#8211; com o melhor apoio poss\u00edvel dos signat\u00e1rios autorizados Marc Horstmeier, Volker Kaminsky e Christoph Wunderlich. A arquiteta diplomada Birgit Helbich \u00e9 e continuar\u00e1 a ser s\u00f3cia.<\/p>\n<\/div><\/section><\/div><div class=\"flex_column av_one_third  flex_column_div av-zero-column-padding        avia-builder-el-6  el_after_av_one_third  el_before_av_one_full  \"><div class=\"quotebox  has-image bg-grey  image-top\"><div class=\"quotebox__inner\"><div class=\"quotebox__media\"><img decoding=\"async\" src=\"https:\/\/sha.de\/wp-content\/uploads\/web-Beele-Portrait-SHA-Dortmund-706x368.jpg\" alt=\"Jens Beele, Gesch\u00e4ftsf\u00fchrer\" \/><\/div><div class=\"quotebox__content\"><div class=\"quotebox__quote\"><span class=\"quotebox-text quotebox-quote\">\u00bbAguardo com grande expetativa a nova tarefa\u00ab<\/span><\/div><div class=\"quotebox__info\"><span class=\"quotebox-text quotebox-name\">Jens Beele, Gesch\u00e4ftsf\u00fchrer<\/span><span class=\"quotebox-text quotebox-desc\"><\/span><\/div><\/div><\/div><\/div><\/div><div class=\"flex_column av_one_full  flex_column_div av-zero-column-padding first       avia-builder-el-8  el_after_av_one_third  avia-builder-el-last  column-top-margin\"><div class=\"slickgallery \">\n\t<div class=\"pixel-slide-wrap\">\n\t\t<div class=\"pixel-slide\" style=\"display: block; width: 100%; float: left;\">\n\t\t\t\t\n\t\t\t\t\t\t\t\t\t\t\t\t\t\n\t\t\t\t\t<div class=\"pixel-slide__image-wrap slide-1\">\n\t\t\t\t\t\t\t<div class=\"pixel-slide__image \"><a href=\"https:\/\/sha.de\/wp-content\/uploads\/028-SHA-Dortmund-August-2022-GF-web-1277x850.jpg\" rel=\"lightbox\"><img decoding=\"async\" src=\"https:\/\/sha.de\/wp-content\/uploads\/028-SHA-Dortmund-August-2022-GF-web-706x368.jpg\" alt=\"Gesch\u00e4ftsleitung SHA Scheffler Helbich Architekten Christoph Helbich Jens Beele\" title=\"Gesch\u00e4ftsleitung SHA Scheffler Helbich Architekten Christoph Helbich Jens Beele\"><\/a><\/div>\n\t\t\t\t\t<\/div>\n\t\t\t\t\n\t\t\t\t\t\t\t\t\t\t\t\t\t\n\t\t\t\t\t<div class=\"pixel-slide__image-wrap slide-2\">\n\t\t\t\t\t\t\t<div class=\"pixel-slide__image \"><a href=\"https:\/\/sha.de\/wp-content\/uploads\/036-GF-SHA-Dortmund-August-2021-web-1277x850.jpg\" rel=\"lightbox\"><img decoding=\"async\" src=\"https:\/\/sha.de\/wp-content\/uploads\/036-GF-SHA-Dortmund-August-2021-web-706x368.jpg\" alt=\"036 GF SHA Dortmund August 2021 Web\" title=\"036 GF SHA Dortmund August 2021 Web\"><\/a><\/div>\n\t\t\t\t\t<\/div>\n\t\t\t\t\n\t\t\t\t\t\t\t\t\t\t\t\t\t\n\t\t\t\t\t<div class=\"pixel-slide__image-wrap slide-3\">\n\t\t\t\t\t\t\t<div class=\"pixel-slide__image \"><a href=\"https:\/\/sha.de\/wp-content\/uploads\/Baumanagement-1280x751.jpg\" rel=\"lightbox\"><img decoding=\"async\" src=\"https:\/\/sha.de\/wp-content\/uploads\/Baumanagement-706x368.jpg\" alt=\"Baumanagement\" title=\"Baumanagement\"><\/a><\/div>\n\t\t\t\t\t<\/div>\n\t\t\t\t\n\t\t\t\t\t\t\t\t\t\t\t\t\t\n\t\t\t\t\t<div class=\"pixel-slide__image-wrap slide-4\">\n\t\t\t\t\t\t\t<div class=\"pixel-slide__image \"><a href=\"https:\/\/sha.de\/wp-content\/uploads\/010-SHA-Dortmund-August-2022-GF-web-1277x850.jpg\" rel=\"lightbox\"><img decoding=\"async\" src=\"https:\/\/sha.de\/wp-content\/uploads\/010-SHA-Dortmund-August-2022-GF-web-706x368.jpg\" alt=\"Gesch\u00e4ftsleitung SHA Scheffler Helbich Architekten Christoph Helbich Jens Beele\" title=\"Gesch\u00e4ftsleitung SHA Scheffler Helbich Architekten Christoph Helbich Jens Beele\"><\/a><\/div>\n\t\t\t\t\t<\/div>\n\t\t\t\t\n\t\t\t\t\t\t\t\t\t\t\t\t\t\n\t\t\t\t\t<div class=\"pixel-slide__image-wrap slide-5\">\n\t\t\t\t\t\t\t<div class=\"pixel-slide__image \"><a href=\"https:\/\/sha.de\/wp-content\/uploads\/047-website-1-1280x665.jpg\" rel=\"lightbox\"><img decoding=\"async\" src=\"https:\/\/sha.de\/wp-content\/uploads\/047-website-1-706x368.jpg\" alt=\"047 Website\" title=\"047 Website\"><\/a><\/div>\n\t\t\t\t\t<\/div>\n\t\t\t\t\n\t\t\t\t\t\t\t\t\t\t\t\t\t\n\t\t\t\t\t<div class=\"pixel-slide__image-wrap slide-6\">\n\t\t\t\t\t\t\t<div class=\"pixel-slide__image \"><a href=\"https:\/\/sha.de\/wp-content\/uploads\/048-GF-SHA-Dortmund-August-2021-web-1277x850.jpg\" rel=\"lightbox\"><img decoding=\"async\" src=\"https:\/\/sha.de\/wp-content\/uploads\/048-GF-SHA-Dortmund-August-2021-web-706x368.jpg\" alt=\"048 GF SHA Dortmund August 2021 Web\" title=\"048 GF SHA Dortmund August 2021 Web\"><\/a><\/div>\n\t\t\t\t\t<\/div>\n\t\t\t\t\t\t<\/div>\n\t<\/div>\n<\/div><\/div>\n","protected":false},"excerpt":{"rendered":"<p>O Dipl.-Bauingenieur Jens Beele, signat\u00e1rio autorizado de longa data e respons\u00e1vel pela gest\u00e3o da constru\u00e7\u00e3o, junta-se \u00e0 dire\u00e7\u00e3o da SHA Scheffler Helbich Architekten GmbH com efeitos imediatos. A distribui\u00e7\u00e3o da responsabilidade de gest\u00e3o por ombros mais largos torna SHA apta para o futuro.<\/p>\n","protected":false},"author":2,"featured_media":26521,"comment_status":"closed","ping_status":"closed","sticky":false,"template":"","format":"standard","meta":{"_acf_changed":false,"content-type":"","footnotes":""},"categories":[878,886,888],"tags":[1054,1056,1057],"class_list":["post-32474","post","type-post","status-publish","format-standard","has-post-thumbnail","hentry","category-dortmund-pt-pt","category-a-nossa-equipa","category-a-nossa-filosofia","tag-dortmund-pt-pt","tag-gestao","tag-jens-beele-pt-pt"],"acf":[],"yoast_head":"<!-- This site is optimized with the Yoast SEO plugin v27.4 - https:\/\/yoast.com\/product\/yoast-seo-wordpress\/ -->\n<title>Expans\u00e3o da gest\u00e3o<\/title>\n<meta name=\"description\" content=\"O Dipl.-Bauingenieur Jens Beele, signat\u00e1rio autorizado de longa data e respons\u00e1vel pela gest\u00e3o da constru\u00e7\u00e3o, junta-se \u00e0 dire\u00e7\u00e3o da SHA Scheffler Helbich Architekten GmbH com efeitos imediatos.\" \/>\n<meta name=\"robots\" content=\"index, follow, max-snippet:-1, max-image-preview:large, max-video-preview:-1\" \/>\n<link rel=\"canonical\" href=\"https:\/\/sha.de\/pt-pt\/news\/expansao-da-gestao\" \/>\n<meta property=\"og:locale\" content=\"pt_PT\" \/>\n<meta property=\"og:type\" content=\"article\" \/>\n<meta property=\"og:title\" content=\"Expans\u00e3o da gest\u00e3o\" \/>\n<meta property=\"og:description\" content=\"O Dipl.-Bauingenieur Jens Beele, signat\u00e1rio autorizado de longa data e respons\u00e1vel pela gest\u00e3o da constru\u00e7\u00e3o, junta-se \u00e0 dire\u00e7\u00e3o da SHA Scheffler Helbich Architekten GmbH com efeitos imediatos.\" \/>\n<meta property=\"og:url\" content=\"https:\/\/sha.de\/pt-pt\/news\/expansao-da-gestao\" \/>\n<meta property=\"og:site_name\" content=\"SHA Scheffler Helbich Architekten GmbH\" \/>\n<meta property=\"article:published_time\" content=\"2022-04-01T07:06:54+00:00\" \/>\n<meta property=\"article:modified_time\" content=\"2024-09-23T14:52:03+00:00\" \/>\n<meta property=\"og:image\" content=\"https:\/\/sha.de\/wp-content\/uploads\/019-SHA-Dortmund-August-2022-GF-web.jpg\" \/>\n\t<meta property=\"og:image:width\" content=\"1800\" \/>\n\t<meta property=\"og:image:height\" content=\"1198\" \/>\n\t<meta property=\"og:image:type\" content=\"image\/jpeg\" \/>\n<meta name=\"author\" content=\"Judith Weitzel\" \/>\n<meta name=\"twitter:card\" content=\"summary_large_image\" \/>\n<meta name=\"twitter:label1\" content=\"Escrito por\" \/>\n\t<meta name=\"twitter:data1\" content=\"Judith Weitzel\" \/>\n\t<meta name=\"twitter:label2\" content=\"Tempo estimado de leitura\" \/>\n\t<meta name=\"twitter:data2\" content=\"6 minutos\" \/>\n<script type=\"application\/ld+json\" class=\"yoast-schema-graph\">{\"@context\":\"https:\\\/\\\/schema.org\",\"@graph\":[{\"@type\":\"Article\",\"@id\":\"https:\\\/\\\/sha.de\\\/pt-pt\\\/news\\\/expansao-da-gestao#article\",\"isPartOf\":{\"@id\":\"https:\\\/\\\/sha.de\\\/pt-pt\\\/news\\\/expansao-da-gestao\"},\"author\":{\"name\":\"Judith Weitzel\",\"@id\":\"https:\\\/\\\/sha.de\\\/pt-pt#\\\/schema\\\/person\\\/6d5fd32d5aa7872f1f9191b7244552c9\"},\"headline\":\"Expans\u00e3o da gest\u00e3o\",\"datePublished\":\"2022-04-01T07:06:54+00:00\",\"dateModified\":\"2024-09-23T14:52:03+00:00\",\"mainEntityOfPage\":{\"@id\":\"https:\\\/\\\/sha.de\\\/pt-pt\\\/news\\\/expansao-da-gestao\"},\"wordCount\":1030,\"image\":{\"@id\":\"https:\\\/\\\/sha.de\\\/pt-pt\\\/news\\\/expansao-da-gestao#primaryimage\"},\"thumbnailUrl\":\"https:\\\/\\\/sha.de\\\/wp-content\\\/uploads\\\/019-SHA-Dortmund-August-2022-GF-web.jpg\",\"keywords\":[\"Dortmund\",\"Gest\u00e3o\",\"Jens Beele\"],\"articleSection\":[\"Dortmund\",\"A nossa equipa\",\"A nossa filosofia\"],\"inLanguage\":\"pt-PT\"},{\"@type\":\"WebPage\",\"@id\":\"https:\\\/\\\/sha.de\\\/pt-pt\\\/news\\\/expansao-da-gestao\",\"url\":\"https:\\\/\\\/sha.de\\\/pt-pt\\\/news\\\/expansao-da-gestao\",\"name\":\"Expans\u00e3o da gest\u00e3o\",\"isPartOf\":{\"@id\":\"https:\\\/\\\/sha.de\\\/pt-pt#website\"},\"primaryImageOfPage\":{\"@id\":\"https:\\\/\\\/sha.de\\\/pt-pt\\\/news\\\/expansao-da-gestao#primaryimage\"},\"image\":{\"@id\":\"https:\\\/\\\/sha.de\\\/pt-pt\\\/news\\\/expansao-da-gestao#primaryimage\"},\"thumbnailUrl\":\"https:\\\/\\\/sha.de\\\/wp-content\\\/uploads\\\/019-SHA-Dortmund-August-2022-GF-web.jpg\",\"datePublished\":\"2022-04-01T07:06:54+00:00\",\"dateModified\":\"2024-09-23T14:52:03+00:00\",\"author\":{\"@id\":\"https:\\\/\\\/sha.de\\\/pt-pt#\\\/schema\\\/person\\\/6d5fd32d5aa7872f1f9191b7244552c9\"},\"description\":\"O Dipl.-Bauingenieur Jens Beele, signat\u00e1rio autorizado de longa data e respons\u00e1vel pela gest\u00e3o da constru\u00e7\u00e3o, junta-se \u00e0 dire\u00e7\u00e3o da SHA Scheffler Helbich Architekten GmbH com efeitos imediatos.\",\"breadcrumb\":{\"@id\":\"https:\\\/\\\/sha.de\\\/pt-pt\\\/news\\\/expansao-da-gestao#breadcrumb\"},\"inLanguage\":\"pt-PT\",\"potentialAction\":[{\"@type\":\"ReadAction\",\"target\":[\"https:\\\/\\\/sha.de\\\/pt-pt\\\/news\\\/expansao-da-gestao\"]}]},{\"@type\":\"ImageObject\",\"inLanguage\":\"pt-PT\",\"@id\":\"https:\\\/\\\/sha.de\\\/pt-pt\\\/news\\\/expansao-da-gestao#primaryimage\",\"url\":\"https:\\\/\\\/sha.de\\\/wp-content\\\/uploads\\\/019-SHA-Dortmund-August-2022-GF-web.jpg\",\"contentUrl\":\"https:\\\/\\\/sha.de\\\/wp-content\\\/uploads\\\/019-SHA-Dortmund-August-2022-GF-web.jpg\",\"width\":1800,\"height\":1198,\"caption\":\"Gesch\u00e4ftsleitung SHA Scheffler Helbich Architekten Christoph Helbich Jens Beele\"},{\"@type\":\"BreadcrumbList\",\"@id\":\"https:\\\/\\\/sha.de\\\/pt-pt\\\/news\\\/expansao-da-gestao#breadcrumb\",\"itemListElement\":[{\"@type\":\"ListItem\",\"position\":1,\"name\":\"Startseite\",\"item\":\"https:\\\/\\\/sha.de\\\/pt-pt\"},{\"@type\":\"ListItem\",\"position\":2,\"name\":\"Expans\u00e3o da gest\u00e3o\"}]},{\"@type\":\"WebSite\",\"@id\":\"https:\\\/\\\/sha.de\\\/pt-pt#website\",\"url\":\"https:\\\/\\\/sha.de\\\/pt-pt\",\"name\":\"SHA Scheffler Helbich Architekten GmbH\",\"description\":\"\",\"potentialAction\":[{\"@type\":\"SearchAction\",\"target\":{\"@type\":\"EntryPoint\",\"urlTemplate\":\"https:\\\/\\\/sha.de\\\/pt-pt?s={search_term_string}\"},\"query-input\":{\"@type\":\"PropertyValueSpecification\",\"valueRequired\":true,\"valueName\":\"search_term_string\"}}],\"inLanguage\":\"pt-PT\"},{\"@type\":\"Person\",\"@id\":\"https:\\\/\\\/sha.de\\\/pt-pt#\\\/schema\\\/person\\\/6d5fd32d5aa7872f1f9191b7244552c9\",\"name\":\"Judith Weitzel\",\"image\":{\"@type\":\"ImageObject\",\"inLanguage\":\"pt-PT\",\"@id\":\"https:\\\/\\\/secure.gravatar.com\\\/avatar\\\/c7dca018fdb593c021709193ddb78dc530485d187ec667fb2a0ae6c4097c9957?s=96&d=mm&r=g\",\"url\":\"https:\\\/\\\/secure.gravatar.com\\\/avatar\\\/c7dca018fdb593c021709193ddb78dc530485d187ec667fb2a0ae6c4097c9957?s=96&d=mm&r=g\",\"contentUrl\":\"https:\\\/\\\/secure.gravatar.com\\\/avatar\\\/c7dca018fdb593c021709193ddb78dc530485d187ec667fb2a0ae6c4097c9957?s=96&d=mm&r=g\",\"caption\":\"Judith Weitzel\"}}]}<\/script>\n<!-- \/ Yoast SEO plugin. -->","yoast_head_json":{"title":"Expans\u00e3o da gest\u00e3o","description":"O Dipl.-Bauingenieur Jens Beele, signat\u00e1rio autorizado de longa data e respons\u00e1vel pela gest\u00e3o da constru\u00e7\u00e3o, junta-se \u00e0 dire\u00e7\u00e3o da SHA Scheffler Helbich Architekten GmbH com efeitos imediatos.","robots":{"index":"index","follow":"follow","max-snippet":"max-snippet:-1","max-image-preview":"max-image-preview:large","max-video-preview":"max-video-preview:-1"},"canonical":"https:\/\/sha.de\/pt-pt\/news\/expansao-da-gestao","og_locale":"pt_PT","og_type":"article","og_title":"Expans\u00e3o da gest\u00e3o","og_description":"O Dipl.-Bauingenieur Jens Beele, signat\u00e1rio autorizado de longa data e respons\u00e1vel pela gest\u00e3o da constru\u00e7\u00e3o, junta-se \u00e0 dire\u00e7\u00e3o da SHA Scheffler Helbich Architekten GmbH com efeitos imediatos.","og_url":"https:\/\/sha.de\/pt-pt\/news\/expansao-da-gestao","og_site_name":"SHA Scheffler Helbich Architekten GmbH","article_published_time":"2022-04-01T07:06:54+00:00","article_modified_time":"2024-09-23T14:52:03+00:00","og_image":[{"width":1800,"height":1198,"url":"https:\/\/sha.de\/wp-content\/uploads\/019-SHA-Dortmund-August-2022-GF-web.jpg","type":"image\/jpeg"}],"author":"Judith Weitzel","twitter_card":"summary_large_image","twitter_misc":{"Escrito por":"Judith Weitzel","Tempo estimado de leitura":"6 minutos"},"schema":{"@context":"https:\/\/schema.org","@graph":[{"@type":"Article","@id":"https:\/\/sha.de\/pt-pt\/news\/expansao-da-gestao#article","isPartOf":{"@id":"https:\/\/sha.de\/pt-pt\/news\/expansao-da-gestao"},"author":{"name":"Judith Weitzel","@id":"https:\/\/sha.de\/pt-pt#\/schema\/person\/6d5fd32d5aa7872f1f9191b7244552c9"},"headline":"Expans\u00e3o da gest\u00e3o","datePublished":"2022-04-01T07:06:54+00:00","dateModified":"2024-09-23T14:52:03+00:00","mainEntityOfPage":{"@id":"https:\/\/sha.de\/pt-pt\/news\/expansao-da-gestao"},"wordCount":1030,"image":{"@id":"https:\/\/sha.de\/pt-pt\/news\/expansao-da-gestao#primaryimage"},"thumbnailUrl":"https:\/\/sha.de\/wp-content\/uploads\/019-SHA-Dortmund-August-2022-GF-web.jpg","keywords":["Dortmund","Gest\u00e3o","Jens Beele"],"articleSection":["Dortmund","A nossa equipa","A nossa filosofia"],"inLanguage":"pt-PT"},{"@type":"WebPage","@id":"https:\/\/sha.de\/pt-pt\/news\/expansao-da-gestao","url":"https:\/\/sha.de\/pt-pt\/news\/expansao-da-gestao","name":"Expans\u00e3o da gest\u00e3o","isPartOf":{"@id":"https:\/\/sha.de\/pt-pt#website"},"primaryImageOfPage":{"@id":"https:\/\/sha.de\/pt-pt\/news\/expansao-da-gestao#primaryimage"},"image":{"@id":"https:\/\/sha.de\/pt-pt\/news\/expansao-da-gestao#primaryimage"},"thumbnailUrl":"https:\/\/sha.de\/wp-content\/uploads\/019-SHA-Dortmund-August-2022-GF-web.jpg","datePublished":"2022-04-01T07:06:54+00:00","dateModified":"2024-09-23T14:52:03+00:00","author":{"@id":"https:\/\/sha.de\/pt-pt#\/schema\/person\/6d5fd32d5aa7872f1f9191b7244552c9"},"description":"O Dipl.-Bauingenieur Jens Beele, signat\u00e1rio autorizado de longa data e respons\u00e1vel pela gest\u00e3o da constru\u00e7\u00e3o, junta-se \u00e0 dire\u00e7\u00e3o da SHA Scheffler Helbich Architekten GmbH com efeitos imediatos.","breadcrumb":{"@id":"https:\/\/sha.de\/pt-pt\/news\/expansao-da-gestao#breadcrumb"},"inLanguage":"pt-PT","potentialAction":[{"@type":"ReadAction","target":["https:\/\/sha.de\/pt-pt\/news\/expansao-da-gestao"]}]},{"@type":"ImageObject","inLanguage":"pt-PT","@id":"https:\/\/sha.de\/pt-pt\/news\/expansao-da-gestao#primaryimage","url":"https:\/\/sha.de\/wp-content\/uploads\/019-SHA-Dortmund-August-2022-GF-web.jpg","contentUrl":"https:\/\/sha.de\/wp-content\/uploads\/019-SHA-Dortmund-August-2022-GF-web.jpg","width":1800,"height":1198,"caption":"Gesch\u00e4ftsleitung SHA Scheffler Helbich Architekten Christoph Helbich Jens Beele"},{"@type":"BreadcrumbList","@id":"https:\/\/sha.de\/pt-pt\/news\/expansao-da-gestao#breadcrumb","itemListElement":[{"@type":"ListItem","position":1,"name":"Startseite","item":"https:\/\/sha.de\/pt-pt"},{"@type":"ListItem","position":2,"name":"Expans\u00e3o da gest\u00e3o"}]},{"@type":"WebSite","@id":"https:\/\/sha.de\/pt-pt#website","url":"https:\/\/sha.de\/pt-pt","name":"SHA Scheffler Helbich Architekten GmbH","description":"","potentialAction":[{"@type":"SearchAction","target":{"@type":"EntryPoint","urlTemplate":"https:\/\/sha.de\/pt-pt?s={search_term_string}"},"query-input":{"@type":"PropertyValueSpecification","valueRequired":true,"valueName":"search_term_string"}}],"inLanguage":"pt-PT"},{"@type":"Person","@id":"https:\/\/sha.de\/pt-pt#\/schema\/person\/6d5fd32d5aa7872f1f9191b7244552c9","name":"Judith Weitzel","image":{"@type":"ImageObject","inLanguage":"pt-PT","@id":"https:\/\/secure.gravatar.com\/avatar\/c7dca018fdb593c021709193ddb78dc530485d187ec667fb2a0ae6c4097c9957?s=96&d=mm&r=g","url":"https:\/\/secure.gravatar.com\/avatar\/c7dca018fdb593c021709193ddb78dc530485d187ec667fb2a0ae6c4097c9957?s=96&d=mm&r=g","contentUrl":"https:\/\/secure.gravatar.com\/avatar\/c7dca018fdb593c021709193ddb78dc530485d187ec667fb2a0ae6c4097c9957?s=96&d=mm&r=g","caption":"Judith Weitzel"}}]}},"_links":{"self":[{"href":"https:\/\/sha.de\/pt-pt\/wp-json\/wp\/v2\/posts\/32474","targetHints":{"allow":["GET"]}}],"collection":[{"href":"https:\/\/sha.de\/pt-pt\/wp-json\/wp\/v2\/posts"}],"about":[{"href":"https:\/\/sha.de\/pt-pt\/wp-json\/wp\/v2\/types\/post"}],"author":[{"embeddable":true,"href":"https:\/\/sha.de\/pt-pt\/wp-json\/wp\/v2\/users\/2"}],"replies":[{"embeddable":true,"href":"https:\/\/sha.de\/pt-pt\/wp-json\/wp\/v2\/comments?post=32474"}],"version-history":[{"count":29,"href":"https:\/\/sha.de\/pt-pt\/wp-json\/wp\/v2\/posts\/32474\/revisions"}],"predecessor-version":[{"id":46500,"href":"https:\/\/sha.de\/pt-pt\/wp-json\/wp\/v2\/posts\/32474\/revisions\/46500"}],"wp:featuredmedia":[{"embeddable":true,"href":"https:\/\/sha.de\/pt-pt\/wp-json\/wp\/v2\/media\/26521"}],"wp:attachment":[{"href":"https:\/\/sha.de\/pt-pt\/wp-json\/wp\/v2\/media?parent=32474"}],"wp:term":[{"taxonomy":"category","embeddable":true,"href":"https:\/\/sha.de\/pt-pt\/wp-json\/wp\/v2\/categories?post=32474"},{"taxonomy":"post_tag","embeddable":true,"href":"https:\/\/sha.de\/pt-pt\/wp-json\/wp\/v2\/tags?post=32474"}],"curies":[{"name":"wp","href":"https:\/\/api.w.org\/{rel}","templated":true}]}}