{"id":33483,"date":"2024-01-12T15:11:55","date_gmt":"2024-01-12T14:11:55","guid":{"rendered":"https:\/\/sha.de\/aktuelles\/mais-um-marco-alcancado-na-phoenixwerk-em-dortmund-horde"},"modified":"2024-09-23T16:54:02","modified_gmt":"2024-09-23T14:54:02","slug":"mais-um-marco-alcancado-na-phoenixwerk-em-dortmund-horde","status":"publish","type":"post","link":"https:\/\/sha.de\/pt-pt\/news\/mais-um-marco-alcancado-na-phoenixwerk-em-dortmund-horde","title":{"rendered":"Mais um marco alcan\u00e7ado na PhoenixWERK em Dortmund H\u00f6rde."},"content":{"rendered":"<div id='av_section_1' class='avia-section main_color pt-default pb-default avia-no-border-styling avia-bg-style-scroll  avia-builder-el-0  el_before_av_one_third  avia-builder-el-first   container_wrap fullsize' style=' '  ><div class='container' ><main  role=\"main\" itemprop=\"mainContentOfPage\"  class='template-page content  av-content-full alpha units'><div class='post-entry post-entry-type-page post-entry-33483'><div class='entry-content-wrapper clearfix'>\n\n\t\t\t<div id=\"av-q8e0eh\" class=\"headline-column flex_column av_one_full flex_column_div first \">\n\t\t\t\t<div class=\"headline-wrap is-outside align-left sub-bottom\">\n\t\t\t\t\t<h1 class=\"headline-content headline-primary\">Cerim\u00f3nia de inaugura\u00e7\u00e3o do Edif\u00edcio III do complexo de escrit\u00f3rios PhoenixWERK<\/h1>\n\t\t\t\t\t\n\t\t\t\t<\/div>\n\t\t\t<\/div>\n<\/div><\/div><\/main><!-- close content main element --><\/div><\/div><div id='after_section_1' class='main_color av_default_container_wrap container_wrap fullsize' style=' '  ><div class='container' ><div class='template-page content  av-content-full alpha units'><div class='post-entry post-entry-type-page post-entry-33483'><div class='entry-content-wrapper clearfix'><div class=\"flex_column av_one_third  flex_column_div av-zero-column-padding first bg-default   img-left   avia-builder-el-2  el_after_av_section  el_before_av_one_third  avia-builder-el-first  \"><section  class='av_textblock_section av-2kofb3o-0d40375c0b2c0c749b7c86372c9adefc '   itemscope=\"itemscope\" itemtype=\"https:\/\/schema.org\/BlogPosting\" itemprop=\"blogPost\" ><div class='avia_textblock'  itemprop=\"text\" ><p><em>O novo edif\u00edcio integra-se harmoniosamente no impressionante cen\u00e1rio de Phoenix West e acrescenta mais uma pe\u00e7a do puzzle ao conjunto.<\/em><\/p>\n<p>Quando a ideia do conjunto surgiu em 2014, o Phoenix West estava ainda na fase inicial do seu desenvolvimento. Hoje, anos mais tarde, podemos olhar para tr\u00e1s e ver um crescimento impressionante. O Bergmannbrauerei, Phoenix de Lumieres na vizinhan\u00e7a. Projectos como o NordWest, Bechtle, Amprion, Materna e muitos outros estabeleceram-se aqui. O PhoenixWERK faz parte desta hist\u00f3ria de sucesso e encontrou o seu lugar como um complemento \u00e0 escala das estruturas hist\u00f3ricas do alto-forno, do gas\u00f3metro e do Phoenixhallen.<\/p>\n<p>&#8220;A realiza\u00e7\u00e3o bem sucedida do projeto com esta qualidade n\u00e3o teria sido poss\u00edvel sem a parceria de coopera\u00e7\u00e3o com a ag\u00eancia de desenvolvimento empresarial e Carsten Scherer da Remira&#8221;, diz Christoph Helbich. Em conjunto, o terreno foi dividido de forma \u00f3ptima e foi criado um conjunto arquitet\u00f3nico que respeita e complementa a estrutura existente.<\/p>\n<\/div><\/section><\/div><\/p>\n<div class=\"flex_column av_one_third  flex_column_div av-zero-column-padding  bg-default   img-left   avia-builder-el-4  el_after_av_one_third  el_before_av_one_full  \"><section  class='av_textblock_section av-lps565sl-43f3417546f2a2853d2567b76e4b0852 '   itemscope=\"itemscope\" itemtype=\"https:\/\/schema.org\/BlogPosting\" itemprop=\"blogPost\" ><div class='avia_textblock'  itemprop=\"text\" ><p>O terceiro edif\u00edcio de escrit\u00f3rios inaugurado hoje, constru\u00eddo em coopera\u00e7\u00e3o com Johann Jaeger do Grupo Jaeger, continua a estabelecer os mais elevados padr\u00f5es. A integra\u00e7\u00e3o do projeto na arquitetura existente, as amplas \u00e1reas de escrit\u00f3rios e o fornecimento sustent\u00e1vel de energia atrav\u00e9s de uma bomba de calor dupla e de um sistema fotovoltaico sublinham a exig\u00eancia de qualidade e inova\u00e7\u00e3o do gabinete de arquitetura.<\/p>\n<p>Os novos inquilinos s\u00e3o Methodenschmiede, InterLog Management e Planersociet\u00e4t e contribuir\u00e3o ainda mais para o crescimento do local. O que falta \u00e9 um caf\u00e9 ou uma padaria, que poderiam ser perfeitamente instalados no espa\u00e7o de restaura\u00e7\u00e3o vago no r\u00e9s do ch\u00e3o.<\/p>\n<p>Em suma, o Phoenixwerk em PhoenixWest n\u00e3o \u00e9 apenas um edif\u00edcio, mas um testemunho vivo de inova\u00e7\u00e3o, coopera\u00e7\u00e3o e desenvolvimento positivo do local.<\/p>\n<\/div><\/section><\/div>\n<div class=\"flex_column av_one_full  flex_column_div av-zero-column-padding first bg-default   img-left   avia-builder-el-6  el_after_av_one_third  avia-builder-el-last  column-top-margin\"><p><br \/>\n<div class=\"slickgallery no-nav\">\n\t<div class=\"pixel-slide-wrap\">\n\t\t<div class=\"pixel-slide\" style=\"display: block; width: 100%; float: left;\">\n\t\t\t\t\n\t\t\t\t\t\t\t\t\t\t\t\t\t\n\t\t\t\t\t<div class=\"pixel-slide__image-wrap slide-1\">\n\t\t\t\t\t\t\t<div class=\"pixel-slide__image \"><a href=\"https:\/\/sha.de\/wp-content\/uploads\/IMG_0793_1-1161x850.jpg\" rel=\"lightbox\"><img decoding=\"async\" src=\"https:\/\/sha.de\/wp-content\/uploads\/IMG_0793_1-706x368.jpg\" alt=\"Er\u00f6ffnung BT3 PhoenixWerk | SHA Scheffler Helbich Architekten\" title=\"Er\u00f6ffnung BT3 PhoenixWerk | SHA Scheffler Helbich Architekten\"><\/a><\/div>\n\t\t\t\t\t<\/div>\n\t\t\t\t\n\t\t\t\t\t\t\t\t\t\t\t\t\t\n\t\t\t\t\t<div class=\"pixel-slide__image-wrap slide-2\">\n\t\t\t\t\t\t\t<div class=\"pixel-slide__image \"><a href=\"https:\/\/sha.de\/wp-content\/uploads\/IMG_3144_1-1134x850.jpg\" rel=\"lightbox\"><img decoding=\"async\" src=\"https:\/\/sha.de\/wp-content\/uploads\/IMG_3144_1-706x368.jpg\" alt=\"Er\u00f6ffnung BT3 PhoenixWerk | SHA Scheffler Helbich Architekten\" title=\"Er\u00f6ffnung BT3 PhoenixWerk | SHA Scheffler Helbich Architekten\"><\/a><\/div>\n\t\t\t\t\t<\/div>\n\t\t\t\t\n\t\t\t\t\t\t\t\t\t\t\t\t\t\n\t\t\t\t\t<div class=\"pixel-slide__image-wrap slide-3\">\n\t\t\t\t\t\t\t<div class=\"pixel-slide__image \"><a href=\"https:\/\/sha.de\/wp-content\/uploads\/IMG_0794_1-1114x850.jpg\" rel=\"lightbox\"><img decoding=\"async\" src=\"https:\/\/sha.de\/wp-content\/uploads\/IMG_0794_1-706x368.jpg\" alt=\"Er\u00f6ffnung BT3 PhoenixWerk | SHA Scheffler Helbich Architekten\" title=\"Er\u00f6ffnung BT3 PhoenixWerk | SHA Scheffler Helbich Architekten\"><\/a><\/div>\n\t\t\t\t\t<\/div>\n\t\t\t\t\t\t<\/div>\n\t<\/div>\n<\/div>\n<\/p><\/div>\n","protected":false},"excerpt":{"rendered":"<p>Na sexta-feira, 12 de janeiro de 2024, foi celebrada a inaugura\u00e7\u00e3o do terceiro edif\u00edcio de escrit\u00f3rios do PhoenixWERKS no Phoenix West, que ficou conclu\u00eddo no final de 2023 ap\u00f3s tr\u00eas anos de planeamento e constru\u00e7\u00e3o.<\/p>\n","protected":false},"author":3,"featured_media":28261,"comment_status":"closed","ping_status":"closed","sticky":false,"template":"","format":"standard","meta":{"_acf_changed":false,"content-type":"","footnotes":""},"categories":[878,882,889],"tags":[973,1211,1231],"class_list":["post-33483","post","type-post","status-publish","format-standard","has-post-thumbnail","hentry","category-dortmund-pt-pt","category-sustentabilidade","category-gestao","tag-concurso-de-arquitetura","tag-sustentabilidade","tag-construcao-em-madeira"],"acf":[],"yoast_head":"<!-- This site is optimized with the Yoast SEO plugin v27.4 - https:\/\/yoast.com\/product\/yoast-seo-wordpress\/ -->\n<title>Mais um marco alcan\u00e7ado na PhoenixWERK em Dortmund H\u00f6rde.<\/title>\n<meta name=\"description\" content=\"Mais um marco no desenvolvimento da localiza\u00e7\u00e3o em Dortmund H\u00f6rde. O novo edif\u00edcio integra-se harmoniosamente no impressionante cen\u00e1rio de Phoenix West e acrescenta mais uma pe\u00e7a do puzzle ao conjunto.\" \/>\n<meta name=\"robots\" content=\"index, follow, max-snippet:-1, max-image-preview:large, max-video-preview:-1\" \/>\n<link rel=\"canonical\" href=\"https:\/\/sha.de\/pt-pt\/news\/mais-um-marco-alcancado-na-phoenixwerk-em-dortmund-horde\" \/>\n<meta property=\"og:locale\" content=\"pt_PT\" \/>\n<meta property=\"og:type\" content=\"article\" \/>\n<meta property=\"og:title\" content=\"Mais um marco alcan\u00e7ado na PhoenixWERK em Dortmund H\u00f6rde.\" \/>\n<meta property=\"og:description\" content=\"Mais um marco no desenvolvimento da localiza\u00e7\u00e3o em Dortmund H\u00f6rde. O novo edif\u00edcio integra-se harmoniosamente no impressionante cen\u00e1rio de Phoenix West e acrescenta mais uma pe\u00e7a do puzzle ao conjunto.\" \/>\n<meta property=\"og:url\" content=\"https:\/\/sha.de\/pt-pt\/news\/mais-um-marco-alcancado-na-phoenixwerk-em-dortmund-horde\" \/>\n<meta property=\"og:site_name\" content=\"SHA Scheffler Helbich Architekten GmbH\" \/>\n<meta property=\"article:published_time\" content=\"2024-01-12T14:11:55+00:00\" \/>\n<meta property=\"article:modified_time\" content=\"2024-09-23T14:54:02+00:00\" \/>\n<meta property=\"og:image\" content=\"https:\/\/sha.de\/wp-content\/uploads\/IMG_0790.jpeg\" \/>\n\t<meta property=\"og:image:width\" content=\"2048\" \/>\n\t<meta property=\"og:image:height\" content=\"1536\" \/>\n\t<meta property=\"og:image:type\" content=\"image\/jpeg\" \/>\n<meta name=\"author\" content=\"Elena Stadel\" \/>\n<meta name=\"twitter:card\" content=\"summary_large_image\" \/>\n<meta name=\"twitter:label1\" content=\"Escrito por\" \/>\n\t<meta name=\"twitter:data1\" content=\"Elena Stadel\" \/>\n\t<meta name=\"twitter:label2\" content=\"Tempo estimado de leitura\" \/>\n\t<meta name=\"twitter:data2\" content=\"6 minutos\" \/>\n<script type=\"application\/ld+json\" class=\"yoast-schema-graph\">{\"@context\":\"https:\\\/\\\/schema.org\",\"@graph\":[{\"@type\":\"Article\",\"@id\":\"https:\\\/\\\/sha.de\\\/pt-pt\\\/news\\\/mais-um-marco-alcancado-na-phoenixwerk-em-dortmund-horde#article\",\"isPartOf\":{\"@id\":\"https:\\\/\\\/sha.de\\\/pt-pt\\\/news\\\/mais-um-marco-alcancado-na-phoenixwerk-em-dortmund-horde\"},\"author\":{\"name\":\"Elena Stadel\",\"@id\":\"https:\\\/\\\/sha.de\\\/pt-pt#\\\/schema\\\/person\\\/e473387e868156b31a7d328499634fd2\"},\"headline\":\"Mais um marco alcan\u00e7ado na PhoenixWERK em Dortmund H\u00f6rde.\",\"datePublished\":\"2024-01-12T14:11:55+00:00\",\"dateModified\":\"2024-09-23T14:54:02+00:00\",\"mainEntityOfPage\":{\"@id\":\"https:\\\/\\\/sha.de\\\/pt-pt\\\/news\\\/mais-um-marco-alcancado-na-phoenixwerk-em-dortmund-horde\"},\"wordCount\":956,\"image\":{\"@id\":\"https:\\\/\\\/sha.de\\\/pt-pt\\\/news\\\/mais-um-marco-alcancado-na-phoenixwerk-em-dortmund-horde#primaryimage\"},\"thumbnailUrl\":\"https:\\\/\\\/sha.de\\\/wp-content\\\/uploads\\\/IMG_0790.jpeg\",\"keywords\":[\"Concurso de arquitetura\",\"Sustentabilidade\",\"Constru\u00e7\u00e3o em madeira\"],\"articleSection\":[\"Dortmund\",\"Sustentabilidade\",\"Gest\u00e3o\"],\"inLanguage\":\"pt-PT\"},{\"@type\":\"WebPage\",\"@id\":\"https:\\\/\\\/sha.de\\\/pt-pt\\\/news\\\/mais-um-marco-alcancado-na-phoenixwerk-em-dortmund-horde\",\"url\":\"https:\\\/\\\/sha.de\\\/pt-pt\\\/news\\\/mais-um-marco-alcancado-na-phoenixwerk-em-dortmund-horde\",\"name\":\"Mais um marco alcan\u00e7ado na PhoenixWERK em Dortmund H\u00f6rde.\",\"isPartOf\":{\"@id\":\"https:\\\/\\\/sha.de\\\/pt-pt#website\"},\"primaryImageOfPage\":{\"@id\":\"https:\\\/\\\/sha.de\\\/pt-pt\\\/news\\\/mais-um-marco-alcancado-na-phoenixwerk-em-dortmund-horde#primaryimage\"},\"image\":{\"@id\":\"https:\\\/\\\/sha.de\\\/pt-pt\\\/news\\\/mais-um-marco-alcancado-na-phoenixwerk-em-dortmund-horde#primaryimage\"},\"thumbnailUrl\":\"https:\\\/\\\/sha.de\\\/wp-content\\\/uploads\\\/IMG_0790.jpeg\",\"datePublished\":\"2024-01-12T14:11:55+00:00\",\"dateModified\":\"2024-09-23T14:54:02+00:00\",\"author\":{\"@id\":\"https:\\\/\\\/sha.de\\\/pt-pt#\\\/schema\\\/person\\\/e473387e868156b31a7d328499634fd2\"},\"description\":\"Mais um marco no desenvolvimento da localiza\u00e7\u00e3o em Dortmund H\u00f6rde. O novo edif\u00edcio integra-se harmoniosamente no impressionante cen\u00e1rio de Phoenix West e acrescenta mais uma pe\u00e7a do puzzle ao conjunto.\",\"breadcrumb\":{\"@id\":\"https:\\\/\\\/sha.de\\\/pt-pt\\\/news\\\/mais-um-marco-alcancado-na-phoenixwerk-em-dortmund-horde#breadcrumb\"},\"inLanguage\":\"pt-PT\",\"potentialAction\":[{\"@type\":\"ReadAction\",\"target\":[\"https:\\\/\\\/sha.de\\\/pt-pt\\\/news\\\/mais-um-marco-alcancado-na-phoenixwerk-em-dortmund-horde\"]}]},{\"@type\":\"ImageObject\",\"inLanguage\":\"pt-PT\",\"@id\":\"https:\\\/\\\/sha.de\\\/pt-pt\\\/news\\\/mais-um-marco-alcancado-na-phoenixwerk-em-dortmund-horde#primaryimage\",\"url\":\"https:\\\/\\\/sha.de\\\/wp-content\\\/uploads\\\/IMG_0790.jpeg\",\"contentUrl\":\"https:\\\/\\\/sha.de\\\/wp-content\\\/uploads\\\/IMG_0790.jpeg\",\"width\":2048,\"height\":1536,\"caption\":\"Er\u00f6ffnung BT3 PhoenixWerk | SHA Scheffler Helbich Architekten\"},{\"@type\":\"BreadcrumbList\",\"@id\":\"https:\\\/\\\/sha.de\\\/pt-pt\\\/news\\\/mais-um-marco-alcancado-na-phoenixwerk-em-dortmund-horde#breadcrumb\",\"itemListElement\":[{\"@type\":\"ListItem\",\"position\":1,\"name\":\"Startseite\",\"item\":\"https:\\\/\\\/sha.de\\\/pt-pt\"},{\"@type\":\"ListItem\",\"position\":2,\"name\":\"Mais um marco alcan\u00e7ado na PhoenixWERK em Dortmund H\u00f6rde.\"}]},{\"@type\":\"WebSite\",\"@id\":\"https:\\\/\\\/sha.de\\\/pt-pt#website\",\"url\":\"https:\\\/\\\/sha.de\\\/pt-pt\",\"name\":\"SHA Scheffler Helbich Architekten GmbH\",\"description\":\"\",\"potentialAction\":[{\"@type\":\"SearchAction\",\"target\":{\"@type\":\"EntryPoint\",\"urlTemplate\":\"https:\\\/\\\/sha.de\\\/pt-pt?s={search_term_string}\"},\"query-input\":{\"@type\":\"PropertyValueSpecification\",\"valueRequired\":true,\"valueName\":\"search_term_string\"}}],\"inLanguage\":\"pt-PT\"},{\"@type\":\"Person\",\"@id\":\"https:\\\/\\\/sha.de\\\/pt-pt#\\\/schema\\\/person\\\/e473387e868156b31a7d328499634fd2\",\"name\":\"Elena Stadel\",\"image\":{\"@type\":\"ImageObject\",\"inLanguage\":\"pt-PT\",\"@id\":\"https:\\\/\\\/secure.gravatar.com\\\/avatar\\\/c59038cf7b864e047cc8f7563d63ae35f69e178e387d2846ff3b578a5fa5dd74?s=96&d=mm&r=g\",\"url\":\"https:\\\/\\\/secure.gravatar.com\\\/avatar\\\/c59038cf7b864e047cc8f7563d63ae35f69e178e387d2846ff3b578a5fa5dd74?s=96&d=mm&r=g\",\"contentUrl\":\"https:\\\/\\\/secure.gravatar.com\\\/avatar\\\/c59038cf7b864e047cc8f7563d63ae35f69e178e387d2846ff3b578a5fa5dd74?s=96&d=mm&r=g\",\"caption\":\"Elena Stadel\"}}]}<\/script>\n<!-- \/ Yoast SEO plugin. -->","yoast_head_json":{"title":"Mais um marco alcan\u00e7ado na PhoenixWERK em Dortmund H\u00f6rde.","description":"Mais um marco no desenvolvimento da localiza\u00e7\u00e3o em Dortmund H\u00f6rde. O novo edif\u00edcio integra-se harmoniosamente no impressionante cen\u00e1rio de Phoenix West e acrescenta mais uma pe\u00e7a do puzzle ao conjunto.","robots":{"index":"index","follow":"follow","max-snippet":"max-snippet:-1","max-image-preview":"max-image-preview:large","max-video-preview":"max-video-preview:-1"},"canonical":"https:\/\/sha.de\/pt-pt\/news\/mais-um-marco-alcancado-na-phoenixwerk-em-dortmund-horde","og_locale":"pt_PT","og_type":"article","og_title":"Mais um marco alcan\u00e7ado na PhoenixWERK em Dortmund H\u00f6rde.","og_description":"Mais um marco no desenvolvimento da localiza\u00e7\u00e3o em Dortmund H\u00f6rde. O novo edif\u00edcio integra-se harmoniosamente no impressionante cen\u00e1rio de Phoenix West e acrescenta mais uma pe\u00e7a do puzzle ao conjunto.","og_url":"https:\/\/sha.de\/pt-pt\/news\/mais-um-marco-alcancado-na-phoenixwerk-em-dortmund-horde","og_site_name":"SHA Scheffler Helbich Architekten GmbH","article_published_time":"2024-01-12T14:11:55+00:00","article_modified_time":"2024-09-23T14:54:02+00:00","og_image":[{"width":2048,"height":1536,"url":"https:\/\/sha.de\/wp-content\/uploads\/IMG_0790.jpeg","type":"image\/jpeg"}],"author":"Elena Stadel","twitter_card":"summary_large_image","twitter_misc":{"Escrito por":"Elena Stadel","Tempo estimado de leitura":"6 minutos"},"schema":{"@context":"https:\/\/schema.org","@graph":[{"@type":"Article","@id":"https:\/\/sha.de\/pt-pt\/news\/mais-um-marco-alcancado-na-phoenixwerk-em-dortmund-horde#article","isPartOf":{"@id":"https:\/\/sha.de\/pt-pt\/news\/mais-um-marco-alcancado-na-phoenixwerk-em-dortmund-horde"},"author":{"name":"Elena Stadel","@id":"https:\/\/sha.de\/pt-pt#\/schema\/person\/e473387e868156b31a7d328499634fd2"},"headline":"Mais um marco alcan\u00e7ado na PhoenixWERK em Dortmund H\u00f6rde.","datePublished":"2024-01-12T14:11:55+00:00","dateModified":"2024-09-23T14:54:02+00:00","mainEntityOfPage":{"@id":"https:\/\/sha.de\/pt-pt\/news\/mais-um-marco-alcancado-na-phoenixwerk-em-dortmund-horde"},"wordCount":956,"image":{"@id":"https:\/\/sha.de\/pt-pt\/news\/mais-um-marco-alcancado-na-phoenixwerk-em-dortmund-horde#primaryimage"},"thumbnailUrl":"https:\/\/sha.de\/wp-content\/uploads\/IMG_0790.jpeg","keywords":["Concurso de arquitetura","Sustentabilidade","Constru\u00e7\u00e3o em madeira"],"articleSection":["Dortmund","Sustentabilidade","Gest\u00e3o"],"inLanguage":"pt-PT"},{"@type":"WebPage","@id":"https:\/\/sha.de\/pt-pt\/news\/mais-um-marco-alcancado-na-phoenixwerk-em-dortmund-horde","url":"https:\/\/sha.de\/pt-pt\/news\/mais-um-marco-alcancado-na-phoenixwerk-em-dortmund-horde","name":"Mais um marco alcan\u00e7ado na PhoenixWERK em Dortmund H\u00f6rde.","isPartOf":{"@id":"https:\/\/sha.de\/pt-pt#website"},"primaryImageOfPage":{"@id":"https:\/\/sha.de\/pt-pt\/news\/mais-um-marco-alcancado-na-phoenixwerk-em-dortmund-horde#primaryimage"},"image":{"@id":"https:\/\/sha.de\/pt-pt\/news\/mais-um-marco-alcancado-na-phoenixwerk-em-dortmund-horde#primaryimage"},"thumbnailUrl":"https:\/\/sha.de\/wp-content\/uploads\/IMG_0790.jpeg","datePublished":"2024-01-12T14:11:55+00:00","dateModified":"2024-09-23T14:54:02+00:00","author":{"@id":"https:\/\/sha.de\/pt-pt#\/schema\/person\/e473387e868156b31a7d328499634fd2"},"description":"Mais um marco no desenvolvimento da localiza\u00e7\u00e3o em Dortmund H\u00f6rde. O novo edif\u00edcio integra-se harmoniosamente no impressionante cen\u00e1rio de Phoenix West e acrescenta mais uma pe\u00e7a do puzzle ao conjunto.","breadcrumb":{"@id":"https:\/\/sha.de\/pt-pt\/news\/mais-um-marco-alcancado-na-phoenixwerk-em-dortmund-horde#breadcrumb"},"inLanguage":"pt-PT","potentialAction":[{"@type":"ReadAction","target":["https:\/\/sha.de\/pt-pt\/news\/mais-um-marco-alcancado-na-phoenixwerk-em-dortmund-horde"]}]},{"@type":"ImageObject","inLanguage":"pt-PT","@id":"https:\/\/sha.de\/pt-pt\/news\/mais-um-marco-alcancado-na-phoenixwerk-em-dortmund-horde#primaryimage","url":"https:\/\/sha.de\/wp-content\/uploads\/IMG_0790.jpeg","contentUrl":"https:\/\/sha.de\/wp-content\/uploads\/IMG_0790.jpeg","width":2048,"height":1536,"caption":"Er\u00f6ffnung BT3 PhoenixWerk | SHA Scheffler Helbich Architekten"},{"@type":"BreadcrumbList","@id":"https:\/\/sha.de\/pt-pt\/news\/mais-um-marco-alcancado-na-phoenixwerk-em-dortmund-horde#breadcrumb","itemListElement":[{"@type":"ListItem","position":1,"name":"Startseite","item":"https:\/\/sha.de\/pt-pt"},{"@type":"ListItem","position":2,"name":"Mais um marco alcan\u00e7ado na PhoenixWERK em Dortmund H\u00f6rde."}]},{"@type":"WebSite","@id":"https:\/\/sha.de\/pt-pt#website","url":"https:\/\/sha.de\/pt-pt","name":"SHA Scheffler Helbich Architekten GmbH","description":"","potentialAction":[{"@type":"SearchAction","target":{"@type":"EntryPoint","urlTemplate":"https:\/\/sha.de\/pt-pt?s={search_term_string}"},"query-input":{"@type":"PropertyValueSpecification","valueRequired":true,"valueName":"search_term_string"}}],"inLanguage":"pt-PT"},{"@type":"Person","@id":"https:\/\/sha.de\/pt-pt#\/schema\/person\/e473387e868156b31a7d328499634fd2","name":"Elena Stadel","image":{"@type":"ImageObject","inLanguage":"pt-PT","@id":"https:\/\/secure.gravatar.com\/avatar\/c59038cf7b864e047cc8f7563d63ae35f69e178e387d2846ff3b578a5fa5dd74?s=96&d=mm&r=g","url":"https:\/\/secure.gravatar.com\/avatar\/c59038cf7b864e047cc8f7563d63ae35f69e178e387d2846ff3b578a5fa5dd74?s=96&d=mm&r=g","contentUrl":"https:\/\/secure.gravatar.com\/avatar\/c59038cf7b864e047cc8f7563d63ae35f69e178e387d2846ff3b578a5fa5dd74?s=96&d=mm&r=g","caption":"Elena Stadel"}}]}},"_links":{"self":[{"href":"https:\/\/sha.de\/pt-pt\/wp-json\/wp\/v2\/posts\/33483","targetHints":{"allow":["GET"]}}],"collection":[{"href":"https:\/\/sha.de\/pt-pt\/wp-json\/wp\/v2\/posts"}],"about":[{"href":"https:\/\/sha.de\/pt-pt\/wp-json\/wp\/v2\/types\/post"}],"author":[{"embeddable":true,"href":"https:\/\/sha.de\/pt-pt\/wp-json\/wp\/v2\/users\/3"}],"replies":[{"embeddable":true,"href":"https:\/\/sha.de\/pt-pt\/wp-json\/wp\/v2\/comments?post=33483"}],"version-history":[{"count":11,"href":"https:\/\/sha.de\/pt-pt\/wp-json\/wp\/v2\/posts\/33483\/revisions"}],"predecessor-version":[{"id":47391,"href":"https:\/\/sha.de\/pt-pt\/wp-json\/wp\/v2\/posts\/33483\/revisions\/47391"}],"wp:featuredmedia":[{"embeddable":true,"href":"https:\/\/sha.de\/pt-pt\/wp-json\/wp\/v2\/media\/28261"}],"wp:attachment":[{"href":"https:\/\/sha.de\/pt-pt\/wp-json\/wp\/v2\/media?parent=33483"}],"wp:term":[{"taxonomy":"category","embeddable":true,"href":"https:\/\/sha.de\/pt-pt\/wp-json\/wp\/v2\/categories?post=33483"},{"taxonomy":"post_tag","embeddable":true,"href":"https:\/\/sha.de\/pt-pt\/wp-json\/wp\/v2\/tags?post=33483"}],"curies":[{"name":"wp","href":"https:\/\/api.w.org\/{rel}","templated":true}]}}