{"id":33745,"date":"2024-05-28T16:41:51","date_gmt":"2024-05-28T14:41:51","guid":{"rendered":"https:\/\/sha.de\/aktuelles\/novo-centro-de-formacao-de-jovens-do-vfl-bochum"},"modified":"2024-09-23T16:54:27","modified_gmt":"2024-09-23T14:54:27","slug":"novo-centro-de-formacao-de-jovens-do-vfl-bochum","status":"publish","type":"post","link":"https:\/\/sha.de\/pt-pt\/news\/novo-centro-de-formacao-de-jovens-do-vfl-bochum","title":{"rendered":"Novo centro de forma\u00e7\u00e3o de jovens do VfL Bochum"},"content":{"rendered":"<div id='av_section_1' class='avia-section main_color pt-default pb-default avia-no-border-styling avia-bg-style-scroll  avia-builder-el-0  avia-builder-el-no-sibling   container_wrap fullsize' style=' '  ><div class='container' ><main  role=\"main\" itemprop=\"mainContentOfPage\"  class='template-page content  av-content-full alpha units'><div class='post-entry post-entry-type-page post-entry-33745'><div class='entry-content-wrapper clearfix'>\n\n\t\t\t<div id=\"av-q8e0eh\" class=\"headline-column flex_column av_one_full flex_column_div first \">\n\t\t\t\t<div class=\"headline-wrap is-outside align-left sub-bottom\">\n\t\t\t\t\t<h1 class=\"headline-content headline-primary\">Condi\u00e7\u00f5es de forma\u00e7\u00e3o profissional para o futebol juvenil profissional<\/h1>\n\t\t\t\t\t<h3 class=\"headline-content headline-secondary\">SHA desenvolve op\u00e7\u00f5es de implementa\u00e7\u00e3o para um novo centro de desenvolvimento de jovens para o clube de futebol VfL Bochum da Bundesliga<\/h3>\n\t\t\t\t<\/div>\n\t\t\t<\/div>\n<div class=\"flex_column av_one_full  flex_column_div av-zero-column-padding first bg-default   img-left   avia-builder-el-2  el_after_pixel_sc_headline  el_before_av_one_third  \"><div  class='avia-image-container  av-styling-    avia-builder-el-3  avia-builder-el-no-sibling  avia-align-center'  itemprop=\"image\" itemscope=\"itemscope\" itemtype=\"https:\/\/schema.org\/ImageObject\"  ><div class='avia-image-container-inner'><div class='avia-image-overlay-wrap'><img class='avia_image' src='https:\/\/sha.de\/wp-content\/uploads\/240419_VfL_Bochum_Talentwerk_03-scaled.jpg' alt='' title='VfL Bochum Talentwerk Visualisierung | SHA Scheffler Helbich Architekten' height=\"1440\" width=\"2560\"  itemprop=\"thumbnailUrl\"  \/><\/div><\/div><\/div><\/div><div class=\"flex_column av_one_third  flex_column_div av-zero-column-padding first bg-default   img-left   avia-builder-el-4  el_after_av_one_full  el_before_av_one_third  column-top-margin\"><section  class='av_textblock_section av-lwj3gqby-ff46cec6744d5f23829e84444b6992f4 '   itemscope=\"itemscope\" itemtype=\"https:\/\/schema.org\/BlogPosting\" itemprop=\"blogPost\" ><div class='avia_textblock'  itemprop=\"text\" ><p>Parab\u00e9ns ao VfL Bochum pela perman\u00eancia na primeira divis\u00e3o! Depois de uma magn\u00edfica reviravolta na noite passada, o VfL Bochum garantiu o seu lugar no play-off de despromo\u00e7\u00e3o contra o Fortuna D\u00fcsseldorf e, por isso, vai continuar a jogar na Bundesliga na pr\u00f3xima \u00e9poca. Estamos muito satisfeitos por o Bochum ter permanecido na liga e orgulhamo-nos de apoiar o VfL em futuros projectos de constru\u00e7\u00e3o, a fim de alcan\u00e7ar mais sucesso desportivo.<\/p>\n<h2>Novo centro de espect\u00e1culos para jovens<\/h2>\n<p>Na Hiltroper Stra\u00dfe, ser\u00e1 constru\u00eddo um novo centro de forma\u00e7\u00e3o de jovens para as equipas masculinas e femininas do VfL Bochum, incluindo v\u00e1rios campos de relva natural, bancadas e outras medidas de constru\u00e7\u00e3o. Para avan\u00e7ar com o planeamento, a nossa equipa est\u00e1 atualmente a trabalhar em v\u00e1rias op\u00e7\u00f5es de implementa\u00e7\u00e3o para complementar as instala\u00e7\u00f5es de forma\u00e7\u00e3o existentes a sul da Hiltroper Stra\u00dfe.<\/p>\n<\/div><\/section><\/div><div class=\"flex_column av_one_third  flex_column_div av-zero-column-padding  bg-default   img-left   avia-builder-el-6  el_after_av_one_third  el_before_av_one_third  column-top-margin\"><section  class='av_textblock_section av-lw987txk-2de98ed74f24666b7826ab0580eabb3e '   itemscope=\"itemscope\" itemtype=\"https:\/\/schema.org\/BlogPosting\" itemprop=\"blogPost\" ><div class='avia_textblock'  itemprop=\"text\" ><h2>Est\u00e3o previstas diversas medidas de execu\u00e7\u00e3o<\/h2>\n<p>O atual centro de talentos do VfL ser\u00e1 ampliado para que os jovens jogadores e outros funcion\u00e1rios do clube tenham acesso a salas de treino e alojamento, para al\u00e9m de camarotes e \u00e1reas de lazer. Os lugares de estacionamento existentes ser\u00e3o tamb\u00e9m alargados em conformidade com os requisitos de maior espa\u00e7o de estacionamento. Os campos de relva natural a norte da Hiltroper Stra\u00dfe complementam os campos de futebol existentes a sul. A maquinaria e o equipamento necess\u00e1rios para a manuten\u00e7\u00e3o dos relvados podem ser acomodados num novo edif\u00edcio de manuten\u00e7\u00e3o de relvados a ser constru\u00eddo na proximidade imediata dos campos desportivos. Os campos de futebol novos e existentes ser\u00e3o complementados por um total de tr\u00eas bancadas cobertas, permitindo aos espectadores assistir \u00e0s sess\u00f5es de treino e \u00e0s competi\u00e7\u00f5es protegidos das intemp\u00e9ries.<\/p>\n<\/div><\/section><\/div><div class=\"flex_column av_one_third  flex_column_div av-zero-column-padding  bg-default   img-left   avia-builder-el-8  el_after_av_one_third  el_before_av_hr  column-top-margin\"><section  class='av_textblock_section av-lwj7nioy-b3e13266b089e71f0e87d9993c4d6713 '   itemscope=\"itemscope\" itemtype=\"https:\/\/schema.org\/BlogPosting\" itemprop=\"blogPost\" ><div class='avia_textblock'  itemprop=\"text\" ><h2>Centro de desempenho para jovens rapazes e raparigas<\/h2>\n<p>O novo centro de forma\u00e7\u00e3o de jovens a construir na Hiltroper Stra\u00dfe proporcionar\u00e1 aos jovens jogadores as melhores condi\u00e7\u00f5es para desenvolverem as suas capacidades futebol\u00edsticas a n\u00edvel profissional.<\/p>\n<\/div><\/section><\/div><div  class='hr av-ri69yp-ec568a8857f338ebce9ae90541c7c59e hr-default  avia-builder-el-10  el_after_av_one_third  el_before_pixel_sc_slickgallery '><span class='hr-inner '><span class=\"hr-inner-style\"><\/span><\/span><\/div>\n<div class=\"slickgallery no-nav\">\n\t<div class=\"pixel-slide-wrap\">\n\t\t<div class=\"pixel-slide\" style=\"display: block; width: 100%; float: left;\">\n\t\t\t\t\n\t\t\t\t\t\t\t\t\t\t\t\t\t\n\t\t\t\t\t<div class=\"pixel-slide__image-wrap slide-1\">\n\t\t\t\t\t\t\t<div class=\"pixel-slide__image \"><a href=\"https:\/\/sha.de\/wp-content\/uploads\/240419_VfL_Bochum_Talentwerk_03-1280x720.jpg\" rel=\"lightbox\"><img decoding=\"async\" src=\"https:\/\/sha.de\/wp-content\/uploads\/240419_VfL_Bochum_Talentwerk_03-706x368.jpg\" alt=\"VfL Bochum Talentwerk Visualisierung | SHA Scheffler Helbich Architekten\" title=\"VfL Bochum Talentwerk Visualisierung | SHA Scheffler Helbich Architekten\"><\/a><\/div>\n\t\t\t\t\t<\/div>\n\t\t\t\t\n\t\t\t\t\t\t\t\t\t\t\t\t\t\n\t\t\t\t\t<div class=\"pixel-slide__image-wrap slide-2\">\n\t\t\t\t\t\t\t<div class=\"pixel-slide__image \"><a href=\"https:\/\/sha.de\/wp-content\/uploads\/3_VAR1-850x850.png\" rel=\"lightbox\"><img decoding=\"async\" src=\"https:\/\/sha.de\/wp-content\/uploads\/3_VAR1-706x368.png\" alt=\"VfL Bochum Nachwuchsleistungszentrum Variante 1 | SHA Scheffler Helbich Architekten\" title=\"VfL Bochum Nachwuchsleistungszentrum Variante 1 | SHA Scheffler Helbich Architekten\"><\/a><\/div>\n\t\t\t\t\t<\/div>\n\t\t\t\t\n\t\t\t\t\t\t\t\t\t\t\t\t\t\n\t\t\t\t\t<div class=\"pixel-slide__image-wrap slide-3\">\n\t\t\t\t\t\t\t<div class=\"pixel-slide__image \"><a href=\"https:\/\/sha.de\/wp-content\/uploads\/4_VAR2-850x850.png\" rel=\"lightbox\"><img decoding=\"async\" src=\"https:\/\/sha.de\/wp-content\/uploads\/4_VAR2-706x368.png\" alt=\"VfL Bochum Nachwuchsleistungszentrum Variante 2 | SHA Scheffler Helbich Architekten\" title=\"VfL Bochum Nachwuchsleistungszentrum Variante 2 | SHA Scheffler Helbich Architekten\"><\/a><\/div>\n\t\t\t\t\t<\/div>\n\t\t\t\t\t\t<\/div>\n\t<\/div>\n<\/div>\n\n\n","protected":false},"excerpt":{"rendered":"<p>O VfL Bochum vai construir um novo centro de forma\u00e7\u00e3o para jovens na Hiltroper Stra\u00dfe, que inclui v\u00e1rios campos de relva natural, bancadas e outras medidas de constru\u00e7\u00e3o.<\/p>\n","protected":false},"author":4,"featured_media":28813,"comment_status":"closed","ping_status":"closed","sticky":false,"template":"","format":"standard","meta":{"_acf_changed":false,"content-type":"","footnotes":""},"categories":[884],"tags":[1080,1272,1273,1274,1275],"class_list":["post-33745","post","type-post","status-publish","format-standard","has-post-thumbnail","hentry","category-instalacoes-desportivas","tag-novo-edificio","tag-desporto","tag-instalacoes-desportivas","tag-centro-de-formacao","tag-futebol"],"acf":[],"yoast_head":"<!-- This site is optimized with the Yoast SEO plugin v27.4 - https:\/\/yoast.com\/product\/yoast-seo-wordpress\/ -->\n<title>Centro de forma\u00e7\u00e3o de jovens do VfL Bochum | SHA Scheffler Helbich Architekten<\/title>\n<meta name=\"description\" content=\"O VfL Bochum vai construir um novo centro de forma\u00e7\u00e3o para jovens na Hiltroper Stra\u00dfe, que inclui v\u00e1rios campos de relva natural, bancadas e outras medidas de constru\u00e7\u00e3o.\" \/>\n<meta name=\"robots\" content=\"index, follow, max-snippet:-1, max-image-preview:large, max-video-preview:-1\" \/>\n<link rel=\"canonical\" href=\"https:\/\/sha.de\/pt-pt\/news\/novo-centro-de-formacao-de-jovens-do-vfl-bochum\" \/>\n<meta property=\"og:locale\" content=\"pt_PT\" \/>\n<meta property=\"og:type\" content=\"article\" \/>\n<meta property=\"og:title\" content=\"Centro de forma\u00e7\u00e3o de jovens do VfL Bochum | SHA Scheffler Helbich Architekten\" \/>\n<meta property=\"og:description\" content=\"O VfL Bochum vai construir um novo centro de forma\u00e7\u00e3o para jovens na Hiltroper Stra\u00dfe, que inclui v\u00e1rios campos de relva natural, bancadas e outras medidas de constru\u00e7\u00e3o.\" \/>\n<meta property=\"og:url\" content=\"https:\/\/sha.de\/pt-pt\/news\/novo-centro-de-formacao-de-jovens-do-vfl-bochum\" \/>\n<meta property=\"og:site_name\" content=\"SHA Scheffler Helbich Architekten GmbH\" \/>\n<meta property=\"article:published_time\" content=\"2024-05-28T14:41:51+00:00\" \/>\n<meta property=\"article:modified_time\" content=\"2024-09-23T14:54:27+00:00\" \/>\n<meta property=\"og:image\" content=\"https:\/\/sha.de\/wp-content\/uploads\/240419_VfL_Bochum_Talentwerk_03-1030x579.jpg\" \/>\n\t<meta property=\"og:image:width\" content=\"1030\" \/>\n\t<meta property=\"og:image:height\" content=\"579\" \/>\n\t<meta property=\"og:image:type\" content=\"image\/jpeg\" \/>\n<meta name=\"author\" content=\"Max Frittgen\" \/>\n<meta name=\"twitter:card\" content=\"summary_large_image\" \/>\n<meta name=\"twitter:label1\" content=\"Escrito por\" \/>\n\t<meta name=\"twitter:data1\" content=\"Max Frittgen\" \/>\n\t<meta name=\"twitter:label2\" content=\"Tempo estimado de leitura\" \/>\n\t<meta name=\"twitter:data2\" content=\"8 minutos\" \/>\n<script type=\"application\/ld+json\" class=\"yoast-schema-graph\">{\"@context\":\"https:\\\/\\\/schema.org\",\"@graph\":[{\"@type\":\"Article\",\"@id\":\"https:\\\/\\\/sha.de\\\/pt-pt\\\/news\\\/novo-centro-de-formacao-de-jovens-do-vfl-bochum#article\",\"isPartOf\":{\"@id\":\"https:\\\/\\\/sha.de\\\/pt-pt\\\/news\\\/novo-centro-de-formacao-de-jovens-do-vfl-bochum\"},\"author\":{\"name\":\"Max Frittgen\",\"@id\":\"https:\\\/\\\/sha.de\\\/pt-pt#\\\/schema\\\/person\\\/e5274be999acaa73cf6ce0a26902e296\"},\"headline\":\"Novo centro de forma\u00e7\u00e3o de jovens do VfL Bochum\",\"datePublished\":\"2024-05-28T14:41:51+00:00\",\"dateModified\":\"2024-09-23T14:54:27+00:00\",\"mainEntityOfPage\":{\"@id\":\"https:\\\/\\\/sha.de\\\/pt-pt\\\/news\\\/novo-centro-de-formacao-de-jovens-do-vfl-bochum\"},\"wordCount\":1263,\"image\":{\"@id\":\"https:\\\/\\\/sha.de\\\/pt-pt\\\/news\\\/novo-centro-de-formacao-de-jovens-do-vfl-bochum#primaryimage\"},\"thumbnailUrl\":\"https:\\\/\\\/sha.de\\\/wp-content\\\/uploads\\\/240419_VfL_Bochum_Talentwerk_03-scaled.jpg\",\"keywords\":[\"Novo edif\u00edcio\",\"Desporto\",\"Instala\u00e7\u00f5es desportivas\",\"Centro de forma\u00e7\u00e3o\",\"Futebol\"],\"articleSection\":[\"Instala\u00e7\u00f5es desportivas\"],\"inLanguage\":\"pt-PT\"},{\"@type\":\"WebPage\",\"@id\":\"https:\\\/\\\/sha.de\\\/pt-pt\\\/news\\\/novo-centro-de-formacao-de-jovens-do-vfl-bochum\",\"url\":\"https:\\\/\\\/sha.de\\\/pt-pt\\\/news\\\/novo-centro-de-formacao-de-jovens-do-vfl-bochum\",\"name\":\"Centro de forma\u00e7\u00e3o de jovens do VfL Bochum | SHA Scheffler Helbich Architekten\",\"isPartOf\":{\"@id\":\"https:\\\/\\\/sha.de\\\/pt-pt#website\"},\"primaryImageOfPage\":{\"@id\":\"https:\\\/\\\/sha.de\\\/pt-pt\\\/news\\\/novo-centro-de-formacao-de-jovens-do-vfl-bochum#primaryimage\"},\"image\":{\"@id\":\"https:\\\/\\\/sha.de\\\/pt-pt\\\/news\\\/novo-centro-de-formacao-de-jovens-do-vfl-bochum#primaryimage\"},\"thumbnailUrl\":\"https:\\\/\\\/sha.de\\\/wp-content\\\/uploads\\\/240419_VfL_Bochum_Talentwerk_03-scaled.jpg\",\"datePublished\":\"2024-05-28T14:41:51+00:00\",\"dateModified\":\"2024-09-23T14:54:27+00:00\",\"author\":{\"@id\":\"https:\\\/\\\/sha.de\\\/pt-pt#\\\/schema\\\/person\\\/e5274be999acaa73cf6ce0a26902e296\"},\"description\":\"O VfL Bochum vai construir um novo centro de forma\u00e7\u00e3o para jovens na Hiltroper Stra\u00dfe, que inclui v\u00e1rios campos de relva natural, bancadas e outras medidas de constru\u00e7\u00e3o.\",\"breadcrumb\":{\"@id\":\"https:\\\/\\\/sha.de\\\/pt-pt\\\/news\\\/novo-centro-de-formacao-de-jovens-do-vfl-bochum#breadcrumb\"},\"inLanguage\":\"pt-PT\",\"potentialAction\":[{\"@type\":\"ReadAction\",\"target\":[\"https:\\\/\\\/sha.de\\\/pt-pt\\\/news\\\/novo-centro-de-formacao-de-jovens-do-vfl-bochum\"]}]},{\"@type\":\"ImageObject\",\"inLanguage\":\"pt-PT\",\"@id\":\"https:\\\/\\\/sha.de\\\/pt-pt\\\/news\\\/novo-centro-de-formacao-de-jovens-do-vfl-bochum#primaryimage\",\"url\":\"https:\\\/\\\/sha.de\\\/wp-content\\\/uploads\\\/240419_VfL_Bochum_Talentwerk_03-scaled.jpg\",\"contentUrl\":\"https:\\\/\\\/sha.de\\\/wp-content\\\/uploads\\\/240419_VfL_Bochum_Talentwerk_03-scaled.jpg\",\"width\":2560,\"height\":1440},{\"@type\":\"BreadcrumbList\",\"@id\":\"https:\\\/\\\/sha.de\\\/pt-pt\\\/news\\\/novo-centro-de-formacao-de-jovens-do-vfl-bochum#breadcrumb\",\"itemListElement\":[{\"@type\":\"ListItem\",\"position\":1,\"name\":\"Startseite\",\"item\":\"https:\\\/\\\/sha.de\\\/pt-pt\"},{\"@type\":\"ListItem\",\"position\":2,\"name\":\"Novo centro de forma\u00e7\u00e3o de jovens do VfL Bochum\"}]},{\"@type\":\"WebSite\",\"@id\":\"https:\\\/\\\/sha.de\\\/pt-pt#website\",\"url\":\"https:\\\/\\\/sha.de\\\/pt-pt\",\"name\":\"SHA Scheffler Helbich Architekten GmbH\",\"description\":\"\",\"potentialAction\":[{\"@type\":\"SearchAction\",\"target\":{\"@type\":\"EntryPoint\",\"urlTemplate\":\"https:\\\/\\\/sha.de\\\/pt-pt?s={search_term_string}\"},\"query-input\":{\"@type\":\"PropertyValueSpecification\",\"valueRequired\":true,\"valueName\":\"search_term_string\"}}],\"inLanguage\":\"pt-PT\"},{\"@type\":\"Person\",\"@id\":\"https:\\\/\\\/sha.de\\\/pt-pt#\\\/schema\\\/person\\\/e5274be999acaa73cf6ce0a26902e296\",\"name\":\"Max Frittgen\",\"image\":{\"@type\":\"ImageObject\",\"inLanguage\":\"pt-PT\",\"@id\":\"https:\\\/\\\/secure.gravatar.com\\\/avatar\\\/2412b8cfc9e1dc689e55df7d19e72589baa82cf33ed35837abe3925140890a8a?s=96&d=mm&r=g\",\"url\":\"https:\\\/\\\/secure.gravatar.com\\\/avatar\\\/2412b8cfc9e1dc689e55df7d19e72589baa82cf33ed35837abe3925140890a8a?s=96&d=mm&r=g\",\"contentUrl\":\"https:\\\/\\\/secure.gravatar.com\\\/avatar\\\/2412b8cfc9e1dc689e55df7d19e72589baa82cf33ed35837abe3925140890a8a?s=96&d=mm&r=g\",\"caption\":\"Max Frittgen\"},\"sameAs\":[\"http:\\\/\\\/www.sha.de\"]}]}<\/script>\n<!-- \/ Yoast SEO plugin. -->","yoast_head_json":{"title":"Centro de forma\u00e7\u00e3o de jovens do VfL Bochum | SHA Scheffler Helbich Architekten","description":"O VfL Bochum vai construir um novo centro de forma\u00e7\u00e3o para jovens na Hiltroper Stra\u00dfe, que inclui v\u00e1rios campos de relva natural, bancadas e outras medidas de constru\u00e7\u00e3o.","robots":{"index":"index","follow":"follow","max-snippet":"max-snippet:-1","max-image-preview":"max-image-preview:large","max-video-preview":"max-video-preview:-1"},"canonical":"https:\/\/sha.de\/pt-pt\/news\/novo-centro-de-formacao-de-jovens-do-vfl-bochum","og_locale":"pt_PT","og_type":"article","og_title":"Centro de forma\u00e7\u00e3o de jovens do VfL Bochum | SHA Scheffler Helbich Architekten","og_description":"O VfL Bochum vai construir um novo centro de forma\u00e7\u00e3o para jovens na Hiltroper Stra\u00dfe, que inclui v\u00e1rios campos de relva natural, bancadas e outras medidas de constru\u00e7\u00e3o.","og_url":"https:\/\/sha.de\/pt-pt\/news\/novo-centro-de-formacao-de-jovens-do-vfl-bochum","og_site_name":"SHA Scheffler Helbich Architekten GmbH","article_published_time":"2024-05-28T14:41:51+00:00","article_modified_time":"2024-09-23T14:54:27+00:00","og_image":[{"width":1030,"height":579,"url":"https:\/\/sha.de\/wp-content\/uploads\/240419_VfL_Bochum_Talentwerk_03-1030x579.jpg","type":"image\/jpeg"}],"author":"Max Frittgen","twitter_card":"summary_large_image","twitter_misc":{"Escrito por":"Max Frittgen","Tempo estimado de leitura":"8 minutos"},"schema":{"@context":"https:\/\/schema.org","@graph":[{"@type":"Article","@id":"https:\/\/sha.de\/pt-pt\/news\/novo-centro-de-formacao-de-jovens-do-vfl-bochum#article","isPartOf":{"@id":"https:\/\/sha.de\/pt-pt\/news\/novo-centro-de-formacao-de-jovens-do-vfl-bochum"},"author":{"name":"Max Frittgen","@id":"https:\/\/sha.de\/pt-pt#\/schema\/person\/e5274be999acaa73cf6ce0a26902e296"},"headline":"Novo centro de forma\u00e7\u00e3o de jovens do VfL Bochum","datePublished":"2024-05-28T14:41:51+00:00","dateModified":"2024-09-23T14:54:27+00:00","mainEntityOfPage":{"@id":"https:\/\/sha.de\/pt-pt\/news\/novo-centro-de-formacao-de-jovens-do-vfl-bochum"},"wordCount":1263,"image":{"@id":"https:\/\/sha.de\/pt-pt\/news\/novo-centro-de-formacao-de-jovens-do-vfl-bochum#primaryimage"},"thumbnailUrl":"https:\/\/sha.de\/wp-content\/uploads\/240419_VfL_Bochum_Talentwerk_03-scaled.jpg","keywords":["Novo edif\u00edcio","Desporto","Instala\u00e7\u00f5es desportivas","Centro de forma\u00e7\u00e3o","Futebol"],"articleSection":["Instala\u00e7\u00f5es desportivas"],"inLanguage":"pt-PT"},{"@type":"WebPage","@id":"https:\/\/sha.de\/pt-pt\/news\/novo-centro-de-formacao-de-jovens-do-vfl-bochum","url":"https:\/\/sha.de\/pt-pt\/news\/novo-centro-de-formacao-de-jovens-do-vfl-bochum","name":"Centro de forma\u00e7\u00e3o de jovens do VfL Bochum | SHA Scheffler Helbich Architekten","isPartOf":{"@id":"https:\/\/sha.de\/pt-pt#website"},"primaryImageOfPage":{"@id":"https:\/\/sha.de\/pt-pt\/news\/novo-centro-de-formacao-de-jovens-do-vfl-bochum#primaryimage"},"image":{"@id":"https:\/\/sha.de\/pt-pt\/news\/novo-centro-de-formacao-de-jovens-do-vfl-bochum#primaryimage"},"thumbnailUrl":"https:\/\/sha.de\/wp-content\/uploads\/240419_VfL_Bochum_Talentwerk_03-scaled.jpg","datePublished":"2024-05-28T14:41:51+00:00","dateModified":"2024-09-23T14:54:27+00:00","author":{"@id":"https:\/\/sha.de\/pt-pt#\/schema\/person\/e5274be999acaa73cf6ce0a26902e296"},"description":"O VfL Bochum vai construir um novo centro de forma\u00e7\u00e3o para jovens na Hiltroper Stra\u00dfe, que inclui v\u00e1rios campos de relva natural, bancadas e outras medidas de constru\u00e7\u00e3o.","breadcrumb":{"@id":"https:\/\/sha.de\/pt-pt\/news\/novo-centro-de-formacao-de-jovens-do-vfl-bochum#breadcrumb"},"inLanguage":"pt-PT","potentialAction":[{"@type":"ReadAction","target":["https:\/\/sha.de\/pt-pt\/news\/novo-centro-de-formacao-de-jovens-do-vfl-bochum"]}]},{"@type":"ImageObject","inLanguage":"pt-PT","@id":"https:\/\/sha.de\/pt-pt\/news\/novo-centro-de-formacao-de-jovens-do-vfl-bochum#primaryimage","url":"https:\/\/sha.de\/wp-content\/uploads\/240419_VfL_Bochum_Talentwerk_03-scaled.jpg","contentUrl":"https:\/\/sha.de\/wp-content\/uploads\/240419_VfL_Bochum_Talentwerk_03-scaled.jpg","width":2560,"height":1440},{"@type":"BreadcrumbList","@id":"https:\/\/sha.de\/pt-pt\/news\/novo-centro-de-formacao-de-jovens-do-vfl-bochum#breadcrumb","itemListElement":[{"@type":"ListItem","position":1,"name":"Startseite","item":"https:\/\/sha.de\/pt-pt"},{"@type":"ListItem","position":2,"name":"Novo centro de forma\u00e7\u00e3o de jovens do VfL Bochum"}]},{"@type":"WebSite","@id":"https:\/\/sha.de\/pt-pt#website","url":"https:\/\/sha.de\/pt-pt","name":"SHA Scheffler Helbich Architekten GmbH","description":"","potentialAction":[{"@type":"SearchAction","target":{"@type":"EntryPoint","urlTemplate":"https:\/\/sha.de\/pt-pt?s={search_term_string}"},"query-input":{"@type":"PropertyValueSpecification","valueRequired":true,"valueName":"search_term_string"}}],"inLanguage":"pt-PT"},{"@type":"Person","@id":"https:\/\/sha.de\/pt-pt#\/schema\/person\/e5274be999acaa73cf6ce0a26902e296","name":"Max Frittgen","image":{"@type":"ImageObject","inLanguage":"pt-PT","@id":"https:\/\/secure.gravatar.com\/avatar\/2412b8cfc9e1dc689e55df7d19e72589baa82cf33ed35837abe3925140890a8a?s=96&d=mm&r=g","url":"https:\/\/secure.gravatar.com\/avatar\/2412b8cfc9e1dc689e55df7d19e72589baa82cf33ed35837abe3925140890a8a?s=96&d=mm&r=g","contentUrl":"https:\/\/secure.gravatar.com\/avatar\/2412b8cfc9e1dc689e55df7d19e72589baa82cf33ed35837abe3925140890a8a?s=96&d=mm&r=g","caption":"Max Frittgen"},"sameAs":["http:\/\/www.sha.de"]}]}},"_links":{"self":[{"href":"https:\/\/sha.de\/pt-pt\/wp-json\/wp\/v2\/posts\/33745","targetHints":{"allow":["GET"]}}],"collection":[{"href":"https:\/\/sha.de\/pt-pt\/wp-json\/wp\/v2\/posts"}],"about":[{"href":"https:\/\/sha.de\/pt-pt\/wp-json\/wp\/v2\/types\/post"}],"author":[{"embeddable":true,"href":"https:\/\/sha.de\/pt-pt\/wp-json\/wp\/v2\/users\/4"}],"replies":[{"embeddable":true,"href":"https:\/\/sha.de\/pt-pt\/wp-json\/wp\/v2\/comments?post=33745"}],"version-history":[{"count":16,"href":"https:\/\/sha.de\/pt-pt\/wp-json\/wp\/v2\/posts\/33745\/revisions"}],"predecessor-version":[{"id":47617,"href":"https:\/\/sha.de\/pt-pt\/wp-json\/wp\/v2\/posts\/33745\/revisions\/47617"}],"wp:featuredmedia":[{"embeddable":true,"href":"https:\/\/sha.de\/pt-pt\/wp-json\/wp\/v2\/media\/28813"}],"wp:attachment":[{"href":"https:\/\/sha.de\/pt-pt\/wp-json\/wp\/v2\/media?parent=33745"}],"wp:term":[{"taxonomy":"category","embeddable":true,"href":"https:\/\/sha.de\/pt-pt\/wp-json\/wp\/v2\/categories?post=33745"},{"taxonomy":"post_tag","embeddable":true,"href":"https:\/\/sha.de\/pt-pt\/wp-json\/wp\/v2\/tags?post=33745"}],"curies":[{"name":"wp","href":"https:\/\/api.w.org\/{rel}","templated":true}]}}