{"id":34455,"date":"2021-02-17T11:58:10","date_gmt":"2021-02-17T10:58:10","guid":{"rendered":"https:\/\/sha.de\/aktuelles\/parque-de-estacionamento-de-bairro-conselhos-sobre-a-electromobilidade"},"modified":"2024-09-23T16:55:46","modified_gmt":"2024-09-23T14:55:46","slug":"parque-de-estacionamento-de-bairro-conselhos-sobre-a-electromobilidade","status":"publish","type":"post","link":"https:\/\/sha.de\/pt-pt\/news\/parque-de-estacionamento-de-bairro-conselhos-sobre-a-electromobilidade","title":{"rendered":"Parque de estacionamento de bairro: conselhos sobre a electromobilidade"},"content":{"rendered":"<div id='av_section_1' class='avia-section main_color pt-default pb-default avia-no-border-styling avia-bg-style-scroll  avia-builder-el-0  avia-builder-el-no-sibling   container_wrap fullsize' style=' '  ><div class='container' ><main  role=\"main\" itemprop=\"mainContentOfPage\"  class='template-page content  av-content-full alpha units'><div class='post-entry post-entry-type-page post-entry-34455'><div class='entry-content-wrapper clearfix'>\n\n\t\t\t<div id=\"av-k1hoeuzj\" class=\"headline-column flex_column av_one_full flex_column_div first \">\n\t\t\t\t<div class=\"headline-wrap is-outside align-left sub-bottom\">\n\t\t\t\t\t<h1 class=\"headline-content headline-primary\">Parque de estacionamento de bairro no PhoenixWERK<\/h1>\n\t\t\t\t\t<h3 class=\"headline-content headline-secondary\">Conselhos sobre electromobilidade: SHA participa<\/h3>\n\t\t\t\t<\/div>\n\t\t\t<\/div>\n<div class=\"flex_column av_one_third  flex_column_div av-zero-column-padding first bg-default      avia-builder-el-2  el_after_pixel_sc_headline  el_before_av_one_third  \"><section  class='av_textblock_section av-kfgpxslt-04f9fccb669364580f9680de1cfc2458 '   itemscope=\"itemscope\" itemtype=\"https:\/\/schema.org\/BlogPosting\" itemprop=\"blogPost\" ><div class='avia_textblock'  itemprop=\"text\" ><p>No \u00e2mbito do projeto de financiamento &#8220;Centro da cidade sem emiss\u00f5es&#8221;, a cidade de Dortmund apoia as empresas artesanais e as empresas de servi\u00e7os com mobilidade no centro da cidade de Dortmund, bem como os propriet\u00e1rios e operadores de propriedades no centro da cidade, no desenvolvimento e implementa\u00e7\u00e3o de medidas de mobilidade sustent\u00e1vel. Em particular, a propor\u00e7\u00e3o da mobilidade el\u00e9ctrica nas empresas deve ser aumentada e a infraestrutura de carregamento deve ser integrada nos edif\u00edcios.<\/p>\n<h4>Os primeiros candidatos qualificaram-se para as sess\u00f5es de aconselhamento<\/h4>\n<p>Num processo de candidatura p\u00fablica, foram selecionadas as primeiras empresas e propriet\u00e1rios de im\u00f3veis para receberem <a href=\"https:\/\/www.umsteigern.de\/index.html\" target=\"_blank\" rel=\"noopener nofollow\">aconselhamento<\/a> gratuito sobre <a href=\"https:\/\/www.umsteigern.de\/index.html\" target=\"_blank\" rel=\"noopener nofollow\">electromobilidade<\/a>, a fim de os ajudar a preparar as suas empresas e im\u00f3veis para o futuro e para a electromobilidade. SHA Scheffler Helbich Architekten GmbH est\u00e1 envolvida no parque de estacionamento do bairro, que se situa diretamente ao lado do <a href=\"..\/referenzen\/verwaltung\/innovativer-arbeitsraum-auf-phoenix-west\" target=\"_blank\" rel=\"nofollow\">conjunto de escrit\u00f3rios PhoenixWERK<\/a>: &#8220;Com o parque de estacionamento do bairro, queremos oferecer aos nossos clientes, inquilinos, \u00e0 nossa equipa e ao p\u00fablico de lazer do Phoenix West um conceito bem pensado que tem em conta os muitos aspectos do vasto tema da &#8220;mobilidade&#8221;. Por isso, estamos ansiosos por receber conselhos sobre formas de mobilidade amigas do ambiente e viradas para o futuro da cidade de Dortmund&#8221;, afirma Christoph Helbich, s\u00f3cio-gerente da SHA. O parque de estacionamento de v\u00e1rios andares estar\u00e1 conclu\u00eddo na primavera de 2021 e ter\u00e1 inicialmente 155 lugares de estacionamento. Pode completar mais tarde.<\/p>\n<p>As seguintes empresas tamb\u00e9m se candidataram com sucesso \u00e0 consulta sobre electromobilidade: Die AboKiste &#8211; Werkhof Service GmbH, Tribunal Distrital de Dortmund, ased &#8211; Ambulanter Pflegedienst Gabriele Doepner OHG, Cabdo GmbH, Fidelio Bau GmbH, Green IT &#8211; Das Systemhaus GmbH, Diakonische Pflege Dortmund gGmbH, Home Instead Seniorenbetreuung &#8211; HISB<\/p>\n<\/div><\/section><\/div><div class=\"flex_column av_one_third  flex_column_div av-zero-column-padding        avia-builder-el-4  el_after_av_one_third  el_before_av_one_third  \"><section  class='av_textblock_section av-kaqj9hph-706c318c8f487264c95b3db12998d912 '   itemscope=\"itemscope\" itemtype=\"https:\/\/schema.org\/BlogPosting\" itemprop=\"blogPost\" ><div class='avia_textblock'  itemprop=\"text\" ><p>Betreuungsdienst Dortmund-Nord GmbH, Katholische St.-Johannes-Gesellschaft Dortmund gGmbH com o Johannes-Hospital, Rolland Mawson K\u00fcchendesign, Studierendenwerk Dortmund A\u00f6R como empresa e para um complexo residencial na Emil-Figge-Stra\u00dfe e o Grupo Uwe Walter.<\/p>\n<p>Num evento virtual de arranque e informa\u00e7\u00e3o, os participantes receberam informa\u00e7\u00f5es sobre o tema da electromobilidade: desde os tipos de tra\u00e7\u00e3o dos ve\u00edculos el\u00e9ctricos at\u00e9 \u00e0s poss\u00edveis poupan\u00e7as de custos e emiss\u00f5es atrav\u00e9s da electromobilidade. Al\u00e9m disso, as empresas aproveitaram as primeiras oportunidades para estabelecerem contactos e trocarem experi\u00eancias entre si.<\/p>\n<h4>Premiado com o Green Mobility e o Fit for e-Mobility<\/h4>\n<p>As consultas individuais, que s\u00e3o adaptadas a empresas e propriet\u00e1rios individuais, est\u00e3o atualmente a come\u00e7ar. Em duas consultas, a situa\u00e7\u00e3o inicial, os objectivos e as oportunidades da empresa s\u00e3o tidos em conta e analisados e, com base nisso, s\u00e3o desenvolvidos planos de a\u00e7\u00e3o personalizados.<\/p>\n<p>A aplica\u00e7\u00e3o das medidas est\u00e1 nas m\u00e3os das empresas. Recebem apoio organizacional dos consultores B.A.U.M Consult GmbH e EcoLibro GmbH e da cidade de Dortmund. As empresas que implementaram ou est\u00e3o a implementar com sucesso medidas de promo\u00e7\u00e3o da electromobilidade s\u00e3o distinguidas pela cidade de Dortmund com o r\u00f3tulo &#8220;Green Mobility&#8221; para as empresas de com\u00e9rcio e servi\u00e7os e &#8220;Fit for eMobility&#8221; para o sector imobili\u00e1rio. Um comit\u00e9 de sele\u00e7\u00e3o composto por representantes da cidade de Dortmund, da C\u00e2mara de Com\u00e9rcio e Ind\u00fastria de Dortmund e da C\u00e2mara de Artes e Of\u00edcios avalia a elegibilidade das empresas e propriedades e atribui os r\u00f3tulos.<\/p>\n<\/div><\/section><\/div><div class=\"flex_column av_one_third  flex_column_div av-zero-column-padding        avia-builder-el-6  el_after_av_one_third  el_before_av_one_full  \"><section  class='av_textblock_section av-kdhemomz-e6892157fe883912ee1fde13a7af5956 '   itemscope=\"itemscope\" itemtype=\"https:\/\/schema.org\/BlogPosting\" itemprop=\"blogPost\" ><div class='avia_textblock'  itemprop=\"text\" ><h4>16 Medidas para um comportamento de mobilidade respeitador do clima<\/h4>\n<p>A promo\u00e7\u00e3o da electromobilidade entre os comerciantes e prestadores de servi\u00e7os, bem como no sector imobili\u00e1rio, \u00e9 uma das 16 medidas do projeto de financiamento da UE &#8220;Centro urbano sem emiss\u00f5es&#8221;. A Uni\u00e3o Europeia e o Estado da Ren\u00e2nia do Norte-Vestef\u00e1lia apoiam o projeto atrav\u00e9s do Fundo Europeu de Desenvolvimento Regional (FEDER).<\/p>\n<\/div><\/section><br \/>\n\n<style type=\"text\/css\" data-created_by=\"avia_inline_auto\" id=\"style-css-av-k3fpn5l3-eb7af154f9f9958fdff8aeb7a6c40790\">\n#top .hr.av-k3fpn5l3-eb7af154f9f9958fdff8aeb7a6c40790{\nmargin-top:20px;\nmargin-bottom:40px;\n}\n.hr.av-k3fpn5l3-eb7af154f9f9958fdff8aeb7a6c40790 .hr-inner{\nwidth:100%;\nborder-color:#000000;\n}\n<\/style>\n<div  class='hr av-k3fpn5l3-eb7af154f9f9958fdff8aeb7a6c40790 hr-custom  avia-builder-el-8  el_after_av_textblock  el_before_pixel_sc_cta  hr-center hr-icon-no'><span class='hr-inner inner-border-av-border-thin'><span class=\"hr-inner-style\"><\/span><\/span><\/div><br \/>\n\n<div class=\"call-to-action  no-grow  has-button ci-black hover-white bg-yellow  align-left \"><div class=\"call-to-action__inner\"><div class=\"call-to-action__text\"><span class=\"call-to-action__primary\">Jogador de equipa  <br \/>desejado.<\/span><span class=\"call-to-action__secondary\">Gostaria de participar?  <br \/>Fa\u00e7a parte da SHA!<\/span><\/div><div class=\"call-to-action__button\"><div class=\"avia-button-wrap theme-fill avia-button-left\"><a href=\"https:\/\/sha.de\/karriere\/stellenangebote\" class=\"avia-button color-ci-black hover-white avia-icon_select-no avia-size-medium\"><span>Saiba mais<\/span><\/a><\/div><\/div><\/div><\/div><\/p><\/div><div class=\"flex_column av_one_full  flex_column_div av-zero-column-padding first       avia-builder-el-10  el_after_av_one_third  avia-builder-el-last  column-top-margin\"><div class=\"slickgallery \">\n\t<div class=\"pixel-slide-wrap\">\n\t\t<div class=\"pixel-slide\" style=\"display: block; width: 100%; float: left;\">\n\t\t\t\t\n\t\t\t\t\t\t\t\t\t\t\t\t\t\n\t\t\t\t\t<div class=\"pixel-slide__image-wrap slide-1\">\n\t\t\t\t\t\t\t<div class=\"pixel-slide__image \"><a href=\"https:\/\/sha.de\/wp-content\/uploads\/Baustelle-Quartiersparkhaus-1133x850.jpg\" rel=\"lightbox\"><img decoding=\"async\" src=\"https:\/\/sha.de\/wp-content\/uploads\/Baustelle-Quartiersparkhaus-706x368.jpg\" alt=\"Baustelle Quartiersparkhaus\" title=\"Baustelle Quartiersparkhaus\"><\/a><\/div>\n\t\t\t\t\t<\/div>\n\t\t\t\t\n\t\t\t\t\t\t\t\t\t\t\t\t\t\n\t\t\t\t\t<div class=\"pixel-slide__image-wrap slide-2\">\n\t\t\t\t\t\t\t<div class=\"pixel-slide__image \"><a href=\"https:\/\/sha.de\/wp-content\/uploads\/Baustelle-Parkhaus-1280x720.jpg\" rel=\"lightbox\"><img decoding=\"async\" src=\"https:\/\/sha.de\/wp-content\/uploads\/Baustelle-Parkhaus-706x368.jpg\" alt=\"Baustelle Parkhaus\" title=\"Baustelle Parkhaus\"><\/a><\/div>\n\t\t\t\t\t<\/div>\n\t\t\t\t\n\t\t\t\t\t\t\t\t\t\t\t\t\t\n\t\t\t\t\t<div class=\"pixel-slide__image-wrap slide-3\">\n\t\t\t\t\t\t\t<div class=\"pixel-slide__image \"><a href=\"https:\/\/sha.de\/wp-content\/uploads\/CE655-990-1269x850.jpg\" rel=\"lightbox\"><img decoding=\"async\" src=\"https:\/\/sha.de\/wp-content\/uploads\/CE655-990-706x368.jpg\" alt=\"PhoenixWerk Dortmund SHA Scheffler Helbich Architekten\" title=\"PhoenixWerk Dortmund SHA Scheffler Helbich Architekten\"><\/a><\/div>\n\t\t\t\t\t<\/div>\n\t\t\t\t\n\t\t\t\t\t\t\t\t\t\t\t\t\t\n\t\t\t\t\t<div class=\"pixel-slide__image-wrap slide-4\">\n\t\t\t\t\t\t\t<div class=\"pixel-slide__image \"><a href=\"https:\/\/sha.de\/wp-content\/uploads\/PHOENIXWERK_Spatenstich_Helme_Hochofen-567x850.jpg\" rel=\"lightbox\"><img decoding=\"async\" src=\"https:\/\/sha.de\/wp-content\/uploads\/PHOENIXWERK_Spatenstich_Helme_Hochofen-706x368.jpg\" alt=\"PHOENIXWERK Spatenstich Helme Hochofen\" title=\"PHOENIXWERK Spatenstich Helme Hochofen\"><\/a><\/div>\n\t\t\t\t\t<\/div>\n\t\t\t\t\n\t\t\t\t\t\t\t\t\t\t\t\t\t\n\t\t\t\t\t<div class=\"pixel-slide__image-wrap slide-5\">\n\t\t\t\t\t\t\t<div class=\"pixel-slide__image \"><a href=\"https:\/\/sha.de\/wp-content\/uploads\/Scheffler-Helbich-Architekten-Dortmund-Berlin-9-1273x850.jpg\" rel=\"lightbox\"><img decoding=\"async\" src=\"https:\/\/sha.de\/wp-content\/uploads\/Scheffler-Helbich-Architekten-Dortmund-Berlin-9-706x368.jpg\" alt=\"Scheffler Helbich Architekten Dortmund Berlin (9)\" title=\"Scheffler Helbich Architekten Dortmund Berlin (9)\"><\/a><\/div>\n\t\t\t\t\t<\/div>\n\t\t\t\t\t\t<\/div>\n\t<\/div>\n<\/div><\/div>\n","protected":false},"excerpt":{"rendered":"<p>Com o parque de estacionamento de bairro, queremos oferecer aos nossos clientes, inquilinos, \u00e0 nossa equipa e ao p\u00fablico de lazer do Phoenix West um conceito bem pensado que tem em conta os muitos aspectos do vasto tema da &#8220;mobilidade&#8221;&#8221;, afirma Christoph Helbich.<\/p>\n","protected":false},"author":2,"featured_media":24295,"comment_status":"closed","ping_status":"closed","sticky":false,"template":"","format":"standard","meta":{"_acf_changed":false,"content-type":"","footnotes":""},"categories":[878,888,889],"tags":[1011,1054,1105,1225,1249,1278,1279],"class_list":["post-34455","post","type-post","status-publish","format-standard","has-post-thumbnail","hentry","category-dortmund-pt-pt","category-a-nossa-filosofia","category-gestao","tag-sha-pt-pt","tag-dortmund-pt-pt","tag-fabrica-de-phoenix","tag-phoenix-oeste-pt-pt","tag-mobilidade","tag-parque-de-estacionamento","tag-electromobilidade"],"acf":[],"yoast_head":"<!-- This site is optimized with the Yoast SEO plugin v27.4 - https:\/\/yoast.com\/product\/yoast-seo-wordpress\/ -->\n<title>Parque de estacionamento de bairro no PhoenixWERK - SHA Scheffler Helbich Architekten<\/title>\n<meta name=\"description\" content=\"Com o parque de estacionamento de bairro do PhoenixWERK, SHA participa numa consulta sobre a electromobilidade com a cidade de Dortmund.\" \/>\n<meta name=\"robots\" content=\"index, follow, max-snippet:-1, max-image-preview:large, max-video-preview:-1\" \/>\n<link rel=\"canonical\" href=\"https:\/\/sha.de\/pt-pt\/news\/parque-de-estacionamento-de-bairro-conselhos-sobre-a-electromobilidade\" \/>\n<meta property=\"og:locale\" content=\"pt_PT\" \/>\n<meta property=\"og:type\" content=\"article\" \/>\n<meta property=\"og:title\" content=\"Parque de estacionamento de bairro no PhoenixWERK - SHA Scheffler Helbich Architekten\" \/>\n<meta property=\"og:description\" content=\"Com o parque de estacionamento de bairro do PhoenixWERK, SHA participa numa consulta sobre a electromobilidade com a cidade de Dortmund.\" \/>\n<meta property=\"og:url\" content=\"https:\/\/sha.de\/pt-pt\/news\/parque-de-estacionamento-de-bairro-conselhos-sobre-a-electromobilidade\" \/>\n<meta property=\"og:site_name\" content=\"SHA Scheffler Helbich Architekten GmbH\" \/>\n<meta property=\"article:published_time\" content=\"2021-02-17T10:58:10+00:00\" \/>\n<meta property=\"article:modified_time\" content=\"2024-09-23T14:55:46+00:00\" \/>\n<meta property=\"og:image\" content=\"https:\/\/sha.de\/wp-content\/uploads\/Baustelle-Parkhaus.jpg\" \/>\n\t<meta property=\"og:image:width\" content=\"2000\" \/>\n\t<meta property=\"og:image:height\" content=\"1125\" \/>\n\t<meta property=\"og:image:type\" content=\"image\/jpeg\" \/>\n<meta name=\"author\" content=\"Judith Weitzel\" \/>\n<meta name=\"twitter:card\" content=\"summary_large_image\" \/>\n<meta name=\"twitter:label1\" content=\"Escrito por\" \/>\n\t<meta name=\"twitter:data1\" content=\"Judith Weitzel\" \/>\n\t<meta name=\"twitter:label2\" content=\"Tempo estimado de leitura\" \/>\n\t<meta name=\"twitter:data2\" content=\"7 minutos\" \/>\n<script type=\"application\/ld+json\" class=\"yoast-schema-graph\">{\"@context\":\"https:\\\/\\\/schema.org\",\"@graph\":[{\"@type\":\"Article\",\"@id\":\"https:\\\/\\\/sha.de\\\/pt-pt\\\/news\\\/parque-de-estacionamento-de-bairro-conselhos-sobre-a-electromobilidade#article\",\"isPartOf\":{\"@id\":\"https:\\\/\\\/sha.de\\\/pt-pt\\\/news\\\/parque-de-estacionamento-de-bairro-conselhos-sobre-a-electromobilidade\"},\"author\":{\"name\":\"Judith Weitzel\",\"@id\":\"https:\\\/\\\/sha.de\\\/pt-pt#\\\/schema\\\/person\\\/6d5fd32d5aa7872f1f9191b7244552c9\"},\"headline\":\"Parque de estacionamento de bairro: conselhos sobre a electromobilidade\",\"datePublished\":\"2021-02-17T10:58:10+00:00\",\"dateModified\":\"2024-09-23T14:55:46+00:00\",\"mainEntityOfPage\":{\"@id\":\"https:\\\/\\\/sha.de\\\/pt-pt\\\/news\\\/parque-de-estacionamento-de-bairro-conselhos-sobre-a-electromobilidade\"},\"wordCount\":1295,\"image\":{\"@id\":\"https:\\\/\\\/sha.de\\\/pt-pt\\\/news\\\/parque-de-estacionamento-de-bairro-conselhos-sobre-a-electromobilidade#primaryimage\"},\"thumbnailUrl\":\"https:\\\/\\\/sha.de\\\/wp-content\\\/uploads\\\/Baustelle-Parkhaus.jpg\",\"keywords\":[\"SHA\",\"Dortmund\",\"F\u00e1brica de Phoenix\",\"PHOENIX Oeste\",\"Mobilidade\",\"Parque de estacionamento\",\"Electromobilidade\"],\"articleSection\":[\"Dortmund\",\"A nossa filosofia\",\"Gest\u00e3o\"],\"inLanguage\":\"pt-PT\"},{\"@type\":\"WebPage\",\"@id\":\"https:\\\/\\\/sha.de\\\/pt-pt\\\/news\\\/parque-de-estacionamento-de-bairro-conselhos-sobre-a-electromobilidade\",\"url\":\"https:\\\/\\\/sha.de\\\/pt-pt\\\/news\\\/parque-de-estacionamento-de-bairro-conselhos-sobre-a-electromobilidade\",\"name\":\"Parque de estacionamento de bairro no PhoenixWERK - SHA Scheffler Helbich Architekten\",\"isPartOf\":{\"@id\":\"https:\\\/\\\/sha.de\\\/pt-pt#website\"},\"primaryImageOfPage\":{\"@id\":\"https:\\\/\\\/sha.de\\\/pt-pt\\\/news\\\/parque-de-estacionamento-de-bairro-conselhos-sobre-a-electromobilidade#primaryimage\"},\"image\":{\"@id\":\"https:\\\/\\\/sha.de\\\/pt-pt\\\/news\\\/parque-de-estacionamento-de-bairro-conselhos-sobre-a-electromobilidade#primaryimage\"},\"thumbnailUrl\":\"https:\\\/\\\/sha.de\\\/wp-content\\\/uploads\\\/Baustelle-Parkhaus.jpg\",\"datePublished\":\"2021-02-17T10:58:10+00:00\",\"dateModified\":\"2024-09-23T14:55:46+00:00\",\"author\":{\"@id\":\"https:\\\/\\\/sha.de\\\/pt-pt#\\\/schema\\\/person\\\/6d5fd32d5aa7872f1f9191b7244552c9\"},\"description\":\"Com o parque de estacionamento de bairro do PhoenixWERK, SHA participa numa consulta sobre a electromobilidade com a cidade de Dortmund.\",\"breadcrumb\":{\"@id\":\"https:\\\/\\\/sha.de\\\/pt-pt\\\/news\\\/parque-de-estacionamento-de-bairro-conselhos-sobre-a-electromobilidade#breadcrumb\"},\"inLanguage\":\"pt-PT\",\"potentialAction\":[{\"@type\":\"ReadAction\",\"target\":[\"https:\\\/\\\/sha.de\\\/pt-pt\\\/news\\\/parque-de-estacionamento-de-bairro-conselhos-sobre-a-electromobilidade\"]}]},{\"@type\":\"ImageObject\",\"inLanguage\":\"pt-PT\",\"@id\":\"https:\\\/\\\/sha.de\\\/pt-pt\\\/news\\\/parque-de-estacionamento-de-bairro-conselhos-sobre-a-electromobilidade#primaryimage\",\"url\":\"https:\\\/\\\/sha.de\\\/wp-content\\\/uploads\\\/Baustelle-Parkhaus.jpg\",\"contentUrl\":\"https:\\\/\\\/sha.de\\\/wp-content\\\/uploads\\\/Baustelle-Parkhaus.jpg\",\"width\":2000,\"height\":1125},{\"@type\":\"BreadcrumbList\",\"@id\":\"https:\\\/\\\/sha.de\\\/pt-pt\\\/news\\\/parque-de-estacionamento-de-bairro-conselhos-sobre-a-electromobilidade#breadcrumb\",\"itemListElement\":[{\"@type\":\"ListItem\",\"position\":1,\"name\":\"Startseite\",\"item\":\"https:\\\/\\\/sha.de\\\/pt-pt\"},{\"@type\":\"ListItem\",\"position\":2,\"name\":\"Parque de estacionamento de bairro: conselhos sobre a electromobilidade\"}]},{\"@type\":\"WebSite\",\"@id\":\"https:\\\/\\\/sha.de\\\/pt-pt#website\",\"url\":\"https:\\\/\\\/sha.de\\\/pt-pt\",\"name\":\"SHA Scheffler Helbich Architekten GmbH\",\"description\":\"\",\"potentialAction\":[{\"@type\":\"SearchAction\",\"target\":{\"@type\":\"EntryPoint\",\"urlTemplate\":\"https:\\\/\\\/sha.de\\\/pt-pt?s={search_term_string}\"},\"query-input\":{\"@type\":\"PropertyValueSpecification\",\"valueRequired\":true,\"valueName\":\"search_term_string\"}}],\"inLanguage\":\"pt-PT\"},{\"@type\":\"Person\",\"@id\":\"https:\\\/\\\/sha.de\\\/pt-pt#\\\/schema\\\/person\\\/6d5fd32d5aa7872f1f9191b7244552c9\",\"name\":\"Judith Weitzel\",\"image\":{\"@type\":\"ImageObject\",\"inLanguage\":\"pt-PT\",\"@id\":\"https:\\\/\\\/secure.gravatar.com\\\/avatar\\\/c7dca018fdb593c021709193ddb78dc530485d187ec667fb2a0ae6c4097c9957?s=96&d=mm&r=g\",\"url\":\"https:\\\/\\\/secure.gravatar.com\\\/avatar\\\/c7dca018fdb593c021709193ddb78dc530485d187ec667fb2a0ae6c4097c9957?s=96&d=mm&r=g\",\"contentUrl\":\"https:\\\/\\\/secure.gravatar.com\\\/avatar\\\/c7dca018fdb593c021709193ddb78dc530485d187ec667fb2a0ae6c4097c9957?s=96&d=mm&r=g\",\"caption\":\"Judith Weitzel\"}}]}<\/script>\n<!-- \/ Yoast SEO plugin. -->","yoast_head_json":{"title":"Parque de estacionamento de bairro no PhoenixWERK - SHA Scheffler Helbich Architekten","description":"Com o parque de estacionamento de bairro do PhoenixWERK, SHA participa numa consulta sobre a electromobilidade com a cidade de Dortmund.","robots":{"index":"index","follow":"follow","max-snippet":"max-snippet:-1","max-image-preview":"max-image-preview:large","max-video-preview":"max-video-preview:-1"},"canonical":"https:\/\/sha.de\/pt-pt\/news\/parque-de-estacionamento-de-bairro-conselhos-sobre-a-electromobilidade","og_locale":"pt_PT","og_type":"article","og_title":"Parque de estacionamento de bairro no PhoenixWERK - SHA Scheffler Helbich Architekten","og_description":"Com o parque de estacionamento de bairro do PhoenixWERK, SHA participa numa consulta sobre a electromobilidade com a cidade de Dortmund.","og_url":"https:\/\/sha.de\/pt-pt\/news\/parque-de-estacionamento-de-bairro-conselhos-sobre-a-electromobilidade","og_site_name":"SHA Scheffler Helbich Architekten GmbH","article_published_time":"2021-02-17T10:58:10+00:00","article_modified_time":"2024-09-23T14:55:46+00:00","og_image":[{"width":2000,"height":1125,"url":"https:\/\/sha.de\/wp-content\/uploads\/Baustelle-Parkhaus.jpg","type":"image\/jpeg"}],"author":"Judith Weitzel","twitter_card":"summary_large_image","twitter_misc":{"Escrito por":"Judith Weitzel","Tempo estimado de leitura":"7 minutos"},"schema":{"@context":"https:\/\/schema.org","@graph":[{"@type":"Article","@id":"https:\/\/sha.de\/pt-pt\/news\/parque-de-estacionamento-de-bairro-conselhos-sobre-a-electromobilidade#article","isPartOf":{"@id":"https:\/\/sha.de\/pt-pt\/news\/parque-de-estacionamento-de-bairro-conselhos-sobre-a-electromobilidade"},"author":{"name":"Judith Weitzel","@id":"https:\/\/sha.de\/pt-pt#\/schema\/person\/6d5fd32d5aa7872f1f9191b7244552c9"},"headline":"Parque de estacionamento de bairro: conselhos sobre a electromobilidade","datePublished":"2021-02-17T10:58:10+00:00","dateModified":"2024-09-23T14:55:46+00:00","mainEntityOfPage":{"@id":"https:\/\/sha.de\/pt-pt\/news\/parque-de-estacionamento-de-bairro-conselhos-sobre-a-electromobilidade"},"wordCount":1295,"image":{"@id":"https:\/\/sha.de\/pt-pt\/news\/parque-de-estacionamento-de-bairro-conselhos-sobre-a-electromobilidade#primaryimage"},"thumbnailUrl":"https:\/\/sha.de\/wp-content\/uploads\/Baustelle-Parkhaus.jpg","keywords":["SHA","Dortmund","F\u00e1brica de Phoenix","PHOENIX Oeste","Mobilidade","Parque de estacionamento","Electromobilidade"],"articleSection":["Dortmund","A nossa filosofia","Gest\u00e3o"],"inLanguage":"pt-PT"},{"@type":"WebPage","@id":"https:\/\/sha.de\/pt-pt\/news\/parque-de-estacionamento-de-bairro-conselhos-sobre-a-electromobilidade","url":"https:\/\/sha.de\/pt-pt\/news\/parque-de-estacionamento-de-bairro-conselhos-sobre-a-electromobilidade","name":"Parque de estacionamento de bairro no PhoenixWERK - SHA Scheffler Helbich Architekten","isPartOf":{"@id":"https:\/\/sha.de\/pt-pt#website"},"primaryImageOfPage":{"@id":"https:\/\/sha.de\/pt-pt\/news\/parque-de-estacionamento-de-bairro-conselhos-sobre-a-electromobilidade#primaryimage"},"image":{"@id":"https:\/\/sha.de\/pt-pt\/news\/parque-de-estacionamento-de-bairro-conselhos-sobre-a-electromobilidade#primaryimage"},"thumbnailUrl":"https:\/\/sha.de\/wp-content\/uploads\/Baustelle-Parkhaus.jpg","datePublished":"2021-02-17T10:58:10+00:00","dateModified":"2024-09-23T14:55:46+00:00","author":{"@id":"https:\/\/sha.de\/pt-pt#\/schema\/person\/6d5fd32d5aa7872f1f9191b7244552c9"},"description":"Com o parque de estacionamento de bairro do PhoenixWERK, SHA participa numa consulta sobre a electromobilidade com a cidade de Dortmund.","breadcrumb":{"@id":"https:\/\/sha.de\/pt-pt\/news\/parque-de-estacionamento-de-bairro-conselhos-sobre-a-electromobilidade#breadcrumb"},"inLanguage":"pt-PT","potentialAction":[{"@type":"ReadAction","target":["https:\/\/sha.de\/pt-pt\/news\/parque-de-estacionamento-de-bairro-conselhos-sobre-a-electromobilidade"]}]},{"@type":"ImageObject","inLanguage":"pt-PT","@id":"https:\/\/sha.de\/pt-pt\/news\/parque-de-estacionamento-de-bairro-conselhos-sobre-a-electromobilidade#primaryimage","url":"https:\/\/sha.de\/wp-content\/uploads\/Baustelle-Parkhaus.jpg","contentUrl":"https:\/\/sha.de\/wp-content\/uploads\/Baustelle-Parkhaus.jpg","width":2000,"height":1125},{"@type":"BreadcrumbList","@id":"https:\/\/sha.de\/pt-pt\/news\/parque-de-estacionamento-de-bairro-conselhos-sobre-a-electromobilidade#breadcrumb","itemListElement":[{"@type":"ListItem","position":1,"name":"Startseite","item":"https:\/\/sha.de\/pt-pt"},{"@type":"ListItem","position":2,"name":"Parque de estacionamento de bairro: conselhos sobre a electromobilidade"}]},{"@type":"WebSite","@id":"https:\/\/sha.de\/pt-pt#website","url":"https:\/\/sha.de\/pt-pt","name":"SHA Scheffler Helbich Architekten GmbH","description":"","potentialAction":[{"@type":"SearchAction","target":{"@type":"EntryPoint","urlTemplate":"https:\/\/sha.de\/pt-pt?s={search_term_string}"},"query-input":{"@type":"PropertyValueSpecification","valueRequired":true,"valueName":"search_term_string"}}],"inLanguage":"pt-PT"},{"@type":"Person","@id":"https:\/\/sha.de\/pt-pt#\/schema\/person\/6d5fd32d5aa7872f1f9191b7244552c9","name":"Judith Weitzel","image":{"@type":"ImageObject","inLanguage":"pt-PT","@id":"https:\/\/secure.gravatar.com\/avatar\/c7dca018fdb593c021709193ddb78dc530485d187ec667fb2a0ae6c4097c9957?s=96&d=mm&r=g","url":"https:\/\/secure.gravatar.com\/avatar\/c7dca018fdb593c021709193ddb78dc530485d187ec667fb2a0ae6c4097c9957?s=96&d=mm&r=g","contentUrl":"https:\/\/secure.gravatar.com\/avatar\/c7dca018fdb593c021709193ddb78dc530485d187ec667fb2a0ae6c4097c9957?s=96&d=mm&r=g","caption":"Judith Weitzel"}}]}},"_links":{"self":[{"href":"https:\/\/sha.de\/pt-pt\/wp-json\/wp\/v2\/posts\/34455","targetHints":{"allow":["GET"]}}],"collection":[{"href":"https:\/\/sha.de\/pt-pt\/wp-json\/wp\/v2\/posts"}],"about":[{"href":"https:\/\/sha.de\/pt-pt\/wp-json\/wp\/v2\/types\/post"}],"author":[{"embeddable":true,"href":"https:\/\/sha.de\/pt-pt\/wp-json\/wp\/v2\/users\/2"}],"replies":[{"embeddable":true,"href":"https:\/\/sha.de\/pt-pt\/wp-json\/wp\/v2\/comments?post=34455"}],"version-history":[{"count":2,"href":"https:\/\/sha.de\/pt-pt\/wp-json\/wp\/v2\/posts\/34455\/revisions"}],"predecessor-version":[{"id":48212,"href":"https:\/\/sha.de\/pt-pt\/wp-json\/wp\/v2\/posts\/34455\/revisions\/48212"}],"wp:featuredmedia":[{"embeddable":true,"href":"https:\/\/sha.de\/pt-pt\/wp-json\/wp\/v2\/media\/24295"}],"wp:attachment":[{"href":"https:\/\/sha.de\/pt-pt\/wp-json\/wp\/v2\/media?parent=34455"}],"wp:term":[{"taxonomy":"category","embeddable":true,"href":"https:\/\/sha.de\/pt-pt\/wp-json\/wp\/v2\/categories?post=34455"},{"taxonomy":"post_tag","embeddable":true,"href":"https:\/\/sha.de\/pt-pt\/wp-json\/wp\/v2\/tags?post=34455"}],"curies":[{"name":"wp","href":"https:\/\/api.w.org\/{rel}","templated":true}]}}