{"id":34830,"date":"2021-08-06T10:42:44","date_gmt":"2021-08-06T08:42:44","guid":{"rendered":"https:\/\/sha.de\/aktuelles\/phoenix-west-lancamento-da-primeira-pedra-da-casa-do-projeto-amprion"},"modified":"2024-09-23T16:56:53","modified_gmt":"2024-09-23T14:56:53","slug":"phoenix-west-lancamento-da-primeira-pedra-da-casa-do-projeto-amprion","status":"publish","type":"post","link":"https:\/\/sha.de\/pt-pt\/news\/phoenix-west-lancamento-da-primeira-pedra-da-casa-do-projeto-amprion","title":{"rendered":"Phoenix West: Lan\u00e7amento da primeira pedra da casa do projeto Amprion"},"content":{"rendered":"<div id='av_section_1' class='avia-section main_color pt-default pb-default avia-no-border-styling avia-bg-style-scroll  avia-builder-el-0  avia-builder-el-no-sibling   container_wrap fullsize' style=' '  ><div class='container' ><main  role=\"main\" itemprop=\"mainContentOfPage\"  class='template-page content  av-content-full alpha units'><div class='post-entry post-entry-type-page post-entry-34830'><div class='entry-content-wrapper clearfix'>\n\n\t\t\t<div id=\"av-k1hoeuzj\" class=\"headline-column flex_column av_one_full flex_column_div first \">\n\t\t\t\t<div class=\"headline-wrap is-outside align-left sub-bottom\">\n\t\t\t\t\t<h1 class=\"headline-content headline-primary\">Lan\u00e7amento da primeira pedra da casa do projeto Amprion<\/h1>\n\t\t\t\t\t<h3 class=\"headline-content headline-secondary\">Novo edif\u00edcio de escrit\u00f3rios e confer\u00eancias em Phoenix West<\/h3>\n\t\t\t\t<\/div>\n\t\t\t<\/div>\n<div class=\"flex_column av_one_third  flex_column_div av-zero-column-padding first bg-default      avia-builder-el-2  el_after_pixel_sc_headline  el_before_av_one_third  \"><section  class='av_textblock_section av-k5pfdfmq-bf9f728196d08b938986bebe94172dc4 '   itemscope=\"itemscope\" itemtype=\"https:\/\/schema.org\/BlogPosting\" itemprop=\"blogPost\" ><div class='avia_textblock'  itemprop=\"text\" ><div id=\"js_4uv\" class=\"_5pbx userContent _3576\" data-testid=\"post_message\" data-ft=\"{\">\n<p>SHA est\u00e1 a apoiar o <a href=\"https:\/\/www.amprion.net\/\" target=\"_blank\" rel=\"noopener nofollow\">operador de sistemas de transmiss\u00e3o Amprion<\/a>, sediado em Dortmund, na constru\u00e7\u00e3o de um edif\u00edcio de escrit\u00f3rios e confer\u00eancias na Robert-Schuman-Strasse. A primeira pedra para a nova casa de projeto no local de tecnologia e servi\u00e7os Phoenix West foi agora cerimoniosamente colocada. Jens Beele, diretor de obra e signat\u00e1rio autorizado, esteve presente em representa\u00e7\u00e3o do nosso gabinete de arquitetura.<\/p>\n<p>O edif\u00edcio de quatro andares est\u00e1 a ser constru\u00eddo diretamente em frente \u00e0 sede da Amprion e dar\u00e1 espa\u00e7o a cerca de 680 empregados. A superf\u00edcie bruta \u00e9 de cerca de 26 480 metros quadrados. A Amprion est\u00e1 a construir o novo edif\u00edcio num terreno com uma \u00e1rea de cerca de 8.400 metros quadrados. Caracteriza-se pela sua efici\u00eancia energ\u00e9tica: A sustentabilidade \u00e9 uma prioridade na fase de planeamento e constru\u00e7\u00e3o.<\/p>\n<p>O Presidente da C\u00e2mara Municipal de Dortmund, Thomas Westphal, ajudou a fechar a c\u00e1psula do tempo e sublinhou a import\u00e2ncia da futura localiza\u00e7\u00e3o do Phoenix West para a cidade da regi\u00e3o do Ruhr no seu discurso de boas-vindas.<\/p>\n<\/div>\n<\/div><\/section><\/div><div class=\"flex_column av_one_third  flex_column_div av-zero-column-padding        avia-builder-el-4  el_after_av_one_third  el_before_av_one_third  \"><section  class='av_textblock_section av-krxipmhg-69ca135e27173798118a8245b94640fb '   itemscope=\"itemscope\" itemtype=\"https:\/\/schema.org\/BlogPosting\" itemprop=\"blogPost\" ><div class='avia_textblock'  itemprop=\"text\" ><p>A casa do projeto situa-se no sul de Dortmund, nas imedia\u00e7\u00f5es do nosso gabinete de arquitetura.<\/p>\n<p>Jens Beele: &#8220;A atra\u00e7\u00e3o especial do projeto reside no planeamento durante a constru\u00e7\u00e3o e na colabora\u00e7\u00e3o empolgante numa grande equipa de planeamento de quase cinquenta engenheiros e especialistas.&#8221;<\/p>\n<p>SHA foi encarregada da supervis\u00e3o da constru\u00e7\u00e3o, que inclui, nomeadamente, a garantia da qualidade e do calend\u00e1rio na <a href=\"https:\/\/sha.de\/pt-pt\/servicos\/realizacao\" target=\"_blank\" rel=\"noopener\">fase 8 do servi\u00e7o.<\/a>  SHA presta igualmente \u00e0 Amprion aconselhamento e apoio em mat\u00e9ria de planeamento.<\/p>\n<p>Uma vez conclu\u00edda a escava\u00e7\u00e3o do po\u00e7o, a constru\u00e7\u00e3o do parque de estacionamento subterr\u00e2neo est\u00e1 prevista para as pr\u00f3ximas semanas. A casa do projeto dever\u00e1 ent\u00e3o estar pronta para ser ocupada no primeiro trimestre de 2023.<\/p>\n<\/div><\/section><\/div><div class=\"flex_column av_one_third  flex_column_div av-zero-column-padding        avia-builder-el-6  el_after_av_one_third  el_before_av_one_full  \"><div class=\"call-to-action  no-grow  has-button ci-black hover-white bg-grey  align-left \"><div class=\"call-to-action__inner\"><div class=\"call-to-action__text\"><span class=\"call-to-action__primary\">Jogador de equipa  <br \/>desejado.<\/span><span class=\"call-to-action__secondary\">Gostaria de participar?  <br \/>Fa\u00e7a parte da SHA!<\/span><\/div><div class=\"call-to-action__button\"><div class=\"avia-button-wrap theme-fill avia-button-left\"><a href=\"https:\/\/sha.de\/karriere\/stellenangebote\/architekt-oder-bauingenieur-fuer-ausschreibung-vergabe-und-abrechnung\" class=\"avia-button color-ci-black hover-white avia-icon_select-no avia-size-medium\"><span>Saiba mais<\/span><\/a><\/div><\/div><\/div><\/div><\/div><div class=\"flex_column av_one_full  flex_column_div av-zero-column-padding first       avia-builder-el-8  el_after_av_one_third  avia-builder-el-last  column-top-margin\"><div class=\"slickgallery \">\n\t<div class=\"pixel-slide-wrap\">\n\t\t<div class=\"pixel-slide\" style=\"display: block; width: 100%; float: left;\">\n\t\t\t\t\n\t\t\t\t\t\t\t\t\t\t\t\t\t\n\t\t\t\t\t<div class=\"pixel-slide__image-wrap slide-1\">\n\t\t\t\t\t\t\t<div class=\"pixel-slide__image \"><a href=\"https:\/\/sha.de\/wp-content\/uploads\/DSC8074-1275x850.jpg\" rel=\"lightbox\"><img decoding=\"async\" src=\"https:\/\/sha.de\/wp-content\/uploads\/DSC8074-706x368.jpg\" alt=\"Grundsteinlegung Projekthaus Amprion\" title=\"Grundsteinlegung Projekthaus Amprion\"><\/a><\/div>\n\t\t\t\t\t<\/div>\n\t\t\t\t\n\t\t\t\t\t\t\t\t\t\t\t\t\t\n\t\t\t\t\t<div class=\"pixel-slide__image-wrap slide-2\">\n\t\t\t\t\t\t\t<div class=\"pixel-slide__image \"><a href=\"https:\/\/sha.de\/wp-content\/uploads\/DSC7432-1275x850.jpg\" rel=\"lightbox\"><img decoding=\"async\" src=\"https:\/\/sha.de\/wp-content\/uploads\/DSC7432-706x368.jpg\" alt=\"Grundsteinlegung Projekthaus Amprion\" title=\"Grundsteinlegung Projekthaus Amprion\"><\/a><\/div>\n\t\t\t\t\t<\/div>\n\t\t\t\t\n\t\t\t\t\t\t\t\t\t\t\t\t\t\n\t\t\t\t\t<div class=\"pixel-slide__image-wrap slide-3\">\n\t\t\t\t\t\t\t<div class=\"pixel-slide__image \"><a href=\"https:\/\/sha.de\/wp-content\/uploads\/Amprion_Projekthaus-web-1280x523.jpg\" rel=\"lightbox\"><img decoding=\"async\" src=\"https:\/\/sha.de\/wp-content\/uploads\/Amprion_Projekthaus-web-706x368.jpg\" alt=\"Amprion Projekthaus \u00a9 SSP AG\" title=\"Amprion Projekthaus \u00a9 SSP AG\"><\/a><\/div>\n\t\t\t\t\t<\/div>\n\t\t\t\t\n\t\t\t\t\t\t\t\t\t\t\t\t\t\n\t\t\t\t\t<div class=\"pixel-slide__image-wrap slide-4\">\n\t\t\t\t\t\t\t<div class=\"pixel-slide__image \"><a href=\"https:\/\/sha.de\/wp-content\/uploads\/DSC7056-1275x850.jpg\" rel=\"lightbox\"><img decoding=\"async\" src=\"https:\/\/sha.de\/wp-content\/uploads\/DSC7056-706x368.jpg\" alt=\"Grundsteinlegung Projekthaus\" title=\"Grundsteinlegung Projekthaus\"><\/a><\/div>\n\t\t\t\t\t<\/div>\n\t\t\t\t\n\t\t\t\t\t\t\t\t\t\t\t\t\t\n\t\t\t\t\t<div class=\"pixel-slide__image-wrap slide-5\">\n\t\t\t\t\t\t\t<div class=\"pixel-slide__image \"><a href=\"https:\/\/sha.de\/wp-content\/uploads\/Grundsteinlegung_Projekthaus_cFrauke-Schumann_DSC7074-1277x850.jpg\" rel=\"lightbox\"><img decoding=\"async\" src=\"https:\/\/sha.de\/wp-content\/uploads\/Grundsteinlegung_Projekthaus_cFrauke-Schumann_DSC7074-706x368.jpg\" alt=\"Grundsteinlegung Projekthaus (c) Frauke Schumann\" title=\"Grundsteinlegung Projekthaus (c) Frauke Schumann\"><\/a><\/div>\n\t\t\t\t\t<\/div>\n\t\t\t\t\n\t\t\t\t\t\t\t\t\t\t\t\t\t\n\t\t\t\t\t<div class=\"pixel-slide__image-wrap slide-6\">\n\t\t\t\t\t\t\t<div class=\"pixel-slide__image \"><a href=\"https:\/\/sha.de\/wp-content\/uploads\/Amprion-Projekthaus-Grundsteinlegung-1133x850.jpg\" rel=\"lightbox\"><img decoding=\"async\" src=\"https:\/\/sha.de\/wp-content\/uploads\/Amprion-Projekthaus-Grundsteinlegung-706x368.jpg\" alt=\"Amprion Projekthaus Grundsteinlegung\" title=\"Amprion Projekthaus Grundsteinlegung\"><\/a><\/div>\n\t\t\t\t\t<\/div>\n\t\t\t\t\t\t<\/div>\n\t<\/div>\n<\/div><\/div>\n","protected":false},"excerpt":{"rendered":"<p>SHA est\u00e1 a apoiar o operador de sistemas de transmiss\u00e3o Amprion, sediado em Dortmund, na constru\u00e7\u00e3o de um edif\u00edcio de escrit\u00f3rios e confer\u00eancias na Robert-Schuman-Strasse. A cerim\u00f3nia de coloca\u00e7\u00e3o da primeira pedra j\u00e1 teve lugar.<\/p>\n","protected":false},"author":2,"featured_media":24685,"comment_status":"closed","ping_status":"closed","sticky":false,"template":"","format":"standard","meta":{"_acf_changed":false,"content-type":"","footnotes":""},"categories":[878,889],"tags":[968,1054,1106,1225,1260],"class_list":["post-34830","post","type-post","status-publish","format-standard","has-post-thumbnail","hentry","category-dortmund-pt-pt","category-gestao","tag-amprion-pt-pt","tag-dortmund-pt-pt","tag-edificio-da-administracao","tag-phoenix-oeste-pt-pt","tag-os-nossos-servicos"],"acf":[],"yoast_head":"<!-- This site is optimized with the Yoast SEO plugin v27.4 - https:\/\/yoast.com\/product\/yoast-seo-wordpress\/ -->\n<title>Phoenix West: Lan\u00e7amento da primeira pedra da casa do projeto Amprion<\/title>\n<meta name=\"description\" content=\"SHA est\u00e1 a apoiar o operador de sistemas de transmiss\u00e3o Amprion, sediado em Dortmund, na constru\u00e7\u00e3o de um edif\u00edcio de escrit\u00f3rios e confer\u00eancias em Phoenix West.\" \/>\n<meta name=\"robots\" content=\"index, follow, max-snippet:-1, max-image-preview:large, max-video-preview:-1\" \/>\n<link rel=\"canonical\" href=\"https:\/\/sha.de\/pt-pt\/news\/phoenix-west-lancamento-da-primeira-pedra-da-casa-do-projeto-amprion\" \/>\n<meta property=\"og:locale\" content=\"pt_PT\" \/>\n<meta property=\"og:type\" content=\"article\" \/>\n<meta property=\"og:title\" content=\"Phoenix West: Lan\u00e7amento da primeira pedra da casa do projeto Amprion\" \/>\n<meta property=\"og:description\" content=\"SHA est\u00e1 a apoiar o operador de sistemas de transmiss\u00e3o Amprion, sediado em Dortmund, na constru\u00e7\u00e3o de um edif\u00edcio de escrit\u00f3rios e confer\u00eancias em Phoenix West.\" \/>\n<meta property=\"og:url\" content=\"https:\/\/sha.de\/pt-pt\/news\/phoenix-west-lancamento-da-primeira-pedra-da-casa-do-projeto-amprion\" \/>\n<meta property=\"og:site_name\" content=\"SHA Scheffler Helbich Architekten GmbH\" \/>\n<meta property=\"article:published_time\" content=\"2021-08-06T08:42:44+00:00\" \/>\n<meta property=\"article:modified_time\" content=\"2024-09-23T14:56:53+00:00\" \/>\n<meta property=\"og:image\" content=\"https:\/\/sha.de\/wp-content\/uploads\/Amprion_Projekthaus-web.jpg\" \/>\n\t<meta property=\"og:image:width\" content=\"2000\" \/>\n\t<meta property=\"og:image:height\" content=\"817\" \/>\n\t<meta property=\"og:image:type\" content=\"image\/jpeg\" \/>\n<meta name=\"author\" content=\"Judith Weitzel\" \/>\n<meta name=\"twitter:card\" content=\"summary_large_image\" \/>\n<meta name=\"twitter:label1\" content=\"Escrito por\" \/>\n\t<meta name=\"twitter:data1\" content=\"Judith Weitzel\" \/>\n\t<meta name=\"twitter:label2\" content=\"Tempo estimado de leitura\" \/>\n\t<meta name=\"twitter:data2\" content=\"6 minutos\" \/>\n<script type=\"application\/ld+json\" class=\"yoast-schema-graph\">{\"@context\":\"https:\\\/\\\/schema.org\",\"@graph\":[{\"@type\":\"Article\",\"@id\":\"https:\\\/\\\/sha.de\\\/pt-pt\\\/news\\\/phoenix-west-lancamento-da-primeira-pedra-da-casa-do-projeto-amprion#article\",\"isPartOf\":{\"@id\":\"https:\\\/\\\/sha.de\\\/pt-pt\\\/news\\\/phoenix-west-lancamento-da-primeira-pedra-da-casa-do-projeto-amprion\"},\"author\":{\"name\":\"Judith Weitzel\",\"@id\":\"https:\\\/\\\/sha.de\\\/pt-pt#\\\/schema\\\/person\\\/6d5fd32d5aa7872f1f9191b7244552c9\"},\"headline\":\"Phoenix West: Lan\u00e7amento da primeira pedra da casa do projeto Amprion\",\"datePublished\":\"2021-08-06T08:42:44+00:00\",\"dateModified\":\"2024-09-23T14:56:53+00:00\",\"mainEntityOfPage\":{\"@id\":\"https:\\\/\\\/sha.de\\\/pt-pt\\\/news\\\/phoenix-west-lancamento-da-primeira-pedra-da-casa-do-projeto-amprion\"},\"wordCount\":923,\"image\":{\"@id\":\"https:\\\/\\\/sha.de\\\/pt-pt\\\/news\\\/phoenix-west-lancamento-da-primeira-pedra-da-casa-do-projeto-amprion#primaryimage\"},\"thumbnailUrl\":\"https:\\\/\\\/sha.de\\\/wp-content\\\/uploads\\\/Amprion_Projekthaus-web.jpg\",\"keywords\":[\"Amprion\",\"Dortmund\",\"Edif\u00edcio da administra\u00e7\u00e3o\",\"PHOENIX Oeste\",\"Os nossos servi\u00e7os\"],\"articleSection\":[\"Dortmund\",\"Gest\u00e3o\"],\"inLanguage\":\"pt-PT\"},{\"@type\":\"WebPage\",\"@id\":\"https:\\\/\\\/sha.de\\\/pt-pt\\\/news\\\/phoenix-west-lancamento-da-primeira-pedra-da-casa-do-projeto-amprion\",\"url\":\"https:\\\/\\\/sha.de\\\/pt-pt\\\/news\\\/phoenix-west-lancamento-da-primeira-pedra-da-casa-do-projeto-amprion\",\"name\":\"Phoenix West: Lan\u00e7amento da primeira pedra da casa do projeto Amprion\",\"isPartOf\":{\"@id\":\"https:\\\/\\\/sha.de\\\/pt-pt#website\"},\"primaryImageOfPage\":{\"@id\":\"https:\\\/\\\/sha.de\\\/pt-pt\\\/news\\\/phoenix-west-lancamento-da-primeira-pedra-da-casa-do-projeto-amprion#primaryimage\"},\"image\":{\"@id\":\"https:\\\/\\\/sha.de\\\/pt-pt\\\/news\\\/phoenix-west-lancamento-da-primeira-pedra-da-casa-do-projeto-amprion#primaryimage\"},\"thumbnailUrl\":\"https:\\\/\\\/sha.de\\\/wp-content\\\/uploads\\\/Amprion_Projekthaus-web.jpg\",\"datePublished\":\"2021-08-06T08:42:44+00:00\",\"dateModified\":\"2024-09-23T14:56:53+00:00\",\"author\":{\"@id\":\"https:\\\/\\\/sha.de\\\/pt-pt#\\\/schema\\\/person\\\/6d5fd32d5aa7872f1f9191b7244552c9\"},\"description\":\"SHA est\u00e1 a apoiar o operador de sistemas de transmiss\u00e3o Amprion, sediado em Dortmund, na constru\u00e7\u00e3o de um edif\u00edcio de escrit\u00f3rios e confer\u00eancias em Phoenix West.\",\"breadcrumb\":{\"@id\":\"https:\\\/\\\/sha.de\\\/pt-pt\\\/news\\\/phoenix-west-lancamento-da-primeira-pedra-da-casa-do-projeto-amprion#breadcrumb\"},\"inLanguage\":\"pt-PT\",\"potentialAction\":[{\"@type\":\"ReadAction\",\"target\":[\"https:\\\/\\\/sha.de\\\/pt-pt\\\/news\\\/phoenix-west-lancamento-da-primeira-pedra-da-casa-do-projeto-amprion\"]}]},{\"@type\":\"ImageObject\",\"inLanguage\":\"pt-PT\",\"@id\":\"https:\\\/\\\/sha.de\\\/pt-pt\\\/news\\\/phoenix-west-lancamento-da-primeira-pedra-da-casa-do-projeto-amprion#primaryimage\",\"url\":\"https:\\\/\\\/sha.de\\\/wp-content\\\/uploads\\\/Amprion_Projekthaus-web.jpg\",\"contentUrl\":\"https:\\\/\\\/sha.de\\\/wp-content\\\/uploads\\\/Amprion_Projekthaus-web.jpg\",\"width\":2000,\"height\":817,\"caption\":\"Amprion Projekthaus Dortmund \u00a9 SSP AG\"},{\"@type\":\"BreadcrumbList\",\"@id\":\"https:\\\/\\\/sha.de\\\/pt-pt\\\/news\\\/phoenix-west-lancamento-da-primeira-pedra-da-casa-do-projeto-amprion#breadcrumb\",\"itemListElement\":[{\"@type\":\"ListItem\",\"position\":1,\"name\":\"Startseite\",\"item\":\"https:\\\/\\\/sha.de\\\/pt-pt\"},{\"@type\":\"ListItem\",\"position\":2,\"name\":\"Phoenix West: Lan\u00e7amento da primeira pedra da casa do projeto Amprion\"}]},{\"@type\":\"WebSite\",\"@id\":\"https:\\\/\\\/sha.de\\\/pt-pt#website\",\"url\":\"https:\\\/\\\/sha.de\\\/pt-pt\",\"name\":\"SHA Scheffler Helbich Architekten GmbH\",\"description\":\"\",\"potentialAction\":[{\"@type\":\"SearchAction\",\"target\":{\"@type\":\"EntryPoint\",\"urlTemplate\":\"https:\\\/\\\/sha.de\\\/pt-pt?s={search_term_string}\"},\"query-input\":{\"@type\":\"PropertyValueSpecification\",\"valueRequired\":true,\"valueName\":\"search_term_string\"}}],\"inLanguage\":\"pt-PT\"},{\"@type\":\"Person\",\"@id\":\"https:\\\/\\\/sha.de\\\/pt-pt#\\\/schema\\\/person\\\/6d5fd32d5aa7872f1f9191b7244552c9\",\"name\":\"Judith Weitzel\",\"image\":{\"@type\":\"ImageObject\",\"inLanguage\":\"pt-PT\",\"@id\":\"https:\\\/\\\/secure.gravatar.com\\\/avatar\\\/c7dca018fdb593c021709193ddb78dc530485d187ec667fb2a0ae6c4097c9957?s=96&d=mm&r=g\",\"url\":\"https:\\\/\\\/secure.gravatar.com\\\/avatar\\\/c7dca018fdb593c021709193ddb78dc530485d187ec667fb2a0ae6c4097c9957?s=96&d=mm&r=g\",\"contentUrl\":\"https:\\\/\\\/secure.gravatar.com\\\/avatar\\\/c7dca018fdb593c021709193ddb78dc530485d187ec667fb2a0ae6c4097c9957?s=96&d=mm&r=g\",\"caption\":\"Judith Weitzel\"}}]}<\/script>\n<!-- \/ Yoast SEO plugin. -->","yoast_head_json":{"title":"Phoenix West: Lan\u00e7amento da primeira pedra da casa do projeto Amprion","description":"SHA est\u00e1 a apoiar o operador de sistemas de transmiss\u00e3o Amprion, sediado em Dortmund, na constru\u00e7\u00e3o de um edif\u00edcio de escrit\u00f3rios e confer\u00eancias em Phoenix West.","robots":{"index":"index","follow":"follow","max-snippet":"max-snippet:-1","max-image-preview":"max-image-preview:large","max-video-preview":"max-video-preview:-1"},"canonical":"https:\/\/sha.de\/pt-pt\/news\/phoenix-west-lancamento-da-primeira-pedra-da-casa-do-projeto-amprion","og_locale":"pt_PT","og_type":"article","og_title":"Phoenix West: Lan\u00e7amento da primeira pedra da casa do projeto Amprion","og_description":"SHA est\u00e1 a apoiar o operador de sistemas de transmiss\u00e3o Amprion, sediado em Dortmund, na constru\u00e7\u00e3o de um edif\u00edcio de escrit\u00f3rios e confer\u00eancias em Phoenix West.","og_url":"https:\/\/sha.de\/pt-pt\/news\/phoenix-west-lancamento-da-primeira-pedra-da-casa-do-projeto-amprion","og_site_name":"SHA Scheffler Helbich Architekten GmbH","article_published_time":"2021-08-06T08:42:44+00:00","article_modified_time":"2024-09-23T14:56:53+00:00","og_image":[{"width":2000,"height":817,"url":"https:\/\/sha.de\/wp-content\/uploads\/Amprion_Projekthaus-web.jpg","type":"image\/jpeg"}],"author":"Judith Weitzel","twitter_card":"summary_large_image","twitter_misc":{"Escrito por":"Judith Weitzel","Tempo estimado de leitura":"6 minutos"},"schema":{"@context":"https:\/\/schema.org","@graph":[{"@type":"Article","@id":"https:\/\/sha.de\/pt-pt\/news\/phoenix-west-lancamento-da-primeira-pedra-da-casa-do-projeto-amprion#article","isPartOf":{"@id":"https:\/\/sha.de\/pt-pt\/news\/phoenix-west-lancamento-da-primeira-pedra-da-casa-do-projeto-amprion"},"author":{"name":"Judith Weitzel","@id":"https:\/\/sha.de\/pt-pt#\/schema\/person\/6d5fd32d5aa7872f1f9191b7244552c9"},"headline":"Phoenix West: Lan\u00e7amento da primeira pedra da casa do projeto Amprion","datePublished":"2021-08-06T08:42:44+00:00","dateModified":"2024-09-23T14:56:53+00:00","mainEntityOfPage":{"@id":"https:\/\/sha.de\/pt-pt\/news\/phoenix-west-lancamento-da-primeira-pedra-da-casa-do-projeto-amprion"},"wordCount":923,"image":{"@id":"https:\/\/sha.de\/pt-pt\/news\/phoenix-west-lancamento-da-primeira-pedra-da-casa-do-projeto-amprion#primaryimage"},"thumbnailUrl":"https:\/\/sha.de\/wp-content\/uploads\/Amprion_Projekthaus-web.jpg","keywords":["Amprion","Dortmund","Edif\u00edcio da administra\u00e7\u00e3o","PHOENIX Oeste","Os nossos servi\u00e7os"],"articleSection":["Dortmund","Gest\u00e3o"],"inLanguage":"pt-PT"},{"@type":"WebPage","@id":"https:\/\/sha.de\/pt-pt\/news\/phoenix-west-lancamento-da-primeira-pedra-da-casa-do-projeto-amprion","url":"https:\/\/sha.de\/pt-pt\/news\/phoenix-west-lancamento-da-primeira-pedra-da-casa-do-projeto-amprion","name":"Phoenix West: Lan\u00e7amento da primeira pedra da casa do projeto Amprion","isPartOf":{"@id":"https:\/\/sha.de\/pt-pt#website"},"primaryImageOfPage":{"@id":"https:\/\/sha.de\/pt-pt\/news\/phoenix-west-lancamento-da-primeira-pedra-da-casa-do-projeto-amprion#primaryimage"},"image":{"@id":"https:\/\/sha.de\/pt-pt\/news\/phoenix-west-lancamento-da-primeira-pedra-da-casa-do-projeto-amprion#primaryimage"},"thumbnailUrl":"https:\/\/sha.de\/wp-content\/uploads\/Amprion_Projekthaus-web.jpg","datePublished":"2021-08-06T08:42:44+00:00","dateModified":"2024-09-23T14:56:53+00:00","author":{"@id":"https:\/\/sha.de\/pt-pt#\/schema\/person\/6d5fd32d5aa7872f1f9191b7244552c9"},"description":"SHA est\u00e1 a apoiar o operador de sistemas de transmiss\u00e3o Amprion, sediado em Dortmund, na constru\u00e7\u00e3o de um edif\u00edcio de escrit\u00f3rios e confer\u00eancias em Phoenix West.","breadcrumb":{"@id":"https:\/\/sha.de\/pt-pt\/news\/phoenix-west-lancamento-da-primeira-pedra-da-casa-do-projeto-amprion#breadcrumb"},"inLanguage":"pt-PT","potentialAction":[{"@type":"ReadAction","target":["https:\/\/sha.de\/pt-pt\/news\/phoenix-west-lancamento-da-primeira-pedra-da-casa-do-projeto-amprion"]}]},{"@type":"ImageObject","inLanguage":"pt-PT","@id":"https:\/\/sha.de\/pt-pt\/news\/phoenix-west-lancamento-da-primeira-pedra-da-casa-do-projeto-amprion#primaryimage","url":"https:\/\/sha.de\/wp-content\/uploads\/Amprion_Projekthaus-web.jpg","contentUrl":"https:\/\/sha.de\/wp-content\/uploads\/Amprion_Projekthaus-web.jpg","width":2000,"height":817,"caption":"Amprion Projekthaus Dortmund \u00a9 SSP AG"},{"@type":"BreadcrumbList","@id":"https:\/\/sha.de\/pt-pt\/news\/phoenix-west-lancamento-da-primeira-pedra-da-casa-do-projeto-amprion#breadcrumb","itemListElement":[{"@type":"ListItem","position":1,"name":"Startseite","item":"https:\/\/sha.de\/pt-pt"},{"@type":"ListItem","position":2,"name":"Phoenix West: Lan\u00e7amento da primeira pedra da casa do projeto Amprion"}]},{"@type":"WebSite","@id":"https:\/\/sha.de\/pt-pt#website","url":"https:\/\/sha.de\/pt-pt","name":"SHA Scheffler Helbich Architekten GmbH","description":"","potentialAction":[{"@type":"SearchAction","target":{"@type":"EntryPoint","urlTemplate":"https:\/\/sha.de\/pt-pt?s={search_term_string}"},"query-input":{"@type":"PropertyValueSpecification","valueRequired":true,"valueName":"search_term_string"}}],"inLanguage":"pt-PT"},{"@type":"Person","@id":"https:\/\/sha.de\/pt-pt#\/schema\/person\/6d5fd32d5aa7872f1f9191b7244552c9","name":"Judith Weitzel","image":{"@type":"ImageObject","inLanguage":"pt-PT","@id":"https:\/\/secure.gravatar.com\/avatar\/c7dca018fdb593c021709193ddb78dc530485d187ec667fb2a0ae6c4097c9957?s=96&d=mm&r=g","url":"https:\/\/secure.gravatar.com\/avatar\/c7dca018fdb593c021709193ddb78dc530485d187ec667fb2a0ae6c4097c9957?s=96&d=mm&r=g","contentUrl":"https:\/\/secure.gravatar.com\/avatar\/c7dca018fdb593c021709193ddb78dc530485d187ec667fb2a0ae6c4097c9957?s=96&d=mm&r=g","caption":"Judith Weitzel"}}]}},"_links":{"self":[{"href":"https:\/\/sha.de\/pt-pt\/wp-json\/wp\/v2\/posts\/34830","targetHints":{"allow":["GET"]}}],"collection":[{"href":"https:\/\/sha.de\/pt-pt\/wp-json\/wp\/v2\/posts"}],"about":[{"href":"https:\/\/sha.de\/pt-pt\/wp-json\/wp\/v2\/types\/post"}],"author":[{"embeddable":true,"href":"https:\/\/sha.de\/pt-pt\/wp-json\/wp\/v2\/users\/2"}],"replies":[{"embeddable":true,"href":"https:\/\/sha.de\/pt-pt\/wp-json\/wp\/v2\/comments?post=34830"}],"version-history":[{"count":10,"href":"https:\/\/sha.de\/pt-pt\/wp-json\/wp\/v2\/posts\/34830\/revisions"}],"predecessor-version":[{"id":48753,"href":"https:\/\/sha.de\/pt-pt\/wp-json\/wp\/v2\/posts\/34830\/revisions\/48753"}],"wp:featuredmedia":[{"embeddable":true,"href":"https:\/\/sha.de\/pt-pt\/wp-json\/wp\/v2\/media\/24685"}],"wp:attachment":[{"href":"https:\/\/sha.de\/pt-pt\/wp-json\/wp\/v2\/media?parent=34830"}],"wp:term":[{"taxonomy":"category","embeddable":true,"href":"https:\/\/sha.de\/pt-pt\/wp-json\/wp\/v2\/categories?post=34830"},{"taxonomy":"post_tag","embeddable":true,"href":"https:\/\/sha.de\/pt-pt\/wp-json\/wp\/v2\/tags?post=34830"}],"curies":[{"name":"wp","href":"https:\/\/api.w.org\/{rel}","templated":true}]}}