{"id":35072,"date":"2018-05-25T14:38:01","date_gmt":"2018-05-25T12:38:01","guid":{"rendered":"https:\/\/sha.de\/aktuelles\/construcao-de-instalacoes-desportivas-o-centro-de-formacao-do-bvb"},"modified":"2024-09-23T16:58:05","modified_gmt":"2024-09-23T14:58:05","slug":"construcao-de-instalacoes-desportivas-o-centro-de-formacao-do-bvb","status":"publish","type":"post","link":"https:\/\/sha.de\/pt-pt\/news\/construcao-de-instalacoes-desportivas-o-centro-de-formacao-do-bvb","title":{"rendered":"Constru\u00e7\u00e3o de instala\u00e7\u00f5es desportivas: o centro de forma\u00e7\u00e3o do BVB"},"content":{"rendered":"<div id='av_section_1' class='avia-section main_color pt-default pb-default avia-no-border-styling avia-bg-style-scroll  avia-builder-el-0  el_before_av_section  avia-builder-el-first   container_wrap fullsize' style=' '  ><div class='container' ><main  role=\"main\" itemprop=\"mainContentOfPage\"  class='template-page content  av-content-full alpha units'><div class='post-entry post-entry-type-page post-entry-35072'><div class='entry-content-wrapper clearfix'>\n\n\t\t\t<div id=\"av-k1hoeuzj\" class=\"headline-column flex_column av_one_full flex_column_div first \">\n\t\t\t\t<div class=\"headline-wrap is-outside align-left sub-bottom\">\n\t\t\t\t\t<h1 class=\"headline-content headline-primary\">Constru\u00e7\u00e3o de centros desportivos: amor verdadeiro<\/h1>\n\t\t\t\t\t<h3 class=\"headline-content headline-secondary\">Centro de treinos do Borussia Dortmund<\/h3>\n\t\t\t\t<\/div>\n\t\t\t<\/div>\n<div class=\"flex_column av_one_third  flex_column_div av-zero-column-padding first bg-default   img-left   avia-builder-el-2  el_after_pixel_sc_headline  el_before_av_one_third  \"><p><section  class='av_textblock_section av-k306azl0-f912fc99859bcd495c04c1e187957bf8 '   itemscope=\"itemscope\" itemtype=\"https:\/\/schema.org\/BlogPosting\" itemprop=\"blogPost\" ><div class='avia_textblock'  itemprop=\"text\" ><p>Quando o novo centro de treinos foi inaugurado em 2005, com os edif\u00edcios para amadores e profissionais e os primeiros campos, n\u00e3o se podia prever que este seria apenas o in\u00edcio de uma colabora\u00e7\u00e3o fant\u00e1stica: O Borussia Dortmund tinha acabado de sobreviver \u00e0 fase econ\u00f3mica mais dram\u00e1tica da hist\u00f3ria do clube quando constru\u00edmos outro edif\u00edcio &#8211; desta vez apenas para os profissionais &#8211; para o Borussia Dortmund como utilizador e para a DSW 21 como cliente na segunda fase de constru\u00e7\u00e3o.<\/p>\n<p>Mal este edif\u00edcio ficou conclu\u00eddo, J\u00fcrgen Klopp e a sua jovem equipa ganharam o campeonato alem\u00e3o. Diz a lenda que ele queria que o clube constru\u00edsse o chamado Footbonauten com o pavilh\u00e3o que constru\u00edmos. Ao mesmo tempo, o clube refor\u00e7ou o seu compromisso com o desenvolvimento dos jovens e construiu o centro de forma\u00e7\u00e3o de jovens com um total de 22 quartos para jogadores com idades entre os 14 e os 17 anos, de acordo com os nossos planos.<\/p>\n<\/div><\/section><br \/>\n<div class=\"linklist-wrap  avia-builder-el-4  el_after_av_textblock  avia-builder-el-last \"><h4>Outras liga\u00e7\u00f5es<\/h4><ul class=\"linklist\"><li class=\"linklist__entry av-dr5x6\"><a href=\"https:\/\/sha.de\/projekte\/stadien-sportstaetten\" target=\"_blank\"><span class=\"\">As refer\u00eancias do nosso centro desportivo<\/span><\/a><p class=\"linklist__entry-desc\"><\/p><\/li><li class=\"linklist__entry av-2sf0qi\"><a href=\"https:\/\/www.bvb.de\/\" target=\"_blank\"><span class=\"\">Todas as informa\u00e7\u00f5es sobre o Borussia Dortmund<\/span><\/a><p class=\"linklist__entry-desc\"><\/p><\/li><\/ul><\/div><\/p><\/div><div class=\"flex_column av_one_third  flex_column_div av-zero-column-padding        avia-builder-el-5  el_after_av_one_third  el_before_av_one_third  \"><section  class='av_textblock_section av-k306azl0-1-ec7806697f535f6421796c18e3a2e267 '   itemscope=\"itemscope\" itemtype=\"https:\/\/schema.org\/BlogPosting\" itemprop=\"blogPost\" ><div class='avia_textblock'  itemprop=\"text\" ><p><strong>PERGUNTOU BREVEMENTE&#8230; Marcel Schlegel<\/strong><\/p>\n<p><strong>Constru\u00e7\u00f5es para a Bundesliga: o que \u00e9 que esta tarefa tem de especial?<\/strong><br \/>\nTrabalhar com o BVB \u00e9 realmente fant\u00e1stico. No entanto, n\u00e3o diferenciamos se o nosso cliente \u00e9 ou n\u00e3o um vencedor do Campeonato do Mundo. Os nossos clientes trabalham connosco porque compreendemos as suas necessidades espec\u00edficas, transformamo-las em contextos funcionais e depois realizamo-las dentro do prazo e do or\u00e7amento. Trata-se simplesmente de trabalho profissional.<\/p>\n<p><strong>No entanto, o gabinete possui obviamente conhecimentos especializados no dom\u00ednio da constru\u00e7\u00e3o de instala\u00e7\u00f5es desportivas.<\/strong><br \/>\nSim, \u00e9 isso mesmo. Estamos convencidos de que podemos aconselhar os nossos clientes de forma particularmente adequada com a nossa experi\u00eancia especial na constru\u00e7\u00e3o de instala\u00e7\u00f5es desportivas.<\/p>\n<p><strong>Explique brevemente: O que \u00e9 um pedonauta?<br \/>\n<\/strong>\u00c9 uma esp\u00e9cie de PlayStation com um toque de realidade: grandes m\u00e1quinas de bolas s\u00e3o utilizadas para fazer com que os jogadores convalescentes voltem a treinar. Ao mesmo tempo, os atletas podem treinar a sua velocidade de a\u00e7\u00e3o e precis\u00e3o de passe. A prop\u00f3sito: o inventor do pedestre \u00e9 Christian G\u00fcttler, filho do virtuoso do trompete Ludwig G\u00fcttler, que iniciou a reconstru\u00e7\u00e3o da Frauenkirche de Dresden.<\/p>\n<\/div><\/section><\/div><div class=\"flex_column av_one_third  flex_column_div av-zero-column-padding        avia-builder-el-7  el_after_av_one_third  avia-builder-el-last  \"><div class=\"quotebox  has-image bg-yellow  image-top\"><div class=\"quotebox__inner\"><div class=\"quotebox__media\"><img decoding=\"async\" src=\"https:\/\/sha.de\/wp-content\/uploads\/Team_Schlegel-706x368.jpg\" alt=\"Marcel Schlegel\" \/><\/div><div class=\"quotebox__content\"><div class=\"quotebox__quote\"><span class=\"quotebox-text quotebox-quote\">\u00bb\u00c9 fant\u00e1stico trabalhar com uma organiza\u00e7\u00e3o t\u00e3o boa.\u00ab<\/span><\/div><div class=\"quotebox__info\"><span class=\"quotebox-text quotebox-name\">Marcel Schlegel<\/span><span class=\"quotebox-text quotebox-desc\">Gestor de projectos e respons\u00e1vel pelo planeamento dos projectos actuais da BVB<\/span><\/div><\/div><\/div><\/div><\/div><\/div><\/div><\/main><!-- close content main element --><\/div><\/div><div id='av_section_2' class='avia-section main_color pt-0 pb-default avia-no-border-styling avia-bg-style-scroll  avia-builder-el-9  el_after_av_section  avia-builder-el-last   container_wrap fullsize' style=' '  ><div class='container' ><div class='template-page content  av-content-full alpha units'><div class='post-entry post-entry-type-page post-entry-35072'><div class='entry-content-wrapper clearfix'>\n<div class=\"slickgallery \">\n\t<div class=\"pixel-slide-wrap\">\n\t\t<div class=\"pixel-slide\" style=\"display: block; width: 100%; float: left;\">\n\t\t\t\t\n\t\t\t\t\t\t\t\t\t\t\t\t\t\n\t\t\t\t\t<div class=\"pixel-slide__image-wrap slide-1\">\n\t\t\t\t\t\t\t<div class=\"pixel-slide__image \"><a href=\"https:\/\/sha.de\/wp-content\/uploads\/BVB-Trainingszentrum-Borussia-Dortmund-2-1265x850.jpg\" rel=\"lightbox\"><img decoding=\"async\" src=\"https:\/\/sha.de\/wp-content\/uploads\/BVB-Trainingszentrum-Borussia-Dortmund-2-706x368.jpg\" alt=\"BVB Trainingszentrum, SHA Scheffler Helbich Architekten Dortmund\" title=\"BVB Trainingszentrum, SHA Scheffler Helbich Architekten Dortmund\"><\/a><\/div>\n\t\t\t\t\t<\/div>\n\t\t\t\t\n\t\t\t\t\t\t\t\t\t\t\t\t\t\n\t\t\t\t\t<div class=\"pixel-slide__image-wrap slide-2\">\n\t\t\t\t\t\t\t<div class=\"pixel-slide__image \"><a href=\"https:\/\/sha.de\/wp-content\/uploads\/BVB-Trainingszentrum-Borussia-Dortmund-1-1280x846.jpg\" rel=\"lightbox\"><img decoding=\"async\" src=\"https:\/\/sha.de\/wp-content\/uploads\/BVB-Trainingszentrum-Borussia-Dortmund-1-706x368.jpg\" alt=\"BVB Trainingszentrum, SHA Scheffler Helbich Architekten Dortmund\" title=\"BVB Trainingszentrum, SHA Scheffler Helbich Architekten Dortmund\"><\/a><\/div>\n\t\t\t\t\t<\/div>\n\t\t\t\t\n\t\t\t\t\t\t\t\t\t\t\t\t\t\n\t\t\t\t\t<div class=\"pixel-slide__image-wrap slide-3\">\n\t\t\t\t\t\t\t<div class=\"pixel-slide__image \"><a href=\"https:\/\/sha.de\/wp-content\/uploads\/BVB-Trainingszentrum-Borussia-Dortmund-5-1255x850.jpg\" rel=\"lightbox\"><img decoding=\"async\" src=\"https:\/\/sha.de\/wp-content\/uploads\/BVB-Trainingszentrum-Borussia-Dortmund-5-706x368.jpg\" alt=\"BVB Trainingszentrum, SHA Scheffler Helbich Architekten Dortmund\" title=\"BVB Trainingszentrum, SHA Scheffler Helbich Architekten Dortmund\"><\/a><\/div>\n\t\t\t\t\t<\/div>\n\t\t\t\t\n\t\t\t\t\t\t\t\t\t\t\t\t\t\n\t\t\t\t\t<div class=\"pixel-slide__image-wrap slide-4\">\n\t\t\t\t\t\t\t<div class=\"pixel-slide__image \"><a href=\"https:\/\/sha.de\/wp-content\/uploads\/BVB-Trainingszentrum-Borussia-Dortmund-6-574x850.jpg\" rel=\"lightbox\"><img decoding=\"async\" src=\"https:\/\/sha.de\/wp-content\/uploads\/BVB-Trainingszentrum-Borussia-Dortmund-6-706x368.jpg\" alt=\"BVB Trainingszentrum, SHA Scheffler Helbich Architekten Dortmund\" title=\"BVB Trainingszentrum, SHA Scheffler Helbich Architekten Dortmund\"><\/a><\/div>\n\t\t\t\t\t<\/div>\n\t\t\t\t\n\t\t\t\t\t\t\t\t\t\t\t\t\t\n\t\t\t\t\t<div class=\"pixel-slide__image-wrap slide-5\">\n\t\t\t\t\t\t\t<div class=\"pixel-slide__image \"><a href=\"https:\/\/sha.de\/wp-content\/uploads\/BVB-Trainingszentrum-Borussia-Dortmund-4-1272x850.jpg\" rel=\"lightbox\"><img decoding=\"async\" src=\"https:\/\/sha.de\/wp-content\/uploads\/BVB-Trainingszentrum-Borussia-Dortmund-4-706x368.jpg\" alt=\"CE81 6\" title=\"CE81 6\"><\/a><\/div>\n\t\t\t\t\t<\/div>\n\t\t\t\t\n\t\t\t\t\t\t\t\t\t\t\t\t\t\n\t\t\t\t\t<div class=\"pixel-slide__image-wrap slide-6\">\n\t\t\t\t\t\t\t<div class=\"pixel-slide__image \"><a href=\"https:\/\/sha.de\/wp-content\/uploads\/BVB-Trainingszentrum-Borussia-Dortmund-3-575x850.jpg\" rel=\"lightbox\"><img decoding=\"async\" src=\"https:\/\/sha.de\/wp-content\/uploads\/BVB-Trainingszentrum-Borussia-Dortmund-3-706x368.jpg\" alt=\"BVB Trainingszentrum, SHA Scheffler Helbich Architekten Dortmund\" title=\"BVB Trainingszentrum, SHA Scheffler Helbich Architekten Dortmund\"><\/a><\/div>\n\t\t\t\t\t<\/div>\n\t\t\t\t\t\t<\/div>\n\t<\/div>\n<\/div>\n\n<\/p>\n","protected":false},"excerpt":{"rendered":"<p>Quando o novo centro de forma\u00e7\u00e3o do BVB foi inaugurado em 2005, com o ent\u00e3o edif\u00edcio amador e profissional e os primeiros campos, n\u00e3o se podia prever que este seria apenas o in\u00edcio de uma fant\u00e1stica colabora\u00e7\u00e3o.  <\/p>\n","protected":false},"author":2,"featured_media":19981,"comment_status":"closed","ping_status":"closed","sticky":false,"template":"","format":"standard","meta":{"_acf_changed":false,"content-type":"","footnotes":""},"categories":[878,884,887],"tags":[980,1054,1273,1274,1275,1324,1439],"class_list":["post-35072","post","type-post","status-publish","format-standard","has-post-thumbnail","hentry","category-dortmund-pt-pt","category-instalacoes-desportivas","category-os-nossos-servicos","tag-bvb-pt-pt","tag-dortmund-pt-pt","tag-instalacoes-desportivas","tag-centro-de-formacao","tag-futebol","tag-borussia-dortmund-pt-pt","tag-bundesliga-pt-pt"],"acf":[],"yoast_head":"<!-- This site is optimized with the Yoast SEO plugin v27.4 - https:\/\/yoast.com\/product\/yoast-seo-wordpress\/ -->\n<title>Constru\u00e7\u00e3o de instala\u00e7\u00f5es desportivas: o centro de forma\u00e7\u00e3o do BVB - SHA Scheffler Helbich Architekten GmbH<\/title>\n<meta name=\"robots\" content=\"index, follow, max-snippet:-1, max-image-preview:large, max-video-preview:-1\" \/>\n<link rel=\"canonical\" href=\"https:\/\/sha.de\/pt-pt\/news\/construcao-de-instalacoes-desportivas-o-centro-de-formacao-do-bvb\" \/>\n<meta property=\"og:locale\" content=\"pt_PT\" \/>\n<meta property=\"og:type\" content=\"article\" \/>\n<meta property=\"og:title\" content=\"Constru\u00e7\u00e3o de instala\u00e7\u00f5es desportivas: o centro de forma\u00e7\u00e3o do BVB - SHA Scheffler Helbich Architekten GmbH\" \/>\n<meta property=\"og:description\" content=\"Quando o novo centro de forma\u00e7\u00e3o do BVB foi inaugurado em 2005, com o ent\u00e3o edif\u00edcio amador e profissional e os primeiros campos, n\u00e3o se podia prever que este seria apenas o in\u00edcio de uma fant\u00e1stica colabora\u00e7\u00e3o.\" \/>\n<meta property=\"og:url\" content=\"https:\/\/sha.de\/pt-pt\/news\/construcao-de-instalacoes-desportivas-o-centro-de-formacao-do-bvb\" \/>\n<meta property=\"og:site_name\" content=\"SHA Scheffler Helbich Architekten GmbH\" \/>\n<meta property=\"article:published_time\" content=\"2018-05-25T12:38:01+00:00\" \/>\n<meta property=\"article:modified_time\" content=\"2024-09-23T14:58:05+00:00\" \/>\n<meta property=\"og:image\" content=\"https:\/\/sha.de\/wp-content\/uploads\/BVB-Trainingszentrum-Borussia-Dortmund-3.jpg\" \/>\n\t<meta property=\"og:image:width\" content=\"887\" \/>\n\t<meta property=\"og:image:height\" content=\"1311\" \/>\n\t<meta property=\"og:image:type\" content=\"image\/jpeg\" \/>\n<meta name=\"author\" content=\"Judith Weitzel\" \/>\n<meta name=\"twitter:card\" content=\"summary_large_image\" \/>\n<meta name=\"twitter:label1\" content=\"Escrito por\" \/>\n\t<meta name=\"twitter:data1\" content=\"Judith Weitzel\" \/>\n\t<meta name=\"twitter:label2\" content=\"Tempo estimado de leitura\" \/>\n\t<meta name=\"twitter:data2\" content=\"6 minutos\" \/>\n<script type=\"application\/ld+json\" class=\"yoast-schema-graph\">{\"@context\":\"https:\\\/\\\/schema.org\",\"@graph\":[{\"@type\":\"Article\",\"@id\":\"https:\\\/\\\/sha.de\\\/pt-pt\\\/news\\\/construcao-de-instalacoes-desportivas-o-centro-de-formacao-do-bvb#article\",\"isPartOf\":{\"@id\":\"https:\\\/\\\/sha.de\\\/pt-pt\\\/news\\\/construcao-de-instalacoes-desportivas-o-centro-de-formacao-do-bvb\"},\"author\":{\"name\":\"Judith Weitzel\",\"@id\":\"https:\\\/\\\/sha.de\\\/pt-pt#\\\/schema\\\/person\\\/6d5fd32d5aa7872f1f9191b7244552c9\"},\"headline\":\"Constru\u00e7\u00e3o de instala\u00e7\u00f5es desportivas: o centro de forma\u00e7\u00e3o do BVB\",\"datePublished\":\"2018-05-25T12:38:01+00:00\",\"dateModified\":\"2024-09-23T14:58:05+00:00\",\"mainEntityOfPage\":{\"@id\":\"https:\\\/\\\/sha.de\\\/pt-pt\\\/news\\\/construcao-de-instalacoes-desportivas-o-centro-de-formacao-do-bvb\"},\"wordCount\":1086,\"image\":{\"@id\":\"https:\\\/\\\/sha.de\\\/pt-pt\\\/news\\\/construcao-de-instalacoes-desportivas-o-centro-de-formacao-do-bvb#primaryimage\"},\"thumbnailUrl\":\"https:\\\/\\\/sha.de\\\/wp-content\\\/uploads\\\/BVB-Trainingszentrum-Borussia-Dortmund-3.jpg\",\"keywords\":[\"BVB\",\"Dortmund\",\"Instala\u00e7\u00f5es desportivas\",\"Centro de forma\u00e7\u00e3o\",\"Futebol\",\"Borussia Dortmund\",\"Bundesliga\"],\"articleSection\":[\"Dortmund\",\"Instala\u00e7\u00f5es desportivas\",\"Os nossos servi\u00e7os\"],\"inLanguage\":\"pt-PT\"},{\"@type\":\"WebPage\",\"@id\":\"https:\\\/\\\/sha.de\\\/pt-pt\\\/news\\\/construcao-de-instalacoes-desportivas-o-centro-de-formacao-do-bvb\",\"url\":\"https:\\\/\\\/sha.de\\\/pt-pt\\\/news\\\/construcao-de-instalacoes-desportivas-o-centro-de-formacao-do-bvb\",\"name\":\"Constru\u00e7\u00e3o de instala\u00e7\u00f5es desportivas: o centro de forma\u00e7\u00e3o do BVB - SHA Scheffler Helbich Architekten GmbH\",\"isPartOf\":{\"@id\":\"https:\\\/\\\/sha.de\\\/pt-pt#website\"},\"primaryImageOfPage\":{\"@id\":\"https:\\\/\\\/sha.de\\\/pt-pt\\\/news\\\/construcao-de-instalacoes-desportivas-o-centro-de-formacao-do-bvb#primaryimage\"},\"image\":{\"@id\":\"https:\\\/\\\/sha.de\\\/pt-pt\\\/news\\\/construcao-de-instalacoes-desportivas-o-centro-de-formacao-do-bvb#primaryimage\"},\"thumbnailUrl\":\"https:\\\/\\\/sha.de\\\/wp-content\\\/uploads\\\/BVB-Trainingszentrum-Borussia-Dortmund-3.jpg\",\"datePublished\":\"2018-05-25T12:38:01+00:00\",\"dateModified\":\"2024-09-23T14:58:05+00:00\",\"author\":{\"@id\":\"https:\\\/\\\/sha.de\\\/pt-pt#\\\/schema\\\/person\\\/6d5fd32d5aa7872f1f9191b7244552c9\"},\"breadcrumb\":{\"@id\":\"https:\\\/\\\/sha.de\\\/pt-pt\\\/news\\\/construcao-de-instalacoes-desportivas-o-centro-de-formacao-do-bvb#breadcrumb\"},\"inLanguage\":\"pt-PT\",\"potentialAction\":[{\"@type\":\"ReadAction\",\"target\":[\"https:\\\/\\\/sha.de\\\/pt-pt\\\/news\\\/construcao-de-instalacoes-desportivas-o-centro-de-formacao-do-bvb\"]}]},{\"@type\":\"ImageObject\",\"inLanguage\":\"pt-PT\",\"@id\":\"https:\\\/\\\/sha.de\\\/pt-pt\\\/news\\\/construcao-de-instalacoes-desportivas-o-centro-de-formacao-do-bvb#primaryimage\",\"url\":\"https:\\\/\\\/sha.de\\\/wp-content\\\/uploads\\\/BVB-Trainingszentrum-Borussia-Dortmund-3.jpg\",\"contentUrl\":\"https:\\\/\\\/sha.de\\\/wp-content\\\/uploads\\\/BVB-Trainingszentrum-Borussia-Dortmund-3.jpg\",\"width\":887,\"height\":1311,\"caption\":\"Dortmund\\\/Brakel 04.05.2006 BVB Trainingszentrum, Hesslingsweg 65, Dortmund Architekt: SHA Scheffler-Helbich Architekten Dortmund Fertigstellung: Mai 2006\"},{\"@type\":\"BreadcrumbList\",\"@id\":\"https:\\\/\\\/sha.de\\\/pt-pt\\\/news\\\/construcao-de-instalacoes-desportivas-o-centro-de-formacao-do-bvb#breadcrumb\",\"itemListElement\":[{\"@type\":\"ListItem\",\"position\":1,\"name\":\"Startseite\",\"item\":\"https:\\\/\\\/sha.de\\\/pt-pt\"},{\"@type\":\"ListItem\",\"position\":2,\"name\":\"Constru\u00e7\u00e3o de instala\u00e7\u00f5es desportivas: o centro de forma\u00e7\u00e3o do BVB\"}]},{\"@type\":\"WebSite\",\"@id\":\"https:\\\/\\\/sha.de\\\/pt-pt#website\",\"url\":\"https:\\\/\\\/sha.de\\\/pt-pt\",\"name\":\"SHA Scheffler Helbich Architekten GmbH\",\"description\":\"\",\"potentialAction\":[{\"@type\":\"SearchAction\",\"target\":{\"@type\":\"EntryPoint\",\"urlTemplate\":\"https:\\\/\\\/sha.de\\\/pt-pt?s={search_term_string}\"},\"query-input\":{\"@type\":\"PropertyValueSpecification\",\"valueRequired\":true,\"valueName\":\"search_term_string\"}}],\"inLanguage\":\"pt-PT\"},{\"@type\":\"Person\",\"@id\":\"https:\\\/\\\/sha.de\\\/pt-pt#\\\/schema\\\/person\\\/6d5fd32d5aa7872f1f9191b7244552c9\",\"name\":\"Judith Weitzel\",\"image\":{\"@type\":\"ImageObject\",\"inLanguage\":\"pt-PT\",\"@id\":\"https:\\\/\\\/secure.gravatar.com\\\/avatar\\\/c7dca018fdb593c021709193ddb78dc530485d187ec667fb2a0ae6c4097c9957?s=96&d=mm&r=g\",\"url\":\"https:\\\/\\\/secure.gravatar.com\\\/avatar\\\/c7dca018fdb593c021709193ddb78dc530485d187ec667fb2a0ae6c4097c9957?s=96&d=mm&r=g\",\"contentUrl\":\"https:\\\/\\\/secure.gravatar.com\\\/avatar\\\/c7dca018fdb593c021709193ddb78dc530485d187ec667fb2a0ae6c4097c9957?s=96&d=mm&r=g\",\"caption\":\"Judith Weitzel\"}}]}<\/script>\n<!-- \/ Yoast SEO plugin. -->","yoast_head_json":{"title":"Constru\u00e7\u00e3o de instala\u00e7\u00f5es desportivas: o centro de forma\u00e7\u00e3o do BVB - SHA Scheffler Helbich Architekten GmbH","robots":{"index":"index","follow":"follow","max-snippet":"max-snippet:-1","max-image-preview":"max-image-preview:large","max-video-preview":"max-video-preview:-1"},"canonical":"https:\/\/sha.de\/pt-pt\/news\/construcao-de-instalacoes-desportivas-o-centro-de-formacao-do-bvb","og_locale":"pt_PT","og_type":"article","og_title":"Constru\u00e7\u00e3o de instala\u00e7\u00f5es desportivas: o centro de forma\u00e7\u00e3o do BVB - SHA Scheffler Helbich Architekten GmbH","og_description":"Quando o novo centro de forma\u00e7\u00e3o do BVB foi inaugurado em 2005, com o ent\u00e3o edif\u00edcio amador e profissional e os primeiros campos, n\u00e3o se podia prever que este seria apenas o in\u00edcio de uma fant\u00e1stica colabora\u00e7\u00e3o.","og_url":"https:\/\/sha.de\/pt-pt\/news\/construcao-de-instalacoes-desportivas-o-centro-de-formacao-do-bvb","og_site_name":"SHA Scheffler Helbich Architekten GmbH","article_published_time":"2018-05-25T12:38:01+00:00","article_modified_time":"2024-09-23T14:58:05+00:00","og_image":[{"width":887,"height":1311,"url":"https:\/\/sha.de\/wp-content\/uploads\/BVB-Trainingszentrum-Borussia-Dortmund-3.jpg","type":"image\/jpeg"}],"author":"Judith Weitzel","twitter_card":"summary_large_image","twitter_misc":{"Escrito por":"Judith Weitzel","Tempo estimado de leitura":"6 minutos"},"schema":{"@context":"https:\/\/schema.org","@graph":[{"@type":"Article","@id":"https:\/\/sha.de\/pt-pt\/news\/construcao-de-instalacoes-desportivas-o-centro-de-formacao-do-bvb#article","isPartOf":{"@id":"https:\/\/sha.de\/pt-pt\/news\/construcao-de-instalacoes-desportivas-o-centro-de-formacao-do-bvb"},"author":{"name":"Judith Weitzel","@id":"https:\/\/sha.de\/pt-pt#\/schema\/person\/6d5fd32d5aa7872f1f9191b7244552c9"},"headline":"Constru\u00e7\u00e3o de instala\u00e7\u00f5es desportivas: o centro de forma\u00e7\u00e3o do BVB","datePublished":"2018-05-25T12:38:01+00:00","dateModified":"2024-09-23T14:58:05+00:00","mainEntityOfPage":{"@id":"https:\/\/sha.de\/pt-pt\/news\/construcao-de-instalacoes-desportivas-o-centro-de-formacao-do-bvb"},"wordCount":1086,"image":{"@id":"https:\/\/sha.de\/pt-pt\/news\/construcao-de-instalacoes-desportivas-o-centro-de-formacao-do-bvb#primaryimage"},"thumbnailUrl":"https:\/\/sha.de\/wp-content\/uploads\/BVB-Trainingszentrum-Borussia-Dortmund-3.jpg","keywords":["BVB","Dortmund","Instala\u00e7\u00f5es desportivas","Centro de forma\u00e7\u00e3o","Futebol","Borussia Dortmund","Bundesliga"],"articleSection":["Dortmund","Instala\u00e7\u00f5es desportivas","Os nossos servi\u00e7os"],"inLanguage":"pt-PT"},{"@type":"WebPage","@id":"https:\/\/sha.de\/pt-pt\/news\/construcao-de-instalacoes-desportivas-o-centro-de-formacao-do-bvb","url":"https:\/\/sha.de\/pt-pt\/news\/construcao-de-instalacoes-desportivas-o-centro-de-formacao-do-bvb","name":"Constru\u00e7\u00e3o de instala\u00e7\u00f5es desportivas: o centro de forma\u00e7\u00e3o do BVB - SHA Scheffler Helbich Architekten GmbH","isPartOf":{"@id":"https:\/\/sha.de\/pt-pt#website"},"primaryImageOfPage":{"@id":"https:\/\/sha.de\/pt-pt\/news\/construcao-de-instalacoes-desportivas-o-centro-de-formacao-do-bvb#primaryimage"},"image":{"@id":"https:\/\/sha.de\/pt-pt\/news\/construcao-de-instalacoes-desportivas-o-centro-de-formacao-do-bvb#primaryimage"},"thumbnailUrl":"https:\/\/sha.de\/wp-content\/uploads\/BVB-Trainingszentrum-Borussia-Dortmund-3.jpg","datePublished":"2018-05-25T12:38:01+00:00","dateModified":"2024-09-23T14:58:05+00:00","author":{"@id":"https:\/\/sha.de\/pt-pt#\/schema\/person\/6d5fd32d5aa7872f1f9191b7244552c9"},"breadcrumb":{"@id":"https:\/\/sha.de\/pt-pt\/news\/construcao-de-instalacoes-desportivas-o-centro-de-formacao-do-bvb#breadcrumb"},"inLanguage":"pt-PT","potentialAction":[{"@type":"ReadAction","target":["https:\/\/sha.de\/pt-pt\/news\/construcao-de-instalacoes-desportivas-o-centro-de-formacao-do-bvb"]}]},{"@type":"ImageObject","inLanguage":"pt-PT","@id":"https:\/\/sha.de\/pt-pt\/news\/construcao-de-instalacoes-desportivas-o-centro-de-formacao-do-bvb#primaryimage","url":"https:\/\/sha.de\/wp-content\/uploads\/BVB-Trainingszentrum-Borussia-Dortmund-3.jpg","contentUrl":"https:\/\/sha.de\/wp-content\/uploads\/BVB-Trainingszentrum-Borussia-Dortmund-3.jpg","width":887,"height":1311,"caption":"Dortmund\/Brakel 04.05.2006 BVB Trainingszentrum, Hesslingsweg 65, Dortmund Architekt: SHA Scheffler-Helbich Architekten Dortmund Fertigstellung: Mai 2006"},{"@type":"BreadcrumbList","@id":"https:\/\/sha.de\/pt-pt\/news\/construcao-de-instalacoes-desportivas-o-centro-de-formacao-do-bvb#breadcrumb","itemListElement":[{"@type":"ListItem","position":1,"name":"Startseite","item":"https:\/\/sha.de\/pt-pt"},{"@type":"ListItem","position":2,"name":"Constru\u00e7\u00e3o de instala\u00e7\u00f5es desportivas: o centro de forma\u00e7\u00e3o do BVB"}]},{"@type":"WebSite","@id":"https:\/\/sha.de\/pt-pt#website","url":"https:\/\/sha.de\/pt-pt","name":"SHA Scheffler Helbich Architekten GmbH","description":"","potentialAction":[{"@type":"SearchAction","target":{"@type":"EntryPoint","urlTemplate":"https:\/\/sha.de\/pt-pt?s={search_term_string}"},"query-input":{"@type":"PropertyValueSpecification","valueRequired":true,"valueName":"search_term_string"}}],"inLanguage":"pt-PT"},{"@type":"Person","@id":"https:\/\/sha.de\/pt-pt#\/schema\/person\/6d5fd32d5aa7872f1f9191b7244552c9","name":"Judith Weitzel","image":{"@type":"ImageObject","inLanguage":"pt-PT","@id":"https:\/\/secure.gravatar.com\/avatar\/c7dca018fdb593c021709193ddb78dc530485d187ec667fb2a0ae6c4097c9957?s=96&d=mm&r=g","url":"https:\/\/secure.gravatar.com\/avatar\/c7dca018fdb593c021709193ddb78dc530485d187ec667fb2a0ae6c4097c9957?s=96&d=mm&r=g","contentUrl":"https:\/\/secure.gravatar.com\/avatar\/c7dca018fdb593c021709193ddb78dc530485d187ec667fb2a0ae6c4097c9957?s=96&d=mm&r=g","caption":"Judith Weitzel"}}]}},"_links":{"self":[{"href":"https:\/\/sha.de\/pt-pt\/wp-json\/wp\/v2\/posts\/35072","targetHints":{"allow":["GET"]}}],"collection":[{"href":"https:\/\/sha.de\/pt-pt\/wp-json\/wp\/v2\/posts"}],"about":[{"href":"https:\/\/sha.de\/pt-pt\/wp-json\/wp\/v2\/types\/post"}],"author":[{"embeddable":true,"href":"https:\/\/sha.de\/pt-pt\/wp-json\/wp\/v2\/users\/2"}],"replies":[{"embeddable":true,"href":"https:\/\/sha.de\/pt-pt\/wp-json\/wp\/v2\/comments?post=35072"}],"version-history":[{"count":16,"href":"https:\/\/sha.de\/pt-pt\/wp-json\/wp\/v2\/posts\/35072\/revisions"}],"predecessor-version":[{"id":49339,"href":"https:\/\/sha.de\/pt-pt\/wp-json\/wp\/v2\/posts\/35072\/revisions\/49339"}],"wp:featuredmedia":[{"embeddable":true,"href":"https:\/\/sha.de\/pt-pt\/wp-json\/wp\/v2\/media\/19981"}],"wp:attachment":[{"href":"https:\/\/sha.de\/pt-pt\/wp-json\/wp\/v2\/media?parent=35072"}],"wp:term":[{"taxonomy":"category","embeddable":true,"href":"https:\/\/sha.de\/pt-pt\/wp-json\/wp\/v2\/categories?post=35072"},{"taxonomy":"post_tag","embeddable":true,"href":"https:\/\/sha.de\/pt-pt\/wp-json\/wp\/v2\/tags?post=35072"}],"curies":[{"name":"wp","href":"https:\/\/api.w.org\/{rel}","templated":true}]}}